{"id":9397,"date":"2017-08-08T18:36:35","date_gmt":"2017-08-08T16:36:35","guid":{"rendered":"http:\/\/jesuisunpetitcuisinier.fr\/fr\/?p=9397"},"modified":"2017-08-08T18:36:35","modified_gmt":"2017-08-08T16:36:35","slug":"salade-de-pasteque-a-la-menthe","status":"publish","type":"post","link":"https:\/\/jesuisuncuisinier.fr\/fr\/salade-de-pasteque-a-la-menthe\/","title":{"rendered":"Recette de salade de past\u00e8que \u00e0 la menthe et citron vert"},"content":{"rendered":"<\/p>\n<p>Vous cherchez des <strong>recettes de desserts pour l\u2019\u00e9t\u00e9 rapides et faciles<\/strong> ? Vous \u00eates au bon endroit. Voil\u00e0, je vous pr\u00e9sente cette <strong>salade de past\u00e8que \u00e0 la menthe et citron vert<\/strong>. Elle va vous surprendre, car c\u2019est tr\u00e8s bon, c\u2019est frais et c\u2019est facile \u00e0 r\u00e9aliser.<\/p>\n<p>Chaque \u00e9t\u00e9, je passe habituellement quelques jours chez mes parents dans leur petit village \u00e0 la campagne. A cette \u00e9poque de l\u2019ann\u00e9e g\u00e9n\u00e9ralement leur potager et \u00ab plein de chez plein \u00bb de past\u00e8ques et de melons. Donc pour le dessert apr\u00e8s chaque repas c\u2019est presque in\u00e9vitablement l\u2019un de ces fruits. Pour changer un peu, je leur ai pr\u00e9par\u00e9 cette recette et tous les deux ont ador\u00e9.<\/p>\n<p><script async src=\"\/\/pagead2.googlesyndication.com\/pagead\/js\/adsbygoogle.js\"><\/script><ins class=\"adsbygoogle\"style=\"display:block\"data-ad-client=\"ca-pub-7750789452383743\"data-ad-slot=\"9252856116\"data-ad-format=\"auto\"><\/ins><script>(adsbygoogle = window.adsbygoogle || []).push({});<\/script><amp-ad width=\"100vw\" height=320 type=\"adsense\" data-ad-client=\"ca-pub-7750789452383743\" data-ad-slot=\"7340373828\" data-auto-format=\"rspv\" data-full-width><div overflow><\/div><\/amp-ad><div class=\"cleaner\" style=\"margin: 10px\"><\/div><\/p>\n<h2>Voulez-vous savoir comment faire une salade de past\u00e8que \u00e0 la menthe et citron vert ?<\/h2>\n<p>Pr\u00e9parer ce <strong>dessert l\u00e9ger<\/strong> d\u2019\u00e9t\u00e9 n\u2019a pas de myst\u00e8re. On coupe en morceaux, on m\u00e9lange avec quelques feuilles de menthe et un peu de jus de citron vert, on laisse mac\u00e9rer pour bien m\u00e9langer les saveurs et on sert bien froid.<\/p>\n<p><img loading=\"lazy\" decoding=\"async\" class=\"aligncenter size-full wp-image-9401\" src=\"http:\/\/jesuisuncuisinier.fr\/wp-content\/uploads\/2017\/08\/salade-de-pasteque-a-la-menthe-et-citron-vert-ingredients.jpg\" alt=\"Salade de past\u00e8que \u00e0 la menthe et citron vert (ingr\u00e9dients)\" width=\"640\" height=\"427\" srcset=\"https:\/\/jesuisuncuisinier.fr\/wp-content\/uploads\/2017\/08\/salade-de-pasteque-a-la-menthe-et-citron-vert-ingredients.jpg 640w, https:\/\/jesuisuncuisinier.fr\/wp-content\/uploads\/2017\/08\/salade-de-pasteque-a-la-menthe-et-citron-vert-ingredients-320x213.jpg 320w, https:\/\/jesuisuncuisinier.fr\/wp-content\/uploads\/2017\/08\/salade-de-pasteque-a-la-menthe-et-citron-vert-ingredients-300x200.jpg 300w\" sizes=\"auto, (max-width: 640px) 100vw, 640px\" \/><\/p>\n<p>Pour lui donner une touche \u00e9l\u00e9gante, comme vous pouvez le voir dans l\u2019image, vous pouvez <strong>faire des boules de past\u00e8que et les servir dans des verres \u00e0 cocktail<\/strong>. N\u2019est-ce pas cool ?<\/p>\n<p>Voici la recette :<\/p>\n<p>\n<ins class=\"adsbygoogle\"style=\"display:block\"data-ad-client=\"ca-pub-7750789452383743\"data-ad-slot=\"4190110340\"data-ad-format=\"auto\"data-full-width-responsive=\"true\"><\/ins><script>(adsbygoogle = window.adsbygoogle || []).push({});<\/script> <amp-ad width=\"100vw\" height=320 type=\"adsense\" data-ad-client=\"ca-pub-7750789452383743\" data-ad-slot=\"4190110340\" data-auto-format=\"rspv\" data-full-width><div overflow><\/div><\/amp-ad><div class=\"cleaner\" style=\"margin: 10px\"><\/div><div itemscope itemtype=\"http:\/\/schema.org\/Recipe\">\n<div align=\"justify\" style=\"border-style:solid; border-width: 1px;padding: 10px 10px 10px 10px;\">\n<img loading=\"lazy\" decoding=\"async\" width=\"128\" height=\"85\" src=\"https:\/\/jesuisuncuisinier.fr\/wp-content\/uploads\/2017\/08\/salade-de-pasteque-a-la-menthe-et-citron-vert.jpg\" class=\"attachment-thumbnail size-thumbnail wp-post-image\" alt=\"Salade de past\u00e8que \u00e0 la menthe et citron vert\" style=\"float:left; padding: 10px 10px 10px 10px\" srcset=\"https:\/\/jesuisuncuisinier.fr\/wp-content\/uploads\/2017\/08\/salade-de-pasteque-a-la-menthe-et-citron-vert.jpg 640w, https:\/\/jesuisuncuisinier.fr\/wp-content\/uploads\/2017\/08\/salade-de-pasteque-a-la-menthe-et-citron-vert-320x213.jpg 320w, https:\/\/jesuisuncuisinier.fr\/wp-content\/uploads\/2017\/08\/salade-de-pasteque-a-la-menthe-et-citron-vert-300x200.jpg 300w\" sizes=\"auto, (max-width: 128px) 100vw, 128px\" \/>\n<div itemprop=\"image\" itemscope itemtype=\"https:\/\/schema.org\/ImageObject\">\t\n<meta itemprop=\"url\" content=\"https:\/\/jesuisuncuisinier.fr\/wp-content\/uploads\/2017\/08\/salade-de-pasteque-a-la-menthe-et-citron-vert.jpg\">\n<meta itemprop=\"width\" content=\"140\">\n<meta itemprop=\"height\" content=\"85\">\n<\/div>\n<a href=\"https:\/\/jesuisuncuisinier.fr\/fr\/salade-de-pasteque-a-la-menthe\/print\/\" rel=\"nofollow\" title=\"Imprimer\"><img decoding=\"async\" src=\"https:\/\/jesuisuncuisinier.fr\/wp-content\/plugins\/wp-print\/images\/printer_famfamfam.gif\" align=\"right\" alt=\"Imprimir\"><\/a>\n<h2 itemprop=\"name\" style=\"padding: 10px 10px 0px 10px\">Recette de salade de past\u00e8que \u00e0 la menthe et citron vert<\/h2>\n<span id=\"post-ratings-9397\" class=\"post-ratings\" data-nonce=\"81f063107c\"><div align=\"center\">Votez pour cette !<\/div>\r\n<div align=\"center\"><img decoding=\"async\" id=\"rating_9397_1\" src=\"https:\/\/jesuisuncuisinier.fr\/wp-content\/plugins\/wp-postratings\/images\/stars_crystal\/rating_on.gif\" alt=\"1 Star\" title=\"1 Star\" onmouseover=\"current_rating(9397, 1, '1 Star');\" onmouseout=\"ratings_off(5, 0, 0);\" onclick=\"rate_post();\" onkeypress=\"rate_post();\" style=\"cursor: pointer; border: 0px;\" \/><img decoding=\"async\" id=\"rating_9397_2\" src=\"https:\/\/jesuisuncuisinier.fr\/wp-content\/plugins\/wp-postratings\/images\/stars_crystal\/rating_on.gif\" alt=\"2 Stars\" title=\"2 Stars\" onmouseover=\"current_rating(9397, 2, '2 Stars');\" onmouseout=\"ratings_off(5, 0, 0);\" onclick=\"rate_post();\" onkeypress=\"rate_post();\" style=\"cursor: pointer; border: 0px;\" \/><img decoding=\"async\" id=\"rating_9397_3\" src=\"https:\/\/jesuisuncuisinier.fr\/wp-content\/plugins\/wp-postratings\/images\/stars_crystal\/rating_on.gif\" alt=\"3 Stars\" title=\"3 Stars\" onmouseover=\"current_rating(9397, 3, '3 Stars');\" onmouseout=\"ratings_off(5, 0, 0);\" onclick=\"rate_post();\" onkeypress=\"rate_post();\" style=\"cursor: pointer; border: 0px;\" \/><img decoding=\"async\" id=\"rating_9397_4\" src=\"https:\/\/jesuisuncuisinier.fr\/wp-content\/plugins\/wp-postratings\/images\/stars_crystal\/rating_on.gif\" alt=\"4 Stars\" title=\"4 Stars\" onmouseover=\"current_rating(9397, 4, '4 Stars');\" onmouseout=\"ratings_off(5, 0, 0);\" onclick=\"rate_post();\" onkeypress=\"rate_post();\" style=\"cursor: pointer; border: 0px;\" \/><img decoding=\"async\" id=\"rating_9397_5\" src=\"https:\/\/jesuisuncuisinier.fr\/wp-content\/plugins\/wp-postratings\/images\/stars_crystal\/rating_on.gif\" alt=\"5 Stars\" title=\"5 Stars\" onmouseover=\"current_rating(9397, 5, '5 Stars');\" onmouseout=\"ratings_off(5, 0, 0);\" onclick=\"rate_post();\" onkeypress=\"rate_post();\" style=\"cursor: pointer; border: 0px;\" \/><\/div>\r\n<div align=\"center\">Note: 5,00 \/ 5. Votes: 1<\/div><\/span><span id=\"post-ratings-9397-loading\" class=\"post-ratings-loading\"><img loading=\"lazy\" decoding=\"async\" src=\"https:\/\/jesuisuncuisinier.fr\/wp-content\/plugins\/wp-postratings\/images\/loading.gif\" width=\"16\" height=\"16\" class=\"post-ratings-image\" \/>Loading...<\/span><div><\/br><span itemprop=\"author\" itemscope itemtype=\"http:\/\/schema.org\/Person\">   <span itemprop=\"name\" content=\"Damian Serrano\"><\/span> <\/span>\n<b>Personnes:<\/b> <span itemprop=\"recipeYield\">4<\/span>   <b>Temps:<\/b> <time itemprop=\"totalTime\" datetime=PT30M>10 m + repos<\/time>   <b>Difficult\u00e9:<\/b> Facile<\/div><div class=\"cleaner\" style=\"margin: 10px\"><\/div><time itemprop=\"dateModified\" datetime=\"2017-08-08\"><\/time> \n<span itemprop=\"description\" content=\"Comment faire une salade de past\u00e8que \u00e0 la menthe et citron vert. Recette facile. Un dessert d\u2019\u00e9t\u00e9 l\u00e9ger et tr\u00e8s rafra\u00eechissant. \u00c0 essayer !\" ><\/span>\n<span itemprop=\"recipeCuisine\" content=\"Unknown\" ><\/span>\n<span itemprop=\"recipeCategory\" content=\"Unknown\" ><\/span>\n<span itemprop=\"keywords\" content=\"Unknown\" ><\/span>\n<div class=\"note-wrapper\"><div class=\"note-top\"><\/div><div class=\"note-content\"><h3 style=\"padding-left: 10px; margin-bottom: 10px;\">Ingr\u00e9dients<\/h3>\n<ul>\n<li itemprop=\"recipeIngredient\">1,5 kg de past\u00e8que<\/li>\n<li itemprop=\"recipeIngredient\">Quelques feuilles de menthe fra\u00eeche<\/li>\n<li itemprop=\"recipeIngredient\">1 citron vert pour le jus<\/li>\n<li itemprop=\"recipeIngredient\">1\/2 citron vert additionnel pour la d\u00e9coration<\/li>\n<\/ul><b>Mat\u00e9riel :<\/b><ul>\n<li itemprop=\"recipeIngredient\">1 <a href=\"http:\/\/amzn.to\/2wr1fhk\"><strong>Cuill\u00e8re \u00e0 fruits<\/strong><\/a> (facultatif)<\/li>\n<\/ul>\n<br \/><\/div><div class=\"note-bottom\"><\/div>\n<\/div> <!-- \/ #ingredients -->\n<div align=\"justify\" class=\"directions-wrapper\"><h3>\u00c9laboration<\/h3><div class=\"directions-content instructions\" >\n<\/p>\n<ol>\n<li itemprop=\"recipeInstructions\">Laver les feuilles de menthe et les couper en plusieurs morceaux. R\u00e9servez quelques-unes des plus belles pour la d\u00e9coration finale.<\/li>\n<li itemprop=\"recipeInstructions\">Presser le citron vert.<\/li>\n<li itemprop=\"recipeInstructions\">Couper la past\u00e8que en morceaux de la taille d\u2019une bouch\u00e9e ou en petites boules avec une cuill\u00e8re \u00e0 fruits, en m\u00eame temps, on enl\u00e8ve les \u00e9ventuelles graines.<br \/>\n<img loading=\"lazy\" decoding=\"async\" class=\"aligncenter wp-image-9402\" src=\"http:\/\/jesuisuncuisinier.fr\/wp-content\/uploads\/2017\/08\/salade-de-pasteque-a-la-menthe-et-citron-vert-cuillere.jpg\" alt=\"Salade de past\u00e8que \u00e0 la menthe et citron vert (cuillere \u00e0 fruits)\" width=\"300\" height=\"200\" srcset=\"https:\/\/jesuisuncuisinier.fr\/wp-content\/uploads\/2017\/08\/salade-de-pasteque-a-la-menthe-et-citron-vert-cuillere.jpg 640w, https:\/\/jesuisuncuisinier.fr\/wp-content\/uploads\/2017\/08\/salade-de-pasteque-a-la-menthe-et-citron-vert-cuillere-320x213.jpg 320w, https:\/\/jesuisuncuisinier.fr\/wp-content\/uploads\/2017\/08\/salade-de-pasteque-a-la-menthe-et-citron-vert-cuillere-300x200.jpg 300w\" sizes=\"auto, (max-width: 300px) 100vw, 300px\" \/><\/li>\n<li itemprop=\"recipeInstructions\">Placer les morceaux de past\u00e8que ou les boules dans un saladier et m\u00e9langer avec les feuilles de menthe et le jus de citron vert.<\/li>\n<li itemprop=\"recipeInstructions\">Garder au r\u00e9frig\u00e9rateur au moins 1 heure pour bien m\u00e9langer les saveurs.<\/li>\n<li itemprop=\"recipeInstructions\">Et voil\u00e0. Servir dans des bols ou ramequins individuels et garnir avec les feuilles de menthe r\u00e9serv\u00e9es et 1 tranche de citron vert. Bonne d\u00e9gustation !<br \/>\n<img loading=\"lazy\" decoding=\"async\" class=\"aligncenter size-full wp-image-9398\" src=\"http:\/\/jesuisuncuisinier.fr\/wp-content\/uploads\/2017\/08\/salade-de-pasteque-a-la-menthe-et-citron-vert-vue-de-dessus.jpg\" alt=\"Salade de past\u00e8que \u00e0 la menthe et citron vert\" width=\"640\" height=\"427\" srcset=\"https:\/\/jesuisuncuisinier.fr\/wp-content\/uploads\/2017\/08\/salade-de-pasteque-a-la-menthe-et-citron-vert-vue-de-dessus.jpg 640w, https:\/\/jesuisuncuisinier.fr\/wp-content\/uploads\/2017\/08\/salade-de-pasteque-a-la-menthe-et-citron-vert-vue-de-dessus-320x213.jpg 320w, https:\/\/jesuisuncuisinier.fr\/wp-content\/uploads\/2017\/08\/salade-de-pasteque-a-la-menthe-et-citron-vert-vue-de-dessus-300x200.jpg 300w\" sizes=\"auto, (max-width: 640px) 100vw, 640px\" \/><\/li>\n<\/ol>\n<p><\/div><div class=\"cleaner\" style=\"padding-bottom: 10px;\">&nbsp;<\/div><\/div> <!-- \/# directions -->\n<script async src=\"https:\/\/pagead2.googlesyndication.com\/pagead\/js\/adsbygoogle.js\"><\/script><ins class=\"adsbygoogle\"style=\"display:block\"data-ad-client=\"ca-pub-7750789452383743\"data-ad-slot=\"3064891712\"data-ad-format=\"auto\"><\/ins><script async>(adsbygoogle = window.adsbygoogle || []).push({});<\/script> <amp-ad width=\"100vw\" height=320 type=\"adsense\" data-ad-client=\"ca-pub-7750789452383743\" data-ad-slot=\"1189241592\" data-auto-format=\"rspv\" data-full-width><div overflow><\/div><\/amp-ad><div align=\"justify\" class=\"hints-wrapper\" ><h3>Conseils et astuces<\/h3><div class=\"hints-content hints\"><\/p>\n<ul>\n<li>C\u2019est important de servir ce <strong>dessert de past\u00e8que \u00e0 la menthe et citron vert<\/strong> bien froid.<\/li>\n<li>Il est pr\u00e9f\u00e9rable de <strong>le manger le jour m\u00eame<\/strong>. Je ne le trouve pas tr\u00e8s bon si on le garde d\u2019un jour \u00e0 l\u2019autre, car la past\u00e8que commence \u00e0 s\u00e9cher. Le mieux est de le pr\u00e9parer au d\u00e9but du repas et de le laisser mac\u00e9rer pendant que l\u2019on pr\u00e9pare les autres plats.<\/li>\n<li>A la place du <strong>citron vert<\/strong>, le <strong>citron jaune<\/strong> convient \u00e9galement pour cette salade.<\/li>\n<li>Si vous voulez, vous pouvez ajouter <strong>un peu de sucre<\/strong>. Mais pour moi, si la past\u00e8que est bonne, je ne consid\u00e8re qu\u2019il n\u2019en faut pas du tout.<\/li>\n<li>Si l\u2019on fait de boules, <strong>cherchez \u00e0 faire les boules le plus pr\u00e8s les unes des autres<\/strong>, pour ne pas gaspiller trop de fruit. On r\u00e9serve les partis o\u00f9 l\u2019on ne peut pas faire des boules pour manger plus tard, ou on les ajoute \u00e9galement.<\/li>\n<li>Vous pouvez <strong>combiner la past\u00e8que avec des morceaux de melon<\/strong>. Ce m\u00e9lange est \u00e9galement tr\u00e8s bon et il donne \u00e9galement une touche de couleur tr\u00e8s attrayante pour ce dessert d\u2019\u00e9t\u00e9.<\/li>\n<li>Vous \u00eates \u00e0 recherche de plus de <strong>recettes de past\u00e8que<\/strong> ? Voil\u00e0 les <a href=\"http:\/\/jesuisuncuisinier.fr\/fr\/2014\/08\/amuse-bouches-de-pasteque-au-fromage-de-chevre-concombre-et-menthe.html\"><strong>canap\u00e9s de past\u00e8que, concombre et ch\u00e8vre<\/strong><\/a>. Si vous voulez vous rafra\u00eechir, pr\u00e9parer ce <a href=\"http:\/\/jesuisuncuisinier.fr\/fr\/2015\/07\/smoothie-a-la-pasteque.html\"><strong>smoothie de past\u00e8que<\/strong><\/a>.<\/li>\n<\/ul>\n<p><\/div><\/div> <!-- \/# hints --><\/div><div class=\"cleaner\" style=\"padding-bottom: 10px;\">&nbsp;<\/div><\/div><!-- \/ #recipe --> \n<\/p>\n<\/p>\n<p><img loading=\"lazy\" decoding=\"async\" class=\"aligncenter size-full wp-image-9400\" src=\"http:\/\/jesuisuncuisinier.fr\/wp-content\/uploads\/2017\/08\/salade-de-pasteque-a-la-menthe-et-citron-vert-fourchette.jpg\" alt=\"Salade de past\u00e8que \u00e0 la menthe et citron vert (fourchette)\" width=\"640\" height=\"427\" srcset=\"https:\/\/jesuisuncuisinier.fr\/wp-content\/uploads\/2017\/08\/salade-de-pasteque-a-la-menthe-et-citron-vert-fourchette.jpg 640w, https:\/\/jesuisuncuisinier.fr\/wp-content\/uploads\/2017\/08\/salade-de-pasteque-a-la-menthe-et-citron-vert-fourchette-320x213.jpg 320w, https:\/\/jesuisuncuisinier.fr\/wp-content\/uploads\/2017\/08\/salade-de-pasteque-a-la-menthe-et-citron-vert-fourchette-300x200.jpg 300w\" sizes=\"auto, (max-width: 640px) 100vw, 640px\" \/><\/p>\n<h3>Maintenant, vous savez comment faire une salade de past\u00e8que \u00e0 la menthe et citron vert.<\/h3>\n<p>Avez-vous aim\u00e9 la recette ?<\/p>\n<p>J\u2019esp\u00e8re vous avoir donn\u00e9 envie de l\u2019essayer. Vous verrez, c\u2019est bien rafra\u00eechissant ! N\u2019h\u00e9sitez pas \u00e0 me laisser votre opinion avec un message, ci-dessous dans la section des commentaires. En outre, je vous invite \u00e0 \u00ab liker \u00bb et partager la recette sur vos r\u00e9seaux sociaux.<\/p>\n<p>\u00c0 bient\u00f4t !<\/p>\n<p>\n<p>&nbsp;<\/p>\n","protected":false},"excerpt":{"rendered":"<p>Comment faire une salade de past\u00e8que \u00e0 la menthe et citron vert. Recette facile. Un dessert d\u2019\u00e9t\u00e9 l\u00e9ger et tr\u00e8s rafra\u00eechissant. \u00c0 essayer !<\/p>\n","protected":false},"author":1,"featured_media":9399,"comment_status":"open","ping_status":"open","sticky":false,"template":"","format":"standard","meta":{"_yoast_wpseo_focuskw":"salade de past\u00e8que","_yoast_wpseo_metadesc":"Comment faire une salade de past\u00e8que \u00e0 la menthe et citron vert. Recette facile. Un dessert d\u2019\u00e9t\u00e9 l\u00e9ger et tr\u00e8s rafra\u00eechissant. \u00c0 essayer !","footnotes":""},"categories":[848,20],"tags":[916,934,948,1213],"class_list":["post-9397","post","type-post","status-publish","format-standard","has-post-thumbnail","hentry","category-desserts","category-recette","tag-citron-vert","tag-pasteque","tag-menthe","tag-salade-de-fruits"],"yoast_head":"<!-- This site is optimized with the Yoast SEO plugin v27.4 - https:\/\/yoast.com\/product\/yoast-seo-wordpress\/ -->\n<title>Recette de salade de past\u00e8que \u00e0 la menthe et citron vert<\/title>\n<meta name=\"description\" content=\"Comment faire une salade de past\u00e8que \u00e0 la menthe et citron vert. Recette facile. Un dessert d\u2019\u00e9t\u00e9 l\u00e9ger et tr\u00e8s rafra\u00eechissant. \u00c0 essayer !\" \/>\n<meta name=\"robots\" content=\"index, follow, max-snippet:-1, max-image-preview:large, max-video-preview:-1\" \/>\n<link rel=\"canonical\" href=\"https:\/\/jesuisuncuisinier.fr\/fr\/salade-de-pasteque-a-la-menthe\/\" \/>\n<meta property=\"og:locale\" content=\"fr_FR\" \/>\n<meta property=\"og:type\" content=\"article\" \/>\n<meta property=\"og:title\" content=\"Recette de salade de past\u00e8que \u00e0 la menthe et citron vert\" \/>\n<meta property=\"og:description\" content=\"Comment faire une salade de past\u00e8que \u00e0 la menthe et citron vert. Recette facile. Un dessert d\u2019\u00e9t\u00e9 l\u00e9ger et tr\u00e8s rafra\u00eechissant. \u00c0 essayer !\" \/>\n<meta property=\"og:url\" content=\"https:\/\/jesuisuncuisinier.fr\/fr\/salade-de-pasteque-a-la-menthe\/\" \/>\n<meta property=\"og:site_name\" content=\"Je suis un cuisinier - Recettes faciles\" \/>\n<meta property=\"article:published_time\" content=\"2017-08-08T16:36:35+00:00\" \/>\n<meta property=\"og:image\" content=\"https:\/\/jesuisuncuisinier.fr\/wp-content\/uploads\/2017\/08\/salade-de-pasteque-a-la-menthe-et-citron-vert.jpg\" \/>\n\t<meta property=\"og:image:width\" content=\"640\" \/>\n\t<meta property=\"og:image:height\" content=\"427\" \/>\n\t<meta property=\"og:image:type\" content=\"image\/jpeg\" \/>\n<meta name=\"author\" content=\"Dami\u00e1n\" \/>\n<meta name=\"twitter:card\" content=\"summary_large_image\" \/>\n<meta name=\"twitter:creator\" content=\"@unptitcuisinier\" \/>\n<meta name=\"twitter:site\" content=\"@unptitcuisinier\" \/>\n<meta name=\"twitter:label1\" content=\"\u00c9crit par\" \/>\n\t<meta name=\"twitter:data1\" content=\"Dami\u00e1n\" \/>\n\t<meta name=\"twitter:label2\" content=\"Dur\u00e9e de lecture estim\u00e9e\" \/>\n\t<meta name=\"twitter:data2\" content=\"4 minutes\" \/>\n<script type=\"application\/ld+json\" class=\"yoast-schema-graph\">{\"@context\":\"https:\\\/\\\/schema.org\",\"@graph\":[{\"@type\":\"Article\",\"@id\":\"https:\\\/\\\/jesuisuncuisinier.fr\\\/fr\\\/salade-de-pasteque-a-la-menthe\\\/#article\",\"isPartOf\":{\"@id\":\"https:\\\/\\\/jesuisuncuisinier.fr\\\/fr\\\/salade-de-pasteque-a-la-menthe\\\/\"},\"author\":{\"name\":\"Dami\u00e1n\",\"@id\":\"https:\\\/\\\/jesuisuncuisinier.fr\\\/fr\\\/#\\\/schema\\\/person\\\/c2da7696f2784cce34698e48f989cb2a\"},\"headline\":\"Recette de salade de past\u00e8que \u00e0 la menthe et citron vert\",\"datePublished\":\"2017-08-08T16:36:35+00:00\",\"mainEntityOfPage\":{\"@id\":\"https:\\\/\\\/jesuisuncuisinier.fr\\\/fr\\\/salade-de-pasteque-a-la-menthe\\\/\"},\"wordCount\":726,\"commentCount\":1,\"publisher\":{\"@id\":\"https:\\\/\\\/jesuisuncuisinier.fr\\\/fr\\\/#\\\/schema\\\/person\\\/04d97b7b1ae2f60e14cd96fc10a341aa\"},\"image\":{\"@id\":\"https:\\\/\\\/jesuisuncuisinier.fr\\\/fr\\\/salade-de-pasteque-a-la-menthe\\\/#primaryimage\"},\"thumbnailUrl\":\"https:\\\/\\\/jesuisuncuisinier.fr\\\/wp-content\\\/uploads\\\/2017\\\/08\\\/salade-de-pasteque-a-la-menthe-et-citron-vert.jpg\",\"keywords\":[\"citron vert\",\"past\u00e8que\",\"menthe\",\"salade de fruits\"],\"articleSection\":[\"Desserts\",\"recette\"],\"inLanguage\":\"fr-FR\",\"potentialAction\":[{\"@type\":\"CommentAction\",\"name\":\"Comment\",\"target\":[\"https:\\\/\\\/jesuisuncuisinier.fr\\\/fr\\\/salade-de-pasteque-a-la-menthe\\\/#respond\"]}]},{\"@type\":\"WebPage\",\"@id\":\"https:\\\/\\\/jesuisuncuisinier.fr\\\/fr\\\/salade-de-pasteque-a-la-menthe\\\/\",\"url\":\"https:\\\/\\\/jesuisuncuisinier.fr\\\/fr\\\/salade-de-pasteque-a-la-menthe\\\/\",\"name\":\"Recette de salade de past\u00e8que \u00e0 la menthe et citron vert\",\"isPartOf\":{\"@id\":\"https:\\\/\\\/jesuisuncuisinier.fr\\\/fr\\\/#website\"},\"primaryImageOfPage\":{\"@id\":\"https:\\\/\\\/jesuisuncuisinier.fr\\\/fr\\\/salade-de-pasteque-a-la-menthe\\\/#primaryimage\"},\"image\":{\"@id\":\"https:\\\/\\\/jesuisuncuisinier.fr\\\/fr\\\/salade-de-pasteque-a-la-menthe\\\/#primaryimage\"},\"thumbnailUrl\":\"https:\\\/\\\/jesuisuncuisinier.fr\\\/wp-content\\\/uploads\\\/2017\\\/08\\\/salade-de-pasteque-a-la-menthe-et-citron-vert.jpg\",\"datePublished\":\"2017-08-08T16:36:35+00:00\",\"description\":\"Comment faire une salade de past\u00e8que \u00e0 la menthe et citron vert. Recette facile. Un dessert d\u2019\u00e9t\u00e9 l\u00e9ger et tr\u00e8s rafra\u00eechissant. \u00c0 essayer !\",\"breadcrumb\":{\"@id\":\"https:\\\/\\\/jesuisuncuisinier.fr\\\/fr\\\/salade-de-pasteque-a-la-menthe\\\/#breadcrumb\"},\"inLanguage\":\"fr-FR\",\"potentialAction\":[{\"@type\":\"ReadAction\",\"target\":[\"https:\\\/\\\/jesuisuncuisinier.fr\\\/fr\\\/salade-de-pasteque-a-la-menthe\\\/\"]}]},{\"@type\":\"ImageObject\",\"inLanguage\":\"fr-FR\",\"@id\":\"https:\\\/\\\/jesuisuncuisinier.fr\\\/fr\\\/salade-de-pasteque-a-la-menthe\\\/#primaryimage\",\"url\":\"https:\\\/\\\/jesuisuncuisinier.fr\\\/wp-content\\\/uploads\\\/2017\\\/08\\\/salade-de-pasteque-a-la-menthe-et-citron-vert.jpg\",\"contentUrl\":\"https:\\\/\\\/jesuisuncuisinier.fr\\\/wp-content\\\/uploads\\\/2017\\\/08\\\/salade-de-pasteque-a-la-menthe-et-citron-vert.jpg\",\"width\":640,\"height\":427,\"caption\":\"Salade de past\u00e8que \u00e0 la menthe et citron vert\"},{\"@type\":\"BreadcrumbList\",\"@id\":\"https:\\\/\\\/jesuisuncuisinier.fr\\\/fr\\\/salade-de-pasteque-a-la-menthe\\\/#breadcrumb\",\"itemListElement\":[{\"@type\":\"ListItem\",\"position\":1,\"name\":\"Portada\",\"item\":\"https:\\\/\\\/jesuisuncuisinier.fr\\\/fr\\\/\"},{\"@type\":\"ListItem\",\"position\":2,\"name\":\"Recette de salade de past\u00e8que \u00e0 la menthe et citron vert\"}]},{\"@type\":\"WebSite\",\"@id\":\"https:\\\/\\\/jesuisuncuisinier.fr\\\/fr\\\/#website\",\"url\":\"https:\\\/\\\/jesuisuncuisinier.fr\\\/fr\\\/\",\"name\":\"Je suis un cuisinier - Recettes faciles\",\"description\":\"Recettes de cuisine faciles pour tous les jours. Cuisine fran\u00e7aise, espagnole et d&#039;ailleurs.\",\"publisher\":{\"@id\":\"https:\\\/\\\/jesuisuncuisinier.fr\\\/fr\\\/#\\\/schema\\\/person\\\/04d97b7b1ae2f60e14cd96fc10a341aa\"},\"potentialAction\":[{\"@type\":\"SearchAction\",\"target\":{\"@type\":\"EntryPoint\",\"urlTemplate\":\"https:\\\/\\\/jesuisuncuisinier.fr\\\/fr\\\/?s={search_term_string}\"},\"query-input\":{\"@type\":\"PropertyValueSpecification\",\"valueRequired\":true,\"valueName\":\"search_term_string\"}}],\"inLanguage\":\"fr-FR\"},{\"@type\":[\"Person\",\"Organization\"],\"@id\":\"https:\\\/\\\/jesuisuncuisinier.fr\\\/fr\\\/#\\\/schema\\\/person\\\/04d97b7b1ae2f60e14cd96fc10a341aa\",\"name\":\"Dami\u00e1n Serrano\",\"image\":{\"@type\":\"ImageObject\",\"inLanguage\":\"fr-FR\",\"@id\":\"https:\\\/\\\/jesuisuncuisinier.fr\\\/wp-content\\\/uploads\\\/2019\\\/11\\\/avatar.jpg\",\"url\":\"https:\\\/\\\/jesuisuncuisinier.fr\\\/wp-content\\\/uploads\\\/2019\\\/11\\\/avatar.jpg\",\"contentUrl\":\"https:\\\/\\\/jesuisuncuisinier.fr\\\/wp-content\\\/uploads\\\/2019\\\/11\\\/avatar.jpg\",\"width\":200,\"height\":200,\"caption\":\"Dami\u00e1n Serrano\"},\"logo\":{\"@id\":\"https:\\\/\\\/jesuisuncuisinier.fr\\\/wp-content\\\/uploads\\\/2019\\\/11\\\/avatar.jpg\"}},{\"@type\":\"Person\",\"@id\":\"https:\\\/\\\/jesuisuncuisinier.fr\\\/fr\\\/#\\\/schema\\\/person\\\/c2da7696f2784cce34698e48f989cb2a\",\"name\":\"Dami\u00e1n\",\"sameAs\":[\"http:\\\/\\\/jesuisuncuisinier.fr\",\"https:\\\/\\\/x.com\\\/unptitcuisinier\"]}]}<\/script>\n<!-- \/ Yoast SEO plugin. -->","yoast_head_json":{"title":"Recette de salade de past\u00e8que \u00e0 la menthe et citron vert","description":"Comment faire une salade de past\u00e8que \u00e0 la menthe et citron vert. Recette facile. Un dessert d\u2019\u00e9t\u00e9 l\u00e9ger et tr\u00e8s rafra\u00eechissant. \u00c0 essayer !","robots":{"index":"index","follow":"follow","max-snippet":"max-snippet:-1","max-image-preview":"max-image-preview:large","max-video-preview":"max-video-preview:-1"},"canonical":"https:\/\/jesuisuncuisinier.fr\/fr\/salade-de-pasteque-a-la-menthe\/","og_locale":"fr_FR","og_type":"article","og_title":"Recette de salade de past\u00e8que \u00e0 la menthe et citron vert","og_description":"Comment faire une salade de past\u00e8que \u00e0 la menthe et citron vert. Recette facile. Un dessert d\u2019\u00e9t\u00e9 l\u00e9ger et tr\u00e8s rafra\u00eechissant. \u00c0 essayer !","og_url":"https:\/\/jesuisuncuisinier.fr\/fr\/salade-de-pasteque-a-la-menthe\/","og_site_name":"Je suis un cuisinier - Recettes faciles","article_published_time":"2017-08-08T16:36:35+00:00","og_image":[{"width":640,"height":427,"url":"https:\/\/jesuisuncuisinier.fr\/wp-content\/uploads\/2017\/08\/salade-de-pasteque-a-la-menthe-et-citron-vert.jpg","type":"image\/jpeg"}],"author":"Dami\u00e1n","twitter_card":"summary_large_image","twitter_creator":"@unptitcuisinier","twitter_site":"@unptitcuisinier","twitter_misc":{"\u00c9crit par":"Dami\u00e1n","Dur\u00e9e de lecture estim\u00e9e":"4 minutes"},"schema":{"@context":"https:\/\/schema.org","@graph":[{"@type":"Article","@id":"https:\/\/jesuisuncuisinier.fr\/fr\/salade-de-pasteque-a-la-menthe\/#article","isPartOf":{"@id":"https:\/\/jesuisuncuisinier.fr\/fr\/salade-de-pasteque-a-la-menthe\/"},"author":{"name":"Dami\u00e1n","@id":"https:\/\/jesuisuncuisinier.fr\/fr\/#\/schema\/person\/c2da7696f2784cce34698e48f989cb2a"},"headline":"Recette de salade de past\u00e8que \u00e0 la menthe et citron vert","datePublished":"2017-08-08T16:36:35+00:00","mainEntityOfPage":{"@id":"https:\/\/jesuisuncuisinier.fr\/fr\/salade-de-pasteque-a-la-menthe\/"},"wordCount":726,"commentCount":1,"publisher":{"@id":"https:\/\/jesuisuncuisinier.fr\/fr\/#\/schema\/person\/04d97b7b1ae2f60e14cd96fc10a341aa"},"image":{"@id":"https:\/\/jesuisuncuisinier.fr\/fr\/salade-de-pasteque-a-la-menthe\/#primaryimage"},"thumbnailUrl":"https:\/\/jesuisuncuisinier.fr\/wp-content\/uploads\/2017\/08\/salade-de-pasteque-a-la-menthe-et-citron-vert.jpg","keywords":["citron vert","past\u00e8que","menthe","salade de fruits"],"articleSection":["Desserts","recette"],"inLanguage":"fr-FR","potentialAction":[{"@type":"CommentAction","name":"Comment","target":["https:\/\/jesuisuncuisinier.fr\/fr\/salade-de-pasteque-a-la-menthe\/#respond"]}]},{"@type":"WebPage","@id":"https:\/\/jesuisuncuisinier.fr\/fr\/salade-de-pasteque-a-la-menthe\/","url":"https:\/\/jesuisuncuisinier.fr\/fr\/salade-de-pasteque-a-la-menthe\/","name":"Recette de salade de past\u00e8que \u00e0 la menthe et citron vert","isPartOf":{"@id":"https:\/\/jesuisuncuisinier.fr\/fr\/#website"},"primaryImageOfPage":{"@id":"https:\/\/jesuisuncuisinier.fr\/fr\/salade-de-pasteque-a-la-menthe\/#primaryimage"},"image":{"@id":"https:\/\/jesuisuncuisinier.fr\/fr\/salade-de-pasteque-a-la-menthe\/#primaryimage"},"thumbnailUrl":"https:\/\/jesuisuncuisinier.fr\/wp-content\/uploads\/2017\/08\/salade-de-pasteque-a-la-menthe-et-citron-vert.jpg","datePublished":"2017-08-08T16:36:35+00:00","description":"Comment faire une salade de past\u00e8que \u00e0 la menthe et citron vert. Recette facile. Un dessert d\u2019\u00e9t\u00e9 l\u00e9ger et tr\u00e8s rafra\u00eechissant. \u00c0 essayer !","breadcrumb":{"@id":"https:\/\/jesuisuncuisinier.fr\/fr\/salade-de-pasteque-a-la-menthe\/#breadcrumb"},"inLanguage":"fr-FR","potentialAction":[{"@type":"ReadAction","target":["https:\/\/jesuisuncuisinier.fr\/fr\/salade-de-pasteque-a-la-menthe\/"]}]},{"@type":"ImageObject","inLanguage":"fr-FR","@id":"https:\/\/jesuisuncuisinier.fr\/fr\/salade-de-pasteque-a-la-menthe\/#primaryimage","url":"https:\/\/jesuisuncuisinier.fr\/wp-content\/uploads\/2017\/08\/salade-de-pasteque-a-la-menthe-et-citron-vert.jpg","contentUrl":"https:\/\/jesuisuncuisinier.fr\/wp-content\/uploads\/2017\/08\/salade-de-pasteque-a-la-menthe-et-citron-vert.jpg","width":640,"height":427,"caption":"Salade de past\u00e8que \u00e0 la menthe et citron vert"},{"@type":"BreadcrumbList","@id":"https:\/\/jesuisuncuisinier.fr\/fr\/salade-de-pasteque-a-la-menthe\/#breadcrumb","itemListElement":[{"@type":"ListItem","position":1,"name":"Portada","item":"https:\/\/jesuisuncuisinier.fr\/fr\/"},{"@type":"ListItem","position":2,"name":"Recette de salade de past\u00e8que \u00e0 la menthe et citron vert"}]},{"@type":"WebSite","@id":"https:\/\/jesuisuncuisinier.fr\/fr\/#website","url":"https:\/\/jesuisuncuisinier.fr\/fr\/","name":"Je suis un cuisinier - Recettes faciles","description":"Recettes de cuisine faciles pour tous les jours. Cuisine fran\u00e7aise, espagnole et d&#039;ailleurs.","publisher":{"@id":"https:\/\/jesuisuncuisinier.fr\/fr\/#\/schema\/person\/04d97b7b1ae2f60e14cd96fc10a341aa"},"potentialAction":[{"@type":"SearchAction","target":{"@type":"EntryPoint","urlTemplate":"https:\/\/jesuisuncuisinier.fr\/fr\/?s={search_term_string}"},"query-input":{"@type":"PropertyValueSpecification","valueRequired":true,"valueName":"search_term_string"}}],"inLanguage":"fr-FR"},{"@type":["Person","Organization"],"@id":"https:\/\/jesuisuncuisinier.fr\/fr\/#\/schema\/person\/04d97b7b1ae2f60e14cd96fc10a341aa","name":"Dami\u00e1n Serrano","image":{"@type":"ImageObject","inLanguage":"fr-FR","@id":"https:\/\/jesuisuncuisinier.fr\/wp-content\/uploads\/2019\/11\/avatar.jpg","url":"https:\/\/jesuisuncuisinier.fr\/wp-content\/uploads\/2019\/11\/avatar.jpg","contentUrl":"https:\/\/jesuisuncuisinier.fr\/wp-content\/uploads\/2019\/11\/avatar.jpg","width":200,"height":200,"caption":"Dami\u00e1n Serrano"},"logo":{"@id":"https:\/\/jesuisuncuisinier.fr\/wp-content\/uploads\/2019\/11\/avatar.jpg"}},{"@type":"Person","@id":"https:\/\/jesuisuncuisinier.fr\/fr\/#\/schema\/person\/c2da7696f2784cce34698e48f989cb2a","name":"Dami\u00e1n","sameAs":["http:\/\/jesuisuncuisinier.fr","https:\/\/x.com\/unptitcuisinier"]}]}},"amp_enabled":true,"_links":{"self":[{"href":"https:\/\/jesuisuncuisinier.fr\/fr\/wp-json\/wp\/v2\/posts\/9397","targetHints":{"allow":["GET"]}}],"collection":[{"href":"https:\/\/jesuisuncuisinier.fr\/fr\/wp-json\/wp\/v2\/posts"}],"about":[{"href":"https:\/\/jesuisuncuisinier.fr\/fr\/wp-json\/wp\/v2\/types\/post"}],"author":[{"embeddable":true,"href":"https:\/\/jesuisuncuisinier.fr\/fr\/wp-json\/wp\/v2\/users\/1"}],"replies":[{"embeddable":true,"href":"https:\/\/jesuisuncuisinier.fr\/fr\/wp-json\/wp\/v2\/comments?post=9397"}],"version-history":[{"count":0,"href":"https:\/\/jesuisuncuisinier.fr\/fr\/wp-json\/wp\/v2\/posts\/9397\/revisions"}],"wp:featuredmedia":[{"embeddable":true,"href":"https:\/\/jesuisuncuisinier.fr\/fr\/wp-json\/wp\/v2\/media\/9399"}],"wp:attachment":[{"href":"https:\/\/jesuisuncuisinier.fr\/fr\/wp-json\/wp\/v2\/media?parent=9397"}],"wp:term":[{"taxonomy":"category","embeddable":true,"href":"https:\/\/jesuisuncuisinier.fr\/fr\/wp-json\/wp\/v2\/categories?post=9397"},{"taxonomy":"post_tag","embeddable":true,"href":"https:\/\/jesuisuncuisinier.fr\/fr\/wp-json\/wp\/v2\/tags?post=9397"}],"curies":[{"name":"wp","href":"https:\/\/api.w.org\/{rel}","templated":true}]}}