{"id":7923,"date":"2017-02-28T13:03:28","date_gmt":"2017-02-28T12:03:28","guid":{"rendered":"http:\/\/jesuisunpetitcuisinier.fr\/fr\/?p=7923"},"modified":"2017-02-28T13:03:28","modified_gmt":"2017-02-28T12:03:28","slug":"salade-de-carottes-a-la-marocaine","status":"publish","type":"post","link":"https:\/\/jesuisuncuisinier.fr\/fr\/salade-de-carottes-a-la-marocaine\/","title":{"rendered":"Recette de salade de carottes \u00e0 la marocaine"},"content":{"rendered":"<\/p>\n<p>Saviez-vous que la saveur des <a href=\"http:\/\/jesuisuncuisinier.fr\/fr\/tag\/carotte\"><strong>carottes<\/strong><\/a> se combine tr\u00e8s bien avec le <strong>cumin<\/strong>\u00a0? C\u2019est ce que je me suis dit quand j\u2019ai essay\u00e9 cette <strong>salade de carottes \u00e0 la marocaine<\/strong> pour la premi\u00e8re fois. C\u2019est d\u00e9licieux\u00a0!<\/p>\n<h2>Voulez-vous savoir comment faire salade de carottes \u00e0 la marocaine ?<\/h2>\n<p>C\u2019est aussi simple que de <strong>faire cuire les carottes<\/strong>, puis les assaisonner avec une <strong>vinaigrette pr\u00e9par\u00e9e avec une bonne huile d\u2019olive, du citron, de l\u2019ail et du cumin<\/strong>. Si on utilise ce dernier en grains, on peut le faire dorer un peu \u00e0 la po\u00eale pour d\u00e9velopper son ar\u00f4me. Le secret pour qu\u2019elle soit encore meilleure est de la faire \u00e0 l\u2019avance et <strong>la laisser mariner<\/strong> un bon moment, de sorte que les saveurs se m\u00e9langent et que la carotte s\u2019impr\u00e8gne bien du go\u00fbt du cumin.<\/p>\n<p><a href=\"http:\/\/jesuisuncuisinier.fr\/fr\/wp-content\/uploads\/2017\/02\/salade-de-carottes-a-la-marocaine-ingredients.jpg\"><img loading=\"lazy\" decoding=\"async\" class=\"aligncenter size-full wp-image-7930\" src=\"http:\/\/jesuisuncuisinier.fr\/fr\/wp-content\/uploads\/2017\/02\/salade-de-carottes-a-la-marocaine-ingredients.jpg\" alt=\"Salade de carottes \u00e0 la marocaine (ingr\u00e9dients)\" width=\"640\" height=\"427\" srcset=\"https:\/\/jesuisuncuisinier.fr\/wp-content\/uploads\/2017\/02\/salade-de-carottes-a-la-marocaine-ingredients.jpg 640w, https:\/\/jesuisuncuisinier.fr\/wp-content\/uploads\/2017\/02\/salade-de-carottes-a-la-marocaine-ingredients-320x213.jpg 320w, https:\/\/jesuisuncuisinier.fr\/wp-content\/uploads\/2017\/02\/salade-de-carottes-a-la-marocaine-ingredients-300x200.jpg 300w\" sizes=\"auto, (max-width: 640px) 100vw, 640px\" \/><\/a><\/p>\n<p>Voici la recette\u00a0:<\/p>\n<p>\n<ins class=\"adsbygoogle\"style=\"display:block\"data-ad-client=\"ca-pub-7750789452383743\"data-ad-slot=\"4190110340\"data-ad-format=\"auto\"data-full-width-responsive=\"true\"><\/ins><script>(adsbygoogle = window.adsbygoogle || []).push({});<\/script> <amp-ad width=\"100vw\" height=320 type=\"adsense\" data-ad-client=\"ca-pub-7750789452383743\" data-ad-slot=\"4190110340\" data-auto-format=\"rspv\" data-full-width><div overflow><\/div><\/amp-ad><div class=\"cleaner\" style=\"margin: 10px\"><\/div><div itemscope itemtype=\"http:\/\/schema.org\/Recipe\">\n<div align=\"justify\" style=\"border-style:solid; border-width: 1px;padding: 10px 10px 10px 10px;\">\n<img loading=\"lazy\" decoding=\"async\" width=\"128\" height=\"85\" src=\"https:\/\/jesuisuncuisinier.fr\/wp-content\/uploads\/2017\/02\/salade-de-carottes-a-la-marocaine.jpg\" class=\"attachment-thumbnail size-thumbnail wp-post-image\" alt=\"Salade de carottes \u00e0 la marocaine\" style=\"float:left; padding: 10px 10px 10px 10px\" srcset=\"https:\/\/jesuisuncuisinier.fr\/wp-content\/uploads\/2017\/02\/salade-de-carottes-a-la-marocaine.jpg 640w, https:\/\/jesuisuncuisinier.fr\/wp-content\/uploads\/2017\/02\/salade-de-carottes-a-la-marocaine-320x213.jpg 320w, https:\/\/jesuisuncuisinier.fr\/wp-content\/uploads\/2017\/02\/salade-de-carottes-a-la-marocaine-300x200.jpg 300w\" sizes=\"auto, (max-width: 128px) 100vw, 128px\" \/>\n<div itemprop=\"image\" itemscope itemtype=\"https:\/\/schema.org\/ImageObject\">\t\n<meta itemprop=\"url\" content=\"https:\/\/jesuisuncuisinier.fr\/wp-content\/uploads\/2017\/02\/salade-de-carottes-a-la-marocaine.jpg\">\n<meta itemprop=\"width\" content=\"140\">\n<meta itemprop=\"height\" content=\"85\">\n<\/div>\n<a href=\"https:\/\/jesuisuncuisinier.fr\/fr\/salade-de-carottes-a-la-marocaine\/print\/\" rel=\"nofollow\" title=\"Imprimer\"><img decoding=\"async\" src=\"https:\/\/jesuisuncuisinier.fr\/wp-content\/plugins\/wp-print\/images\/printer_famfamfam.gif\" align=\"right\" alt=\"Imprimir\"><\/a>\n<h2 itemprop=\"name\" style=\"padding: 10px 10px 0px 10px\">Recette de salade de carottes \u00e0 la marocaine<\/h2>\n<span id=\"post-ratings-7923\" class=\"post-ratings\" data-nonce=\"d1e58c0e9e\"><div align=\"center\">Votez pour cette !<\/div>\r\n<div align=\"center\"><img decoding=\"async\" id=\"rating_7923_1\" src=\"https:\/\/jesuisuncuisinier.fr\/wp-content\/plugins\/wp-postratings\/images\/stars_crystal\/rating_on.gif\" alt=\"1 Star\" title=\"1 Star\" onmouseover=\"current_rating(7923, 1, '1 Star');\" onmouseout=\"ratings_off(5, 0, 0);\" onclick=\"rate_post();\" onkeypress=\"rate_post();\" style=\"cursor: pointer; border: 0px;\" \/><img decoding=\"async\" id=\"rating_7923_2\" src=\"https:\/\/jesuisuncuisinier.fr\/wp-content\/plugins\/wp-postratings\/images\/stars_crystal\/rating_on.gif\" alt=\"2 Stars\" title=\"2 Stars\" onmouseover=\"current_rating(7923, 2, '2 Stars');\" onmouseout=\"ratings_off(5, 0, 0);\" onclick=\"rate_post();\" onkeypress=\"rate_post();\" style=\"cursor: pointer; border: 0px;\" \/><img decoding=\"async\" id=\"rating_7923_3\" src=\"https:\/\/jesuisuncuisinier.fr\/wp-content\/plugins\/wp-postratings\/images\/stars_crystal\/rating_on.gif\" alt=\"3 Stars\" title=\"3 Stars\" onmouseover=\"current_rating(7923, 3, '3 Stars');\" onmouseout=\"ratings_off(5, 0, 0);\" onclick=\"rate_post();\" onkeypress=\"rate_post();\" style=\"cursor: pointer; border: 0px;\" \/><img decoding=\"async\" id=\"rating_7923_4\" src=\"https:\/\/jesuisuncuisinier.fr\/wp-content\/plugins\/wp-postratings\/images\/stars_crystal\/rating_on.gif\" alt=\"4 Stars\" title=\"4 Stars\" onmouseover=\"current_rating(7923, 4, '4 Stars');\" onmouseout=\"ratings_off(5, 0, 0);\" onclick=\"rate_post();\" onkeypress=\"rate_post();\" style=\"cursor: pointer; border: 0px;\" \/><img decoding=\"async\" id=\"rating_7923_5\" src=\"https:\/\/jesuisuncuisinier.fr\/wp-content\/plugins\/wp-postratings\/images\/stars_crystal\/rating_on.gif\" alt=\"5 Stars\" title=\"5 Stars\" onmouseover=\"current_rating(7923, 5, '5 Stars');\" onmouseout=\"ratings_off(5, 0, 0);\" onclick=\"rate_post();\" onkeypress=\"rate_post();\" style=\"cursor: pointer; border: 0px;\" \/><\/div>\r\n<div align=\"center\">Note: 5,00 \/ 5. Votes: 3<\/div><\/span><span id=\"post-ratings-7923-loading\" class=\"post-ratings-loading\"><img loading=\"lazy\" decoding=\"async\" src=\"https:\/\/jesuisuncuisinier.fr\/wp-content\/plugins\/wp-postratings\/images\/loading.gif\" width=\"16\" height=\"16\" class=\"post-ratings-image\" \/>Loading...<\/span><div><\/br><span itemprop=\"author\" itemscope itemtype=\"http:\/\/schema.org\/Person\">   <span itemprop=\"name\" content=\"Damian Serrano\"><\/span> <\/span>\n<b>Personnes:<\/b> <span itemprop=\"recipeYield\">4<\/span>   <b>Temps:<\/b> <time itemprop=\"totalTime\" datetime=PT30M>30 m<\/time>   <b>Difficult\u00e9:<\/b> Facile<\/div><div class=\"cleaner\" style=\"margin: 10px\"><\/div><time itemprop=\"dateModified\" datetime=\"2017-02-28\"><\/time> \n<span itemprop=\"description\" content=\"Comment faire la salade de carottes \u00e0 la marocaine. Recette facile. Une d\u00e9licieuse salade de carottes avec une combinaison de saveurs explosives.\" ><\/span>\n<span itemprop=\"recipeCuisine\" content=\"Unknown\" ><\/span>\n<span itemprop=\"recipeCategory\" content=\"Unknown\" ><\/span>\n<span itemprop=\"keywords\" content=\"Unknown\" ><\/span>\n<div class=\"note-wrapper\"><div class=\"note-top\"><\/div><div class=\"note-content\"><h3 style=\"padding-left: 10px; margin-bottom: 10px;\">Ingr\u00e9dients<\/h3>\n<ul>\n<li itemprop=\"recipeIngredient\">500 g de carottes<\/li>\n<li itemprop=\"recipeIngredient\">1 cuill\u00e8re \u00e0 caf\u00e9 de cumin<\/li>\n<li itemprop=\"recipeIngredient\">Du persil frais au go\u00fbt<\/li>\n<li itemprop=\"recipeIngredient\">1 gousse d\u2019ail<\/li>\n<li itemprop=\"recipeIngredient\">\u00bd citron ou du vinaigre de x\u00e9r\u00e8s<\/li>\n<li itemprop=\"recipeIngredient\">Huile d\u2019olive extra-vierge<\/li>\n<li itemprop=\"recipeIngredient\">Sel et poivre noir moulu<\/li>\n<\/ul>\n<br \/><\/div><div class=\"note-bottom\"><\/div>\n<\/div> <!-- \/ #ingredients -->\n\n<p>[recipenutrition calories=\u00a0\u00bb135 kcal\u00a0\u00bb][\/recipenutrition]<\/p>\n<div align=\"justify\" class=\"directions-wrapper\"><h3>\u00c9laboration<\/h3><div class=\"directions-content instructions\" >\n\n<ol>\n<li itemprop=\"recipeInstructions\">Peler les carottes et les couper en rondelles d\u2019un demi-centim\u00e8tre d\u2019\u00e9paisseur.<\/li>\n<li itemprop=\"recipeInstructions\">Faire bouillir 1 litre d\u2019eau dans une casserole et quand elle commence \u00e0 bouillir, ajouter une demi-cuiller\u00e9e \u00e0 soupe de sel.<\/li>\n<li itemprop=\"recipeInstructions\">Plonger les carottes et les faire cuire environ 10 minutes. Les tester pour voir si elles sont tendres ou si elles ont besoin de quelques minutes de plus.<\/li>\n<li itemprop=\"recipeInstructions\">\u00c9goutter et mettre du c\u00f4t\u00e9.<\/li>\n<li itemprop=\"recipeInstructions\">Dans une po\u00eale, faire chauffer les graines de cumin quelques minutes, jusqu\u2019\u00e0 ce qu\u2019elles d\u00e9veloppent leur ar\u00f4me.<\/li>\n<li itemprop=\"recipeInstructions\">Peler la gousse d\u2019ail et retirer le germe.<\/li>\n<li itemprop=\"recipeInstructions\">Laver le persil, bien le s\u00e9cher et hacher finement les feuilles.<\/li>\n<li itemprop=\"recipeInstructions\">Dans un mortier, bien \u00e9craser l\u2019ail et le cumin.<\/li>\n<li itemprop=\"recipeInstructions\">Ensuite, ajouter 4 cuiller\u00e9es \u00e0 soupe d\u2019une bonne huile d\u2019olive extra-vierge, le jus d\u2019un demi-citron et un peu de sel et de poivre selon votre go\u00fbt.<\/li>\n<li itemprop=\"recipeInstructions\">M\u00e9langer les carottes avec la vinaigrette et le persil hach\u00e9.<\/li>\n<li itemprop=\"recipeInstructions\">Laisser reposer au r\u00e9frig\u00e9rateur pendant un bon moment pour que la carotte prenne bien le go\u00fbt de la vinaigrette. Id\u00e9alement, il faut les faire mariner au moins 2 heures, ou mieux, comme toujours dans ce cas, d\u2019un jour \u00e0 l\u2019autre.<\/li>\n<li itemprop=\"recipeInstructions\">Et voil\u00e0, c\u2019est pr\u00eat\u00a0! Sortir du r\u00e9frig\u00e9rateur 10 minutes avant de manger. Bonne d\u00e9gustation\u00a0!<\/li>\n<\/ol>\n<p><\/div><div class=\"cleaner\" style=\"padding-bottom: 10px;\">&nbsp;<\/div><\/div> <!-- \/# directions -->\n<script async src=\"https:\/\/pagead2.googlesyndication.com\/pagead\/js\/adsbygoogle.js\"><\/script><ins class=\"adsbygoogle\"style=\"display:block\"data-ad-client=\"ca-pub-7750789452383743\"data-ad-slot=\"3064891712\"data-ad-format=\"auto\"><\/ins><script async>(adsbygoogle = window.adsbygoogle || []).push({});<\/script> <amp-ad width=\"100vw\" height=320 type=\"adsense\" data-ad-client=\"ca-pub-7750789452383743\" data-ad-slot=\"1189241592\" data-auto-format=\"rspv\" data-full-width><div overflow><\/div><\/amp-ad><div align=\"justify\" class=\"hints-wrapper\" ><h3>Conseils et astuces<\/h3><div class=\"hints-content hints\"><\/p>\n<ul>\n<li>Avant de servir la <strong>salade de carottes \u00e0 la marocaine<\/strong>, vous pouvez rectifier l\u2019assaisonnement si n\u00e9cessaire.<\/li>\n<li>Vous pouvez <strong>remplacer le citron<\/strong> par une cuiller\u00e9e \u00e0 soupe de vinaigre de x\u00e9r\u00e8s ou de vinaigre de vin rouge.<\/li>\n<li>Au lieu du <strong>cumin en graines<\/strong>, vous pouvez utiliser parfaitement du <strong>cumin moulu<\/strong>. Dans ce cas, ce n\u2019est pas n\u00e9cessaire de le faire dorer.<\/li>\n<li>Je fais habituellement la <strong>salade de carottes \u00e0 la marocaine<\/strong> pas trop forte en ail. Vous pouvez bien entendu <strong>ajouter plus d\u2019ail<\/strong> si vous le souhaitez.<\/li>\n<li>Sur le blog, vous allez \u00e9galement trouver la recette de la <a href=\"http:\/\/jesuisuncuisinier.fr\/fr\/2015\/07\/salade-de-carottes-rapees-aux-raisins-secs.html\"><strong>salade de carottes r\u00e2p\u00e9es aux raisins secs<\/strong><\/a>, un riche contraste sucr\u00e9 sal\u00e9. Vous avez \u00e9galement les <a href=\"http:\/\/jesuisuncuisinier.fr\/fr\/2017\/01\/tagliatelles-de-carottes.html\"><strong>tagliatelles de carotte \u00e0 l\u2019ail, piment et parmesan<\/strong><\/a>, je suis toujours \u00e9tonn\u00e9 de voir que la carotte est si savoureuse avec du fromage. Et si vous avez encore besoin de plus, essayez la <a href=\"http:\/\/jesuisuncuisinier.fr\/fr\/2010\/10\/salade-japonaise-de-carottes-au-thon.html\"><strong>salade de carottes au thon<\/strong><\/a>, une recette que j\u2019ai trouv\u00e9e dans un livre de cuisine japonaise, avec des ingr\u00e9dients tout \u00e0 fait accessibles. Toutes ces recettes sont des options id\u00e9ales pour une entr\u00e9e l\u00e9g\u00e8re.<\/li>\n<\/ul>\n<p><\/div><\/div> <!-- \/# hints --><\/div><div class=\"cleaner\" style=\"padding-bottom: 10px;\">&nbsp;<\/div><\/div><!-- \/ #recipe --> \n<\/p>\n<\/p>\n<h3>Maintenant, vous savez comment faire la salade de carottes \u00e0 la marocaine<\/h3>\n<p>Et enfin, saviez-vous que c\u2019est assez facile de faire pousser les carottes\u00a0? Oui, je sais, je vous ai mis une vid\u00e9o d\u2019un potager&#8230; Je regarde pas mal de ces vid\u00e9os&#8230; Je r\u00eave d\u2019avoir mon petit potager devant ma maison\u00a0!<br \/>\n<iframe loading=\"lazy\" style=\"position: absolute; width: 100%; height: 100%; left: 0;\" src=\"https:\/\/www.youtube.com\/embed\/qJ5yvOmGQuI?ecver=2\" width=\"640\" height=\"360\" frameborder=\"0\" allowfullscreen=\"allowfullscreen\"><\/iframe><\/p>\n<p>J\u2019esp\u00e8re que vous avez aim\u00e9 la recette. Si vous l\u2019essayez, laissez-moi un petit message ci-dessous pour me dire ce que vous pensez. Outre, si vous partagez avec moi une photo de votre salade, tant mieux. J\u2019adore !<\/p>\n<p>\u00c0 bient\u00f4t pour une nouvelle recette\u00a0!<\/p>\n<p>\n","protected":false},"excerpt":{"rendered":"<p>Comment faire la salade de carottes \u00e0 la marocaine. Recette facile. Une d\u00e9licieuse salade de carottes avec une combinaison de saveurs explosives.<\/p>\n","protected":false},"author":1,"featured_media":7929,"comment_status":"open","ping_status":"open","sticky":false,"template":"","format":"standard","meta":{"_yoast_wpseo_focuskw":"salade de carottes \u00e0 la marocaine","_yoast_wpseo_metadesc":"Comment faire la salade de carottes \u00e0 la marocaine. Recette facile. Une d\u00e9licieuse salade de carottes avec une combinaison de saveurs explosives.","footnotes":""},"categories":[845,236,20,849],"tags":[1094,1183],"class_list":["post-7923","post","type-post","status-publish","format-standard","has-post-thumbnail","hentry","category-legumes","category-cuisine-du-monde","category-recette","category-salades","tag-carottes","tag-cumin"],"yoast_head":"<!-- This site is optimized with the Yoast SEO plugin v27.5 - https:\/\/yoast.com\/product\/yoast-seo-wordpress\/ -->\n<title>Recette de salade de carottes \u00e0 la marocaine<\/title>\n<meta name=\"description\" content=\"Comment faire la salade de carottes \u00e0 la marocaine. Recette facile. Une d\u00e9licieuse salade de carottes avec une combinaison de saveurs explosives.\" \/>\n<meta name=\"robots\" content=\"index, follow, max-snippet:-1, max-image-preview:large, max-video-preview:-1\" \/>\n<link rel=\"canonical\" href=\"https:\/\/jesuisuncuisinier.fr\/fr\/salade-de-carottes-a-la-marocaine\/\" \/>\n<meta property=\"og:locale\" content=\"fr_FR\" \/>\n<meta property=\"og:type\" content=\"article\" \/>\n<meta property=\"og:title\" content=\"Recette de salade de carottes \u00e0 la marocaine\" \/>\n<meta property=\"og:description\" content=\"Comment faire la salade de carottes \u00e0 la marocaine. Recette facile. Une d\u00e9licieuse salade de carottes avec une combinaison de saveurs explosives.\" \/>\n<meta property=\"og:url\" content=\"https:\/\/jesuisuncuisinier.fr\/fr\/salade-de-carottes-a-la-marocaine\/\" \/>\n<meta property=\"og:site_name\" content=\"Je suis un cuisinier - Recettes faciles\" \/>\n<meta property=\"article:published_time\" content=\"2017-02-28T12:03:28+00:00\" \/>\n<meta property=\"og:image\" content=\"https:\/\/jesuisuncuisinier.fr\/wp-content\/uploads\/2017\/02\/salade-de-carottes-a-la-marocaine.jpg\" \/>\n\t<meta property=\"og:image:width\" content=\"640\" \/>\n\t<meta property=\"og:image:height\" content=\"427\" \/>\n\t<meta property=\"og:image:type\" content=\"image\/jpeg\" \/>\n<meta name=\"author\" content=\"Dami\u00e1n\" \/>\n<meta name=\"twitter:card\" content=\"summary_large_image\" \/>\n<meta name=\"twitter:creator\" content=\"@unptitcuisinier\" \/>\n<meta name=\"twitter:site\" content=\"@unptitcuisinier\" \/>\n<meta name=\"twitter:label1\" content=\"\u00c9crit par\" \/>\n\t<meta name=\"twitter:data1\" content=\"Dami\u00e1n\" \/>\n\t<meta name=\"twitter:label2\" content=\"Dur\u00e9e de lecture estim\u00e9e\" \/>\n\t<meta name=\"twitter:data2\" content=\"4 minutes\" \/>\n<script type=\"application\/ld+json\" class=\"yoast-schema-graph\">{\"@context\":\"https:\\\/\\\/schema.org\",\"@graph\":[{\"@type\":\"Article\",\"@id\":\"https:\\\/\\\/jesuisuncuisinier.fr\\\/fr\\\/salade-de-carottes-a-la-marocaine\\\/#article\",\"isPartOf\":{\"@id\":\"https:\\\/\\\/jesuisuncuisinier.fr\\\/fr\\\/salade-de-carottes-a-la-marocaine\\\/\"},\"author\":{\"name\":\"Dami\u00e1n\",\"@id\":\"https:\\\/\\\/jesuisuncuisinier.fr\\\/fr\\\/#\\\/schema\\\/person\\\/c2da7696f2784cce34698e48f989cb2a\"},\"headline\":\"Recette de salade de carottes \u00e0 la marocaine\",\"datePublished\":\"2017-02-28T12:03:28+00:00\",\"mainEntityOfPage\":{\"@id\":\"https:\\\/\\\/jesuisuncuisinier.fr\\\/fr\\\/salade-de-carottes-a-la-marocaine\\\/\"},\"wordCount\":730,\"commentCount\":0,\"publisher\":{\"@id\":\"https:\\\/\\\/jesuisuncuisinier.fr\\\/fr\\\/#\\\/schema\\\/person\\\/04d97b7b1ae2f60e14cd96fc10a341aa\"},\"image\":{\"@id\":\"https:\\\/\\\/jesuisuncuisinier.fr\\\/fr\\\/salade-de-carottes-a-la-marocaine\\\/#primaryimage\"},\"thumbnailUrl\":\"https:\\\/\\\/jesuisuncuisinier.fr\\\/wp-content\\\/uploads\\\/2017\\\/02\\\/salade-de-carottes-a-la-marocaine.jpg\",\"keywords\":[\"carottes\",\"cumin\"],\"articleSection\":[\"L\u00e9gumes\",\"Cuisine du monde\",\"recette\",\"Salades\"],\"inLanguage\":\"fr-FR\",\"potentialAction\":[{\"@type\":\"CommentAction\",\"name\":\"Comment\",\"target\":[\"https:\\\/\\\/jesuisuncuisinier.fr\\\/fr\\\/salade-de-carottes-a-la-marocaine\\\/#respond\"]}]},{\"@type\":\"WebPage\",\"@id\":\"https:\\\/\\\/jesuisuncuisinier.fr\\\/fr\\\/salade-de-carottes-a-la-marocaine\\\/\",\"url\":\"https:\\\/\\\/jesuisuncuisinier.fr\\\/fr\\\/salade-de-carottes-a-la-marocaine\\\/\",\"name\":\"Recette de salade de carottes \u00e0 la marocaine\",\"isPartOf\":{\"@id\":\"https:\\\/\\\/jesuisuncuisinier.fr\\\/fr\\\/#website\"},\"primaryImageOfPage\":{\"@id\":\"https:\\\/\\\/jesuisuncuisinier.fr\\\/fr\\\/salade-de-carottes-a-la-marocaine\\\/#primaryimage\"},\"image\":{\"@id\":\"https:\\\/\\\/jesuisuncuisinier.fr\\\/fr\\\/salade-de-carottes-a-la-marocaine\\\/#primaryimage\"},\"thumbnailUrl\":\"https:\\\/\\\/jesuisuncuisinier.fr\\\/wp-content\\\/uploads\\\/2017\\\/02\\\/salade-de-carottes-a-la-marocaine.jpg\",\"datePublished\":\"2017-02-28T12:03:28+00:00\",\"description\":\"Comment faire la salade de carottes \u00e0 la marocaine. Recette facile. Une d\u00e9licieuse salade de carottes avec une combinaison de saveurs explosives.\",\"breadcrumb\":{\"@id\":\"https:\\\/\\\/jesuisuncuisinier.fr\\\/fr\\\/salade-de-carottes-a-la-marocaine\\\/#breadcrumb\"},\"inLanguage\":\"fr-FR\",\"potentialAction\":[{\"@type\":\"ReadAction\",\"target\":[\"https:\\\/\\\/jesuisuncuisinier.fr\\\/fr\\\/salade-de-carottes-a-la-marocaine\\\/\"]}]},{\"@type\":\"ImageObject\",\"inLanguage\":\"fr-FR\",\"@id\":\"https:\\\/\\\/jesuisuncuisinier.fr\\\/fr\\\/salade-de-carottes-a-la-marocaine\\\/#primaryimage\",\"url\":\"https:\\\/\\\/jesuisuncuisinier.fr\\\/wp-content\\\/uploads\\\/2017\\\/02\\\/salade-de-carottes-a-la-marocaine.jpg\",\"contentUrl\":\"https:\\\/\\\/jesuisuncuisinier.fr\\\/wp-content\\\/uploads\\\/2017\\\/02\\\/salade-de-carottes-a-la-marocaine.jpg\",\"width\":640,\"height\":427,\"caption\":\"Salade de carottes \u00e0 la marocaine\"},{\"@type\":\"BreadcrumbList\",\"@id\":\"https:\\\/\\\/jesuisuncuisinier.fr\\\/fr\\\/salade-de-carottes-a-la-marocaine\\\/#breadcrumb\",\"itemListElement\":[{\"@type\":\"ListItem\",\"position\":1,\"name\":\"Portada\",\"item\":\"https:\\\/\\\/jesuisuncuisinier.fr\\\/fr\\\/\"},{\"@type\":\"ListItem\",\"position\":2,\"name\":\"Recette de salade de carottes \u00e0 la marocaine\"}]},{\"@type\":\"WebSite\",\"@id\":\"https:\\\/\\\/jesuisuncuisinier.fr\\\/fr\\\/#website\",\"url\":\"https:\\\/\\\/jesuisuncuisinier.fr\\\/fr\\\/\",\"name\":\"Je suis un cuisinier - Recettes faciles\",\"description\":\"Recettes de cuisine faciles pour tous les jours. Cuisine fran\u00e7aise, espagnole et d&#039;ailleurs.\",\"publisher\":{\"@id\":\"https:\\\/\\\/jesuisuncuisinier.fr\\\/fr\\\/#\\\/schema\\\/person\\\/04d97b7b1ae2f60e14cd96fc10a341aa\"},\"potentialAction\":[{\"@type\":\"SearchAction\",\"target\":{\"@type\":\"EntryPoint\",\"urlTemplate\":\"https:\\\/\\\/jesuisuncuisinier.fr\\\/fr\\\/?s={search_term_string}\"},\"query-input\":{\"@type\":\"PropertyValueSpecification\",\"valueRequired\":true,\"valueName\":\"search_term_string\"}}],\"inLanguage\":\"fr-FR\"},{\"@type\":[\"Person\",\"Organization\"],\"@id\":\"https:\\\/\\\/jesuisuncuisinier.fr\\\/fr\\\/#\\\/schema\\\/person\\\/04d97b7b1ae2f60e14cd96fc10a341aa\",\"name\":\"Dami\u00e1n Serrano\",\"image\":{\"@type\":\"ImageObject\",\"inLanguage\":\"fr-FR\",\"@id\":\"https:\\\/\\\/jesuisuncuisinier.fr\\\/wp-content\\\/uploads\\\/2019\\\/11\\\/avatar.jpg\",\"url\":\"https:\\\/\\\/jesuisuncuisinier.fr\\\/wp-content\\\/uploads\\\/2019\\\/11\\\/avatar.jpg\",\"contentUrl\":\"https:\\\/\\\/jesuisuncuisinier.fr\\\/wp-content\\\/uploads\\\/2019\\\/11\\\/avatar.jpg\",\"width\":200,\"height\":200,\"caption\":\"Dami\u00e1n Serrano\"},\"logo\":{\"@id\":\"https:\\\/\\\/jesuisuncuisinier.fr\\\/wp-content\\\/uploads\\\/2019\\\/11\\\/avatar.jpg\"}},{\"@type\":\"Person\",\"@id\":\"https:\\\/\\\/jesuisuncuisinier.fr\\\/fr\\\/#\\\/schema\\\/person\\\/c2da7696f2784cce34698e48f989cb2a\",\"name\":\"Dami\u00e1n\",\"sameAs\":[\"http:\\\/\\\/jesuisuncuisinier.fr\",\"https:\\\/\\\/x.com\\\/unptitcuisinier\"]}]}<\/script>\n<!-- \/ Yoast SEO plugin. -->","yoast_head_json":{"title":"Recette de salade de carottes \u00e0 la marocaine","description":"Comment faire la salade de carottes \u00e0 la marocaine. Recette facile. Une d\u00e9licieuse salade de carottes avec une combinaison de saveurs explosives.","robots":{"index":"index","follow":"follow","max-snippet":"max-snippet:-1","max-image-preview":"max-image-preview:large","max-video-preview":"max-video-preview:-1"},"canonical":"https:\/\/jesuisuncuisinier.fr\/fr\/salade-de-carottes-a-la-marocaine\/","og_locale":"fr_FR","og_type":"article","og_title":"Recette de salade de carottes \u00e0 la marocaine","og_description":"Comment faire la salade de carottes \u00e0 la marocaine. Recette facile. Une d\u00e9licieuse salade de carottes avec une combinaison de saveurs explosives.","og_url":"https:\/\/jesuisuncuisinier.fr\/fr\/salade-de-carottes-a-la-marocaine\/","og_site_name":"Je suis un cuisinier - Recettes faciles","article_published_time":"2017-02-28T12:03:28+00:00","og_image":[{"width":640,"height":427,"url":"https:\/\/jesuisuncuisinier.fr\/wp-content\/uploads\/2017\/02\/salade-de-carottes-a-la-marocaine.jpg","type":"image\/jpeg"}],"author":"Dami\u00e1n","twitter_card":"summary_large_image","twitter_creator":"@unptitcuisinier","twitter_site":"@unptitcuisinier","twitter_misc":{"\u00c9crit par":"Dami\u00e1n","Dur\u00e9e de lecture estim\u00e9e":"4 minutes"},"schema":{"@context":"https:\/\/schema.org","@graph":[{"@type":"Article","@id":"https:\/\/jesuisuncuisinier.fr\/fr\/salade-de-carottes-a-la-marocaine\/#article","isPartOf":{"@id":"https:\/\/jesuisuncuisinier.fr\/fr\/salade-de-carottes-a-la-marocaine\/"},"author":{"name":"Dami\u00e1n","@id":"https:\/\/jesuisuncuisinier.fr\/fr\/#\/schema\/person\/c2da7696f2784cce34698e48f989cb2a"},"headline":"Recette de salade de carottes \u00e0 la marocaine","datePublished":"2017-02-28T12:03:28+00:00","mainEntityOfPage":{"@id":"https:\/\/jesuisuncuisinier.fr\/fr\/salade-de-carottes-a-la-marocaine\/"},"wordCount":730,"commentCount":0,"publisher":{"@id":"https:\/\/jesuisuncuisinier.fr\/fr\/#\/schema\/person\/04d97b7b1ae2f60e14cd96fc10a341aa"},"image":{"@id":"https:\/\/jesuisuncuisinier.fr\/fr\/salade-de-carottes-a-la-marocaine\/#primaryimage"},"thumbnailUrl":"https:\/\/jesuisuncuisinier.fr\/wp-content\/uploads\/2017\/02\/salade-de-carottes-a-la-marocaine.jpg","keywords":["carottes","cumin"],"articleSection":["L\u00e9gumes","Cuisine du monde","recette","Salades"],"inLanguage":"fr-FR","potentialAction":[{"@type":"CommentAction","name":"Comment","target":["https:\/\/jesuisuncuisinier.fr\/fr\/salade-de-carottes-a-la-marocaine\/#respond"]}]},{"@type":"WebPage","@id":"https:\/\/jesuisuncuisinier.fr\/fr\/salade-de-carottes-a-la-marocaine\/","url":"https:\/\/jesuisuncuisinier.fr\/fr\/salade-de-carottes-a-la-marocaine\/","name":"Recette de salade de carottes \u00e0 la marocaine","isPartOf":{"@id":"https:\/\/jesuisuncuisinier.fr\/fr\/#website"},"primaryImageOfPage":{"@id":"https:\/\/jesuisuncuisinier.fr\/fr\/salade-de-carottes-a-la-marocaine\/#primaryimage"},"image":{"@id":"https:\/\/jesuisuncuisinier.fr\/fr\/salade-de-carottes-a-la-marocaine\/#primaryimage"},"thumbnailUrl":"https:\/\/jesuisuncuisinier.fr\/wp-content\/uploads\/2017\/02\/salade-de-carottes-a-la-marocaine.jpg","datePublished":"2017-02-28T12:03:28+00:00","description":"Comment faire la salade de carottes \u00e0 la marocaine. Recette facile. Une d\u00e9licieuse salade de carottes avec une combinaison de saveurs explosives.","breadcrumb":{"@id":"https:\/\/jesuisuncuisinier.fr\/fr\/salade-de-carottes-a-la-marocaine\/#breadcrumb"},"inLanguage":"fr-FR","potentialAction":[{"@type":"ReadAction","target":["https:\/\/jesuisuncuisinier.fr\/fr\/salade-de-carottes-a-la-marocaine\/"]}]},{"@type":"ImageObject","inLanguage":"fr-FR","@id":"https:\/\/jesuisuncuisinier.fr\/fr\/salade-de-carottes-a-la-marocaine\/#primaryimage","url":"https:\/\/jesuisuncuisinier.fr\/wp-content\/uploads\/2017\/02\/salade-de-carottes-a-la-marocaine.jpg","contentUrl":"https:\/\/jesuisuncuisinier.fr\/wp-content\/uploads\/2017\/02\/salade-de-carottes-a-la-marocaine.jpg","width":640,"height":427,"caption":"Salade de carottes \u00e0 la marocaine"},{"@type":"BreadcrumbList","@id":"https:\/\/jesuisuncuisinier.fr\/fr\/salade-de-carottes-a-la-marocaine\/#breadcrumb","itemListElement":[{"@type":"ListItem","position":1,"name":"Portada","item":"https:\/\/jesuisuncuisinier.fr\/fr\/"},{"@type":"ListItem","position":2,"name":"Recette de salade de carottes \u00e0 la marocaine"}]},{"@type":"WebSite","@id":"https:\/\/jesuisuncuisinier.fr\/fr\/#website","url":"https:\/\/jesuisuncuisinier.fr\/fr\/","name":"Je suis un cuisinier - Recettes faciles","description":"Recettes de cuisine faciles pour tous les jours. Cuisine fran\u00e7aise, espagnole et d&#039;ailleurs.","publisher":{"@id":"https:\/\/jesuisuncuisinier.fr\/fr\/#\/schema\/person\/04d97b7b1ae2f60e14cd96fc10a341aa"},"potentialAction":[{"@type":"SearchAction","target":{"@type":"EntryPoint","urlTemplate":"https:\/\/jesuisuncuisinier.fr\/fr\/?s={search_term_string}"},"query-input":{"@type":"PropertyValueSpecification","valueRequired":true,"valueName":"search_term_string"}}],"inLanguage":"fr-FR"},{"@type":["Person","Organization"],"@id":"https:\/\/jesuisuncuisinier.fr\/fr\/#\/schema\/person\/04d97b7b1ae2f60e14cd96fc10a341aa","name":"Dami\u00e1n Serrano","image":{"@type":"ImageObject","inLanguage":"fr-FR","@id":"https:\/\/jesuisuncuisinier.fr\/wp-content\/uploads\/2019\/11\/avatar.jpg","url":"https:\/\/jesuisuncuisinier.fr\/wp-content\/uploads\/2019\/11\/avatar.jpg","contentUrl":"https:\/\/jesuisuncuisinier.fr\/wp-content\/uploads\/2019\/11\/avatar.jpg","width":200,"height":200,"caption":"Dami\u00e1n Serrano"},"logo":{"@id":"https:\/\/jesuisuncuisinier.fr\/wp-content\/uploads\/2019\/11\/avatar.jpg"}},{"@type":"Person","@id":"https:\/\/jesuisuncuisinier.fr\/fr\/#\/schema\/person\/c2da7696f2784cce34698e48f989cb2a","name":"Dami\u00e1n","sameAs":["http:\/\/jesuisuncuisinier.fr","https:\/\/x.com\/unptitcuisinier"]}]}},"amp_enabled":true,"_links":{"self":[{"href":"https:\/\/jesuisuncuisinier.fr\/fr\/wp-json\/wp\/v2\/posts\/7923","targetHints":{"allow":["GET"]}}],"collection":[{"href":"https:\/\/jesuisuncuisinier.fr\/fr\/wp-json\/wp\/v2\/posts"}],"about":[{"href":"https:\/\/jesuisuncuisinier.fr\/fr\/wp-json\/wp\/v2\/types\/post"}],"author":[{"embeddable":true,"href":"https:\/\/jesuisuncuisinier.fr\/fr\/wp-json\/wp\/v2\/users\/1"}],"replies":[{"embeddable":true,"href":"https:\/\/jesuisuncuisinier.fr\/fr\/wp-json\/wp\/v2\/comments?post=7923"}],"version-history":[{"count":0,"href":"https:\/\/jesuisuncuisinier.fr\/fr\/wp-json\/wp\/v2\/posts\/7923\/revisions"}],"wp:featuredmedia":[{"embeddable":true,"href":"https:\/\/jesuisuncuisinier.fr\/fr\/wp-json\/wp\/v2\/media\/7929"}],"wp:attachment":[{"href":"https:\/\/jesuisuncuisinier.fr\/fr\/wp-json\/wp\/v2\/media?parent=7923"}],"wp:term":[{"taxonomy":"category","embeddable":true,"href":"https:\/\/jesuisuncuisinier.fr\/fr\/wp-json\/wp\/v2\/categories?post=7923"},{"taxonomy":"post_tag","embeddable":true,"href":"https:\/\/jesuisuncuisinier.fr\/fr\/wp-json\/wp\/v2\/tags?post=7923"}],"curies":[{"name":"wp","href":"https:\/\/api.w.org\/{rel}","templated":true}]}}