{"id":6844,"date":"2016-10-05T18:20:24","date_gmt":"2016-10-05T16:20:24","guid":{"rendered":"http:\/\/jesuisunpetitcuisinier.fr\/fr\/?p=6844"},"modified":"2016-10-05T18:22:58","modified_gmt":"2016-10-05T16:22:58","slug":"pates-aux-courgettes-et-tomates-sechees","status":"publish","type":"post","link":"https:\/\/jesuisuncuisinier.fr\/fr\/pates-aux-courgettes-et-tomates-sechees\/","title":{"rendered":"Recette de p\u00e2tes aux courgettes et tomates s\u00e9ch\u00e9es"},"content":{"rendered":"<p>Les plats de p\u00e2tes sont toujours un <strong>succ\u00e8s<\/strong>. Ce n\u2019est-ce pas vrai ? Depuis des recettes \u00e9labor\u00e9es \u00e0 des recettes faciles et simples \u00e0 faire. Pour cette derni\u00e8re c\u2019est le cas des <strong>p\u00e2tes aux courgettes et tomates s\u00e9ch\u00e9es<\/strong>. Si vous \u00eates amateur de courgettes, cette recette est \u00e0 tester. Je peux vous dire que vous n\u2019allez pas \u00eatre d\u00e9\u00e7us par la combinaison des saveurs. N\u2019oubliez pas qu\u2019\u00e0 table vous pouvez saupoudrer g\u00e9n\u00e9reusement de Parmesan r\u00e2p\u00e9 pour r\u00e9galer encore plus vos papilles.<\/p>\n<p><img loading=\"lazy\" decoding=\"async\" class=\"aligncenter size-full wp-image-6846\" src=\"http:\/\/jesuisuncuisinier.fr\/fr\/wp-content\/uploads\/2016\/10\/pates_aux_courgettes_et_tomates_sechees_ingredients.jpg\" alt=\"P\u00e2tes aux courgettes et tomates s\u00e9ch\u00e9es (ingr\u00e9dients)\" width=\"640\" height=\"427\" srcset=\"https:\/\/jesuisuncuisinier.fr\/wp-content\/uploads\/2016\/10\/pates_aux_courgettes_et_tomates_sechees_ingredients.jpg 640w, https:\/\/jesuisuncuisinier.fr\/wp-content\/uploads\/2016\/10\/pates_aux_courgettes_et_tomates_sechees_ingredients-320x213.jpg 320w, https:\/\/jesuisuncuisinier.fr\/wp-content\/uploads\/2016\/10\/pates_aux_courgettes_et_tomates_sechees_ingredients-300x200.jpg 300w\" sizes=\"auto, (max-width: 640px) 100vw, 640px\" \/><\/p>\n<p>Voulez-vous savoir comment pr\u00e9parer des <strong>p\u00e2tes aux courgettes et tomates s\u00e9ch\u00e9es<\/strong> ? Voici la recette. C\u2019est parti !<\/p>\n<p><ins class=\"adsbygoogle\"style=\"display:block\"data-ad-client=\"ca-pub-7750789452383743\"data-ad-slot=\"4190110340\"data-ad-format=\"auto\"data-full-width-responsive=\"true\"><\/ins><script>(adsbygoogle = window.adsbygoogle || []).push({});<\/script> <amp-ad width=\"100vw\" height=320 type=\"adsense\" data-ad-client=\"ca-pub-7750789452383743\" data-ad-slot=\"4190110340\" data-auto-format=\"rspv\" data-full-width><div overflow><\/div><\/amp-ad><div class=\"cleaner\" style=\"margin: 10px\"><\/div><div itemscope itemtype=\"http:\/\/schema.org\/Recipe\">\n<div align=\"justify\" style=\"border-style:solid; border-width: 1px;padding: 10px 10px 10px 10px;\">\n<img loading=\"lazy\" decoding=\"async\" width=\"128\" height=\"85\" src=\"https:\/\/jesuisuncuisinier.fr\/wp-content\/uploads\/2016\/10\/pates_aux_courgettes_et_tomates_sechees.jpg\" class=\"attachment-thumbnail size-thumbnail wp-post-image\" alt=\"P\u00e2tes aux courgettes et tomates s\u00e9ch\u00e9es\" style=\"float:left; padding: 10px 10px 10px 10px\" srcset=\"https:\/\/jesuisuncuisinier.fr\/wp-content\/uploads\/2016\/10\/pates_aux_courgettes_et_tomates_sechees.jpg 640w, https:\/\/jesuisuncuisinier.fr\/wp-content\/uploads\/2016\/10\/pates_aux_courgettes_et_tomates_sechees-320x213.jpg 320w, https:\/\/jesuisuncuisinier.fr\/wp-content\/uploads\/2016\/10\/pates_aux_courgettes_et_tomates_sechees-300x200.jpg 300w\" sizes=\"auto, (max-width: 128px) 100vw, 128px\" \/>\n<div itemprop=\"image\" itemscope itemtype=\"https:\/\/schema.org\/ImageObject\">\t\n<meta itemprop=\"url\" content=\"https:\/\/jesuisuncuisinier.fr\/wp-content\/uploads\/2016\/10\/pates_aux_courgettes_et_tomates_sechees.jpg\">\n<meta itemprop=\"width\" content=\"140\">\n<meta itemprop=\"height\" content=\"85\">\n<\/div>\n<a href=\"https:\/\/jesuisuncuisinier.fr\/fr\/pates-aux-courgettes-et-tomates-sechees\/print\/\" rel=\"nofollow\" title=\"Imprimer\"><img decoding=\"async\" src=\"https:\/\/jesuisuncuisinier.fr\/wp-content\/plugins\/wp-print\/images\/printer_famfamfam.gif\" align=\"right\" alt=\"Imprimir\"><\/a>\n<h2 itemprop=\"name\" style=\"padding: 10px 10px 0px 10px\">Recette de p\u00e2tes aux courgettes et tomates s\u00e9ch\u00e9es<\/h2>\n<span id=\"post-ratings-6844\" class=\"post-ratings\" data-nonce=\"412046af20\"><div align=\"center\">Votez pour cette !<\/div>\r\n<div align=\"center\"><img decoding=\"async\" id=\"rating_6844_1\" src=\"https:\/\/jesuisuncuisinier.fr\/wp-content\/plugins\/wp-postratings\/images\/stars_crystal\/rating_on.gif\" alt=\"1 Star\" title=\"1 Star\" onmouseover=\"current_rating(6844, 1, '1 Star');\" onmouseout=\"ratings_off(3.1, 0, 0);\" onclick=\"rate_post();\" onkeypress=\"rate_post();\" style=\"cursor: pointer; border: 0px;\" \/><img decoding=\"async\" id=\"rating_6844_2\" src=\"https:\/\/jesuisuncuisinier.fr\/wp-content\/plugins\/wp-postratings\/images\/stars_crystal\/rating_on.gif\" alt=\"2 Stars\" title=\"2 Stars\" onmouseover=\"current_rating(6844, 2, '2 Stars');\" onmouseout=\"ratings_off(3.1, 0, 0);\" onclick=\"rate_post();\" onkeypress=\"rate_post();\" style=\"cursor: pointer; border: 0px;\" \/><img decoding=\"async\" id=\"rating_6844_3\" src=\"https:\/\/jesuisuncuisinier.fr\/wp-content\/plugins\/wp-postratings\/images\/stars_crystal\/rating_on.gif\" alt=\"3 Stars\" title=\"3 Stars\" onmouseover=\"current_rating(6844, 3, '3 Stars');\" onmouseout=\"ratings_off(3.1, 0, 0);\" onclick=\"rate_post();\" onkeypress=\"rate_post();\" style=\"cursor: pointer; border: 0px;\" \/><img decoding=\"async\" id=\"rating_6844_4\" src=\"https:\/\/jesuisuncuisinier.fr\/wp-content\/plugins\/wp-postratings\/images\/stars_crystal\/rating_off.gif\" alt=\"4 Stars\" title=\"4 Stars\" onmouseover=\"current_rating(6844, 4, '4 Stars');\" onmouseout=\"ratings_off(3.1, 0, 0);\" onclick=\"rate_post();\" onkeypress=\"rate_post();\" style=\"cursor: pointer; border: 0px;\" \/><img decoding=\"async\" id=\"rating_6844_5\" src=\"https:\/\/jesuisuncuisinier.fr\/wp-content\/plugins\/wp-postratings\/images\/stars_crystal\/rating_off.gif\" alt=\"5 Stars\" title=\"5 Stars\" onmouseover=\"current_rating(6844, 5, '5 Stars');\" onmouseout=\"ratings_off(3.1, 0, 0);\" onclick=\"rate_post();\" onkeypress=\"rate_post();\" style=\"cursor: pointer; border: 0px;\" \/><\/div>\r\n<div align=\"center\">Note: 3,07 \/ 5. Votes: 14<\/div><\/span><span id=\"post-ratings-6844-loading\" class=\"post-ratings-loading\"><img loading=\"lazy\" decoding=\"async\" src=\"https:\/\/jesuisuncuisinier.fr\/wp-content\/plugins\/wp-postratings\/images\/loading.gif\" width=\"16\" height=\"16\" class=\"post-ratings-image\" \/>Loading...<\/span><div><\/br><span itemprop=\"author\" itemscope itemtype=\"http:\/\/schema.org\/Person\">   <span itemprop=\"name\" content=\"Damian Serrano\"><\/span> <\/span>\n<b>Personnes:<\/b> <span itemprop=\"recipeYield\">4<\/span>   <b>Temps:<\/b> <time itemprop=\"totalTime\" datetime=PT35M>35 m<\/time>   <b>Difficult\u00e9:<\/b> Facile<\/div><div class=\"cleaner\" style=\"margin: 10px\"><\/div><time itemprop=\"dateModified\" datetime=\"2016-10-05\"><\/time> \n<span itemprop=\"description\" content=\"Comment pr\u00e9parer des p\u00e2tes aux courgettes et tomates s\u00e9ch\u00e9es. Recette faciles. Ce plat de p\u00e2tes est toujours un succ\u00e8s chez moi. N'h\u00e9sitez pas \u00e0 le tester.\" ><\/span>\n<span itemprop=\"recipeCuisine\" content=\"Unknown\" ><\/span>\n<span itemprop=\"recipeCategory\" content=\"Unknown\" ><\/span>\n<span itemprop=\"keywords\" content=\"Unknown\" ><\/span>\n<div class=\"note-wrapper\"><div class=\"note-top\"><\/div><div class=\"note-content\"><h3 style=\"padding-left: 10px; margin-bottom: 10px;\">Ingr\u00e9dients<\/h3>\n<ul>\n<li itemprop=\"recipeIngredient\">400 g de p\u00e2tes (fusillis)<\/li>\n<li itemprop=\"recipeIngredient\">300 g de courgette<\/li>\n<li itemprop=\"recipeIngredient\">6 tomates s\u00e9ch\u00e9es \u00e0 l\u2019huile d\u2019olive<\/li>\n<li itemprop=\"recipeIngredient\">2 gousses d\u2019ail<\/li>\n<li itemprop=\"recipeIngredient\">1 piment de Cayenne ou piment rouge (facultatif)<\/li>\n<li itemprop=\"recipeIngredient\">Quelques feuilles de basilic<\/li>\n<li itemprop=\"recipeIngredient\">2 \u00e0 3 cuiller\u00e9es \u00e0 soupe d\u2019huile d\u2019olive<\/li>\n<li itemprop=\"recipeIngredient\">Du Parmesan r\u00e2p\u00e9 pour saupoudrer<\/li>\n<li itemprop=\"recipeIngredient\">Sel et poivre noir du moulin<\/li>\n<\/ul>\n<br \/><\/div><div class=\"note-bottom\"><\/div>\n<\/div> <!-- \/ #ingredients -->\n<div align=\"justify\" class=\"directions-wrapper\"><h3>\u00c9laboration<\/h3><div class=\"directions-content instructions\" >\n<\/p>\n<ol>\n<li itemprop=\"recipeInstructions\">Bien laver la courgette, enlever les extr\u00e9mit\u00e9s et la couper en petits carr\u00e9s.<\/li>\n<li itemprop=\"recipeInstructions\">\u00c9goutter les tomates s\u00e9ch\u00e9es et les couper \u00e9galement en petits carr\u00e9s.<\/li>\n<li itemprop=\"recipeInstructions\">\u00c9plucher les gousses d\u2019ail, les fendre en deux sur la longueur et \u00e9ventuellement enlever le germe. Les tailler en fines lamelles.<\/li>\n<li itemprop=\"recipeInstructions\">Laver les feuilles de basilic, les s\u00e9cher et les hacher au couteau.<\/li>\n<li itemprop=\"recipeInstructions\">Dans une po\u00eale \u00e0 feu moyen, faire chauffer l\u2019huile d\u2019olive avec le piment de Cayenne cass\u00e9 en deux.<\/li>\n<li itemprop=\"recipeInstructions\">D\u00e8s que l\u2019huile est chaude, ajouter la courgette et faire sauter pendant 10 minutes environ jusqu\u2019\u00e0 ce qu\u2019elle soit tendre. Remuer de temps en temps pour une cuisson uniforme.<\/li>\n<li itemprop=\"recipeInstructions\">Ensuite, ajouter l\u2019ail, bien m\u00e9langer et le faire revenir de 2 \u00e0 3 minutes.<\/li>\n<li itemprop=\"recipeInstructions\">Finalement, incorporer les tomates s\u00e9ch\u00e9es et le basilic.<\/li>\n<li itemprop=\"recipeInstructions\">Saler et poivrer selon votre go\u00fbt.<\/li>\n<li itemprop=\"recipeInstructions\">Bien m\u00e9langer et prolonger la cuisson de 2 \u00e0 3 minutes plus pour m\u00e9langer les saveurs. R\u00e9server.<\/li>\n<li itemprop=\"recipeInstructions\">Porter \u00e0 \u00e9bullition de 3 \u00e0 4 litres d\u2019eau.<\/li>\n<li itemprop=\"recipeInstructions\">D\u00e8s que l\u2019eau bout, ajouter 1 grosse cuiller\u00e9e de sel et d\u00e8s la reprise de l&rsquo;\u00e9bullition, les p\u00e2tes.<\/li>\n<li itemprop=\"recipeInstructions\">Remuer pour \u00e9viter qu\u2019elles collent entre elles et faire cuire le temps indiqu\u00e9 par le fabricant pour une cuisson \u00ab al dente \u00bb.<\/li>\n<li itemprop=\"recipeInstructions\">\u00c9goutter les p\u00e2tes et les m\u00e9langer avec la sauce courgette et tomates s\u00e9ch\u00e9es.<\/li>\n<li itemprop=\"recipeInstructions\">Et voil\u00e0, c\u2019est pr\u00eat ! Servir aussit\u00f4t. \u00c0 table, saupoudrer du Parmesan r\u00e2p\u00e9 si d\u00e9sir\u00e9. Bonne d\u00e9gustation !<\/li>\n<\/ol>\n<p><\/div><div class=\"cleaner\" style=\"padding-bottom: 10px;\">&nbsp;<\/div><\/div> <!-- \/# directions -->\n<script async src=\"https:\/\/pagead2.googlesyndication.com\/pagead\/js\/adsbygoogle.js\"><\/script><ins class=\"adsbygoogle\"style=\"display:block\"data-ad-client=\"ca-pub-7750789452383743\"data-ad-slot=\"3064891712\"data-ad-format=\"auto\"><\/ins><script async>(adsbygoogle = window.adsbygoogle || []).push({});<\/script> <amp-ad width=\"100vw\" height=320 type=\"adsense\" data-ad-client=\"ca-pub-7750789452383743\" data-ad-slot=\"1189241592\" data-auto-format=\"rspv\" data-full-width><div overflow><\/div><\/amp-ad><div align=\"justify\" class=\"hints-wrapper\" ><h3>Conseils et astuces<\/h3><div class=\"hints-content hints\"><\/p>\n<ul>\n<li>Ce plat de <strong>p\u00e2tes aux courgettes et tomates s\u00e9ch\u00e9e<\/strong>s peut se d\u00e9guster avec le fromage de votre choix \u00e0 la place du Parmesan r\u00e2p\u00e9.<\/li>\n<li>J\u2019ai l\u2019habitude de pr\u00e9parer ce plat avec des <strong>fusillis<\/strong> ou des <strong>farfalle<\/strong> (les papillons), car sa forme permet bien de recueillir les morceaux de courgette et tomates s\u00e9ch\u00e9es. Parfois on les a d\u00e9gust\u00e9s avec des <strong>tagliatelles de p\u00e2tes fra\u00eeches<\/strong>.<\/li>\n<li>Le piment est facultatif. \u00c9galement, l&rsquo;ail aussi si vous ne supportez pas.<\/li>\n<li>Toujours faire attention \u00e0 la cuisson des p\u00e2tes. Il vaut mieux avoir la sauce pr\u00eate \u00e0 l\u2019avance et la r\u00e9chauffer si n\u00e9cessaire pour consommer les p\u00e2tes d\u00e8s qu\u2019elles sont cuites. Si vous vous d\u00e9brouillez bien en cuisine, vous allez peut-\u00eatre pouvoir faire la sauce et la cuisson de p\u00e2tes en parall\u00e8le. Sinon, je vous recommande de le faire tel que d\u00e9crit sur la recette.<\/li>\n<li>Vous aimez les <a href=\"http:\/\/jesuisuncuisinier.fr\/fr\/tag\/pates\">p\u00e2tes <\/a>? Sur le blog vous trouverez quelques plats de p\u00e2tes simples comme les <strong><a href=\"http:\/\/jesuisuncuisinier.fr\/fr\/2010\/10\/spaghetti-a-l-ail-huile-et-piment.html\">spaghettis \u00e0 l\u2019ail, piment et huile d\u2019olive<\/a><\/strong> ou d\u2019autres recettes de p\u00e2tes originaux comme la <strong><a href=\"http:\/\/jesuisuncuisinier.fr\/fr\/2014\/08\/salade-de-pates-a-laubergine-grillee-tomates-et-feta.html\">salade de p\u00e2tes \u00e0 l&rsquo;aubergine grill\u00e9e, tomates et feta<\/a><\/strong> ou les <a href=\"http:\/\/jesuisuncuisinier.fr\/fr\/2011\/10\/tortellini-noir-au-saumon-et-ricotta.html\"><strong>tortellinis \u00e0 l\u2019encre de seiche farcis au saumon et ricotta<\/strong><\/a>. Je suis s\u00fbr que les amateurs de p\u00e2tes vont se r\u00e9galer !<\/li>\n<\/ul>\n<p><\/div><\/div> <!-- \/# hints --><\/div><div class=\"cleaner\" style=\"padding-bottom: 10px;\">&nbsp;<\/div><\/div><!-- \/ #recipe --> \n <\/p>\n<p>Maintenant, vous avez d\u00e9j\u00e0 appris <strong>comment faire des p\u00e2tes aux courgettes et tomates s\u00e9ch\u00e9es<\/strong>. Je vous encourage \u00e0 tester la recette, car \u00e0 la maison elles ont eu beaucoup de succ\u00e8s. N\u2019h\u00e9sitez pas \u00e0 me faire parvenir vos impressions sur ce plat, que ce soit avec un petit commentaire sur le blog ou les r\u00e9seaux sociaux. Et pourquoi pas <strong>une photo de votre cr\u00e9ation<\/strong> ? Je les aime bien !<\/p>\n<p>\u00c0 bient\u00f4t pour une nouvelle recette !<\/p>\n<p><\/p>\n","protected":false},"excerpt":{"rendered":"<p>Comment pr\u00e9parer des p\u00e2tes aux courgettes et tomates s\u00e9ch\u00e9es. Recette faciles. Ce plat de p\u00e2tes est toujours un succ\u00e8s chez moi. N&rsquo;h\u00e9sitez pas \u00e0 le tester.<\/p>\n","protected":false},"author":1,"featured_media":6845,"comment_status":"open","ping_status":"open","sticky":false,"template":"","format":"standard","meta":{"_yoast_wpseo_focuskw":"p\u00e2tes aux courgettes et tomates s\u00e9ch\u00e9es","_yoast_wpseo_metadesc":"Comment pr\u00e9parer des p\u00e2tes aux courgettes et tomates s\u00e9ch\u00e9es. Recette faciles. Ce plat de p\u00e2tes est toujours un succ\u00e8s chez moi. N'h\u00e9sitez pas \u00e0 le tester.","footnotes":""},"categories":[845,841,20],"tags":[23,1133,1134,1135],"class_list":["post-6844","post","type-post","status-publish","format-standard","has-post-thumbnail","hentry","category-legumes","category-riz-et-pates","category-recette","tag-pates","tag-fusillis","tag-courgette","tag-tomate-sechee"],"yoast_head":"<!-- This site is optimized with the Yoast SEO plugin v27.5 - https:\/\/yoast.com\/product\/yoast-seo-wordpress\/ -->\n<title>Recette de p\u00e2tes aux courgettes et tomates s\u00e9ch\u00e9es<\/title>\n<meta name=\"description\" content=\"Comment pr\u00e9parer des p\u00e2tes aux courgettes et tomates s\u00e9ch\u00e9es. Recette faciles. Ce plat de p\u00e2tes est toujours un succ\u00e8s chez moi. N&#039;h\u00e9sitez pas \u00e0 le tester.\" \/>\n<meta name=\"robots\" content=\"index, follow, max-snippet:-1, max-image-preview:large, max-video-preview:-1\" \/>\n<link rel=\"canonical\" href=\"https:\/\/jesuisuncuisinier.fr\/fr\/pates-aux-courgettes-et-tomates-sechees\/\" \/>\n<meta property=\"og:locale\" content=\"fr_FR\" \/>\n<meta property=\"og:type\" content=\"article\" \/>\n<meta property=\"og:title\" content=\"Recette de p\u00e2tes aux courgettes et tomates s\u00e9ch\u00e9es\" \/>\n<meta property=\"og:description\" content=\"Comment pr\u00e9parer des p\u00e2tes aux courgettes et tomates s\u00e9ch\u00e9es. Recette faciles. Ce plat de p\u00e2tes est toujours un succ\u00e8s chez moi. N&#039;h\u00e9sitez pas \u00e0 le tester.\" \/>\n<meta property=\"og:url\" content=\"https:\/\/jesuisuncuisinier.fr\/fr\/pates-aux-courgettes-et-tomates-sechees\/\" \/>\n<meta property=\"og:site_name\" content=\"Je suis un cuisinier - Recettes faciles\" \/>\n<meta property=\"article:published_time\" content=\"2016-10-05T16:20:24+00:00\" \/>\n<meta property=\"article:modified_time\" content=\"2016-10-05T16:22:58+00:00\" \/>\n<meta property=\"og:image\" content=\"https:\/\/jesuisuncuisinier.fr\/wp-content\/uploads\/2016\/10\/pates_aux_courgettes_et_tomates_sechees.jpg\" \/>\n\t<meta property=\"og:image:width\" content=\"640\" \/>\n\t<meta property=\"og:image:height\" content=\"427\" \/>\n\t<meta property=\"og:image:type\" content=\"image\/jpeg\" \/>\n<meta name=\"author\" content=\"Dami\u00e1n\" \/>\n<meta name=\"twitter:card\" content=\"summary_large_image\" \/>\n<meta name=\"twitter:creator\" content=\"@unptitcuisinier\" \/>\n<meta name=\"twitter:site\" content=\"@unptitcuisinier\" \/>\n<meta name=\"twitter:label1\" content=\"\u00c9crit par\" \/>\n\t<meta name=\"twitter:data1\" content=\"Dami\u00e1n\" \/>\n\t<meta name=\"twitter:label2\" content=\"Dur\u00e9e de lecture estim\u00e9e\" \/>\n\t<meta name=\"twitter:data2\" content=\"4 minutes\" \/>\n<script type=\"application\/ld+json\" class=\"yoast-schema-graph\">{\"@context\":\"https:\\\/\\\/schema.org\",\"@graph\":[{\"@type\":\"Article\",\"@id\":\"https:\\\/\\\/jesuisuncuisinier.fr\\\/fr\\\/pates-aux-courgettes-et-tomates-sechees\\\/#article\",\"isPartOf\":{\"@id\":\"https:\\\/\\\/jesuisuncuisinier.fr\\\/fr\\\/pates-aux-courgettes-et-tomates-sechees\\\/\"},\"author\":{\"name\":\"Dami\u00e1n\",\"@id\":\"https:\\\/\\\/jesuisuncuisinier.fr\\\/fr\\\/#\\\/schema\\\/person\\\/c2da7696f2784cce34698e48f989cb2a\"},\"headline\":\"Recette de p\u00e2tes aux courgettes et tomates s\u00e9ch\u00e9es\",\"datePublished\":\"2016-10-05T16:20:24+00:00\",\"dateModified\":\"2016-10-05T16:22:58+00:00\",\"mainEntityOfPage\":{\"@id\":\"https:\\\/\\\/jesuisuncuisinier.fr\\\/fr\\\/pates-aux-courgettes-et-tomates-sechees\\\/\"},\"wordCount\":761,\"commentCount\":0,\"publisher\":{\"@id\":\"https:\\\/\\\/jesuisuncuisinier.fr\\\/fr\\\/#\\\/schema\\\/person\\\/04d97b7b1ae2f60e14cd96fc10a341aa\"},\"image\":{\"@id\":\"https:\\\/\\\/jesuisuncuisinier.fr\\\/fr\\\/pates-aux-courgettes-et-tomates-sechees\\\/#primaryimage\"},\"thumbnailUrl\":\"https:\\\/\\\/jesuisuncuisinier.fr\\\/wp-content\\\/uploads\\\/2016\\\/10\\\/pates_aux_courgettes_et_tomates_sechees.jpg\",\"keywords\":[\"P\u00e2tes\",\"fusillis\",\"courgette\",\"tomate s\u00e9ch\u00e9e\"],\"articleSection\":[\"L\u00e9gumes\",\"Riz et P\u00e2tes\",\"recette\"],\"inLanguage\":\"fr-FR\",\"potentialAction\":[{\"@type\":\"CommentAction\",\"name\":\"Comment\",\"target\":[\"https:\\\/\\\/jesuisuncuisinier.fr\\\/fr\\\/pates-aux-courgettes-et-tomates-sechees\\\/#respond\"]}]},{\"@type\":\"WebPage\",\"@id\":\"https:\\\/\\\/jesuisuncuisinier.fr\\\/fr\\\/pates-aux-courgettes-et-tomates-sechees\\\/\",\"url\":\"https:\\\/\\\/jesuisuncuisinier.fr\\\/fr\\\/pates-aux-courgettes-et-tomates-sechees\\\/\",\"name\":\"Recette de p\u00e2tes aux courgettes et tomates s\u00e9ch\u00e9es\",\"isPartOf\":{\"@id\":\"https:\\\/\\\/jesuisuncuisinier.fr\\\/fr\\\/#website\"},\"primaryImageOfPage\":{\"@id\":\"https:\\\/\\\/jesuisuncuisinier.fr\\\/fr\\\/pates-aux-courgettes-et-tomates-sechees\\\/#primaryimage\"},\"image\":{\"@id\":\"https:\\\/\\\/jesuisuncuisinier.fr\\\/fr\\\/pates-aux-courgettes-et-tomates-sechees\\\/#primaryimage\"},\"thumbnailUrl\":\"https:\\\/\\\/jesuisuncuisinier.fr\\\/wp-content\\\/uploads\\\/2016\\\/10\\\/pates_aux_courgettes_et_tomates_sechees.jpg\",\"datePublished\":\"2016-10-05T16:20:24+00:00\",\"dateModified\":\"2016-10-05T16:22:58+00:00\",\"description\":\"Comment pr\u00e9parer des p\u00e2tes aux courgettes et tomates s\u00e9ch\u00e9es. Recette faciles. Ce plat de p\u00e2tes est toujours un succ\u00e8s chez moi. N'h\u00e9sitez pas \u00e0 le tester.\",\"breadcrumb\":{\"@id\":\"https:\\\/\\\/jesuisuncuisinier.fr\\\/fr\\\/pates-aux-courgettes-et-tomates-sechees\\\/#breadcrumb\"},\"inLanguage\":\"fr-FR\",\"potentialAction\":[{\"@type\":\"ReadAction\",\"target\":[\"https:\\\/\\\/jesuisuncuisinier.fr\\\/fr\\\/pates-aux-courgettes-et-tomates-sechees\\\/\"]}]},{\"@type\":\"ImageObject\",\"inLanguage\":\"fr-FR\",\"@id\":\"https:\\\/\\\/jesuisuncuisinier.fr\\\/fr\\\/pates-aux-courgettes-et-tomates-sechees\\\/#primaryimage\",\"url\":\"https:\\\/\\\/jesuisuncuisinier.fr\\\/wp-content\\\/uploads\\\/2016\\\/10\\\/pates_aux_courgettes_et_tomates_sechees.jpg\",\"contentUrl\":\"https:\\\/\\\/jesuisuncuisinier.fr\\\/wp-content\\\/uploads\\\/2016\\\/10\\\/pates_aux_courgettes_et_tomates_sechees.jpg\",\"width\":640,\"height\":427,\"caption\":\"P\u00e2tes aux courgettes et tomates s\u00e9ch\u00e9es\"},{\"@type\":\"BreadcrumbList\",\"@id\":\"https:\\\/\\\/jesuisuncuisinier.fr\\\/fr\\\/pates-aux-courgettes-et-tomates-sechees\\\/#breadcrumb\",\"itemListElement\":[{\"@type\":\"ListItem\",\"position\":1,\"name\":\"Portada\",\"item\":\"https:\\\/\\\/jesuisuncuisinier.fr\\\/fr\\\/\"},{\"@type\":\"ListItem\",\"position\":2,\"name\":\"Recette de p\u00e2tes aux courgettes et tomates s\u00e9ch\u00e9es\"}]},{\"@type\":\"WebSite\",\"@id\":\"https:\\\/\\\/jesuisuncuisinier.fr\\\/fr\\\/#website\",\"url\":\"https:\\\/\\\/jesuisuncuisinier.fr\\\/fr\\\/\",\"name\":\"Je suis un cuisinier - Recettes faciles\",\"description\":\"Recettes de cuisine faciles pour tous les jours. Cuisine fran\u00e7aise, espagnole et d&#039;ailleurs.\",\"publisher\":{\"@id\":\"https:\\\/\\\/jesuisuncuisinier.fr\\\/fr\\\/#\\\/schema\\\/person\\\/04d97b7b1ae2f60e14cd96fc10a341aa\"},\"potentialAction\":[{\"@type\":\"SearchAction\",\"target\":{\"@type\":\"EntryPoint\",\"urlTemplate\":\"https:\\\/\\\/jesuisuncuisinier.fr\\\/fr\\\/?s={search_term_string}\"},\"query-input\":{\"@type\":\"PropertyValueSpecification\",\"valueRequired\":true,\"valueName\":\"search_term_string\"}}],\"inLanguage\":\"fr-FR\"},{\"@type\":[\"Person\",\"Organization\"],\"@id\":\"https:\\\/\\\/jesuisuncuisinier.fr\\\/fr\\\/#\\\/schema\\\/person\\\/04d97b7b1ae2f60e14cd96fc10a341aa\",\"name\":\"Dami\u00e1n Serrano\",\"image\":{\"@type\":\"ImageObject\",\"inLanguage\":\"fr-FR\",\"@id\":\"https:\\\/\\\/jesuisuncuisinier.fr\\\/wp-content\\\/uploads\\\/2019\\\/11\\\/avatar.jpg\",\"url\":\"https:\\\/\\\/jesuisuncuisinier.fr\\\/wp-content\\\/uploads\\\/2019\\\/11\\\/avatar.jpg\",\"contentUrl\":\"https:\\\/\\\/jesuisuncuisinier.fr\\\/wp-content\\\/uploads\\\/2019\\\/11\\\/avatar.jpg\",\"width\":200,\"height\":200,\"caption\":\"Dami\u00e1n Serrano\"},\"logo\":{\"@id\":\"https:\\\/\\\/jesuisuncuisinier.fr\\\/wp-content\\\/uploads\\\/2019\\\/11\\\/avatar.jpg\"}},{\"@type\":\"Person\",\"@id\":\"https:\\\/\\\/jesuisuncuisinier.fr\\\/fr\\\/#\\\/schema\\\/person\\\/c2da7696f2784cce34698e48f989cb2a\",\"name\":\"Dami\u00e1n\",\"sameAs\":[\"http:\\\/\\\/jesuisuncuisinier.fr\",\"https:\\\/\\\/x.com\\\/unptitcuisinier\"]}]}<\/script>\n<!-- \/ Yoast SEO plugin. -->","yoast_head_json":{"title":"Recette de p\u00e2tes aux courgettes et tomates s\u00e9ch\u00e9es","description":"Comment pr\u00e9parer des p\u00e2tes aux courgettes et tomates s\u00e9ch\u00e9es. Recette faciles. Ce plat de p\u00e2tes est toujours un succ\u00e8s chez moi. N'h\u00e9sitez pas \u00e0 le tester.","robots":{"index":"index","follow":"follow","max-snippet":"max-snippet:-1","max-image-preview":"max-image-preview:large","max-video-preview":"max-video-preview:-1"},"canonical":"https:\/\/jesuisuncuisinier.fr\/fr\/pates-aux-courgettes-et-tomates-sechees\/","og_locale":"fr_FR","og_type":"article","og_title":"Recette de p\u00e2tes aux courgettes et tomates s\u00e9ch\u00e9es","og_description":"Comment pr\u00e9parer des p\u00e2tes aux courgettes et tomates s\u00e9ch\u00e9es. Recette faciles. Ce plat de p\u00e2tes est toujours un succ\u00e8s chez moi. N'h\u00e9sitez pas \u00e0 le tester.","og_url":"https:\/\/jesuisuncuisinier.fr\/fr\/pates-aux-courgettes-et-tomates-sechees\/","og_site_name":"Je suis un cuisinier - Recettes faciles","article_published_time":"2016-10-05T16:20:24+00:00","article_modified_time":"2016-10-05T16:22:58+00:00","og_image":[{"width":640,"height":427,"url":"https:\/\/jesuisuncuisinier.fr\/wp-content\/uploads\/2016\/10\/pates_aux_courgettes_et_tomates_sechees.jpg","type":"image\/jpeg"}],"author":"Dami\u00e1n","twitter_card":"summary_large_image","twitter_creator":"@unptitcuisinier","twitter_site":"@unptitcuisinier","twitter_misc":{"\u00c9crit par":"Dami\u00e1n","Dur\u00e9e de lecture estim\u00e9e":"4 minutes"},"schema":{"@context":"https:\/\/schema.org","@graph":[{"@type":"Article","@id":"https:\/\/jesuisuncuisinier.fr\/fr\/pates-aux-courgettes-et-tomates-sechees\/#article","isPartOf":{"@id":"https:\/\/jesuisuncuisinier.fr\/fr\/pates-aux-courgettes-et-tomates-sechees\/"},"author":{"name":"Dami\u00e1n","@id":"https:\/\/jesuisuncuisinier.fr\/fr\/#\/schema\/person\/c2da7696f2784cce34698e48f989cb2a"},"headline":"Recette de p\u00e2tes aux courgettes et tomates s\u00e9ch\u00e9es","datePublished":"2016-10-05T16:20:24+00:00","dateModified":"2016-10-05T16:22:58+00:00","mainEntityOfPage":{"@id":"https:\/\/jesuisuncuisinier.fr\/fr\/pates-aux-courgettes-et-tomates-sechees\/"},"wordCount":761,"commentCount":0,"publisher":{"@id":"https:\/\/jesuisuncuisinier.fr\/fr\/#\/schema\/person\/04d97b7b1ae2f60e14cd96fc10a341aa"},"image":{"@id":"https:\/\/jesuisuncuisinier.fr\/fr\/pates-aux-courgettes-et-tomates-sechees\/#primaryimage"},"thumbnailUrl":"https:\/\/jesuisuncuisinier.fr\/wp-content\/uploads\/2016\/10\/pates_aux_courgettes_et_tomates_sechees.jpg","keywords":["P\u00e2tes","fusillis","courgette","tomate s\u00e9ch\u00e9e"],"articleSection":["L\u00e9gumes","Riz et P\u00e2tes","recette"],"inLanguage":"fr-FR","potentialAction":[{"@type":"CommentAction","name":"Comment","target":["https:\/\/jesuisuncuisinier.fr\/fr\/pates-aux-courgettes-et-tomates-sechees\/#respond"]}]},{"@type":"WebPage","@id":"https:\/\/jesuisuncuisinier.fr\/fr\/pates-aux-courgettes-et-tomates-sechees\/","url":"https:\/\/jesuisuncuisinier.fr\/fr\/pates-aux-courgettes-et-tomates-sechees\/","name":"Recette de p\u00e2tes aux courgettes et tomates s\u00e9ch\u00e9es","isPartOf":{"@id":"https:\/\/jesuisuncuisinier.fr\/fr\/#website"},"primaryImageOfPage":{"@id":"https:\/\/jesuisuncuisinier.fr\/fr\/pates-aux-courgettes-et-tomates-sechees\/#primaryimage"},"image":{"@id":"https:\/\/jesuisuncuisinier.fr\/fr\/pates-aux-courgettes-et-tomates-sechees\/#primaryimage"},"thumbnailUrl":"https:\/\/jesuisuncuisinier.fr\/wp-content\/uploads\/2016\/10\/pates_aux_courgettes_et_tomates_sechees.jpg","datePublished":"2016-10-05T16:20:24+00:00","dateModified":"2016-10-05T16:22:58+00:00","description":"Comment pr\u00e9parer des p\u00e2tes aux courgettes et tomates s\u00e9ch\u00e9es. Recette faciles. Ce plat de p\u00e2tes est toujours un succ\u00e8s chez moi. N'h\u00e9sitez pas \u00e0 le tester.","breadcrumb":{"@id":"https:\/\/jesuisuncuisinier.fr\/fr\/pates-aux-courgettes-et-tomates-sechees\/#breadcrumb"},"inLanguage":"fr-FR","potentialAction":[{"@type":"ReadAction","target":["https:\/\/jesuisuncuisinier.fr\/fr\/pates-aux-courgettes-et-tomates-sechees\/"]}]},{"@type":"ImageObject","inLanguage":"fr-FR","@id":"https:\/\/jesuisuncuisinier.fr\/fr\/pates-aux-courgettes-et-tomates-sechees\/#primaryimage","url":"https:\/\/jesuisuncuisinier.fr\/wp-content\/uploads\/2016\/10\/pates_aux_courgettes_et_tomates_sechees.jpg","contentUrl":"https:\/\/jesuisuncuisinier.fr\/wp-content\/uploads\/2016\/10\/pates_aux_courgettes_et_tomates_sechees.jpg","width":640,"height":427,"caption":"P\u00e2tes aux courgettes et tomates s\u00e9ch\u00e9es"},{"@type":"BreadcrumbList","@id":"https:\/\/jesuisuncuisinier.fr\/fr\/pates-aux-courgettes-et-tomates-sechees\/#breadcrumb","itemListElement":[{"@type":"ListItem","position":1,"name":"Portada","item":"https:\/\/jesuisuncuisinier.fr\/fr\/"},{"@type":"ListItem","position":2,"name":"Recette de p\u00e2tes aux courgettes et tomates s\u00e9ch\u00e9es"}]},{"@type":"WebSite","@id":"https:\/\/jesuisuncuisinier.fr\/fr\/#website","url":"https:\/\/jesuisuncuisinier.fr\/fr\/","name":"Je suis un cuisinier - Recettes faciles","description":"Recettes de cuisine faciles pour tous les jours. Cuisine fran\u00e7aise, espagnole et d&#039;ailleurs.","publisher":{"@id":"https:\/\/jesuisuncuisinier.fr\/fr\/#\/schema\/person\/04d97b7b1ae2f60e14cd96fc10a341aa"},"potentialAction":[{"@type":"SearchAction","target":{"@type":"EntryPoint","urlTemplate":"https:\/\/jesuisuncuisinier.fr\/fr\/?s={search_term_string}"},"query-input":{"@type":"PropertyValueSpecification","valueRequired":true,"valueName":"search_term_string"}}],"inLanguage":"fr-FR"},{"@type":["Person","Organization"],"@id":"https:\/\/jesuisuncuisinier.fr\/fr\/#\/schema\/person\/04d97b7b1ae2f60e14cd96fc10a341aa","name":"Dami\u00e1n Serrano","image":{"@type":"ImageObject","inLanguage":"fr-FR","@id":"https:\/\/jesuisuncuisinier.fr\/wp-content\/uploads\/2019\/11\/avatar.jpg","url":"https:\/\/jesuisuncuisinier.fr\/wp-content\/uploads\/2019\/11\/avatar.jpg","contentUrl":"https:\/\/jesuisuncuisinier.fr\/wp-content\/uploads\/2019\/11\/avatar.jpg","width":200,"height":200,"caption":"Dami\u00e1n Serrano"},"logo":{"@id":"https:\/\/jesuisuncuisinier.fr\/wp-content\/uploads\/2019\/11\/avatar.jpg"}},{"@type":"Person","@id":"https:\/\/jesuisuncuisinier.fr\/fr\/#\/schema\/person\/c2da7696f2784cce34698e48f989cb2a","name":"Dami\u00e1n","sameAs":["http:\/\/jesuisuncuisinier.fr","https:\/\/x.com\/unptitcuisinier"]}]}},"amp_enabled":true,"_links":{"self":[{"href":"https:\/\/jesuisuncuisinier.fr\/fr\/wp-json\/wp\/v2\/posts\/6844","targetHints":{"allow":["GET"]}}],"collection":[{"href":"https:\/\/jesuisuncuisinier.fr\/fr\/wp-json\/wp\/v2\/posts"}],"about":[{"href":"https:\/\/jesuisuncuisinier.fr\/fr\/wp-json\/wp\/v2\/types\/post"}],"author":[{"embeddable":true,"href":"https:\/\/jesuisuncuisinier.fr\/fr\/wp-json\/wp\/v2\/users\/1"}],"replies":[{"embeddable":true,"href":"https:\/\/jesuisuncuisinier.fr\/fr\/wp-json\/wp\/v2\/comments?post=6844"}],"version-history":[{"count":0,"href":"https:\/\/jesuisuncuisinier.fr\/fr\/wp-json\/wp\/v2\/posts\/6844\/revisions"}],"wp:featuredmedia":[{"embeddable":true,"href":"https:\/\/jesuisuncuisinier.fr\/fr\/wp-json\/wp\/v2\/media\/6845"}],"wp:attachment":[{"href":"https:\/\/jesuisuncuisinier.fr\/fr\/wp-json\/wp\/v2\/media?parent=6844"}],"wp:term":[{"taxonomy":"category","embeddable":true,"href":"https:\/\/jesuisuncuisinier.fr\/fr\/wp-json\/wp\/v2\/categories?post=6844"},{"taxonomy":"post_tag","embeddable":true,"href":"https:\/\/jesuisuncuisinier.fr\/fr\/wp-json\/wp\/v2\/tags?post=6844"}],"curies":[{"name":"wp","href":"https:\/\/api.w.org\/{rel}","templated":true}]}}