{"id":5604,"date":"2015-09-22T17:26:14","date_gmt":"2015-09-22T15:26:14","guid":{"rendered":"http:\/\/jesuisunpetitcuisinier.fr\/fr\/?p=5604"},"modified":"2017-08-31T23:53:06","modified_gmt":"2017-08-31T21:53:06","slug":"cake-aux-courgettes-chevre-et-menthe","status":"publish","type":"post","link":"https:\/\/jesuisuncuisinier.fr\/fr\/cake-aux-courgettes-chevre-et-menthe\/","title":{"rendered":"Recette de cake aux courgettes, ch\u00e8vre et menthe"},"content":{"rendered":"\n<p>Si vous \u00eates partant pour associer des saveurs sal\u00e9es \u00e0 des textures moelleuses, il faut absolument essayer cette recette de\u00a0<strong>cake aux courgettes, ch\u00e8vre et menthe<\/strong>. Une recette pour changer du classique jambon-olives, mais tout en restant tr\u00e8s bon\u00a0!<\/p>\n<script async src=\"\/\/pagead2.googlesyndication.com\/pagead\/js\/adsbygoogle.js\"><\/script><ins class=\"adsbygoogle\"style=\"display:block\"data-ad-client=\"ca-pub-7750789452383743\"data-ad-slot=\"9252856116\"data-ad-format=\"auto\"><\/ins><script>(adsbygoogle = window.adsbygoogle || []).push({});<\/script><amp-ad width=\"100vw\" height=320 type=\"adsense\" data-ad-client=\"ca-pub-7750789452383743\" data-ad-slot=\"7340373828\" data-auto-format=\"rspv\" data-full-width><div overflow><\/div><\/amp-ad><div class=\"cleaner\" style=\"margin: 10px\"><\/div>\n<h2>Voulez-vous savoir comment faire le\u00a0<strong>cake aux courgettes, ch\u00e8vre et menthe<\/strong>\u00a0?<\/h2>\n<p>Ce que j\u2019aime dans les cakes c\u2019est qu\u2019ils sont tr\u00e8s polyvalents et qu\u2019avec une ou deux recettes de base (assez faciles \u00e0 retenir d\u2019ailleurs), on peut combiner les saveurs dont on a envie en fonction du moment. Mise \u00e0 part qu\u2019il n\u2019est pas n\u00e9cessaire de dire que faire un cake sal\u00e9 est tr\u00e8s simple. Il suffit de tout m\u00e9langer\u00a0dans un bol et faire cuire au four. Bon, cette recette sp\u00e9cifiquement demande de faire cuire un peu les courgettes, mais \u00e7a n\u2019ajoute\u00a0aucune difficult\u00e9. C\u2019est juste pour les rendre plus tendres.<\/p>\n<p>Ah\u00a0! J\u2019oubliais\u00a0! Pour ceux qui m\u2019ont demand\u00e9, oui il y a une petite astuce pour que le cake reste moelleux. Il\u00a0ne faut pas trop m\u00e9langer la p\u00e2te, il suffit juste d\u2019int\u00e9grer les ingr\u00e9dients. Voici la recette. Allez, op\u00a0! C\u2019est parti\u00a0!<\/p>\n<p><ins class=\"adsbygoogle\"style=\"display:block\"data-ad-client=\"ca-pub-7750789452383743\"data-ad-slot=\"4190110340\"data-ad-format=\"auto\"data-full-width-responsive=\"true\"><\/ins><script>(adsbygoogle = window.adsbygoogle || []).push({});<\/script> <amp-ad width=\"100vw\" height=320 type=\"adsense\" data-ad-client=\"ca-pub-7750789452383743\" data-ad-slot=\"4190110340\" data-auto-format=\"rspv\" data-full-width><div overflow><\/div><\/amp-ad><div class=\"cleaner\" style=\"margin: 10px\"><\/div><div itemscope itemtype=\"http:\/\/schema.org\/Recipe\">\n<div align=\"justify\" style=\"border-style:solid; border-width: 1px;padding: 10px 10px 10px 10px;\">\n<img loading=\"lazy\" decoding=\"async\" width=\"128\" height=\"85\" src=\"https:\/\/jesuisuncuisinier.fr\/wp-content\/uploads\/2015\/09\/cake-courgettes-chevre.jpg\" class=\"attachment-thumbnail size-thumbnail wp-post-image\" alt=\"Cake aux courgettes, ch\u00e8vre et menthe\" style=\"float:left; padding: 10px 10px 10px 10px\" srcset=\"https:\/\/jesuisuncuisinier.fr\/wp-content\/uploads\/2015\/09\/cake-courgettes-chevre.jpg 640w, https:\/\/jesuisuncuisinier.fr\/wp-content\/uploads\/2015\/09\/cake-courgettes-chevre-320x213.jpg 320w, https:\/\/jesuisuncuisinier.fr\/wp-content\/uploads\/2015\/09\/cake-courgettes-chevre-300x200.jpg 300w\" sizes=\"auto, (max-width: 128px) 100vw, 128px\" \/>\n<div itemprop=\"image\" itemscope itemtype=\"https:\/\/schema.org\/ImageObject\">\t\n<meta itemprop=\"url\" content=\"https:\/\/jesuisuncuisinier.fr\/wp-content\/uploads\/2015\/09\/cake-courgettes-chevre.jpg\">\n<meta itemprop=\"width\" content=\"140\">\n<meta itemprop=\"height\" content=\"85\">\n<\/div>\n<a href=\"https:\/\/jesuisuncuisinier.fr\/fr\/cake-aux-courgettes-chevre-et-menthe\/print\/\" rel=\"nofollow\" title=\"Imprimer\"><img decoding=\"async\" src=\"https:\/\/jesuisuncuisinier.fr\/wp-content\/plugins\/wp-print\/images\/printer_famfamfam.gif\" align=\"right\" alt=\"Imprimir\"><\/a>\n<h2 itemprop=\"name\" style=\"padding: 10px 10px 0px 10px\">Recette de cake aux courgettes, ch\u00e8vre et menthe<\/h2>\n<span id=\"post-ratings-5604\" class=\"post-ratings\" data-nonce=\"a185cfd126\"><div align=\"center\">Votez pour cette !<\/div>\r\n<div align=\"center\"><img decoding=\"async\" id=\"rating_5604_1\" src=\"https:\/\/jesuisuncuisinier.fr\/wp-content\/plugins\/wp-postratings\/images\/stars_crystal\/rating_on.gif\" alt=\"1 Star\" title=\"1 Star\" onmouseover=\"current_rating(5604, 1, '1 Star');\" onmouseout=\"ratings_off(3.5, 4, 0);\" onclick=\"rate_post();\" onkeypress=\"rate_post();\" style=\"cursor: pointer; border: 0px;\" \/><img decoding=\"async\" id=\"rating_5604_2\" src=\"https:\/\/jesuisuncuisinier.fr\/wp-content\/plugins\/wp-postratings\/images\/stars_crystal\/rating_on.gif\" alt=\"2 Stars\" title=\"2 Stars\" onmouseover=\"current_rating(5604, 2, '2 Stars');\" onmouseout=\"ratings_off(3.5, 4, 0);\" onclick=\"rate_post();\" onkeypress=\"rate_post();\" style=\"cursor: pointer; border: 0px;\" \/><img decoding=\"async\" id=\"rating_5604_3\" src=\"https:\/\/jesuisuncuisinier.fr\/wp-content\/plugins\/wp-postratings\/images\/stars_crystal\/rating_on.gif\" alt=\"3 Stars\" title=\"3 Stars\" onmouseover=\"current_rating(5604, 3, '3 Stars');\" onmouseout=\"ratings_off(3.5, 4, 0);\" onclick=\"rate_post();\" onkeypress=\"rate_post();\" style=\"cursor: pointer; border: 0px;\" \/><img decoding=\"async\" id=\"rating_5604_4\" src=\"https:\/\/jesuisuncuisinier.fr\/wp-content\/plugins\/wp-postratings\/images\/stars_crystal\/rating_half.gif\" alt=\"4 Stars\" title=\"4 Stars\" onmouseover=\"current_rating(5604, 4, '4 Stars');\" onmouseout=\"ratings_off(3.5, 4, 0);\" onclick=\"rate_post();\" onkeypress=\"rate_post();\" style=\"cursor: pointer; border: 0px;\" \/><img decoding=\"async\" id=\"rating_5604_5\" src=\"https:\/\/jesuisuncuisinier.fr\/wp-content\/plugins\/wp-postratings\/images\/stars_crystal\/rating_off.gif\" alt=\"5 Stars\" title=\"5 Stars\" onmouseover=\"current_rating(5604, 5, '5 Stars');\" onmouseout=\"ratings_off(3.5, 4, 0);\" onclick=\"rate_post();\" onkeypress=\"rate_post();\" style=\"cursor: pointer; border: 0px;\" \/><\/div>\r\n<div align=\"center\">Note: 3,47 \/ 5. Votes: 15<\/div><\/span><span id=\"post-ratings-5604-loading\" class=\"post-ratings-loading\"><img loading=\"lazy\" decoding=\"async\" src=\"https:\/\/jesuisuncuisinier.fr\/wp-content\/plugins\/wp-postratings\/images\/loading.gif\" width=\"16\" height=\"16\" class=\"post-ratings-image\" \/>Loading...<\/span><div><\/br><span itemprop=\"author\" itemscope itemtype=\"http:\/\/schema.org\/Person\">   <span itemprop=\"name\" content=\"Damian Serrano\"><\/span> <\/span>\n<b>Personnes:<\/b> <span itemprop=\"recipeYield\">4<\/span>   <b>Temps:<\/b> <time itemprop=\"totalTime\" datetime=PT1H>1 h<\/time>   <b>Difficult\u00e9:<\/b> Facile<\/div><div class=\"cleaner\" style=\"margin: 10px\"><\/div><time itemprop=\"dateModified\" datetime=\"2017-08-31\"><\/time> \n<span itemprop=\"description\" content=\"Comment faire un cake aux courgettes, ch\u00e8vre et menthe. Une recette pour changer du classique jambon-olives, mais \u00e9galement super bon ! Recette facile.\" ><\/span>\n<span itemprop=\"recipeCuisine\" content=\"Unknown\" ><\/span>\n<span itemprop=\"recipeCategory\" content=\"Unknown\" ><\/span>\n<span itemprop=\"keywords\" content=\"Unknown\" ><\/span>\n<div class=\"note-wrapper\"><div class=\"note-top\"><\/div><div class=\"note-content\"><h3 style=\"padding-left: 10px; margin-bottom: 10px;\">Ingr\u00e9dients<\/h3>\n<ul>\n<li itemprop=\"recipeIngredient\">200\u00a0g de farine<\/li>\n<li itemprop=\"recipeIngredient\">1 sachet de levure chimique<\/li>\n<li itemprop=\"recipeIngredient\">4 \u0153ufs de taille moyenne<\/li>\n<li itemprop=\"recipeIngredient\">200\u00a0g de\u00a0courgettes<\/li>\n<li itemprop=\"recipeIngredient\">150\u00a0g de fromage de ch\u00e8vre en b\u00fbche<\/li>\n<li itemprop=\"recipeIngredient\">100\u00a0g d\u2019emmental r\u00e2p\u00e9<\/li>\n<li itemprop=\"recipeIngredient\">100\u00a0ml de lait entier<\/li>\n<li itemprop=\"recipeIngredient\">50\u00a0ml d\u2019huile d\u2019olive extra-vierge<\/li>\n<li itemprop=\"recipeIngredient\">2 ou 3 cuiller\u00e9es \u00e0 soupe d\u2019huile d\u2019olive (pour faire sauter la courgette)<\/li>\n<li itemprop=\"recipeIngredient\">Menthe fra\u00eeche<\/li>\n<li itemprop=\"recipeIngredient\">1\/2 cuiller\u00e9e \u00e0 caf\u00e9 de sel<\/li>\n<li itemprop=\"recipeIngredient\">Poivre noir fra\u00eechement moulu<\/li>\n<\/ul>\n<br \/><\/div><div class=\"note-bottom\"><\/div>\n<\/div> <!-- \/ #ingredients -->\n<div align=\"justify\" class=\"directions-wrapper\"><h3>\u00c9laboration<\/h3><div class=\"directions-content instructions\" >\n<\/p>\n<ol>\n<li itemprop=\"recipeInstructions\">Laver la courgette et enlever leurs extr\u00e9mit\u00e9s.<\/li>\n<li itemprop=\"recipeInstructions\">Couper la courgette en petits morceaux. Pas besoin de l\u2019\u00e9plucher.<\/li>\n<li itemprop=\"recipeInstructions\">Faire chauffer de 2 \u00e0 3 cuiller\u00e9es \u00e0 soupe d\u2019huile d\u2019olive dans une po\u00eale.<\/li>\n<li itemprop=\"recipeInstructions\">D\u00e8s que l\u2019huile est chaude, ajouter les morceaux de courgettes et les faire revenir \u00e0 feu moyen doux quelques minutes, jusqu\u2019\u00e0 ce qu\u2019ils soient tendres. Remuer de temps en temps pour une cuisson r\u00e9guli\u00e8re et \u00e9viter de faire br\u00fbler la courgette. R\u00e9server.<\/li>\n<li itemprop=\"recipeInstructions\">Pr\u00e9chauffer le four \u00e0 175\u00a0\u00b0C.<\/li>\n<li itemprop=\"recipeInstructions\">Bien rincer les brins de menthe et hacher les feuilles.<\/li>\n<li itemprop=\"recipeInstructions\">Couper le fromage de ch\u00e8vre en morceaux.<\/li>\n<li itemprop=\"recipeInstructions\">Battre les \u0153ufs dans un grand bol avec le lait et l\u2019huile d\u2019olive extra-vierge.<\/li>\n<li itemprop=\"recipeInstructions\">M\u00e9langer la farine avec le sel et la levure chimique, puis la tamiser avec\u00a0un tamis ou une passoire fine.<\/li>\n<li itemprop=\"recipeInstructions\">Int\u00e9grer la farine dans le bol en m\u00e9langeant\u00a0au fouet\u00a0juste assez pour\u00a0obtenir une p\u00e2te lisse.<\/li>\n<li itemprop=\"recipeInstructions\">Ensuite, incorporer l\u2019emmental r\u00e2p\u00e9, la courgette, le fromage de ch\u00e8vre et la menthe. M\u00e9langer un petit peu, mais pas trop.<\/li>\n<li itemprop=\"recipeInstructions\">Assaisonner avec un peu de poivre.<\/li>\n<li itemprop=\"recipeInstructions\">Beurrer et fariner un moule \u00e0 cake.<\/li>\n<li itemprop=\"recipeInstructions\">Pour faciliter le d\u00e9moulage, placer un rectangle\u00a0de papier sulfuris\u00e9 \u00e0 la base.<\/li>\n<li itemprop=\"recipeInstructions\">Verser la pr\u00e9paration dans le moule \u00e0 cake.<\/li>\n<li itemprop=\"recipeInstructions\">Enfourner \u00e0 mi-hauteur pendant 45 minutes environ. Surveillez la cuisson de temps en temps.<\/li>\n<li itemprop=\"recipeInstructions\">Si apr\u00e8s les 30 minutes, la surface du cake est trop dor\u00e9e, la couvrir avec une feuille de papier de cuisson.<\/li>\n<li itemprop=\"recipeInstructions\">Pour v\u00e9rifier \u00e0 la fin si le cake est cuit, le percer au centre avec un couteau. Si la lame ressort propre, le cake est pr\u00eat. Sinon, enfourner quelques minutes de plus et v\u00e9rifier \u00e0 nouveau.<\/li>\n<li itemprop=\"recipeInstructions\">Laisser ti\u00e9dir dans le moule une dizaine de minutes.<\/li>\n<li itemprop=\"recipeInstructions\">Finalement, pour d\u00e9mouler le cake, s\u00e9parer les c\u00f4t\u00e9s du cake du moule avec la lame de couteau et retourner soigneusement.<\/li>\n<li itemprop=\"recipeInstructions\">Et voil\u00e0\u00a0! C\u2019est pr\u00eat\u00a0! On peut le consommer tout de suite ou le garder au r\u00e9frig\u00e9rateur. Bonne d\u00e9gustation\u00a0!<\/li>\n<\/ol>\n<p><\/div><div class=\"cleaner\" style=\"padding-bottom: 10px;\">&nbsp;<\/div><\/div> <!-- \/# directions -->\n<script async src=\"https:\/\/pagead2.googlesyndication.com\/pagead\/js\/adsbygoogle.js\"><\/script><ins class=\"adsbygoogle\"style=\"display:block\"data-ad-client=\"ca-pub-7750789452383743\"data-ad-slot=\"3064891712\"data-ad-format=\"auto\"><\/ins><script async>(adsbygoogle = window.adsbygoogle || []).push({});<\/script> <amp-ad width=\"100vw\" height=320 type=\"adsense\" data-ad-client=\"ca-pub-7750789452383743\" data-ad-slot=\"1189241592\" data-auto-format=\"rspv\" data-full-width><div overflow><\/div><\/amp-ad><div align=\"justify\" class=\"hints-wrapper\" ><h3>Conseils et astuces<\/h3><div class=\"hints-content hints\"><\/p>\n<ul>\n<li>Vous pouvez servir le <strong>cake aux courgettes, ch\u00e8vre et menthe<\/strong> coup\u00e9s en morceaux pour l\u2019ap\u00e9ro, ou m\u00eame en entr\u00e9e avec quelques feuilles de salade.<\/li>\n<li>Le cake peut se faire\u00a0la veille et \u00eatre conserv\u00e9 au r\u00e9frig\u00e9rateur.<\/li>\n<li>Pour que le cake reste bien moelleux, il ne faut pas battre la p\u00e2te en exc\u00e8s.<\/li>\n<li>Envie de plus de cakes\u00a0? Voici le <a href=\"http:\/\/jesuisuncuisinier.fr\/fr\/2015\/05\/cake-sale-au-jambon-et-olive.html\">cake au jambon et aux olives\u00a0<\/a>ou le <a href=\"http:\/\/jesuisuncuisinier.fr\/fr\/2015\/06\/cake-aux-deux-saumons.html\">cake aux deux saumons<\/a>.<\/li>\n<li>Vous adorez le fromage de ch\u00e8vre\u00a0? Faites-vous une <a href=\"http:\/\/jesuisuncuisinier.fr\/fr\/2014\/10\/salade-au-saumon-et-chevre-a-la-plancha.html\">salade au saumon et fromage de ch\u00e8vre<\/a>.<\/li>\n<\/ul>\n<p><\/div><\/div> <!-- \/# hints --><\/div><div class=\"cleaner\" style=\"padding-bottom: 10px;\">&nbsp;<\/div><\/div><!-- \/ #recipe --> \n<\/p>\n<h3>Maintenant, vous savez\u00a0comment faire le cake aux courgettes, ch\u00e8vre et menthe<\/h3>\n<p>Avez-vous aim\u00e9 la recette ? N&rsquo;h\u00e9sitez pas \u00e0 partager avec moi votre opinion. J\u2019esp\u00e8re que vous allez la pr\u00e9parer.<\/p>\n<p>\u00c0 bient\u00f4t !<\/p>\n<p><\/p>\n","protected":false},"excerpt":{"rendered":"<p>Comment faire un cake aux courgettes, ch\u00e8vre et menthe. Une recette pour changer du classique jambon-olives, mais \u00e9galement super bon ! Recette facile.<\/p>\n","protected":false},"author":1,"featured_media":9753,"comment_status":"open","ping_status":"open","sticky":false,"template":"","format":"standard","meta":{"_yoast_wpseo_focuskw":"cake aux courgettes","_yoast_wpseo_metadesc":"Comment \u00e9laborer un cake aux courgettes, ch\u00e8vre et menthe. Une recette pour changer du classique jambon-olives, mais \u00e9galement super bon ! Recette facile.","footnotes":""},"categories":[845,20,850],"tags":[283,880,948,1010],"class_list":["post-5604","post","type-post","status-publish","format-standard","has-post-thumbnail","hentry","category-legumes","category-recette","category-four","tag-chevre","tag-cake","tag-menthe","tag-courgettes"],"yoast_head":"<!-- This site is optimized with the Yoast SEO plugin v27.5 - https:\/\/yoast.com\/product\/yoast-seo-wordpress\/ -->\n<title>Recette de cake aux courgettes, ch\u00e8vre et menthe<\/title>\n<meta name=\"description\" content=\"Comment \u00e9laborer un cake aux courgettes, ch\u00e8vre et menthe. Une recette pour changer du classique jambon-olives, mais \u00e9galement super bon ! Recette facile.\" \/>\n<meta name=\"robots\" content=\"index, follow, max-snippet:-1, max-image-preview:large, max-video-preview:-1\" \/>\n<link rel=\"canonical\" href=\"https:\/\/jesuisuncuisinier.fr\/fr\/cake-aux-courgettes-chevre-et-menthe\/\" \/>\n<meta property=\"og:locale\" content=\"fr_FR\" \/>\n<meta property=\"og:type\" content=\"article\" \/>\n<meta property=\"og:title\" content=\"Recette de cake aux courgettes, ch\u00e8vre et menthe\" \/>\n<meta property=\"og:description\" content=\"Comment \u00e9laborer un cake aux courgettes, ch\u00e8vre et menthe. Une recette pour changer du classique jambon-olives, mais \u00e9galement super bon ! Recette facile.\" \/>\n<meta property=\"og:url\" content=\"https:\/\/jesuisuncuisinier.fr\/fr\/cake-aux-courgettes-chevre-et-menthe\/\" \/>\n<meta property=\"og:site_name\" content=\"Je suis un cuisinier - Recettes faciles\" \/>\n<meta property=\"article:published_time\" content=\"2015-09-22T15:26:14+00:00\" \/>\n<meta property=\"article:modified_time\" content=\"2017-08-31T21:53:06+00:00\" \/>\n<meta property=\"og:image\" content=\"https:\/\/jesuisuncuisinier.fr\/wp-content\/uploads\/2015\/09\/cake-courgettes-chevre.jpg\" \/>\n\t<meta property=\"og:image:width\" content=\"640\" \/>\n\t<meta property=\"og:image:height\" content=\"427\" \/>\n\t<meta property=\"og:image:type\" content=\"image\/jpeg\" \/>\n<meta name=\"author\" content=\"Dami\u00e1n\" \/>\n<meta name=\"twitter:card\" content=\"summary_large_image\" \/>\n<meta name=\"twitter:creator\" content=\"@unptitcuisinier\" \/>\n<meta name=\"twitter:site\" content=\"@unptitcuisinier\" \/>\n<meta name=\"twitter:label1\" content=\"\u00c9crit par\" \/>\n\t<meta name=\"twitter:data1\" content=\"Dami\u00e1n\" \/>\n\t<meta name=\"twitter:label2\" content=\"Dur\u00e9e de lecture estim\u00e9e\" \/>\n\t<meta name=\"twitter:data2\" content=\"4 minutes\" \/>\n<script type=\"application\/ld+json\" class=\"yoast-schema-graph\">{\"@context\":\"https:\\\/\\\/schema.org\",\"@graph\":[{\"@type\":\"Article\",\"@id\":\"https:\\\/\\\/jesuisuncuisinier.fr\\\/fr\\\/cake-aux-courgettes-chevre-et-menthe\\\/#article\",\"isPartOf\":{\"@id\":\"https:\\\/\\\/jesuisuncuisinier.fr\\\/fr\\\/cake-aux-courgettes-chevre-et-menthe\\\/\"},\"author\":{\"name\":\"Dami\u00e1n\",\"@id\":\"https:\\\/\\\/jesuisuncuisinier.fr\\\/fr\\\/#\\\/schema\\\/person\\\/c2da7696f2784cce34698e48f989cb2a\"},\"headline\":\"Recette de cake aux courgettes, ch\u00e8vre et menthe\",\"datePublished\":\"2015-09-22T15:26:14+00:00\",\"dateModified\":\"2017-08-31T21:53:06+00:00\",\"mainEntityOfPage\":{\"@id\":\"https:\\\/\\\/jesuisuncuisinier.fr\\\/fr\\\/cake-aux-courgettes-chevre-et-menthe\\\/\"},\"wordCount\":779,\"commentCount\":2,\"publisher\":{\"@id\":\"https:\\\/\\\/jesuisuncuisinier.fr\\\/fr\\\/#\\\/schema\\\/person\\\/04d97b7b1ae2f60e14cd96fc10a341aa\"},\"image\":{\"@id\":\"https:\\\/\\\/jesuisuncuisinier.fr\\\/fr\\\/cake-aux-courgettes-chevre-et-menthe\\\/#primaryimage\"},\"thumbnailUrl\":\"https:\\\/\\\/jesuisuncuisinier.fr\\\/wp-content\\\/uploads\\\/2015\\\/09\\\/cake-courgettes-chevre.jpg\",\"keywords\":[\"ch\u00e8vre\",\"Recettes de cakes sucr\u00e9s ou sal\u00e9s\",\"menthe\",\"courgettes\"],\"articleSection\":[\"L\u00e9gumes\",\"recette\",\"Four\"],\"inLanguage\":\"fr-FR\",\"potentialAction\":[{\"@type\":\"CommentAction\",\"name\":\"Comment\",\"target\":[\"https:\\\/\\\/jesuisuncuisinier.fr\\\/fr\\\/cake-aux-courgettes-chevre-et-menthe\\\/#respond\"]}]},{\"@type\":\"WebPage\",\"@id\":\"https:\\\/\\\/jesuisuncuisinier.fr\\\/fr\\\/cake-aux-courgettes-chevre-et-menthe\\\/\",\"url\":\"https:\\\/\\\/jesuisuncuisinier.fr\\\/fr\\\/cake-aux-courgettes-chevre-et-menthe\\\/\",\"name\":\"Recette de cake aux courgettes, ch\u00e8vre et menthe\",\"isPartOf\":{\"@id\":\"https:\\\/\\\/jesuisuncuisinier.fr\\\/fr\\\/#website\"},\"primaryImageOfPage\":{\"@id\":\"https:\\\/\\\/jesuisuncuisinier.fr\\\/fr\\\/cake-aux-courgettes-chevre-et-menthe\\\/#primaryimage\"},\"image\":{\"@id\":\"https:\\\/\\\/jesuisuncuisinier.fr\\\/fr\\\/cake-aux-courgettes-chevre-et-menthe\\\/#primaryimage\"},\"thumbnailUrl\":\"https:\\\/\\\/jesuisuncuisinier.fr\\\/wp-content\\\/uploads\\\/2015\\\/09\\\/cake-courgettes-chevre.jpg\",\"datePublished\":\"2015-09-22T15:26:14+00:00\",\"dateModified\":\"2017-08-31T21:53:06+00:00\",\"description\":\"Comment \u00e9laborer un cake aux courgettes, ch\u00e8vre et menthe. Une recette pour changer du classique jambon-olives, mais \u00e9galement super bon ! Recette facile.\",\"breadcrumb\":{\"@id\":\"https:\\\/\\\/jesuisuncuisinier.fr\\\/fr\\\/cake-aux-courgettes-chevre-et-menthe\\\/#breadcrumb\"},\"inLanguage\":\"fr-FR\",\"potentialAction\":[{\"@type\":\"ReadAction\",\"target\":[\"https:\\\/\\\/jesuisuncuisinier.fr\\\/fr\\\/cake-aux-courgettes-chevre-et-menthe\\\/\"]}]},{\"@type\":\"ImageObject\",\"inLanguage\":\"fr-FR\",\"@id\":\"https:\\\/\\\/jesuisuncuisinier.fr\\\/fr\\\/cake-aux-courgettes-chevre-et-menthe\\\/#primaryimage\",\"url\":\"https:\\\/\\\/jesuisuncuisinier.fr\\\/wp-content\\\/uploads\\\/2015\\\/09\\\/cake-courgettes-chevre.jpg\",\"contentUrl\":\"https:\\\/\\\/jesuisuncuisinier.fr\\\/wp-content\\\/uploads\\\/2015\\\/09\\\/cake-courgettes-chevre.jpg\",\"width\":640,\"height\":427,\"caption\":\"Cake aux courgettes, ch\u00e8vre et menthe\"},{\"@type\":\"BreadcrumbList\",\"@id\":\"https:\\\/\\\/jesuisuncuisinier.fr\\\/fr\\\/cake-aux-courgettes-chevre-et-menthe\\\/#breadcrumb\",\"itemListElement\":[{\"@type\":\"ListItem\",\"position\":1,\"name\":\"Portada\",\"item\":\"https:\\\/\\\/jesuisuncuisinier.fr\\\/fr\\\/\"},{\"@type\":\"ListItem\",\"position\":2,\"name\":\"Recette de cake aux courgettes, ch\u00e8vre et menthe\"}]},{\"@type\":\"WebSite\",\"@id\":\"https:\\\/\\\/jesuisuncuisinier.fr\\\/fr\\\/#website\",\"url\":\"https:\\\/\\\/jesuisuncuisinier.fr\\\/fr\\\/\",\"name\":\"Je suis un cuisinier - Recettes faciles\",\"description\":\"Recettes de cuisine faciles pour tous les jours. Cuisine fran\u00e7aise, espagnole et d&#039;ailleurs.\",\"publisher\":{\"@id\":\"https:\\\/\\\/jesuisuncuisinier.fr\\\/fr\\\/#\\\/schema\\\/person\\\/04d97b7b1ae2f60e14cd96fc10a341aa\"},\"potentialAction\":[{\"@type\":\"SearchAction\",\"target\":{\"@type\":\"EntryPoint\",\"urlTemplate\":\"https:\\\/\\\/jesuisuncuisinier.fr\\\/fr\\\/?s={search_term_string}\"},\"query-input\":{\"@type\":\"PropertyValueSpecification\",\"valueRequired\":true,\"valueName\":\"search_term_string\"}}],\"inLanguage\":\"fr-FR\"},{\"@type\":[\"Person\",\"Organization\"],\"@id\":\"https:\\\/\\\/jesuisuncuisinier.fr\\\/fr\\\/#\\\/schema\\\/person\\\/04d97b7b1ae2f60e14cd96fc10a341aa\",\"name\":\"Dami\u00e1n Serrano\",\"image\":{\"@type\":\"ImageObject\",\"inLanguage\":\"fr-FR\",\"@id\":\"https:\\\/\\\/jesuisuncuisinier.fr\\\/wp-content\\\/uploads\\\/2019\\\/11\\\/avatar.jpg\",\"url\":\"https:\\\/\\\/jesuisuncuisinier.fr\\\/wp-content\\\/uploads\\\/2019\\\/11\\\/avatar.jpg\",\"contentUrl\":\"https:\\\/\\\/jesuisuncuisinier.fr\\\/wp-content\\\/uploads\\\/2019\\\/11\\\/avatar.jpg\",\"width\":200,\"height\":200,\"caption\":\"Dami\u00e1n Serrano\"},\"logo\":{\"@id\":\"https:\\\/\\\/jesuisuncuisinier.fr\\\/wp-content\\\/uploads\\\/2019\\\/11\\\/avatar.jpg\"}},{\"@type\":\"Person\",\"@id\":\"https:\\\/\\\/jesuisuncuisinier.fr\\\/fr\\\/#\\\/schema\\\/person\\\/c2da7696f2784cce34698e48f989cb2a\",\"name\":\"Dami\u00e1n\",\"sameAs\":[\"http:\\\/\\\/jesuisuncuisinier.fr\",\"https:\\\/\\\/x.com\\\/unptitcuisinier\"]}]}<\/script>\n<!-- \/ Yoast SEO plugin. -->","yoast_head_json":{"title":"Recette de cake aux courgettes, ch\u00e8vre et menthe","description":"Comment \u00e9laborer un cake aux courgettes, ch\u00e8vre et menthe. Une recette pour changer du classique jambon-olives, mais \u00e9galement super bon ! Recette facile.","robots":{"index":"index","follow":"follow","max-snippet":"max-snippet:-1","max-image-preview":"max-image-preview:large","max-video-preview":"max-video-preview:-1"},"canonical":"https:\/\/jesuisuncuisinier.fr\/fr\/cake-aux-courgettes-chevre-et-menthe\/","og_locale":"fr_FR","og_type":"article","og_title":"Recette de cake aux courgettes, ch\u00e8vre et menthe","og_description":"Comment \u00e9laborer un cake aux courgettes, ch\u00e8vre et menthe. Une recette pour changer du classique jambon-olives, mais \u00e9galement super bon ! Recette facile.","og_url":"https:\/\/jesuisuncuisinier.fr\/fr\/cake-aux-courgettes-chevre-et-menthe\/","og_site_name":"Je suis un cuisinier - Recettes faciles","article_published_time":"2015-09-22T15:26:14+00:00","article_modified_time":"2017-08-31T21:53:06+00:00","og_image":[{"width":640,"height":427,"url":"https:\/\/jesuisuncuisinier.fr\/wp-content\/uploads\/2015\/09\/cake-courgettes-chevre.jpg","type":"image\/jpeg"}],"author":"Dami\u00e1n","twitter_card":"summary_large_image","twitter_creator":"@unptitcuisinier","twitter_site":"@unptitcuisinier","twitter_misc":{"\u00c9crit par":"Dami\u00e1n","Dur\u00e9e de lecture estim\u00e9e":"4 minutes"},"schema":{"@context":"https:\/\/schema.org","@graph":[{"@type":"Article","@id":"https:\/\/jesuisuncuisinier.fr\/fr\/cake-aux-courgettes-chevre-et-menthe\/#article","isPartOf":{"@id":"https:\/\/jesuisuncuisinier.fr\/fr\/cake-aux-courgettes-chevre-et-menthe\/"},"author":{"name":"Dami\u00e1n","@id":"https:\/\/jesuisuncuisinier.fr\/fr\/#\/schema\/person\/c2da7696f2784cce34698e48f989cb2a"},"headline":"Recette de cake aux courgettes, ch\u00e8vre et menthe","datePublished":"2015-09-22T15:26:14+00:00","dateModified":"2017-08-31T21:53:06+00:00","mainEntityOfPage":{"@id":"https:\/\/jesuisuncuisinier.fr\/fr\/cake-aux-courgettes-chevre-et-menthe\/"},"wordCount":779,"commentCount":2,"publisher":{"@id":"https:\/\/jesuisuncuisinier.fr\/fr\/#\/schema\/person\/04d97b7b1ae2f60e14cd96fc10a341aa"},"image":{"@id":"https:\/\/jesuisuncuisinier.fr\/fr\/cake-aux-courgettes-chevre-et-menthe\/#primaryimage"},"thumbnailUrl":"https:\/\/jesuisuncuisinier.fr\/wp-content\/uploads\/2015\/09\/cake-courgettes-chevre.jpg","keywords":["ch\u00e8vre","Recettes de cakes sucr\u00e9s ou sal\u00e9s","menthe","courgettes"],"articleSection":["L\u00e9gumes","recette","Four"],"inLanguage":"fr-FR","potentialAction":[{"@type":"CommentAction","name":"Comment","target":["https:\/\/jesuisuncuisinier.fr\/fr\/cake-aux-courgettes-chevre-et-menthe\/#respond"]}]},{"@type":"WebPage","@id":"https:\/\/jesuisuncuisinier.fr\/fr\/cake-aux-courgettes-chevre-et-menthe\/","url":"https:\/\/jesuisuncuisinier.fr\/fr\/cake-aux-courgettes-chevre-et-menthe\/","name":"Recette de cake aux courgettes, ch\u00e8vre et menthe","isPartOf":{"@id":"https:\/\/jesuisuncuisinier.fr\/fr\/#website"},"primaryImageOfPage":{"@id":"https:\/\/jesuisuncuisinier.fr\/fr\/cake-aux-courgettes-chevre-et-menthe\/#primaryimage"},"image":{"@id":"https:\/\/jesuisuncuisinier.fr\/fr\/cake-aux-courgettes-chevre-et-menthe\/#primaryimage"},"thumbnailUrl":"https:\/\/jesuisuncuisinier.fr\/wp-content\/uploads\/2015\/09\/cake-courgettes-chevre.jpg","datePublished":"2015-09-22T15:26:14+00:00","dateModified":"2017-08-31T21:53:06+00:00","description":"Comment \u00e9laborer un cake aux courgettes, ch\u00e8vre et menthe. Une recette pour changer du classique jambon-olives, mais \u00e9galement super bon ! Recette facile.","breadcrumb":{"@id":"https:\/\/jesuisuncuisinier.fr\/fr\/cake-aux-courgettes-chevre-et-menthe\/#breadcrumb"},"inLanguage":"fr-FR","potentialAction":[{"@type":"ReadAction","target":["https:\/\/jesuisuncuisinier.fr\/fr\/cake-aux-courgettes-chevre-et-menthe\/"]}]},{"@type":"ImageObject","inLanguage":"fr-FR","@id":"https:\/\/jesuisuncuisinier.fr\/fr\/cake-aux-courgettes-chevre-et-menthe\/#primaryimage","url":"https:\/\/jesuisuncuisinier.fr\/wp-content\/uploads\/2015\/09\/cake-courgettes-chevre.jpg","contentUrl":"https:\/\/jesuisuncuisinier.fr\/wp-content\/uploads\/2015\/09\/cake-courgettes-chevre.jpg","width":640,"height":427,"caption":"Cake aux courgettes, ch\u00e8vre et menthe"},{"@type":"BreadcrumbList","@id":"https:\/\/jesuisuncuisinier.fr\/fr\/cake-aux-courgettes-chevre-et-menthe\/#breadcrumb","itemListElement":[{"@type":"ListItem","position":1,"name":"Portada","item":"https:\/\/jesuisuncuisinier.fr\/fr\/"},{"@type":"ListItem","position":2,"name":"Recette de cake aux courgettes, ch\u00e8vre et menthe"}]},{"@type":"WebSite","@id":"https:\/\/jesuisuncuisinier.fr\/fr\/#website","url":"https:\/\/jesuisuncuisinier.fr\/fr\/","name":"Je suis un cuisinier - Recettes faciles","description":"Recettes de cuisine faciles pour tous les jours. Cuisine fran\u00e7aise, espagnole et d&#039;ailleurs.","publisher":{"@id":"https:\/\/jesuisuncuisinier.fr\/fr\/#\/schema\/person\/04d97b7b1ae2f60e14cd96fc10a341aa"},"potentialAction":[{"@type":"SearchAction","target":{"@type":"EntryPoint","urlTemplate":"https:\/\/jesuisuncuisinier.fr\/fr\/?s={search_term_string}"},"query-input":{"@type":"PropertyValueSpecification","valueRequired":true,"valueName":"search_term_string"}}],"inLanguage":"fr-FR"},{"@type":["Person","Organization"],"@id":"https:\/\/jesuisuncuisinier.fr\/fr\/#\/schema\/person\/04d97b7b1ae2f60e14cd96fc10a341aa","name":"Dami\u00e1n Serrano","image":{"@type":"ImageObject","inLanguage":"fr-FR","@id":"https:\/\/jesuisuncuisinier.fr\/wp-content\/uploads\/2019\/11\/avatar.jpg","url":"https:\/\/jesuisuncuisinier.fr\/wp-content\/uploads\/2019\/11\/avatar.jpg","contentUrl":"https:\/\/jesuisuncuisinier.fr\/wp-content\/uploads\/2019\/11\/avatar.jpg","width":200,"height":200,"caption":"Dami\u00e1n Serrano"},"logo":{"@id":"https:\/\/jesuisuncuisinier.fr\/wp-content\/uploads\/2019\/11\/avatar.jpg"}},{"@type":"Person","@id":"https:\/\/jesuisuncuisinier.fr\/fr\/#\/schema\/person\/c2da7696f2784cce34698e48f989cb2a","name":"Dami\u00e1n","sameAs":["http:\/\/jesuisuncuisinier.fr","https:\/\/x.com\/unptitcuisinier"]}]}},"amp_enabled":true,"_links":{"self":[{"href":"https:\/\/jesuisuncuisinier.fr\/fr\/wp-json\/wp\/v2\/posts\/5604","targetHints":{"allow":["GET"]}}],"collection":[{"href":"https:\/\/jesuisuncuisinier.fr\/fr\/wp-json\/wp\/v2\/posts"}],"about":[{"href":"https:\/\/jesuisuncuisinier.fr\/fr\/wp-json\/wp\/v2\/types\/post"}],"author":[{"embeddable":true,"href":"https:\/\/jesuisuncuisinier.fr\/fr\/wp-json\/wp\/v2\/users\/1"}],"replies":[{"embeddable":true,"href":"https:\/\/jesuisuncuisinier.fr\/fr\/wp-json\/wp\/v2\/comments?post=5604"}],"version-history":[{"count":0,"href":"https:\/\/jesuisuncuisinier.fr\/fr\/wp-json\/wp\/v2\/posts\/5604\/revisions"}],"wp:featuredmedia":[{"embeddable":true,"href":"https:\/\/jesuisuncuisinier.fr\/fr\/wp-json\/wp\/v2\/media\/9753"}],"wp:attachment":[{"href":"https:\/\/jesuisuncuisinier.fr\/fr\/wp-json\/wp\/v2\/media?parent=5604"}],"wp:term":[{"taxonomy":"category","embeddable":true,"href":"https:\/\/jesuisuncuisinier.fr\/fr\/wp-json\/wp\/v2\/categories?post=5604"},{"taxonomy":"post_tag","embeddable":true,"href":"https:\/\/jesuisuncuisinier.fr\/fr\/wp-json\/wp\/v2\/tags?post=5604"}],"curies":[{"name":"wp","href":"https:\/\/api.w.org\/{rel}","templated":true}]}}