{"id":4401,"date":"2015-03-29T19:07:55","date_gmt":"2015-03-29T17:07:55","guid":{"rendered":"http:\/\/estoyhechouncocinillas.com\/?p=4401"},"modified":"2017-02-08T14:24:52","modified_gmt":"2017-02-08T13:24:52","slug":"potatoes","status":"publish","type":"post","link":"https:\/\/jesuisuncuisinier.fr\/fr\/potatoes\/","title":{"rendered":"Recette de potatoes"},"content":{"rendered":"<p>Cette entr\u00e9e d\u00e9crit comment pr\u00e9parer des <strong><em>potatoes<\/em><\/strong>. Vous pouvez les servir comme accompagnement de vos plats ou les servir en ap\u00e9ro avec la sauce ranch pour tremper. Voulez-vous savoir comment faire les potatoes ? Allez, op ! C\u2019est parti !<\/p>\n<p><ins class=\"adsbygoogle\"style=\"display:block\"data-ad-client=\"ca-pub-7750789452383743\"data-ad-slot=\"4190110340\"data-ad-format=\"auto\"data-full-width-responsive=\"true\"><\/ins><script>(adsbygoogle = window.adsbygoogle || []).push({});<\/script> <amp-ad width=\"100vw\" height=320 type=\"adsense\" data-ad-client=\"ca-pub-7750789452383743\" data-ad-slot=\"4190110340\" data-auto-format=\"rspv\" data-full-width><div overflow><\/div><\/amp-ad><div class=\"cleaner\" style=\"margin: 10px\"><\/div><div itemscope itemtype=\"http:\/\/schema.org\/Recipe\">\n<div align=\"justify\" style=\"border-style:solid; border-width: 1px;padding: 10px 10px 10px 10px;\">\n<img loading=\"lazy\" decoding=\"async\" width=\"128\" height=\"85\" src=\"https:\/\/jesuisuncuisinier.fr\/wp-content\/uploads\/2015\/03\/patatas_deluxe.png\" class=\"attachment-thumbnail size-thumbnail wp-post-image\" alt=\"potatoes\" style=\"float:left; padding: 10px 10px 10px 10px\" srcset=\"https:\/\/jesuisuncuisinier.fr\/wp-content\/uploads\/2015\/03\/patatas_deluxe.png 640w, https:\/\/jesuisuncuisinier.fr\/wp-content\/uploads\/2015\/03\/patatas_deluxe-320x213.png 320w, https:\/\/jesuisuncuisinier.fr\/wp-content\/uploads\/2015\/03\/patatas_deluxe-300x200.png 300w\" sizes=\"auto, (max-width: 128px) 100vw, 128px\" \/>\n<div itemprop=\"image\" itemscope itemtype=\"https:\/\/schema.org\/ImageObject\">\t\n<meta itemprop=\"url\" content=\"https:\/\/jesuisuncuisinier.fr\/wp-content\/uploads\/2015\/03\/patatas_deluxe.png\">\n<meta itemprop=\"width\" content=\"140\">\n<meta itemprop=\"height\" content=\"85\">\n<\/div>\n<a href=\"https:\/\/jesuisuncuisinier.fr\/fr\/potatoes\/print\/\" rel=\"nofollow\" title=\"Imprimer\"><img decoding=\"async\" src=\"https:\/\/jesuisuncuisinier.fr\/wp-content\/plugins\/wp-print\/images\/printer_famfamfam.gif\" align=\"right\" alt=\"Imprimir\"><\/a>\n<h2 itemprop=\"name\" style=\"padding: 10px 10px 0px 10px\">Recette de potatoes<\/h2>\n<span id=\"post-ratings-4401\" class=\"post-ratings\" data-nonce=\"91e29a1a96\"><div align=\"center\">Votez pour cette !<\/div>\r\n<div align=\"center\"><img decoding=\"async\" id=\"rating_4401_1\" src=\"https:\/\/jesuisuncuisinier.fr\/wp-content\/plugins\/wp-postratings\/images\/stars_crystal\/rating_on.gif\" alt=\"1 Star\" title=\"1 Star\" onmouseover=\"current_rating(4401, 1, '1 Star');\" onmouseout=\"ratings_off(5, 0, 0);\" onclick=\"rate_post();\" onkeypress=\"rate_post();\" style=\"cursor: pointer; border: 0px;\" \/><img decoding=\"async\" id=\"rating_4401_2\" src=\"https:\/\/jesuisuncuisinier.fr\/wp-content\/plugins\/wp-postratings\/images\/stars_crystal\/rating_on.gif\" alt=\"2 Stars\" title=\"2 Stars\" onmouseover=\"current_rating(4401, 2, '2 Stars');\" onmouseout=\"ratings_off(5, 0, 0);\" onclick=\"rate_post();\" onkeypress=\"rate_post();\" style=\"cursor: pointer; border: 0px;\" \/><img decoding=\"async\" id=\"rating_4401_3\" src=\"https:\/\/jesuisuncuisinier.fr\/wp-content\/plugins\/wp-postratings\/images\/stars_crystal\/rating_on.gif\" alt=\"3 Stars\" title=\"3 Stars\" onmouseover=\"current_rating(4401, 3, '3 Stars');\" onmouseout=\"ratings_off(5, 0, 0);\" onclick=\"rate_post();\" onkeypress=\"rate_post();\" style=\"cursor: pointer; border: 0px;\" \/><img decoding=\"async\" id=\"rating_4401_4\" src=\"https:\/\/jesuisuncuisinier.fr\/wp-content\/plugins\/wp-postratings\/images\/stars_crystal\/rating_on.gif\" alt=\"4 Stars\" title=\"4 Stars\" onmouseover=\"current_rating(4401, 4, '4 Stars');\" onmouseout=\"ratings_off(5, 0, 0);\" onclick=\"rate_post();\" onkeypress=\"rate_post();\" style=\"cursor: pointer; border: 0px;\" \/><img decoding=\"async\" id=\"rating_4401_5\" src=\"https:\/\/jesuisuncuisinier.fr\/wp-content\/plugins\/wp-postratings\/images\/stars_crystal\/rating_on.gif\" alt=\"5 Stars\" title=\"5 Stars\" onmouseover=\"current_rating(4401, 5, '5 Stars');\" onmouseout=\"ratings_off(5, 0, 0);\" onclick=\"rate_post();\" onkeypress=\"rate_post();\" style=\"cursor: pointer; border: 0px;\" \/><\/div>\r\n<div align=\"center\">Note: 5,00 \/ 5. Votes: 1<\/div><\/span><span id=\"post-ratings-4401-loading\" class=\"post-ratings-loading\"><img loading=\"lazy\" decoding=\"async\" src=\"https:\/\/jesuisuncuisinier.fr\/wp-content\/plugins\/wp-postratings\/images\/loading.gif\" width=\"16\" height=\"16\" class=\"post-ratings-image\" \/>Loading...<\/span><div><\/br><span itemprop=\"author\" itemscope itemtype=\"http:\/\/schema.org\/Person\">   <span itemprop=\"name\" content=\"Damian Serrano\"><\/span> <\/span>\n<b>Personnes:<\/b> <span itemprop=\"recipeYield\">4<\/span>   <b>Temps:<\/b> <time itemprop=\"totalTime\" datetime=PT30M>30 m<\/time>   <b>Difficult\u00e9:<\/b> Facile<\/div><div class=\"cleaner\" style=\"margin: 10px\"><\/div><time itemprop=\"dateModified\" datetime=\"2017-02-08\"><\/time> \n<span itemprop=\"description\" content=\"\" ><\/span>\n<span itemprop=\"recipeCuisine\" content=\"Unknown\" ><\/span>\n<span itemprop=\"recipeCategory\" content=\"Unknown\" ><\/span>\n<span itemprop=\"keywords\" content=\"Unknown\" ><\/span>\n<div class=\"note-wrapper\"><div class=\"note-top\"><\/div><div class=\"note-content\"><h3 style=\"padding-left: 10px; margin-bottom: 10px;\">Ingr\u00e9dients<\/h3>\n<ul>\n<li itemprop=\"recipeIngredient\">500 g de pommes de terre (5 pommes de terre 100 g)<\/li>\n<li itemprop=\"recipeIngredient\">50 g de farine<\/li>\n<li itemprop=\"recipeIngredient\">1 cuill\u00e8re \u00e0 caf\u00e9 de paprika doux<\/li>\n<li itemprop=\"recipeIngredient\">sel et poivre<\/li>\n<\/ul><b>Pour la sauce:<\/b><ul>\n<li itemprop=\"recipeIngredient\">60 ml de cr\u00e8me fra\u00eeche<\/li>\n<li itemprop=\"recipeIngredient\">1 peu de jus de citron<\/li>\n<li itemprop=\"recipeIngredient\">\u00bd gousse d&rsquo;ail, bien \u00e9cras\u00e9<\/li>\n<li itemprop=\"recipeIngredient\">1\/2 cuill\u00e8re \u00e0 caf\u00e9 d\u2019oignon cisel\u00e9 finement<\/li>\n<li itemprop=\"recipeIngredient\">\u00bd cuill\u00e8re \u00e0 caf\u00e9 de ciboulette hach\u00e9e<\/li>\n<li itemprop=\"recipeIngredient\">\u00bd cuill\u00e8re \u00e0 caf\u00e9 de persil frais hach\u00e9 finement<\/li>\n<\/ul>\n<br \/><\/div><div class=\"note-bottom\"><\/div>\n<\/div> <!-- \/ #ingredients -->\n<\/p>\n<div align=\"justify\" class=\"directions-wrapper\"><h3>\u00c9laboration<\/h3><div class=\"directions-content instructions\" >\n<\/p>\n<ol>\n<li itemprop=\"recipeInstructions\">Pr\u00e9parer la sauce:\u00a0M\u00e9langer la cr\u00e8me avec le citron jusqu&rsquo;\u00e0 ce qu&rsquo;elle commence \u00e0 \u00e9paissir, puis ajouter le reste des ingr\u00e9dients. Ajouter l\u2019ail peu a peu et adjuster selon le go\u00fbt. R\u00e9server au r\u00e9frig\u00e9rateur.<\/li>\n<li itemprop=\"recipeInstructions\">Laver soigneusement les pommes de terre que avec la peau.<\/li>\n<li itemprop=\"recipeInstructions\">Couper les pommes de terre en quartiers les plus r\u00e9guliers possible.<\/li>\n<li itemprop=\"recipeInstructions\">Placer les pommes de terre dans une grande casserole et les couvrir avec de l&rsquo;eau.<\/li>\n<li itemprop=\"recipeInstructions\">Porter la casserole \u00e0 \u00e9bullition.<\/li>\n<li itemprop=\"recipeInstructions\">Faire bouillir les pommes de terre pendant 5 minutes.<\/li>\n<li itemprop=\"recipeInstructions\">\u00c9goutter les pommes de terre imm\u00e9diatement et les laisser ti\u00e9dir.<\/li>\n<li itemprop=\"recipeInstructions\">Pendant ce temps, dans un grand bol, m\u00e9langer la farine avec le paprika et ajouter une demi cuill\u00e8re \u00e0 caf\u00e9 de sel et une autre de poivre.<\/li>\n<li itemprop=\"recipeInstructions\">Salez et poivrer les pommes de terre.<\/li>\n<li itemprop=\"recipeInstructions\">Placer la farine et les pommes de terre dans un sac cong\u00e9lation et bien les agiter. Cette m\u00e9thode est la fa\u00e7on plus rapide pour fariner les potatoes. Sinon, on peut aussi le faire \u00e0 la main.<\/li>\n<li itemprop=\"recipeInstructions\">Faire chauffer l&rsquo;huile dans une po\u00eale, une casserole \u00e0 fond \u00e9pais ou la friteuse \u00e0 170\u00b0C.<\/li>\n<li itemprop=\"recipeInstructions\">Lorsque l&rsquo;huile est chaude, faire frire les pommes de terre jusqu&rsquo;\u00e0 ce qu&rsquo;elles soient dor\u00e9es selon votre go\u00fbt. Les faire frire en 2 ou 3 lots.<\/li>\n<li itemprop=\"recipeInstructions\">\u00c9goutter sur du papier absorbant 1 minute.<\/li>\n<li itemprop=\"recipeInstructions\">C\u2019est pr\u00eat ! Servir avec la sauce ranch. Bonne d\u00e9gustation !<\/li>\n<\/ol>\n<p><\/div><div class=\"cleaner\" style=\"padding-bottom: 10px;\">&nbsp;<\/div><\/div> <!-- \/# directions -->\n<script async src=\"https:\/\/pagead2.googlesyndication.com\/pagead\/js\/adsbygoogle.js\"><\/script><ins class=\"adsbygoogle\"style=\"display:block\"data-ad-client=\"ca-pub-7750789452383743\"data-ad-slot=\"3064891712\"data-ad-format=\"auto\"><\/ins><script async>(adsbygoogle = window.adsbygoogle || []).push({});<\/script> <amp-ad width=\"100vw\" height=320 type=\"adsense\" data-ad-client=\"ca-pub-7750789452383743\" data-ad-slot=\"1189241592\" data-auto-format=\"rspv\" data-full-width><div overflow><\/div><\/amp-ad>\n<div align=\"justify\" class=\"hints-wrapper\" ><h3>Conseils et astuces<\/h3><div class=\"hints-content hints\">\n<ul>\n<li>En plus de la sauce ranch, vous pouvez aussi servir les potatoes avec votre sauce pr\u00e9f\u00e9r\u00e9e, comme de la mayonnaise, du ketchup, de l\u2019a\u00eeoli, de la moutarde et du miel &#8230;<\/li>\n<li>Vous pouvez faire cuire les potatoes \u00e0 la vapeur.<\/li>\n<li>Pour une version un peu plus l\u00e9g\u00e8re des potatoes ne pas les fariner et les placer une fois cuites sur une plaque allant au four, verser un filet d&rsquo;huile d\u2019olive, assaisonner avec les \u00e9pices de votre choix et enfourner \u00e0\u00a0180\u00baC jusqu&rsquo;\u00e0 obtenir la coloration souhait\u00e9e.<\/li>\n<li>Aimez-vous les frites? Voici la recette des <a title=\"Recette de frites gratin\u00e9es au fromage et bacon (bacon and cheese fries)\" href=\"http:\/\/jesuisuncuisinier.fr\/fr\/2015\/03\/bacon-and-cheese-fries.html\">frites gratin\u00e9es au fromage et bacon<\/a>, les <a title=\"Recette de rondelles de pommes de terre frites \u00e0 la vinaigrette d\u2019ail et persil\" href=\"http:\/\/jesuisuncuisinier.fr\/fr\/2011\/10\/rondelles-de-pommes-de-terre-frites-a-la-vinaigrette-dail-et-persil.html\">rondelles de pomme de terre assaisonn\u00e9es \u00e0 la vinaigrette d&rsquo;ail et persil<\/a>, ou si vous les pr\u00e9f\u00e9rez en accompagnement les <a title=\"Recette de pommes de terre r\u00f4ties au thym\" href=\"http:\/\/jesuisuncuisinier.fr\/fr\/2011\/12\/pommes-de-terre-roties-au-thym.html\">pommes de terre r\u00f4ties au thym<\/a>.<\/li>\n<\/ul>\n<p><\/div><\/div> <!-- \/# hints --><\/div><div class=\"cleaner\" style=\"padding-bottom: 10px;\">&nbsp;<\/div><\/div><!-- \/ #recipe --> \n<\/p>\n","protected":false},"excerpt":{"rendered":"","protected":false},"author":1,"featured_media":4402,"comment_status":"open","ping_status":"open","sticky":false,"template":"","format":"standard","meta":{"_yoast_wpseo_focuskw":"potatoes","_yoast_wpseo_metadesc":"","footnotes":""},"categories":[20,851],"tags":[5,767,770],"class_list":["post-4401","post","type-post","status-publish","format-standard","has-post-thumbnail","hentry","category-recette","category-amuse-geules","tag-pommes-de-terre","tag-frites","tag-sauce-ranch"],"yoast_head":"<!-- This site is optimized with the Yoast SEO plugin v27.5 - https:\/\/yoast.com\/product\/yoast-seo-wordpress\/ -->\n<title>Recette de potatoes<\/title>\n<meta name=\"robots\" content=\"index, follow, max-snippet:-1, max-image-preview:large, max-video-preview:-1\" \/>\n<link rel=\"canonical\" href=\"https:\/\/jesuisuncuisinier.fr\/fr\/potatoes\/\" \/>\n<meta property=\"og:locale\" content=\"fr_FR\" \/>\n<meta property=\"og:type\" content=\"article\" \/>\n<meta property=\"og:title\" content=\"Recette de potatoes\" \/>\n<meta property=\"og:url\" content=\"https:\/\/jesuisuncuisinier.fr\/fr\/potatoes\/\" \/>\n<meta property=\"og:site_name\" content=\"Je suis un cuisinier - Recettes faciles\" \/>\n<meta property=\"article:published_time\" content=\"2015-03-29T17:07:55+00:00\" \/>\n<meta property=\"article:modified_time\" content=\"2017-02-08T13:24:52+00:00\" \/>\n<meta property=\"og:image\" content=\"https:\/\/jesuisuncuisinier.fr\/wp-content\/uploads\/2015\/03\/patatas_deluxe.png\" \/>\n\t<meta property=\"og:image:width\" content=\"640\" \/>\n\t<meta property=\"og:image:height\" content=\"425\" \/>\n\t<meta property=\"og:image:type\" content=\"image\/png\" \/>\n<meta name=\"author\" content=\"Dami\u00e1n\" \/>\n<meta name=\"twitter:card\" content=\"summary_large_image\" \/>\n<meta name=\"twitter:creator\" content=\"@unptitcuisinier\" \/>\n<meta name=\"twitter:site\" content=\"@unptitcuisinier\" \/>\n<meta name=\"twitter:label1\" content=\"\u00c9crit par\" \/>\n\t<meta name=\"twitter:data1\" content=\"Dami\u00e1n\" \/>\n\t<meta name=\"twitter:label2\" content=\"Dur\u00e9e de lecture estim\u00e9e\" \/>\n\t<meta name=\"twitter:data2\" content=\"2 minutes\" \/>\n<script type=\"application\/ld+json\" class=\"yoast-schema-graph\">{\"@context\":\"https:\\\/\\\/schema.org\",\"@graph\":[{\"@type\":\"Article\",\"@id\":\"https:\\\/\\\/jesuisuncuisinier.fr\\\/fr\\\/potatoes\\\/#article\",\"isPartOf\":{\"@id\":\"https:\\\/\\\/jesuisuncuisinier.fr\\\/fr\\\/potatoes\\\/\"},\"author\":{\"name\":\"Dami\u00e1n\",\"@id\":\"https:\\\/\\\/jesuisuncuisinier.fr\\\/fr\\\/#\\\/schema\\\/person\\\/c2da7696f2784cce34698e48f989cb2a\"},\"headline\":\"Recette de potatoes\",\"datePublished\":\"2015-03-29T17:07:55+00:00\",\"dateModified\":\"2017-02-08T13:24:52+00:00\",\"mainEntityOfPage\":{\"@id\":\"https:\\\/\\\/jesuisuncuisinier.fr\\\/fr\\\/potatoes\\\/\"},\"wordCount\":503,\"commentCount\":0,\"publisher\":{\"@id\":\"https:\\\/\\\/jesuisuncuisinier.fr\\\/fr\\\/#\\\/schema\\\/person\\\/04d97b7b1ae2f60e14cd96fc10a341aa\"},\"image\":{\"@id\":\"https:\\\/\\\/jesuisuncuisinier.fr\\\/fr\\\/potatoes\\\/#primaryimage\"},\"thumbnailUrl\":\"https:\\\/\\\/jesuisuncuisinier.fr\\\/wp-content\\\/uploads\\\/2015\\\/03\\\/patatas_deluxe.png\",\"keywords\":[\"pommes de terre\",\"frites\",\"sauce ranch\"],\"articleSection\":[\"recette\",\"Amuse-geules\"],\"inLanguage\":\"fr-FR\",\"potentialAction\":[{\"@type\":\"CommentAction\",\"name\":\"Comment\",\"target\":[\"https:\\\/\\\/jesuisuncuisinier.fr\\\/fr\\\/potatoes\\\/#respond\"]}]},{\"@type\":\"WebPage\",\"@id\":\"https:\\\/\\\/jesuisuncuisinier.fr\\\/fr\\\/potatoes\\\/\",\"url\":\"https:\\\/\\\/jesuisuncuisinier.fr\\\/fr\\\/potatoes\\\/\",\"name\":\"Recette de potatoes\",\"isPartOf\":{\"@id\":\"https:\\\/\\\/jesuisuncuisinier.fr\\\/fr\\\/#website\"},\"primaryImageOfPage\":{\"@id\":\"https:\\\/\\\/jesuisuncuisinier.fr\\\/fr\\\/potatoes\\\/#primaryimage\"},\"image\":{\"@id\":\"https:\\\/\\\/jesuisuncuisinier.fr\\\/fr\\\/potatoes\\\/#primaryimage\"},\"thumbnailUrl\":\"https:\\\/\\\/jesuisuncuisinier.fr\\\/wp-content\\\/uploads\\\/2015\\\/03\\\/patatas_deluxe.png\",\"datePublished\":\"2015-03-29T17:07:55+00:00\",\"dateModified\":\"2017-02-08T13:24:52+00:00\",\"breadcrumb\":{\"@id\":\"https:\\\/\\\/jesuisuncuisinier.fr\\\/fr\\\/potatoes\\\/#breadcrumb\"},\"inLanguage\":\"fr-FR\",\"potentialAction\":[{\"@type\":\"ReadAction\",\"target\":[\"https:\\\/\\\/jesuisuncuisinier.fr\\\/fr\\\/potatoes\\\/\"]}]},{\"@type\":\"ImageObject\",\"inLanguage\":\"fr-FR\",\"@id\":\"https:\\\/\\\/jesuisuncuisinier.fr\\\/fr\\\/potatoes\\\/#primaryimage\",\"url\":\"https:\\\/\\\/jesuisuncuisinier.fr\\\/wp-content\\\/uploads\\\/2015\\\/03\\\/patatas_deluxe.png\",\"contentUrl\":\"https:\\\/\\\/jesuisuncuisinier.fr\\\/wp-content\\\/uploads\\\/2015\\\/03\\\/patatas_deluxe.png\",\"width\":640,\"height\":425,\"caption\":\"potatoes\"},{\"@type\":\"BreadcrumbList\",\"@id\":\"https:\\\/\\\/jesuisuncuisinier.fr\\\/fr\\\/potatoes\\\/#breadcrumb\",\"itemListElement\":[{\"@type\":\"ListItem\",\"position\":1,\"name\":\"Portada\",\"item\":\"https:\\\/\\\/jesuisuncuisinier.fr\\\/fr\\\/\"},{\"@type\":\"ListItem\",\"position\":2,\"name\":\"Recette de potatoes\"}]},{\"@type\":\"WebSite\",\"@id\":\"https:\\\/\\\/jesuisuncuisinier.fr\\\/fr\\\/#website\",\"url\":\"https:\\\/\\\/jesuisuncuisinier.fr\\\/fr\\\/\",\"name\":\"Je suis un cuisinier - Recettes faciles\",\"description\":\"Recettes de cuisine faciles pour tous les jours. Cuisine fran\u00e7aise, espagnole et d&#039;ailleurs.\",\"publisher\":{\"@id\":\"https:\\\/\\\/jesuisuncuisinier.fr\\\/fr\\\/#\\\/schema\\\/person\\\/04d97b7b1ae2f60e14cd96fc10a341aa\"},\"potentialAction\":[{\"@type\":\"SearchAction\",\"target\":{\"@type\":\"EntryPoint\",\"urlTemplate\":\"https:\\\/\\\/jesuisuncuisinier.fr\\\/fr\\\/?s={search_term_string}\"},\"query-input\":{\"@type\":\"PropertyValueSpecification\",\"valueRequired\":true,\"valueName\":\"search_term_string\"}}],\"inLanguage\":\"fr-FR\"},{\"@type\":[\"Person\",\"Organization\"],\"@id\":\"https:\\\/\\\/jesuisuncuisinier.fr\\\/fr\\\/#\\\/schema\\\/person\\\/04d97b7b1ae2f60e14cd96fc10a341aa\",\"name\":\"Dami\u00e1n Serrano\",\"image\":{\"@type\":\"ImageObject\",\"inLanguage\":\"fr-FR\",\"@id\":\"https:\\\/\\\/jesuisuncuisinier.fr\\\/wp-content\\\/uploads\\\/2019\\\/11\\\/avatar.jpg\",\"url\":\"https:\\\/\\\/jesuisuncuisinier.fr\\\/wp-content\\\/uploads\\\/2019\\\/11\\\/avatar.jpg\",\"contentUrl\":\"https:\\\/\\\/jesuisuncuisinier.fr\\\/wp-content\\\/uploads\\\/2019\\\/11\\\/avatar.jpg\",\"width\":200,\"height\":200,\"caption\":\"Dami\u00e1n Serrano\"},\"logo\":{\"@id\":\"https:\\\/\\\/jesuisuncuisinier.fr\\\/wp-content\\\/uploads\\\/2019\\\/11\\\/avatar.jpg\"}},{\"@type\":\"Person\",\"@id\":\"https:\\\/\\\/jesuisuncuisinier.fr\\\/fr\\\/#\\\/schema\\\/person\\\/c2da7696f2784cce34698e48f989cb2a\",\"name\":\"Dami\u00e1n\",\"sameAs\":[\"http:\\\/\\\/jesuisuncuisinier.fr\",\"https:\\\/\\\/x.com\\\/unptitcuisinier\"]}]}<\/script>\n<!-- \/ Yoast SEO plugin. -->","yoast_head_json":{"title":"Recette de potatoes","robots":{"index":"index","follow":"follow","max-snippet":"max-snippet:-1","max-image-preview":"max-image-preview:large","max-video-preview":"max-video-preview:-1"},"canonical":"https:\/\/jesuisuncuisinier.fr\/fr\/potatoes\/","og_locale":"fr_FR","og_type":"article","og_title":"Recette de potatoes","og_url":"https:\/\/jesuisuncuisinier.fr\/fr\/potatoes\/","og_site_name":"Je suis un cuisinier - Recettes faciles","article_published_time":"2015-03-29T17:07:55+00:00","article_modified_time":"2017-02-08T13:24:52+00:00","og_image":[{"width":640,"height":425,"url":"https:\/\/jesuisuncuisinier.fr\/wp-content\/uploads\/2015\/03\/patatas_deluxe.png","type":"image\/png"}],"author":"Dami\u00e1n","twitter_card":"summary_large_image","twitter_creator":"@unptitcuisinier","twitter_site":"@unptitcuisinier","twitter_misc":{"\u00c9crit par":"Dami\u00e1n","Dur\u00e9e de lecture estim\u00e9e":"2 minutes"},"schema":{"@context":"https:\/\/schema.org","@graph":[{"@type":"Article","@id":"https:\/\/jesuisuncuisinier.fr\/fr\/potatoes\/#article","isPartOf":{"@id":"https:\/\/jesuisuncuisinier.fr\/fr\/potatoes\/"},"author":{"name":"Dami\u00e1n","@id":"https:\/\/jesuisuncuisinier.fr\/fr\/#\/schema\/person\/c2da7696f2784cce34698e48f989cb2a"},"headline":"Recette de potatoes","datePublished":"2015-03-29T17:07:55+00:00","dateModified":"2017-02-08T13:24:52+00:00","mainEntityOfPage":{"@id":"https:\/\/jesuisuncuisinier.fr\/fr\/potatoes\/"},"wordCount":503,"commentCount":0,"publisher":{"@id":"https:\/\/jesuisuncuisinier.fr\/fr\/#\/schema\/person\/04d97b7b1ae2f60e14cd96fc10a341aa"},"image":{"@id":"https:\/\/jesuisuncuisinier.fr\/fr\/potatoes\/#primaryimage"},"thumbnailUrl":"https:\/\/jesuisuncuisinier.fr\/wp-content\/uploads\/2015\/03\/patatas_deluxe.png","keywords":["pommes de terre","frites","sauce ranch"],"articleSection":["recette","Amuse-geules"],"inLanguage":"fr-FR","potentialAction":[{"@type":"CommentAction","name":"Comment","target":["https:\/\/jesuisuncuisinier.fr\/fr\/potatoes\/#respond"]}]},{"@type":"WebPage","@id":"https:\/\/jesuisuncuisinier.fr\/fr\/potatoes\/","url":"https:\/\/jesuisuncuisinier.fr\/fr\/potatoes\/","name":"Recette de potatoes","isPartOf":{"@id":"https:\/\/jesuisuncuisinier.fr\/fr\/#website"},"primaryImageOfPage":{"@id":"https:\/\/jesuisuncuisinier.fr\/fr\/potatoes\/#primaryimage"},"image":{"@id":"https:\/\/jesuisuncuisinier.fr\/fr\/potatoes\/#primaryimage"},"thumbnailUrl":"https:\/\/jesuisuncuisinier.fr\/wp-content\/uploads\/2015\/03\/patatas_deluxe.png","datePublished":"2015-03-29T17:07:55+00:00","dateModified":"2017-02-08T13:24:52+00:00","breadcrumb":{"@id":"https:\/\/jesuisuncuisinier.fr\/fr\/potatoes\/#breadcrumb"},"inLanguage":"fr-FR","potentialAction":[{"@type":"ReadAction","target":["https:\/\/jesuisuncuisinier.fr\/fr\/potatoes\/"]}]},{"@type":"ImageObject","inLanguage":"fr-FR","@id":"https:\/\/jesuisuncuisinier.fr\/fr\/potatoes\/#primaryimage","url":"https:\/\/jesuisuncuisinier.fr\/wp-content\/uploads\/2015\/03\/patatas_deluxe.png","contentUrl":"https:\/\/jesuisuncuisinier.fr\/wp-content\/uploads\/2015\/03\/patatas_deluxe.png","width":640,"height":425,"caption":"potatoes"},{"@type":"BreadcrumbList","@id":"https:\/\/jesuisuncuisinier.fr\/fr\/potatoes\/#breadcrumb","itemListElement":[{"@type":"ListItem","position":1,"name":"Portada","item":"https:\/\/jesuisuncuisinier.fr\/fr\/"},{"@type":"ListItem","position":2,"name":"Recette de potatoes"}]},{"@type":"WebSite","@id":"https:\/\/jesuisuncuisinier.fr\/fr\/#website","url":"https:\/\/jesuisuncuisinier.fr\/fr\/","name":"Je suis un cuisinier - Recettes faciles","description":"Recettes de cuisine faciles pour tous les jours. Cuisine fran\u00e7aise, espagnole et d&#039;ailleurs.","publisher":{"@id":"https:\/\/jesuisuncuisinier.fr\/fr\/#\/schema\/person\/04d97b7b1ae2f60e14cd96fc10a341aa"},"potentialAction":[{"@type":"SearchAction","target":{"@type":"EntryPoint","urlTemplate":"https:\/\/jesuisuncuisinier.fr\/fr\/?s={search_term_string}"},"query-input":{"@type":"PropertyValueSpecification","valueRequired":true,"valueName":"search_term_string"}}],"inLanguage":"fr-FR"},{"@type":["Person","Organization"],"@id":"https:\/\/jesuisuncuisinier.fr\/fr\/#\/schema\/person\/04d97b7b1ae2f60e14cd96fc10a341aa","name":"Dami\u00e1n Serrano","image":{"@type":"ImageObject","inLanguage":"fr-FR","@id":"https:\/\/jesuisuncuisinier.fr\/wp-content\/uploads\/2019\/11\/avatar.jpg","url":"https:\/\/jesuisuncuisinier.fr\/wp-content\/uploads\/2019\/11\/avatar.jpg","contentUrl":"https:\/\/jesuisuncuisinier.fr\/wp-content\/uploads\/2019\/11\/avatar.jpg","width":200,"height":200,"caption":"Dami\u00e1n Serrano"},"logo":{"@id":"https:\/\/jesuisuncuisinier.fr\/wp-content\/uploads\/2019\/11\/avatar.jpg"}},{"@type":"Person","@id":"https:\/\/jesuisuncuisinier.fr\/fr\/#\/schema\/person\/c2da7696f2784cce34698e48f989cb2a","name":"Dami\u00e1n","sameAs":["http:\/\/jesuisuncuisinier.fr","https:\/\/x.com\/unptitcuisinier"]}]}},"amp_enabled":true,"_links":{"self":[{"href":"https:\/\/jesuisuncuisinier.fr\/fr\/wp-json\/wp\/v2\/posts\/4401","targetHints":{"allow":["GET"]}}],"collection":[{"href":"https:\/\/jesuisuncuisinier.fr\/fr\/wp-json\/wp\/v2\/posts"}],"about":[{"href":"https:\/\/jesuisuncuisinier.fr\/fr\/wp-json\/wp\/v2\/types\/post"}],"author":[{"embeddable":true,"href":"https:\/\/jesuisuncuisinier.fr\/fr\/wp-json\/wp\/v2\/users\/1"}],"replies":[{"embeddable":true,"href":"https:\/\/jesuisuncuisinier.fr\/fr\/wp-json\/wp\/v2\/comments?post=4401"}],"version-history":[{"count":0,"href":"https:\/\/jesuisuncuisinier.fr\/fr\/wp-json\/wp\/v2\/posts\/4401\/revisions"}],"wp:featuredmedia":[{"embeddable":true,"href":"https:\/\/jesuisuncuisinier.fr\/fr\/wp-json\/wp\/v2\/media\/4402"}],"wp:attachment":[{"href":"https:\/\/jesuisuncuisinier.fr\/fr\/wp-json\/wp\/v2\/media?parent=4401"}],"wp:term":[{"taxonomy":"category","embeddable":true,"href":"https:\/\/jesuisuncuisinier.fr\/fr\/wp-json\/wp\/v2\/categories?post=4401"},{"taxonomy":"post_tag","embeddable":true,"href":"https:\/\/jesuisuncuisinier.fr\/fr\/wp-json\/wp\/v2\/tags?post=4401"}],"curies":[{"name":"wp","href":"https:\/\/api.w.org\/{rel}","templated":true}]}}