{"id":4293,"date":"2015-03-22T07:20:21","date_gmt":"2015-03-22T06:20:21","guid":{"rendered":"http:\/\/estoyhechouncocinillas.com\/fr\/?p=4293"},"modified":"2017-02-24T01:19:52","modified_gmt":"2017-02-24T00:19:52","slug":"bacon-and-cheese-fries","status":"publish","type":"post","link":"https:\/\/jesuisuncuisinier.fr\/fr\/bacon-and-cheese-fries\/","title":{"rendered":"Recette de frites gratin\u00e9es au fromage et bacon (frites au fromage fondu)"},"content":{"rendered":"\n<p>Si les frites sont votre \u201cp\u00e9ch\u00e9 mignon\u00a0\u00bb et le <strong>fromage fondu<\/strong> vous passionne, il n&rsquo;y aura pas de mots pour d\u00e9crire les <strong>frites gratin\u00e9es au fromage et bacon<\/strong>. Avez-vous d\u00e9j\u00e0 essay\u00e9 ? On ne peut pas arr\u00eater ! \u00e7<\/p>\n<script async src=\"\/\/pagead2.googlesyndication.com\/pagead\/js\/adsbygoogle.js\"><\/script><ins class=\"adsbygoogle\"style=\"display:block\"data-ad-client=\"ca-pub-7750789452383743\"data-ad-slot=\"9252856116\"data-ad-format=\"auto\"><\/ins><script>(adsbygoogle = window.adsbygoogle || []).push({});<\/script><amp-ad width=\"100vw\" height=320 type=\"adsense\" data-ad-client=\"ca-pub-7750789452383743\" data-ad-slot=\"7340373828\" data-auto-format=\"rspv\" data-full-width><div overflow><\/div><\/amp-ad><div class=\"cleaner\" style=\"margin: 10px\"><\/div>\n<h2>Voulez-vous savoir comment pr\u00e9parer les frites gratin\u00e9es au fromage et bacon ?<\/h2>\n<p>C\u2019est une entr\u00e9e \u00e0 partager et qui peut aussi \u00eatre presque \u00eatre faite \u00e0 l&rsquo;avance, comme je le d\u00e9cris dans la section conseil.<\/p>\n<p>Voici la recette. C\u2019est parti !<\/p>\n<p><ins class=\"adsbygoogle\"style=\"display:block\"data-ad-client=\"ca-pub-7750789452383743\"data-ad-slot=\"4190110340\"data-ad-format=\"auto\"data-full-width-responsive=\"true\"><\/ins><script>(adsbygoogle = window.adsbygoogle || []).push({});<\/script> <amp-ad width=\"100vw\" height=320 type=\"adsense\" data-ad-client=\"ca-pub-7750789452383743\" data-ad-slot=\"4190110340\" data-auto-format=\"rspv\" data-full-width><div overflow><\/div><\/amp-ad><div class=\"cleaner\" style=\"margin: 10px\"><\/div><div itemscope itemtype=\"http:\/\/schema.org\/Recipe\">\n<div align=\"justify\" style=\"border-style:solid; border-width: 1px;padding: 10px 10px 10px 10px;\">\n<img loading=\"lazy\" decoding=\"async\" width=\"128\" height=\"74\" src=\"https:\/\/jesuisuncuisinier.fr\/wp-content\/uploads\/2015\/03\/frites-gratin\u00e9es-au-fromage-et-bacon-bacon-and-cheese-fries.jpg\" class=\"attachment-thumbnail size-thumbnail wp-post-image\" alt=\"Recette de frites gratin\u00e9es au fromage et bacon (bacon and cheese fries)\" style=\"float:left; padding: 10px 10px 10px 10px\" srcset=\"https:\/\/jesuisuncuisinier.fr\/wp-content\/uploads\/2015\/03\/frites-gratin\u00e9es-au-fromage-et-bacon-bacon-and-cheese-fries.jpg 740w, https:\/\/jesuisuncuisinier.fr\/wp-content\/uploads\/2015\/03\/frites-gratin\u00e9es-au-fromage-et-bacon-bacon-and-cheese-fries-320x185.jpg 320w\" sizes=\"auto, (max-width: 128px) 100vw, 128px\" \/>\n<div itemprop=\"image\" itemscope itemtype=\"https:\/\/schema.org\/ImageObject\">\t\n<meta itemprop=\"url\" content=\"https:\/\/jesuisuncuisinier.fr\/wp-content\/uploads\/2015\/03\/frites-gratin\u00e9es-au-fromage-et-bacon-bacon-and-cheese-fries.jpg\">\n<meta itemprop=\"width\" content=\"140\">\n<meta itemprop=\"height\" content=\"85\">\n<\/div>\n<a href=\"https:\/\/jesuisuncuisinier.fr\/fr\/bacon-and-cheese-fries\/print\/\" rel=\"nofollow\" title=\"Imprimer\"><img decoding=\"async\" src=\"https:\/\/jesuisuncuisinier.fr\/wp-content\/plugins\/wp-print\/images\/printer_famfamfam.gif\" align=\"right\" alt=\"Imprimir\"><\/a>\n<h2 itemprop=\"name\" style=\"padding: 10px 10px 0px 10px\">Recette de frites gratin\u00e9es au fromage et bacon (frites au fromage fondu)<\/h2>\n<span id=\"post-ratings-4293\" class=\"post-ratings\" data-nonce=\"3203b9154d\"><div align=\"center\">Votez pour cette !<\/div>\r\n<div align=\"center\"><img decoding=\"async\" id=\"rating_4293_1\" src=\"https:\/\/jesuisuncuisinier.fr\/wp-content\/plugins\/wp-postratings\/images\/stars_crystal\/rating_on.gif\" alt=\"1 Star\" title=\"1 Star\" onmouseover=\"current_rating(4293, 1, '1 Star');\" onmouseout=\"ratings_off(4, 0, 0);\" onclick=\"rate_post();\" onkeypress=\"rate_post();\" style=\"cursor: pointer; border: 0px;\" \/><img decoding=\"async\" id=\"rating_4293_2\" src=\"https:\/\/jesuisuncuisinier.fr\/wp-content\/plugins\/wp-postratings\/images\/stars_crystal\/rating_on.gif\" alt=\"2 Stars\" title=\"2 Stars\" onmouseover=\"current_rating(4293, 2, '2 Stars');\" onmouseout=\"ratings_off(4, 0, 0);\" onclick=\"rate_post();\" onkeypress=\"rate_post();\" style=\"cursor: pointer; border: 0px;\" \/><img decoding=\"async\" id=\"rating_4293_3\" src=\"https:\/\/jesuisuncuisinier.fr\/wp-content\/plugins\/wp-postratings\/images\/stars_crystal\/rating_on.gif\" alt=\"3 Stars\" title=\"3 Stars\" onmouseover=\"current_rating(4293, 3, '3 Stars');\" onmouseout=\"ratings_off(4, 0, 0);\" onclick=\"rate_post();\" onkeypress=\"rate_post();\" style=\"cursor: pointer; border: 0px;\" \/><img decoding=\"async\" id=\"rating_4293_4\" src=\"https:\/\/jesuisuncuisinier.fr\/wp-content\/plugins\/wp-postratings\/images\/stars_crystal\/rating_on.gif\" alt=\"4 Stars\" title=\"4 Stars\" onmouseover=\"current_rating(4293, 4, '4 Stars');\" onmouseout=\"ratings_off(4, 0, 0);\" onclick=\"rate_post();\" onkeypress=\"rate_post();\" style=\"cursor: pointer; border: 0px;\" \/><img decoding=\"async\" id=\"rating_4293_5\" src=\"https:\/\/jesuisuncuisinier.fr\/wp-content\/plugins\/wp-postratings\/images\/stars_crystal\/rating_off.gif\" alt=\"5 Stars\" title=\"5 Stars\" onmouseover=\"current_rating(4293, 5, '5 Stars');\" onmouseout=\"ratings_off(4, 0, 0);\" onclick=\"rate_post();\" onkeypress=\"rate_post();\" style=\"cursor: pointer; border: 0px;\" \/><\/div>\r\n<div align=\"center\">Note: 4,00 \/ 5. Votes: 34<\/div><\/span><span id=\"post-ratings-4293-loading\" class=\"post-ratings-loading\"><img loading=\"lazy\" decoding=\"async\" src=\"https:\/\/jesuisuncuisinier.fr\/wp-content\/plugins\/wp-postratings\/images\/loading.gif\" width=\"16\" height=\"16\" class=\"post-ratings-image\" \/>Loading...<\/span><div><\/br><span itemprop=\"author\" itemscope itemtype=\"http:\/\/schema.org\/Person\">   <span itemprop=\"name\" content=\"Damian Serrano\"><\/span> <\/span>\n<b>Personnes:<\/b> <span itemprop=\"recipeYield\">4<\/span>   <b>Temps:<\/b> <time itemprop=\"totalTime\" datetime=PT1H>1 h<\/time>   <b>Difficult\u00e9:<\/b> Facile<\/div><div class=\"cleaner\" style=\"margin: 10px\"><\/div><time itemprop=\"dateModified\" datetime=\"2017-02-24\"><\/time> \n<span itemprop=\"description\" content=\"Comment pr\u00e9parer des frites gratin\u00e9es au fromage et bacon (bacon and cheese fries). Recette facile. Pour les passionn\u00e9(e)s des frites au fromage fondu.\" ><\/span>\n<span itemprop=\"recipeCuisine\" content=\"Unknown\" ><\/span>\n<span itemprop=\"recipeCategory\" content=\"Unknown\" ><\/span>\n<span itemprop=\"keywords\" content=\"Unknown\" ><\/span>\n<div class=\"note-wrapper\"><div class=\"note-top\"><\/div><div class=\"note-content\"><h3 style=\"padding-left: 10px; margin-bottom: 10px;\">Ingr\u00e9dients<\/h3>\n<ul>\n<li itemprop=\"recipeIngredient\">500 g de pommes de terre pour la friture<\/li>\n<li itemprop=\"recipeIngredient\">50 g fromage cheddar<\/li>\n<li itemprop=\"recipeIngredient\">50 g fromage gouda<\/li>\n<li itemprop=\"recipeIngredient\">4 tranches de poitrine (fines)<\/li>\n<li itemprop=\"recipeIngredient\">Huile de tournesol pour la friture<\/li>\n<li itemprop=\"recipeIngredient\">Sel<\/li>\n<\/ul><b>Pour la sauce ranch :<\/b><ul>\n<li itemprop=\"recipeIngredient\">2 \u00e0 3 cuiller\u00e9es \u00e0 soupe de cr\u00e8me fra\u00eeche<\/li>\n<li itemprop=\"recipeIngredient\">1 trait de jus de citron<\/li>\n<li itemprop=\"recipeIngredient\">125 ml de mayonnaise<\/li>\n<li itemprop=\"recipeIngredient\">1 gousse d&rsquo;ail bien \u00e9cras\u00e9e<\/li>\n<li itemprop=\"recipeIngredient\">1 cuill\u00e8re \u00e0 caf\u00e9 d&rsquo;oignon nouveau ou d\u2019\u00e9chalote hach\u00e9e le plus finement possible<\/li>\n<li itemprop=\"recipeIngredient\">1 cuill\u00e8re \u00e0 caf\u00e9 de ciboulette finement hach\u00e9e<\/li>\n<li itemprop=\"recipeIngredient\">1 cuill\u00e8re \u00e0 caf\u00e9 de persil plat finement hach\u00e9<\/li>\n<li itemprop=\"recipeIngredient\">Sel<\/li>\n<\/ul>\n<br \/><\/div><div class=\"note-bottom\"><\/div>\n<\/div> <!-- \/ #ingredients -->\n<\/p>\n<p>[recipenutrition calories=\u00a0\u00bb405 kcal\u00a0\u00bb][\/recipenutrition]<\/p>\n<div align=\"justify\" class=\"directions-wrapper\"><h3>\u00c9laboration<\/h3><div class=\"directions-content instructions\" >\n<\/p>\n<p><strong>Pr\u00e9parer les frites.<\/strong><\/p>\n<ol>\n<li itemprop=\"recipeInstructions\">Peler les pommes de terre et les couper en b\u00e2tonnets de m\u00eame taille. On peut se servir d\u2019un coupe frites.<\/li>\n<li itemprop=\"recipeInstructions\">Laver les frites avec de l&rsquo;eau froide 2 ou 3 fois pour leurs faire perdre l\u2019amidon. Bien \u00e9goutter.<\/li>\n<li itemprop=\"recipeInstructions\">Faire chauffer suffisamment d\u2019huile dans une po\u00eale, dans une casserole \u00e0 fond \u00e9pais, ou dans la friteuse \u00e0 150 \u00b0 C.<\/li>\n<li itemprop=\"recipeInstructions\">Pendant que l\u2019huile chauffe, s\u00e9cher les frites avec un chiffon propre ou du papier absorbant.<\/li>\n<li itemprop=\"recipeInstructions\">Lorsque l&rsquo;huile est chaude, faire frire la moiti\u00e9 des frites \u00e0 150\u00baC pendant 7 \u00e0 8 minutes.<\/li>\n<li itemprop=\"recipeInstructions\">\u00c9goutter \u00a0les frites dans une passoire en acier inoxydable et r\u00e9p\u00e9tez l&rsquo;\u00e9tape pr\u00e9c\u00e9dente avec le reste des frites.<\/li>\n<li itemprop=\"recipeInstructions\">Garder au cong\u00e9lateur au moins une demi-heure. Cette \u00e9tape aidera les frites \u00e0 rester croustillantes. Sinon, les laisser refroidir compl\u00e8tement.<\/li>\n<\/ol>\n<p><strong>Sauce Ranch<\/strong><\/p>\n<ol>\n<li itemprop=\"recipeInstructions\">Pour pr\u00e9parer la sauce ranch, vous pouvez consulter une recette plus d\u00e9taill\u00e9e en suivant le lien. Bref, \u00e7a consiste d&rsquo;abord \u00e0 m\u00e9langer la cr\u00e8me avec le citron, puis avec le reste des ingr\u00e9dients, sauf l&rsquo;ail, et une pinc\u00e9e de sel.<\/li>\n<li itemprop=\"recipeInstructions\">Incorporer l\u2019ail petit \u00e0 petit, jusqu\u2019\u00e0 obtenir le go\u00fbt d\u00e9sir\u00e9.<\/li>\n<li itemprop=\"recipeInstructions\">Garder au r\u00e9frig\u00e9rateur dans un r\u00e9cipient couvert.<\/li>\n<\/ol>\n<p><strong>Bacon<\/strong><\/p>\n<ol>\n<li itemprop=\"recipeInstructions\">Couper les tranches de poitrine en morceaux.<\/li>\n<li itemprop=\"recipeInstructions\">Faire chauffer une po\u00eale sans mati\u00e8re grasse \u00e0 feu moyen.<\/li>\n<li itemprop=\"recipeInstructions\">Faire revenir la poitrine jusqu&rsquo;\u00e0 ce qu&rsquo;elle devienne l\u00e9g\u00e8rement croustillante.<\/li>\n<li itemprop=\"recipeInstructions\">R\u00e9server sur du papier absorbant.<\/li>\n<\/ol>\n<p><strong>Deuxi\u00e8me cuisson des frites<\/strong><\/p>\n<ol>\n<li itemprop=\"recipeInstructions\">Faire chauffer l&rsquo;huile pour la friture, cette fois \u00e0 170 \u00b0 C.<\/li>\n<li itemprop=\"recipeInstructions\">Lorsque l&rsquo;huile est chaude, sortir les frites du cong\u00e9lateur et, comme auparavant, les faire frire en deux fois pendant 2 \u00e0 3 minutes, jusqu&rsquo;\u00e0 ce qu\u2019elles soient dor\u00e9es et croustillantes.<\/li>\n<li itemprop=\"recipeInstructions\">Saler selon le go\u00fbt.<\/li>\n<\/ol>\n<p><strong>Montage du plat<\/strong><\/p>\n<ol>\n<li itemprop=\"recipeInstructions\">Pr\u00e9chauffer le four en position gril.<\/li>\n<li itemprop=\"recipeInstructions\">Placer les frites sur un plat allant au four.<\/li>\n<li itemprop=\"recipeInstructions\">Sortir la sauce ranch du r\u00e9frig\u00e9rateur et m\u00e9langer un peu \u00e0 nouveau.<\/li>\n<li itemprop=\"recipeInstructions\">Verser 2 cuiller\u00e9es \u00e0 soupe de sauce sur les frites.<\/li>\n<li itemprop=\"recipeInstructions\">Rapper par dessus la moiti\u00e9 de chaque fromage.<\/li>\n<li itemprop=\"recipeInstructions\">Repartir la moiti\u00e9 de la poitrine.<\/li>\n<li itemprop=\"recipeInstructions\">R\u00e9p\u00e9tez les trois \u00e9tapes pr\u00e9c\u00e9dentes.<\/li>\n<li itemprop=\"recipeInstructions\">Faire gratiner \u00e0 mi-hauteur environ 5 minutes, jusqu&rsquo;\u00e0 ce que le dessus commence \u00e0 dorer l\u00e9g\u00e8rement.<\/li>\n<li itemprop=\"recipeInstructions\">C\u2019est pr\u00eat. Servir imm\u00e9diatement. Bonne d\u00e9gustation !<\/li>\n<\/ol>\n<p><\/div><div class=\"cleaner\" style=\"padding-bottom: 10px;\">&nbsp;<\/div><\/div> <!-- \/# directions -->\n<script async src=\"https:\/\/pagead2.googlesyndication.com\/pagead\/js\/adsbygoogle.js\"><\/script><ins class=\"adsbygoogle\"style=\"display:block\"data-ad-client=\"ca-pub-7750789452383743\"data-ad-slot=\"3064891712\"data-ad-format=\"auto\"><\/ins><script async>(adsbygoogle = window.adsbygoogle || []).push({});<\/script> <amp-ad width=\"100vw\" height=320 type=\"adsense\" data-ad-client=\"ca-pub-7750789452383743\" data-ad-slot=\"1189241592\" data-auto-format=\"rspv\" data-full-width><div overflow><\/div><\/amp-ad>\n<div align=\"justify\" class=\"hints-wrapper\" ><h3>Conseils et astuces<\/h3><div class=\"hints-content hints\">\n<ul>\n<li>Servir les <strong>frites gratin\u00e9es au fromage et bacon<\/strong>\u00a0(ou <em>\u00ab\u00a0bacon cheese fries\u00a0\u00bb<\/em>) comme une entr\u00e9e \u00e0 partager.<\/li>\n<li>Vous pouvez utiliser le m\u00e9lange de fromages r\u00e2p\u00e9s de votre choix.<\/li>\n<li>Si vous pr\u00e9f\u00e9rez, laissez la peau des pommes de terre, mais lavez-les soigneusement.<\/li>\n<li>Pour voir une recette plus d\u00e9taill\u00e9e pour pr\u00e9parer des <a title=\"Recette de frites parfaites\" href=\"http:\/\/jesuisuncuisinier.fr\/fr\/2014\/02\/frites-parfaites.html\">frites parfaites<\/a> suivez le lien. Vous pouvez \u00e9galement lire une recette plus d\u00e9taill\u00e9e de la <a title=\"Recette de sauce ranch\" href=\"http:\/\/jesuisuncuisinier.fr\/fr\/2015\/03\/sauce-ranch.html\">sauce ranch<\/a>.<\/li>\n<li>Bien qu\u2019il faut faire attention \u00e0 la quantit\u00e9 d&rsquo;ail, une sauce ranch relev\u00e9 en ail est \u00e9galement d\u00e9licieuse pour ce plat..<\/li>\n<li>Essayez d&rsquo;ajouter 1 ou 2 jalapeno en fines rondelles, avant de servir.<\/li>\n<li>Vous pouvez pr\u00e9parer une partie de la recette \u00e0 l&rsquo;avance\u00a0et faire la deuxi\u00e8me cuisson et gratiner au moment de servir.<\/li>\n<li>Si vous aimez ces <strong>frites au bacon et fromage fondu<\/strong>, n&rsquo;h\u00e9sitez pas \u00e0 consulter d&rsquo;autres entr\u00e9es \u00e0 partager sur le blog, comme la <a title=\"Recette d\u2019onion rings (beignets d\u2019oignon)\" href=\"http:\/\/jesuisuncuisinier.fr\/fr\/2015\/03\/onion-rings.html\">recette facile pour les beignets d&rsquo;oignon (onion rigns)<\/a>\u00a0ou un peu plus espagnol, comme les <a title=\"Recette d\u2019aubergines frites \u00e0 la m\u00e9lasse\" href=\"http:\/\/jesuisuncuisinier.fr\/fr\/2014\/08\/aubergines-frites-a-la-melasse.html\">frites d&rsquo;aubergine \u00e0 la m\u00e9lasse ou au miel<\/a>.<\/li>\n<\/ul>\n<p><\/div><\/div> <!-- \/# hints --><\/div><div class=\"cleaner\" style=\"padding-bottom: 10px;\">&nbsp;<\/div><\/div><!-- \/ #recipe --> \n<\/p>\n<h3>Maintenant, vous savez comment pr\u00e9parer des frites gratin\u00e9es au fromage<\/h3>\n<p>\u00c0 bient\u00f4t pour une nouvelle recette !<\/p>\n<p><\/p>\n","protected":false},"excerpt":{"rendered":"<p>Comment pr\u00e9parer des frites gratin\u00e9es au fromage et bacon (bacon and cheese fries). Recette facile. Pour les passionn\u00e9(e)s des frites au fromage fondu.<\/p>\n","protected":false},"author":1,"featured_media":6693,"comment_status":"open","ping_status":"open","sticky":false,"template":"","format":"standard","meta":{"_yoast_wpseo_focuskw":"frites gratin\u00e9es au fromage","_yoast_wpseo_metadesc":"Comment pr\u00e9parer des frites gratin\u00e9es au fromage et bacon (bacon and cheese fries). Recette facile. Pour les passionn\u00e9(e)s des frites au fromage fondu.","footnotes":""},"categories":[852,20],"tags":[961,864,767,770,1112],"class_list":["post-4293","post","type-post","status-publish","format-standard","has-post-thumbnail","hentry","category-pommes-de-terre","category-recette","tag-bacon","tag-fromage","tag-frites","tag-sauce-ranch","tag-lardons"],"yoast_head":"<!-- This site is optimized with the Yoast SEO plugin v27.5 - https:\/\/yoast.com\/product\/yoast-seo-wordpress\/ -->\n<title>Recette de frites gratin\u00e9es au fromage et bacon (frites au fromage fondu)<\/title>\n<meta name=\"description\" content=\"Comment pr\u00e9parer des frites gratin\u00e9es au fromage et bacon (bacon and cheese fries). Recette facile. Pour les passionn\u00e9(e)s des frites au fromage fondu.\" \/>\n<meta name=\"robots\" content=\"index, follow, max-snippet:-1, max-image-preview:large, max-video-preview:-1\" \/>\n<link rel=\"canonical\" href=\"https:\/\/jesuisuncuisinier.fr\/fr\/bacon-and-cheese-fries\/\" \/>\n<meta property=\"og:locale\" content=\"fr_FR\" \/>\n<meta property=\"og:type\" content=\"article\" \/>\n<meta property=\"og:title\" content=\"Recette de frites gratin\u00e9es au fromage et bacon (frites au fromage fondu)\" \/>\n<meta property=\"og:description\" content=\"Comment pr\u00e9parer des frites gratin\u00e9es au fromage et bacon (bacon and cheese fries). Recette facile. Pour les passionn\u00e9(e)s des frites au fromage fondu.\" \/>\n<meta property=\"og:url\" content=\"https:\/\/jesuisuncuisinier.fr\/fr\/bacon-and-cheese-fries\/\" \/>\n<meta property=\"og:site_name\" content=\"Je suis un cuisinier - Recettes faciles\" \/>\n<meta property=\"article:published_time\" content=\"2015-03-22T06:20:21+00:00\" \/>\n<meta property=\"article:modified_time\" content=\"2017-02-24T00:19:52+00:00\" \/>\n<meta property=\"og:image\" content=\"https:\/\/jesuisuncuisinier.fr\/wp-content\/uploads\/2015\/03\/frites-gratin\u00e9es-au-fromage-et-bacon-bacon-and-cheese-fries.jpg\" \/>\n\t<meta property=\"og:image:width\" content=\"740\" \/>\n\t<meta property=\"og:image:height\" content=\"428\" \/>\n\t<meta property=\"og:image:type\" content=\"image\/jpeg\" \/>\n<meta name=\"author\" content=\"Dami\u00e1n\" \/>\n<meta name=\"twitter:card\" content=\"summary_large_image\" \/>\n<meta name=\"twitter:creator\" content=\"@unptitcuisinier\" \/>\n<meta name=\"twitter:site\" content=\"@unptitcuisinier\" \/>\n<meta name=\"twitter:label1\" content=\"\u00c9crit par\" \/>\n\t<meta name=\"twitter:data1\" content=\"Dami\u00e1n\" \/>\n\t<meta name=\"twitter:label2\" content=\"Dur\u00e9e de lecture estim\u00e9e\" \/>\n\t<meta name=\"twitter:data2\" content=\"4 minutes\" \/>\n<script type=\"application\/ld+json\" class=\"yoast-schema-graph\">{\"@context\":\"https:\\\/\\\/schema.org\",\"@graph\":[{\"@type\":\"Article\",\"@id\":\"https:\\\/\\\/jesuisuncuisinier.fr\\\/fr\\\/bacon-and-cheese-fries\\\/#article\",\"isPartOf\":{\"@id\":\"https:\\\/\\\/jesuisuncuisinier.fr\\\/fr\\\/bacon-and-cheese-fries\\\/\"},\"author\":{\"name\":\"Dami\u00e1n\",\"@id\":\"https:\\\/\\\/jesuisuncuisinier.fr\\\/fr\\\/#\\\/schema\\\/person\\\/c2da7696f2784cce34698e48f989cb2a\"},\"headline\":\"Recette de frites gratin\u00e9es au fromage et bacon (frites au fromage fondu)\",\"datePublished\":\"2015-03-22T06:20:21+00:00\",\"dateModified\":\"2017-02-24T00:19:52+00:00\",\"mainEntityOfPage\":{\"@id\":\"https:\\\/\\\/jesuisuncuisinier.fr\\\/fr\\\/bacon-and-cheese-fries\\\/\"},\"wordCount\":798,\"commentCount\":1,\"publisher\":{\"@id\":\"https:\\\/\\\/jesuisuncuisinier.fr\\\/fr\\\/#\\\/schema\\\/person\\\/04d97b7b1ae2f60e14cd96fc10a341aa\"},\"image\":{\"@id\":\"https:\\\/\\\/jesuisuncuisinier.fr\\\/fr\\\/bacon-and-cheese-fries\\\/#primaryimage\"},\"thumbnailUrl\":\"https:\\\/\\\/jesuisuncuisinier.fr\\\/wp-content\\\/uploads\\\/2015\\\/03\\\/frites-gratin\u00e9es-au-fromage-et-bacon-bacon-and-cheese-fries.jpg\",\"keywords\":[\"bacon\",\"fromage\",\"frites\",\"sauce ranch\",\"lardons\"],\"articleSection\":[\"Pommes de terre\",\"recette\"],\"inLanguage\":\"fr-FR\",\"potentialAction\":[{\"@type\":\"CommentAction\",\"name\":\"Comment\",\"target\":[\"https:\\\/\\\/jesuisuncuisinier.fr\\\/fr\\\/bacon-and-cheese-fries\\\/#respond\"]}]},{\"@type\":\"WebPage\",\"@id\":\"https:\\\/\\\/jesuisuncuisinier.fr\\\/fr\\\/bacon-and-cheese-fries\\\/\",\"url\":\"https:\\\/\\\/jesuisuncuisinier.fr\\\/fr\\\/bacon-and-cheese-fries\\\/\",\"name\":\"Recette de frites gratin\u00e9es au fromage et bacon (frites au fromage fondu)\",\"isPartOf\":{\"@id\":\"https:\\\/\\\/jesuisuncuisinier.fr\\\/fr\\\/#website\"},\"primaryImageOfPage\":{\"@id\":\"https:\\\/\\\/jesuisuncuisinier.fr\\\/fr\\\/bacon-and-cheese-fries\\\/#primaryimage\"},\"image\":{\"@id\":\"https:\\\/\\\/jesuisuncuisinier.fr\\\/fr\\\/bacon-and-cheese-fries\\\/#primaryimage\"},\"thumbnailUrl\":\"https:\\\/\\\/jesuisuncuisinier.fr\\\/wp-content\\\/uploads\\\/2015\\\/03\\\/frites-gratin\u00e9es-au-fromage-et-bacon-bacon-and-cheese-fries.jpg\",\"datePublished\":\"2015-03-22T06:20:21+00:00\",\"dateModified\":\"2017-02-24T00:19:52+00:00\",\"description\":\"Comment pr\u00e9parer des frites gratin\u00e9es au fromage et bacon (bacon and cheese fries). Recette facile. Pour les passionn\u00e9(e)s des frites au fromage fondu.\",\"breadcrumb\":{\"@id\":\"https:\\\/\\\/jesuisuncuisinier.fr\\\/fr\\\/bacon-and-cheese-fries\\\/#breadcrumb\"},\"inLanguage\":\"fr-FR\",\"potentialAction\":[{\"@type\":\"ReadAction\",\"target\":[\"https:\\\/\\\/jesuisuncuisinier.fr\\\/fr\\\/bacon-and-cheese-fries\\\/\"]}]},{\"@type\":\"ImageObject\",\"inLanguage\":\"fr-FR\",\"@id\":\"https:\\\/\\\/jesuisuncuisinier.fr\\\/fr\\\/bacon-and-cheese-fries\\\/#primaryimage\",\"url\":\"https:\\\/\\\/jesuisuncuisinier.fr\\\/wp-content\\\/uploads\\\/2015\\\/03\\\/frites-gratin\u00e9es-au-fromage-et-bacon-bacon-and-cheese-fries.jpg\",\"contentUrl\":\"https:\\\/\\\/jesuisuncuisinier.fr\\\/wp-content\\\/uploads\\\/2015\\\/03\\\/frites-gratin\u00e9es-au-fromage-et-bacon-bacon-and-cheese-fries.jpg\",\"width\":740,\"height\":428,\"caption\":\"Recette de frites gratin\u00e9es au fromage et bacon (bacon and cheese fries)\"},{\"@type\":\"BreadcrumbList\",\"@id\":\"https:\\\/\\\/jesuisuncuisinier.fr\\\/fr\\\/bacon-and-cheese-fries\\\/#breadcrumb\",\"itemListElement\":[{\"@type\":\"ListItem\",\"position\":1,\"name\":\"Portada\",\"item\":\"https:\\\/\\\/jesuisuncuisinier.fr\\\/fr\\\/\"},{\"@type\":\"ListItem\",\"position\":2,\"name\":\"Recette de frites gratin\u00e9es au fromage et bacon (frites au fromage fondu)\"}]},{\"@type\":\"WebSite\",\"@id\":\"https:\\\/\\\/jesuisuncuisinier.fr\\\/fr\\\/#website\",\"url\":\"https:\\\/\\\/jesuisuncuisinier.fr\\\/fr\\\/\",\"name\":\"Je suis un cuisinier - Recettes faciles\",\"description\":\"Recettes de cuisine faciles pour tous les jours. Cuisine fran\u00e7aise, espagnole et d&#039;ailleurs.\",\"publisher\":{\"@id\":\"https:\\\/\\\/jesuisuncuisinier.fr\\\/fr\\\/#\\\/schema\\\/person\\\/04d97b7b1ae2f60e14cd96fc10a341aa\"},\"potentialAction\":[{\"@type\":\"SearchAction\",\"target\":{\"@type\":\"EntryPoint\",\"urlTemplate\":\"https:\\\/\\\/jesuisuncuisinier.fr\\\/fr\\\/?s={search_term_string}\"},\"query-input\":{\"@type\":\"PropertyValueSpecification\",\"valueRequired\":true,\"valueName\":\"search_term_string\"}}],\"inLanguage\":\"fr-FR\"},{\"@type\":[\"Person\",\"Organization\"],\"@id\":\"https:\\\/\\\/jesuisuncuisinier.fr\\\/fr\\\/#\\\/schema\\\/person\\\/04d97b7b1ae2f60e14cd96fc10a341aa\",\"name\":\"Dami\u00e1n Serrano\",\"image\":{\"@type\":\"ImageObject\",\"inLanguage\":\"fr-FR\",\"@id\":\"https:\\\/\\\/jesuisuncuisinier.fr\\\/wp-content\\\/uploads\\\/2019\\\/11\\\/avatar.jpg\",\"url\":\"https:\\\/\\\/jesuisuncuisinier.fr\\\/wp-content\\\/uploads\\\/2019\\\/11\\\/avatar.jpg\",\"contentUrl\":\"https:\\\/\\\/jesuisuncuisinier.fr\\\/wp-content\\\/uploads\\\/2019\\\/11\\\/avatar.jpg\",\"width\":200,\"height\":200,\"caption\":\"Dami\u00e1n Serrano\"},\"logo\":{\"@id\":\"https:\\\/\\\/jesuisuncuisinier.fr\\\/wp-content\\\/uploads\\\/2019\\\/11\\\/avatar.jpg\"}},{\"@type\":\"Person\",\"@id\":\"https:\\\/\\\/jesuisuncuisinier.fr\\\/fr\\\/#\\\/schema\\\/person\\\/c2da7696f2784cce34698e48f989cb2a\",\"name\":\"Dami\u00e1n\",\"sameAs\":[\"http:\\\/\\\/jesuisuncuisinier.fr\",\"https:\\\/\\\/x.com\\\/unptitcuisinier\"]}]}<\/script>\n<!-- \/ Yoast SEO plugin. -->","yoast_head_json":{"title":"Recette de frites gratin\u00e9es au fromage et bacon (frites au fromage fondu)","description":"Comment pr\u00e9parer des frites gratin\u00e9es au fromage et bacon (bacon and cheese fries). Recette facile. Pour les passionn\u00e9(e)s des frites au fromage fondu.","robots":{"index":"index","follow":"follow","max-snippet":"max-snippet:-1","max-image-preview":"max-image-preview:large","max-video-preview":"max-video-preview:-1"},"canonical":"https:\/\/jesuisuncuisinier.fr\/fr\/bacon-and-cheese-fries\/","og_locale":"fr_FR","og_type":"article","og_title":"Recette de frites gratin\u00e9es au fromage et bacon (frites au fromage fondu)","og_description":"Comment pr\u00e9parer des frites gratin\u00e9es au fromage et bacon (bacon and cheese fries). Recette facile. Pour les passionn\u00e9(e)s des frites au fromage fondu.","og_url":"https:\/\/jesuisuncuisinier.fr\/fr\/bacon-and-cheese-fries\/","og_site_name":"Je suis un cuisinier - Recettes faciles","article_published_time":"2015-03-22T06:20:21+00:00","article_modified_time":"2017-02-24T00:19:52+00:00","og_image":[{"width":740,"height":428,"url":"https:\/\/jesuisuncuisinier.fr\/wp-content\/uploads\/2015\/03\/frites-gratin\u00e9es-au-fromage-et-bacon-bacon-and-cheese-fries.jpg","type":"image\/jpeg"}],"author":"Dami\u00e1n","twitter_card":"summary_large_image","twitter_creator":"@unptitcuisinier","twitter_site":"@unptitcuisinier","twitter_misc":{"\u00c9crit par":"Dami\u00e1n","Dur\u00e9e de lecture estim\u00e9e":"4 minutes"},"schema":{"@context":"https:\/\/schema.org","@graph":[{"@type":"Article","@id":"https:\/\/jesuisuncuisinier.fr\/fr\/bacon-and-cheese-fries\/#article","isPartOf":{"@id":"https:\/\/jesuisuncuisinier.fr\/fr\/bacon-and-cheese-fries\/"},"author":{"name":"Dami\u00e1n","@id":"https:\/\/jesuisuncuisinier.fr\/fr\/#\/schema\/person\/c2da7696f2784cce34698e48f989cb2a"},"headline":"Recette de frites gratin\u00e9es au fromage et bacon (frites au fromage fondu)","datePublished":"2015-03-22T06:20:21+00:00","dateModified":"2017-02-24T00:19:52+00:00","mainEntityOfPage":{"@id":"https:\/\/jesuisuncuisinier.fr\/fr\/bacon-and-cheese-fries\/"},"wordCount":798,"commentCount":1,"publisher":{"@id":"https:\/\/jesuisuncuisinier.fr\/fr\/#\/schema\/person\/04d97b7b1ae2f60e14cd96fc10a341aa"},"image":{"@id":"https:\/\/jesuisuncuisinier.fr\/fr\/bacon-and-cheese-fries\/#primaryimage"},"thumbnailUrl":"https:\/\/jesuisuncuisinier.fr\/wp-content\/uploads\/2015\/03\/frites-gratin\u00e9es-au-fromage-et-bacon-bacon-and-cheese-fries.jpg","keywords":["bacon","fromage","frites","sauce ranch","lardons"],"articleSection":["Pommes de terre","recette"],"inLanguage":"fr-FR","potentialAction":[{"@type":"CommentAction","name":"Comment","target":["https:\/\/jesuisuncuisinier.fr\/fr\/bacon-and-cheese-fries\/#respond"]}]},{"@type":"WebPage","@id":"https:\/\/jesuisuncuisinier.fr\/fr\/bacon-and-cheese-fries\/","url":"https:\/\/jesuisuncuisinier.fr\/fr\/bacon-and-cheese-fries\/","name":"Recette de frites gratin\u00e9es au fromage et bacon (frites au fromage fondu)","isPartOf":{"@id":"https:\/\/jesuisuncuisinier.fr\/fr\/#website"},"primaryImageOfPage":{"@id":"https:\/\/jesuisuncuisinier.fr\/fr\/bacon-and-cheese-fries\/#primaryimage"},"image":{"@id":"https:\/\/jesuisuncuisinier.fr\/fr\/bacon-and-cheese-fries\/#primaryimage"},"thumbnailUrl":"https:\/\/jesuisuncuisinier.fr\/wp-content\/uploads\/2015\/03\/frites-gratin\u00e9es-au-fromage-et-bacon-bacon-and-cheese-fries.jpg","datePublished":"2015-03-22T06:20:21+00:00","dateModified":"2017-02-24T00:19:52+00:00","description":"Comment pr\u00e9parer des frites gratin\u00e9es au fromage et bacon (bacon and cheese fries). Recette facile. Pour les passionn\u00e9(e)s des frites au fromage fondu.","breadcrumb":{"@id":"https:\/\/jesuisuncuisinier.fr\/fr\/bacon-and-cheese-fries\/#breadcrumb"},"inLanguage":"fr-FR","potentialAction":[{"@type":"ReadAction","target":["https:\/\/jesuisuncuisinier.fr\/fr\/bacon-and-cheese-fries\/"]}]},{"@type":"ImageObject","inLanguage":"fr-FR","@id":"https:\/\/jesuisuncuisinier.fr\/fr\/bacon-and-cheese-fries\/#primaryimage","url":"https:\/\/jesuisuncuisinier.fr\/wp-content\/uploads\/2015\/03\/frites-gratin\u00e9es-au-fromage-et-bacon-bacon-and-cheese-fries.jpg","contentUrl":"https:\/\/jesuisuncuisinier.fr\/wp-content\/uploads\/2015\/03\/frites-gratin\u00e9es-au-fromage-et-bacon-bacon-and-cheese-fries.jpg","width":740,"height":428,"caption":"Recette de frites gratin\u00e9es au fromage et bacon (bacon and cheese fries)"},{"@type":"BreadcrumbList","@id":"https:\/\/jesuisuncuisinier.fr\/fr\/bacon-and-cheese-fries\/#breadcrumb","itemListElement":[{"@type":"ListItem","position":1,"name":"Portada","item":"https:\/\/jesuisuncuisinier.fr\/fr\/"},{"@type":"ListItem","position":2,"name":"Recette de frites gratin\u00e9es au fromage et bacon (frites au fromage fondu)"}]},{"@type":"WebSite","@id":"https:\/\/jesuisuncuisinier.fr\/fr\/#website","url":"https:\/\/jesuisuncuisinier.fr\/fr\/","name":"Je suis un cuisinier - Recettes faciles","description":"Recettes de cuisine faciles pour tous les jours. Cuisine fran\u00e7aise, espagnole et d&#039;ailleurs.","publisher":{"@id":"https:\/\/jesuisuncuisinier.fr\/fr\/#\/schema\/person\/04d97b7b1ae2f60e14cd96fc10a341aa"},"potentialAction":[{"@type":"SearchAction","target":{"@type":"EntryPoint","urlTemplate":"https:\/\/jesuisuncuisinier.fr\/fr\/?s={search_term_string}"},"query-input":{"@type":"PropertyValueSpecification","valueRequired":true,"valueName":"search_term_string"}}],"inLanguage":"fr-FR"},{"@type":["Person","Organization"],"@id":"https:\/\/jesuisuncuisinier.fr\/fr\/#\/schema\/person\/04d97b7b1ae2f60e14cd96fc10a341aa","name":"Dami\u00e1n Serrano","image":{"@type":"ImageObject","inLanguage":"fr-FR","@id":"https:\/\/jesuisuncuisinier.fr\/wp-content\/uploads\/2019\/11\/avatar.jpg","url":"https:\/\/jesuisuncuisinier.fr\/wp-content\/uploads\/2019\/11\/avatar.jpg","contentUrl":"https:\/\/jesuisuncuisinier.fr\/wp-content\/uploads\/2019\/11\/avatar.jpg","width":200,"height":200,"caption":"Dami\u00e1n Serrano"},"logo":{"@id":"https:\/\/jesuisuncuisinier.fr\/wp-content\/uploads\/2019\/11\/avatar.jpg"}},{"@type":"Person","@id":"https:\/\/jesuisuncuisinier.fr\/fr\/#\/schema\/person\/c2da7696f2784cce34698e48f989cb2a","name":"Dami\u00e1n","sameAs":["http:\/\/jesuisuncuisinier.fr","https:\/\/x.com\/unptitcuisinier"]}]}},"amp_enabled":true,"_links":{"self":[{"href":"https:\/\/jesuisuncuisinier.fr\/fr\/wp-json\/wp\/v2\/posts\/4293","targetHints":{"allow":["GET"]}}],"collection":[{"href":"https:\/\/jesuisuncuisinier.fr\/fr\/wp-json\/wp\/v2\/posts"}],"about":[{"href":"https:\/\/jesuisuncuisinier.fr\/fr\/wp-json\/wp\/v2\/types\/post"}],"author":[{"embeddable":true,"href":"https:\/\/jesuisuncuisinier.fr\/fr\/wp-json\/wp\/v2\/users\/1"}],"replies":[{"embeddable":true,"href":"https:\/\/jesuisuncuisinier.fr\/fr\/wp-json\/wp\/v2\/comments?post=4293"}],"version-history":[{"count":0,"href":"https:\/\/jesuisuncuisinier.fr\/fr\/wp-json\/wp\/v2\/posts\/4293\/revisions"}],"wp:featuredmedia":[{"embeddable":true,"href":"https:\/\/jesuisuncuisinier.fr\/fr\/wp-json\/wp\/v2\/media\/6693"}],"wp:attachment":[{"href":"https:\/\/jesuisuncuisinier.fr\/fr\/wp-json\/wp\/v2\/media?parent=4293"}],"wp:term":[{"taxonomy":"category","embeddable":true,"href":"https:\/\/jesuisuncuisinier.fr\/fr\/wp-json\/wp\/v2\/categories?post=4293"},{"taxonomy":"post_tag","embeddable":true,"href":"https:\/\/jesuisuncuisinier.fr\/fr\/wp-json\/wp\/v2\/tags?post=4293"}],"curies":[{"name":"wp","href":"https:\/\/api.w.org\/{rel}","templated":true}]}}