{"id":2887,"date":"2014-08-11T14:22:40","date_gmt":"2014-08-11T12:22:40","guid":{"rendered":"http:\/\/estoyhechouncocinillas.com\/?p=2887"},"modified":"2016-07-26T00:55:11","modified_gmt":"2016-07-25T22:55:11","slug":"salade-de-tomate","status":"publish","type":"post","link":"https:\/\/jesuisuncuisinier.fr\/fr\/salade-de-tomate\/","title":{"rendered":"Recette de salade de tomate"},"content":{"rendered":"\n<p>Une salade de tomate est l&rsquo;un des accompagnements que je fais parfois quand j&rsquo;ai pas beaucoup de temps pour me pr\u00e9parer un bon d\u00eener. C&rsquo;est vite fait, \u00e7a ne prends pas plus\u00a0de cinq minutes, et c&rsquo;est tr\u00e8s bon, \u00e0 condition que l&rsquo;on utilise des tomates de bonne qualit\u00e9. <ins class=\"adsbygoogle\"style=\"display:block\"data-ad-client=\"ca-pub-7750789452383743\"data-ad-slot=\"4190110340\"data-ad-format=\"auto\"data-full-width-responsive=\"true\"><\/ins><script>(adsbygoogle = window.adsbygoogle || []).push({});<\/script> <amp-ad width=\"100vw\" height=320 type=\"adsense\" data-ad-client=\"ca-pub-7750789452383743\" data-ad-slot=\"4190110340\" data-auto-format=\"rspv\" data-full-width><div overflow><\/div><\/amp-ad><div class=\"cleaner\" style=\"margin: 10px\"><\/div><div itemscope itemtype=\"http:\/\/schema.org\/Recipe\">\n<div align=\"justify\" style=\"border-style:solid; border-width: 1px;padding: 10px 10px 10px 10px;\">\n<img loading=\"lazy\" decoding=\"async\" width=\"128\" height=\"85\" src=\"https:\/\/jesuisuncuisinier.fr\/wp-content\/uploads\/2014\/07\/ensalada_de_tomate.png\" class=\"attachment-thumbnail size-thumbnail wp-post-image\" alt=\"\" style=\"float:left; padding: 10px 10px 10px 10px\" srcset=\"https:\/\/jesuisuncuisinier.fr\/wp-content\/uploads\/2014\/07\/ensalada_de_tomate.png 640w, https:\/\/jesuisuncuisinier.fr\/wp-content\/uploads\/2014\/07\/ensalada_de_tomate-320x213.png 320w, https:\/\/jesuisuncuisinier.fr\/wp-content\/uploads\/2014\/07\/ensalada_de_tomate-300x200.png 300w\" sizes=\"auto, (max-width: 128px) 100vw, 128px\" \/>\n<div itemprop=\"image\" itemscope itemtype=\"https:\/\/schema.org\/ImageObject\">\t\n<meta itemprop=\"url\" content=\"https:\/\/jesuisuncuisinier.fr\/wp-content\/uploads\/2014\/07\/ensalada_de_tomate.png\">\n<meta itemprop=\"width\" content=\"140\">\n<meta itemprop=\"height\" content=\"85\">\n<\/div>\n<a href=\"https:\/\/jesuisuncuisinier.fr\/fr\/salade-de-tomate\/print\/\" rel=\"nofollow\" title=\"Imprimer\"><img decoding=\"async\" src=\"https:\/\/jesuisuncuisinier.fr\/wp-content\/plugins\/wp-print\/images\/printer_famfamfam.gif\" align=\"right\" alt=\"Imprimir\"><\/a>\n<h2 itemprop=\"name\" style=\"padding: 10px 10px 0px 10px\">Recette de salade de tomate<\/h2>\n<span id=\"post-ratings-2887\" class=\"post-ratings\" data-nonce=\"f3b99a88d3\"><div align=\"center\">Votez pour cette !<\/div>\r\n<div align=\"center\"><img decoding=\"async\" id=\"rating_2887_1\" src=\"https:\/\/jesuisuncuisinier.fr\/wp-content\/plugins\/wp-postratings\/images\/stars_crystal\/rating_on.gif\" alt=\"1 Star\" title=\"1 Star\" onmouseover=\"current_rating(2887, 1, '1 Star');\" onmouseout=\"ratings_off(3.8, 4, 0);\" onclick=\"rate_post();\" onkeypress=\"rate_post();\" style=\"cursor: pointer; border: 0px;\" \/><img decoding=\"async\" id=\"rating_2887_2\" src=\"https:\/\/jesuisuncuisinier.fr\/wp-content\/plugins\/wp-postratings\/images\/stars_crystal\/rating_on.gif\" alt=\"2 Stars\" title=\"2 Stars\" onmouseover=\"current_rating(2887, 2, '2 Stars');\" onmouseout=\"ratings_off(3.8, 4, 0);\" onclick=\"rate_post();\" onkeypress=\"rate_post();\" style=\"cursor: pointer; border: 0px;\" \/><img decoding=\"async\" id=\"rating_2887_3\" src=\"https:\/\/jesuisuncuisinier.fr\/wp-content\/plugins\/wp-postratings\/images\/stars_crystal\/rating_on.gif\" alt=\"3 Stars\" title=\"3 Stars\" onmouseover=\"current_rating(2887, 3, '3 Stars');\" onmouseout=\"ratings_off(3.8, 4, 0);\" onclick=\"rate_post();\" onkeypress=\"rate_post();\" style=\"cursor: pointer; border: 0px;\" \/><img decoding=\"async\" id=\"rating_2887_4\" src=\"https:\/\/jesuisuncuisinier.fr\/wp-content\/plugins\/wp-postratings\/images\/stars_crystal\/rating_half.gif\" alt=\"4 Stars\" title=\"4 Stars\" onmouseover=\"current_rating(2887, 4, '4 Stars');\" onmouseout=\"ratings_off(3.8, 4, 0);\" onclick=\"rate_post();\" onkeypress=\"rate_post();\" style=\"cursor: pointer; border: 0px;\" \/><img decoding=\"async\" id=\"rating_2887_5\" src=\"https:\/\/jesuisuncuisinier.fr\/wp-content\/plugins\/wp-postratings\/images\/stars_crystal\/rating_off.gif\" alt=\"5 Stars\" title=\"5 Stars\" onmouseover=\"current_rating(2887, 5, '5 Stars');\" onmouseout=\"ratings_off(3.8, 4, 0);\" onclick=\"rate_post();\" onkeypress=\"rate_post();\" style=\"cursor: pointer; border: 0px;\" \/><\/div>\r\n<div align=\"center\">Note: 3,80 \/ 5. Votes: 5<\/div><\/span><span id=\"post-ratings-2887-loading\" class=\"post-ratings-loading\"><img loading=\"lazy\" decoding=\"async\" src=\"https:\/\/jesuisuncuisinier.fr\/wp-content\/plugins\/wp-postratings\/images\/loading.gif\" width=\"16\" height=\"16\" class=\"post-ratings-image\" \/>Loading...<\/span><div><\/br><span itemprop=\"author\" itemscope itemtype=\"http:\/\/schema.org\/Person\">   <span itemprop=\"name\" content=\"Damian Serrano\"><\/span> <\/span>\n<b>Personnes:<\/b> <span itemprop=\"recipeYield\">4<\/span>   <b>Temps:<\/b> <time itemprop=\"totalTime\" datetime=PT5M>5 m<\/time>   <b>Difficult\u00e9:<\/b> Facile<\/div><div class=\"cleaner\" style=\"margin: 10px\"><\/div><time itemprop=\"dateModified\" datetime=\"2016-07-26\"><\/time> \n<span itemprop=\"description\" content=\"\" ><\/span>\n<span itemprop=\"recipeCuisine\" content=\"Unknown\" ><\/span>\n<span itemprop=\"recipeCategory\" content=\"Unknown\" ><\/span>\n<span itemprop=\"keywords\" content=\"Unknown\" ><\/span>\n<div class=\"note-wrapper\"><div class=\"note-top\"><\/div><div class=\"note-content\"><h3 style=\"padding-left: 10px; margin-bottom: 10px;\">Ingr\u00e9dients<\/h3>\n<ul>\n<li itemprop=\"recipeIngredient\">3 tomates bien m\u00fbres<\/li>\n<li itemprop=\"recipeIngredient\">1 gousse d&rsquo;ail<\/li>\n<li itemprop=\"recipeIngredient\">Huile d&rsquo;olive extra vierge<\/li>\n<li itemprop=\"recipeIngredient\">Vinaigre de X\u00e9r\u00e8s<\/li>\n<li itemprop=\"recipeIngredient\">Persil<\/li>\n<li itemprop=\"recipeIngredient\">Sel<\/li>\n<\/ul>\n<br \/><\/div><div class=\"note-bottom\"><\/div>\n<\/div> <!-- \/ #ingredients -->\n <div align=\"justify\" class=\"directions-wrapper\"><h3>\u00c9laboration<\/h3><div class=\"directions-content instructions\" >\n<\/p>\n<ol>\n<li itemprop=\"recipeInstructions\">Laver les tomates et enlever le p\u00e9doncule avec un couteau en faisant\u00a0un cercle.<\/li>\n<li itemprop=\"recipeInstructions\">Couper les tomates en deux sur la longueur, puis chaque moiti\u00e9 en trois ou quatre quartiers, en fonction de la taille des tomates.<\/li>\n<li itemprop=\"recipeInstructions\">Peler la gousse d&rsquo;ail, la couper en deux sur la longueur et enlever\u00a0le germe.<\/li>\n<li itemprop=\"recipeInstructions\">Dans un mortier, ajouter l&rsquo;ail hach\u00e9 grossi\u00e8rement et une pinc\u00e9e de sel. \u00c9craser un peu.<\/li>\n<li itemprop=\"recipeInstructions\">Laver le persil et bien le s\u00e9cher.<\/li>\n<li itemprop=\"recipeInstructions\">Couper les tiges et prendre les feuilles seulement.<\/li>\n<li itemprop=\"recipeInstructions\">Faire une boule avec les feuilles et hacher. Pas\u00a0besoin de le faire finement.<\/li>\n<li itemprop=\"recipeInstructions\">Ajouter le persil hach\u00e9 avec l&rsquo;ail et continuer \u00e0 \u00e9craser jusqu&rsquo;\u00e0 ce que l&rsquo;on obtienne des petits morceaux.<\/li>\n<li itemprop=\"recipeInstructions\">M\u00e9langer avec 3 cuill\u00e8res \u00e0 soupe de l&rsquo;huile d&rsquo;olive et 1 cuill\u00e8re \u00e0 soupe de vinaigre de X\u00e9r\u00e8s.<\/li>\n<li itemprop=\"recipeInstructions\">Placer les tomates dans un grand bol et saler selon\u00a0votre\u00a0go\u00fbt.<\/li>\n<li itemprop=\"recipeInstructions\">Assaisonner\u00a0avec la vinaigrette \u00e0 l&rsquo;ail.<\/li>\n<li itemprop=\"recipeInstructions\">C&rsquo;est pr\u00eat.<\/li>\n<\/ol>\n<p><\/div><div class=\"cleaner\" style=\"padding-bottom: 10px;\">&nbsp;<\/div><\/div> <!-- \/# directions -->\n<script async src=\"https:\/\/pagead2.googlesyndication.com\/pagead\/js\/adsbygoogle.js\"><\/script><ins class=\"adsbygoogle\"style=\"display:block\"data-ad-client=\"ca-pub-7750789452383743\"data-ad-slot=\"3064891712\"data-ad-format=\"auto\"><\/ins><script async>(adsbygoogle = window.adsbygoogle || []).push({});<\/script> <amp-ad width=\"100vw\" height=320 type=\"adsense\" data-ad-client=\"ca-pub-7750789452383743\" data-ad-slot=\"1189241592\" data-auto-format=\"rspv\" data-full-width><div overflow><\/div><\/amp-ad> <div align=\"justify\" class=\"hints-wrapper\" ><h3>Conseils et astuces<\/h3><div class=\"hints-content hints\"><\/p>\n<ul>\n<li>Utilisez cette salade pour accompagner un steak grill\u00e9, une omelette, une <a title=\"Recette de tartine de saumon fum\u00e9 \u00e0 l\u2019huile\" href=\"http:\/\/jesuisuncuisinier.fr\/fr\/2010\/06\/tartine-de-saumon-fume-a-lhuile.html\">tartine au saumon fum\u00e9<\/a>, un sandwich&#8230; Ou ce que vous voulez.<\/li>\n<li>Cette salade doit \u00eatre faite avec des tomates de qualit\u00e9. Qui ont\u00a0le vrai go\u00fbt\u00a0de la tomate. Interdit d&rsquo;utiliser celles\u00a0qui\u00a0ont\u00a0le go\u00fbt de styromousse.<\/li>\n<li>Habituellement, j&rsquo;ajoute le sel aux\u00a0tomates avant de la vinaigrette, afin de qu&rsquo;elles prennent\u00a0mieux le go\u00fbt du sel.<\/li>\n<li>Vous pouvez varier la quantit\u00e9 d&rsquo;ail selon votre go\u00fbt, ainsi que\u00a0les quantit\u00e9s d&rsquo;huile et de vinaigre. Les quantit\u00e9 de la recette sont celles que j&rsquo;utilise habituellement.<\/li>\n<li>Vous pouvez ajouter quelques oignons verts hach\u00e9s, \u00e0 la fois la partie blanche et la partie verte. C&rsquo;est\u00a0\u00e9galement bon avec de l&rsquo;oignon rouge.<\/li>\n<li>Vous pouvez ajouter d&rsquo;autres \u00e9pices \u00e0 la vinaigrette, comme du\u00a0poivre, ou un peu de cumin moulu.<\/li>\n<li>Pourquoi pas un touche piquante ? Un peu de poudre de chili, ou un piment rouge, \u00e9p\u00e9pin\u00e9 et hach\u00e9 finement.<\/li>\n<\/ul>\n<p><\/div><\/div> <!-- \/# hints --><\/div><div class=\"cleaner\" style=\"padding-bottom: 10px;\">&nbsp;<\/div><\/div><!-- \/ #recipe --> \n<\/p>\n<p><\/p>\n","protected":false},"excerpt":{"rendered":"","protected":false},"author":1,"featured_media":2889,"comment_status":"open","ping_status":"open","sticky":false,"template":"","format":"standard","meta":{"_yoast_wpseo_focuskw":"","_yoast_wpseo_metadesc":"","footnotes":""},"categories":[20,849],"tags":[93,940,959,837],"class_list":["post-2887","post","type-post","status-publish","format-standard","has-post-thumbnail","hentry","category-recette","category-salades","tag-salade","tag-tapas","tag-tomates","tag-ail"],"yoast_head":"<!-- This site is optimized with the Yoast SEO plugin v27.5 - https:\/\/yoast.com\/product\/yoast-seo-wordpress\/ -->\n<title>Recette de salade de tomate<\/title>\n<meta name=\"robots\" content=\"index, follow, max-snippet:-1, max-image-preview:large, max-video-preview:-1\" \/>\n<link rel=\"canonical\" href=\"https:\/\/jesuisuncuisinier.fr\/fr\/salade-de-tomate\/\" \/>\n<meta property=\"og:locale\" content=\"fr_FR\" \/>\n<meta property=\"og:type\" content=\"article\" \/>\n<meta property=\"og:title\" content=\"Recette de salade de tomate\" \/>\n<meta property=\"og:url\" content=\"https:\/\/jesuisuncuisinier.fr\/fr\/salade-de-tomate\/\" \/>\n<meta property=\"og:site_name\" content=\"Je suis un cuisinier - Recettes faciles\" \/>\n<meta property=\"article:published_time\" content=\"2014-08-11T12:22:40+00:00\" \/>\n<meta property=\"article:modified_time\" content=\"2016-07-25T22:55:11+00:00\" \/>\n<meta property=\"og:image\" content=\"https:\/\/jesuisuncuisinier.fr\/wp-content\/uploads\/2014\/07\/ensalada_de_tomate.png\" \/>\n\t<meta property=\"og:image:width\" content=\"640\" \/>\n\t<meta property=\"og:image:height\" content=\"427\" \/>\n\t<meta property=\"og:image:type\" content=\"image\/png\" \/>\n<meta name=\"author\" content=\"Dami\u00e1n\" \/>\n<meta name=\"twitter:card\" content=\"summary_large_image\" \/>\n<meta name=\"twitter:creator\" content=\"@unptitcuisinier\" \/>\n<meta name=\"twitter:site\" content=\"@unptitcuisinier\" \/>\n<meta name=\"twitter:label1\" content=\"\u00c9crit par\" \/>\n\t<meta name=\"twitter:data1\" content=\"Dami\u00e1n\" \/>\n\t<meta name=\"twitter:label2\" content=\"Dur\u00e9e de lecture estim\u00e9e\" \/>\n\t<meta name=\"twitter:data2\" content=\"2 minutes\" \/>\n<script type=\"application\/ld+json\" class=\"yoast-schema-graph\">{\"@context\":\"https:\\\/\\\/schema.org\",\"@graph\":[{\"@type\":\"Article\",\"@id\":\"https:\\\/\\\/jesuisuncuisinier.fr\\\/fr\\\/salade-de-tomate\\\/#article\",\"isPartOf\":{\"@id\":\"https:\\\/\\\/jesuisuncuisinier.fr\\\/fr\\\/salade-de-tomate\\\/\"},\"author\":{\"name\":\"Dami\u00e1n\",\"@id\":\"https:\\\/\\\/jesuisuncuisinier.fr\\\/fr\\\/#\\\/schema\\\/person\\\/c2da7696f2784cce34698e48f989cb2a\"},\"headline\":\"Recette de salade de tomate\",\"datePublished\":\"2014-08-11T12:22:40+00:00\",\"dateModified\":\"2016-07-25T22:55:11+00:00\",\"mainEntityOfPage\":{\"@id\":\"https:\\\/\\\/jesuisuncuisinier.fr\\\/fr\\\/salade-de-tomate\\\/\"},\"wordCount\":432,\"commentCount\":3,\"publisher\":{\"@id\":\"https:\\\/\\\/jesuisuncuisinier.fr\\\/fr\\\/#\\\/schema\\\/person\\\/04d97b7b1ae2f60e14cd96fc10a341aa\"},\"image\":{\"@id\":\"https:\\\/\\\/jesuisuncuisinier.fr\\\/fr\\\/salade-de-tomate\\\/#primaryimage\"},\"thumbnailUrl\":\"https:\\\/\\\/jesuisuncuisinier.fr\\\/wp-content\\\/uploads\\\/2014\\\/07\\\/ensalada_de_tomate.png\",\"keywords\":[\"salade\",\"tapas\",\"tomates\",\"ail\"],\"articleSection\":[\"recette\",\"Salades\"],\"inLanguage\":\"fr-FR\",\"potentialAction\":[{\"@type\":\"CommentAction\",\"name\":\"Comment\",\"target\":[\"https:\\\/\\\/jesuisuncuisinier.fr\\\/fr\\\/salade-de-tomate\\\/#respond\"]}]},{\"@type\":\"WebPage\",\"@id\":\"https:\\\/\\\/jesuisuncuisinier.fr\\\/fr\\\/salade-de-tomate\\\/\",\"url\":\"https:\\\/\\\/jesuisuncuisinier.fr\\\/fr\\\/salade-de-tomate\\\/\",\"name\":\"Recette de salade de tomate\",\"isPartOf\":{\"@id\":\"https:\\\/\\\/jesuisuncuisinier.fr\\\/fr\\\/#website\"},\"primaryImageOfPage\":{\"@id\":\"https:\\\/\\\/jesuisuncuisinier.fr\\\/fr\\\/salade-de-tomate\\\/#primaryimage\"},\"image\":{\"@id\":\"https:\\\/\\\/jesuisuncuisinier.fr\\\/fr\\\/salade-de-tomate\\\/#primaryimage\"},\"thumbnailUrl\":\"https:\\\/\\\/jesuisuncuisinier.fr\\\/wp-content\\\/uploads\\\/2014\\\/07\\\/ensalada_de_tomate.png\",\"datePublished\":\"2014-08-11T12:22:40+00:00\",\"dateModified\":\"2016-07-25T22:55:11+00:00\",\"breadcrumb\":{\"@id\":\"https:\\\/\\\/jesuisuncuisinier.fr\\\/fr\\\/salade-de-tomate\\\/#breadcrumb\"},\"inLanguage\":\"fr-FR\",\"potentialAction\":[{\"@type\":\"ReadAction\",\"target\":[\"https:\\\/\\\/jesuisuncuisinier.fr\\\/fr\\\/salade-de-tomate\\\/\"]}]},{\"@type\":\"ImageObject\",\"inLanguage\":\"fr-FR\",\"@id\":\"https:\\\/\\\/jesuisuncuisinier.fr\\\/fr\\\/salade-de-tomate\\\/#primaryimage\",\"url\":\"https:\\\/\\\/jesuisuncuisinier.fr\\\/wp-content\\\/uploads\\\/2014\\\/07\\\/ensalada_de_tomate.png\",\"contentUrl\":\"https:\\\/\\\/jesuisuncuisinier.fr\\\/wp-content\\\/uploads\\\/2014\\\/07\\\/ensalada_de_tomate.png\",\"width\":640,\"height\":427},{\"@type\":\"BreadcrumbList\",\"@id\":\"https:\\\/\\\/jesuisuncuisinier.fr\\\/fr\\\/salade-de-tomate\\\/#breadcrumb\",\"itemListElement\":[{\"@type\":\"ListItem\",\"position\":1,\"name\":\"Portada\",\"item\":\"https:\\\/\\\/jesuisuncuisinier.fr\\\/fr\\\/\"},{\"@type\":\"ListItem\",\"position\":2,\"name\":\"Recette de salade de tomate\"}]},{\"@type\":\"WebSite\",\"@id\":\"https:\\\/\\\/jesuisuncuisinier.fr\\\/fr\\\/#website\",\"url\":\"https:\\\/\\\/jesuisuncuisinier.fr\\\/fr\\\/\",\"name\":\"Je suis un cuisinier - Recettes faciles\",\"description\":\"Recettes de cuisine faciles pour tous les jours. Cuisine fran\u00e7aise, espagnole et d&#039;ailleurs.\",\"publisher\":{\"@id\":\"https:\\\/\\\/jesuisuncuisinier.fr\\\/fr\\\/#\\\/schema\\\/person\\\/04d97b7b1ae2f60e14cd96fc10a341aa\"},\"potentialAction\":[{\"@type\":\"SearchAction\",\"target\":{\"@type\":\"EntryPoint\",\"urlTemplate\":\"https:\\\/\\\/jesuisuncuisinier.fr\\\/fr\\\/?s={search_term_string}\"},\"query-input\":{\"@type\":\"PropertyValueSpecification\",\"valueRequired\":true,\"valueName\":\"search_term_string\"}}],\"inLanguage\":\"fr-FR\"},{\"@type\":[\"Person\",\"Organization\"],\"@id\":\"https:\\\/\\\/jesuisuncuisinier.fr\\\/fr\\\/#\\\/schema\\\/person\\\/04d97b7b1ae2f60e14cd96fc10a341aa\",\"name\":\"Dami\u00e1n Serrano\",\"image\":{\"@type\":\"ImageObject\",\"inLanguage\":\"fr-FR\",\"@id\":\"https:\\\/\\\/jesuisuncuisinier.fr\\\/wp-content\\\/uploads\\\/2019\\\/11\\\/avatar.jpg\",\"url\":\"https:\\\/\\\/jesuisuncuisinier.fr\\\/wp-content\\\/uploads\\\/2019\\\/11\\\/avatar.jpg\",\"contentUrl\":\"https:\\\/\\\/jesuisuncuisinier.fr\\\/wp-content\\\/uploads\\\/2019\\\/11\\\/avatar.jpg\",\"width\":200,\"height\":200,\"caption\":\"Dami\u00e1n Serrano\"},\"logo\":{\"@id\":\"https:\\\/\\\/jesuisuncuisinier.fr\\\/wp-content\\\/uploads\\\/2019\\\/11\\\/avatar.jpg\"}},{\"@type\":\"Person\",\"@id\":\"https:\\\/\\\/jesuisuncuisinier.fr\\\/fr\\\/#\\\/schema\\\/person\\\/c2da7696f2784cce34698e48f989cb2a\",\"name\":\"Dami\u00e1n\",\"sameAs\":[\"http:\\\/\\\/jesuisuncuisinier.fr\",\"https:\\\/\\\/x.com\\\/unptitcuisinier\"]}]}<\/script>\n<!-- \/ Yoast SEO plugin. -->","yoast_head_json":{"title":"Recette de salade de tomate","robots":{"index":"index","follow":"follow","max-snippet":"max-snippet:-1","max-image-preview":"max-image-preview:large","max-video-preview":"max-video-preview:-1"},"canonical":"https:\/\/jesuisuncuisinier.fr\/fr\/salade-de-tomate\/","og_locale":"fr_FR","og_type":"article","og_title":"Recette de salade de tomate","og_url":"https:\/\/jesuisuncuisinier.fr\/fr\/salade-de-tomate\/","og_site_name":"Je suis un cuisinier - Recettes faciles","article_published_time":"2014-08-11T12:22:40+00:00","article_modified_time":"2016-07-25T22:55:11+00:00","og_image":[{"width":640,"height":427,"url":"https:\/\/jesuisuncuisinier.fr\/wp-content\/uploads\/2014\/07\/ensalada_de_tomate.png","type":"image\/png"}],"author":"Dami\u00e1n","twitter_card":"summary_large_image","twitter_creator":"@unptitcuisinier","twitter_site":"@unptitcuisinier","twitter_misc":{"\u00c9crit par":"Dami\u00e1n","Dur\u00e9e de lecture estim\u00e9e":"2 minutes"},"schema":{"@context":"https:\/\/schema.org","@graph":[{"@type":"Article","@id":"https:\/\/jesuisuncuisinier.fr\/fr\/salade-de-tomate\/#article","isPartOf":{"@id":"https:\/\/jesuisuncuisinier.fr\/fr\/salade-de-tomate\/"},"author":{"name":"Dami\u00e1n","@id":"https:\/\/jesuisuncuisinier.fr\/fr\/#\/schema\/person\/c2da7696f2784cce34698e48f989cb2a"},"headline":"Recette de salade de tomate","datePublished":"2014-08-11T12:22:40+00:00","dateModified":"2016-07-25T22:55:11+00:00","mainEntityOfPage":{"@id":"https:\/\/jesuisuncuisinier.fr\/fr\/salade-de-tomate\/"},"wordCount":432,"commentCount":3,"publisher":{"@id":"https:\/\/jesuisuncuisinier.fr\/fr\/#\/schema\/person\/04d97b7b1ae2f60e14cd96fc10a341aa"},"image":{"@id":"https:\/\/jesuisuncuisinier.fr\/fr\/salade-de-tomate\/#primaryimage"},"thumbnailUrl":"https:\/\/jesuisuncuisinier.fr\/wp-content\/uploads\/2014\/07\/ensalada_de_tomate.png","keywords":["salade","tapas","tomates","ail"],"articleSection":["recette","Salades"],"inLanguage":"fr-FR","potentialAction":[{"@type":"CommentAction","name":"Comment","target":["https:\/\/jesuisuncuisinier.fr\/fr\/salade-de-tomate\/#respond"]}]},{"@type":"WebPage","@id":"https:\/\/jesuisuncuisinier.fr\/fr\/salade-de-tomate\/","url":"https:\/\/jesuisuncuisinier.fr\/fr\/salade-de-tomate\/","name":"Recette de salade de tomate","isPartOf":{"@id":"https:\/\/jesuisuncuisinier.fr\/fr\/#website"},"primaryImageOfPage":{"@id":"https:\/\/jesuisuncuisinier.fr\/fr\/salade-de-tomate\/#primaryimage"},"image":{"@id":"https:\/\/jesuisuncuisinier.fr\/fr\/salade-de-tomate\/#primaryimage"},"thumbnailUrl":"https:\/\/jesuisuncuisinier.fr\/wp-content\/uploads\/2014\/07\/ensalada_de_tomate.png","datePublished":"2014-08-11T12:22:40+00:00","dateModified":"2016-07-25T22:55:11+00:00","breadcrumb":{"@id":"https:\/\/jesuisuncuisinier.fr\/fr\/salade-de-tomate\/#breadcrumb"},"inLanguage":"fr-FR","potentialAction":[{"@type":"ReadAction","target":["https:\/\/jesuisuncuisinier.fr\/fr\/salade-de-tomate\/"]}]},{"@type":"ImageObject","inLanguage":"fr-FR","@id":"https:\/\/jesuisuncuisinier.fr\/fr\/salade-de-tomate\/#primaryimage","url":"https:\/\/jesuisuncuisinier.fr\/wp-content\/uploads\/2014\/07\/ensalada_de_tomate.png","contentUrl":"https:\/\/jesuisuncuisinier.fr\/wp-content\/uploads\/2014\/07\/ensalada_de_tomate.png","width":640,"height":427},{"@type":"BreadcrumbList","@id":"https:\/\/jesuisuncuisinier.fr\/fr\/salade-de-tomate\/#breadcrumb","itemListElement":[{"@type":"ListItem","position":1,"name":"Portada","item":"https:\/\/jesuisuncuisinier.fr\/fr\/"},{"@type":"ListItem","position":2,"name":"Recette de salade de tomate"}]},{"@type":"WebSite","@id":"https:\/\/jesuisuncuisinier.fr\/fr\/#website","url":"https:\/\/jesuisuncuisinier.fr\/fr\/","name":"Je suis un cuisinier - Recettes faciles","description":"Recettes de cuisine faciles pour tous les jours. Cuisine fran\u00e7aise, espagnole et d&#039;ailleurs.","publisher":{"@id":"https:\/\/jesuisuncuisinier.fr\/fr\/#\/schema\/person\/04d97b7b1ae2f60e14cd96fc10a341aa"},"potentialAction":[{"@type":"SearchAction","target":{"@type":"EntryPoint","urlTemplate":"https:\/\/jesuisuncuisinier.fr\/fr\/?s={search_term_string}"},"query-input":{"@type":"PropertyValueSpecification","valueRequired":true,"valueName":"search_term_string"}}],"inLanguage":"fr-FR"},{"@type":["Person","Organization"],"@id":"https:\/\/jesuisuncuisinier.fr\/fr\/#\/schema\/person\/04d97b7b1ae2f60e14cd96fc10a341aa","name":"Dami\u00e1n Serrano","image":{"@type":"ImageObject","inLanguage":"fr-FR","@id":"https:\/\/jesuisuncuisinier.fr\/wp-content\/uploads\/2019\/11\/avatar.jpg","url":"https:\/\/jesuisuncuisinier.fr\/wp-content\/uploads\/2019\/11\/avatar.jpg","contentUrl":"https:\/\/jesuisuncuisinier.fr\/wp-content\/uploads\/2019\/11\/avatar.jpg","width":200,"height":200,"caption":"Dami\u00e1n Serrano"},"logo":{"@id":"https:\/\/jesuisuncuisinier.fr\/wp-content\/uploads\/2019\/11\/avatar.jpg"}},{"@type":"Person","@id":"https:\/\/jesuisuncuisinier.fr\/fr\/#\/schema\/person\/c2da7696f2784cce34698e48f989cb2a","name":"Dami\u00e1n","sameAs":["http:\/\/jesuisuncuisinier.fr","https:\/\/x.com\/unptitcuisinier"]}]}},"amp_enabled":true,"_links":{"self":[{"href":"https:\/\/jesuisuncuisinier.fr\/fr\/wp-json\/wp\/v2\/posts\/2887","targetHints":{"allow":["GET"]}}],"collection":[{"href":"https:\/\/jesuisuncuisinier.fr\/fr\/wp-json\/wp\/v2\/posts"}],"about":[{"href":"https:\/\/jesuisuncuisinier.fr\/fr\/wp-json\/wp\/v2\/types\/post"}],"author":[{"embeddable":true,"href":"https:\/\/jesuisuncuisinier.fr\/fr\/wp-json\/wp\/v2\/users\/1"}],"replies":[{"embeddable":true,"href":"https:\/\/jesuisuncuisinier.fr\/fr\/wp-json\/wp\/v2\/comments?post=2887"}],"version-history":[{"count":0,"href":"https:\/\/jesuisuncuisinier.fr\/fr\/wp-json\/wp\/v2\/posts\/2887\/revisions"}],"wp:featuredmedia":[{"embeddable":true,"href":"https:\/\/jesuisuncuisinier.fr\/fr\/wp-json\/wp\/v2\/media\/2889"}],"wp:attachment":[{"href":"https:\/\/jesuisuncuisinier.fr\/fr\/wp-json\/wp\/v2\/media?parent=2887"}],"wp:term":[{"taxonomy":"category","embeddable":true,"href":"https:\/\/jesuisuncuisinier.fr\/fr\/wp-json\/wp\/v2\/categories?post=2887"},{"taxonomy":"post_tag","embeddable":true,"href":"https:\/\/jesuisuncuisinier.fr\/fr\/wp-json\/wp\/v2\/tags?post=2887"}],"curies":[{"name":"wp","href":"https:\/\/api.w.org\/{rel}","templated":true}]}}