{"id":16754,"date":"2024-10-14T15:55:18","date_gmt":"2024-10-14T13:55:18","guid":{"rendered":"https:\/\/jesuisuncuisinier.fr\/fr\/?p=16754"},"modified":"2024-10-14T15:55:18","modified_gmt":"2024-10-14T13:55:18","slug":"sinitier-a-la-fermentation-des-legumes","status":"publish","type":"post","link":"https:\/\/jesuisuncuisinier.fr\/fr\/sinitier-a-la-fermentation-des-legumes\/","title":{"rendered":"S&rsquo;initier \u00e0 la fermentation des l\u00e9gumes"},"content":{"rendered":"<p>Bien plus qu&rsquo;une simple tendance culinaire, la fermentation des l\u00e9gumes est<span>\u00a0<\/span><strong>une m\u00e9thode ancestrale<\/strong><span>\u00a0<\/span>qui pr\u00e9sente de nombreux avantages pour la sant\u00e9. Que vous soyez novice ou passionn\u00e9 de cuisine, d\u00e9couvrir les secrets de la fermentation peut transformer votre mani\u00e8re de consommer des l\u00e9gumes. Il s\u2019agit d\u2019une technique simple et b\u00e9n\u00e9fique pour votre sant\u00e9. Elle permet non seulement de conserver vos l\u00e9gumes, mais aussi d&rsquo;en rehausser les saveurs. En suivant<span>\u00a0<\/span><strong>quelques \u00e9tapes cl\u00e9s<\/strong><span>\u00a0<\/span>et en<span>\u00a0<\/span><strong>\u00e9vitant les erreurs courantes<\/strong>, vous pourrez facilement vous initier \u00e0 cette pratique.<\/p>\n<h2><strong>Pourquoi fermenter des l\u00e9gumes ?<\/strong><\/h2>\n<p>Fermenter des l\u00e9gumes permet de cr\u00e9er des aliments riches en probiotiques, qui sont b\u00e9n\u00e9fiques pour la sant\u00e9 digestive. Voici quelques avantages notables :<\/p>\n<ul>\n<li><strong>\u00a0\u00a0\u00a0\u00a0\u00a0\u00a0\u00a0\u00a0\u00a0<\/strong><strong>am\u00e9lioration de la digestion<span>\u00a0<\/span><\/strong>: les probiotiques aident \u00e0 \u00e9quilibrer la flore intestinale.<\/li>\n<li>\u00a0\u00a0\u00a0\u00a0\u00a0\u00a0\u00a0\u00a0\u00a0<strong>conservation naturelle<span>\u00a0<\/span><\/strong>: la fermentation prolonge la dur\u00e9e de vie des l\u00e9gumes sans ajout de conservateurs chimiques.<\/li>\n<li>\u00a0\u00a0\u00a0\u00a0\u00a0\u00a0<strong>\u00a0\u00a0\u00a0<\/strong><strong>rehaussement des saveurs<\/strong><span>\u00a0<\/span>: les l\u00e9gumes ferment\u00e9s offrent des go\u00fbts uniques et intenses, id\u00e9aux pour agr\u00e9menter vos plats.<\/li>\n<\/ul>\n<h2><strong>Quelles sont les \u00e9tapes de la fermentation ?<\/strong><\/h2>\n<p>Pour proc\u00e9der \u00e0 la fermentation des l\u00e9gumes, vous devez suivre plusieurs \u00e9tapes essentielles. Vous devez d\u2019abord commencer par choisir les bons l\u00e9gumes. Privil\u00e9giez des l\u00e9gumes frais et de saison tels que le chou qui est id\u00e9al pour faire de la choucroute, les carottes qui sont parfaites en b\u00e2tonnets croquants et les concombres pour r\u00e9aliser des pickles.<\/p>\n<p>Ensuite, il faudra pr\u00e9parer le mat\u00e9riel \u00e0 savoir les bocaux en verre (de pr\u00e9f\u00e9rence herm\u00e9tiques), les presse-l\u00e9gumes pour tasser les l\u00e9gumes et de l\u2019eau de source ou filtr\u00e9e pour \u00e9viter le chlore. L\u2019\u00e9tape suivante se rapporte \u00e0 la pr\u00e9paration des l\u00e9gumes. Vous devez les laver et les couper en morceaux ou en rondelles selon vos pr\u00e9f\u00e9rences. Ajoutez du sel (environ 2-3% du poids total des l\u00e9gumes) pour<span>\u00a0<\/span><strong>favoriser la fermentation<\/strong>. En effet, le sel joue un r\u00f4le cl\u00e9 en emp\u00eachant la croissance de bact\u00e9ries ind\u00e9sirables.<\/p>\n<p>Pour proc\u00e9der \u00e0 la fermentation, placez les l\u00e9gumes dans le bocal en les tassant bien pour \u00e9liminer les poches d\u2019air. Couvrez les l\u00e9gumes d\u2019une solution saline (eau + sel) si n\u00e9cessaire. Fermez le bocal et laissez fermenter \u00e0 temp\u00e9rature ambiante (entre 18 et 22\u00b0C) pendant 1 \u00e0 4 semaines, selon le go\u00fbt d\u00e9sir\u00e9.<\/p>\n<p>Durant la fermentation, il est crucial de surveiller le processus. V\u00e9rifiez r\u00e9guli\u00e8rement le niveau de liquide pour que les l\u00e9gumes soient toujours immerg\u00e9s. Go\u00fbtez les l\u00e9gumes apr\u00e8s une semaine. Si le go\u00fbt vous convient, placez le bocal au r\u00e9frig\u00e9rateur pour<span>\u00a0<\/span><strong>ralentir la fermentation<\/strong>.<\/p>\n<h2><strong>Les conseils pratiques \u00e0 consid\u00e9rer pour une fermentation de l\u00e9gumes r\u00e9ussie<\/strong><\/h2>\n<p>Pour r\u00e9ussir votre fermentation, gardez en t\u00eate ces conseils :<\/p>\n<ul>\n<li>\u00a0 utilisez des l\u00e9gumes bio pour \u00e9viter les pesticides.<\/li>\n<li>\u00a0 st\u00e9rilisez vos bocaux pour pr\u00e9venir toute contamination.<\/li>\n<li>\u00a0 \u00e9tiquetez vos bocaux avec la date de d\u00e9but de fermentation.<\/li>\n<\/ul>\n<h2><strong>La fermentation : un voyage culinaire aux multiples bienfaits !<\/strong><\/h2>\n<p>Les principaux avantages de la fermentation incluent l&rsquo;am\u00e9lioration de la digestion, la conservation naturelle des aliments et le d\u00e9veloppement de saveurs uniques. N&rsquo;h\u00e9sitez pas \u00e0 exp\u00e9rimenter d\u2019autres recettes avec diff\u00e9rents l\u00e9gumes et assaisonnements disponibles sur<a href=\"https:\/\/fermeduplateau.fr\/\"><span>\u00a0<\/span>https:\/\/fermeduplateau.fr\/<\/a><span>\u00a0<\/span>pour d\u00e9couvrir ce qui vous pla\u00eet le plus. Faites de la fermentation une partie int\u00e9grante de votre cuisine et savourez<span>\u00a0<\/span><strong>les bienfaits de cette m\u00e9thode ancestrale<\/strong>.<\/p>\n<p>Image \u00e0 la une: Designed by <a href=\"http:\/\/freepik.com\" target=\"_blank\" rel=\"noopener\">Freepik<\/a><\/p>\n","protected":false},"excerpt":{"rendered":"<p>Bien plus qu&rsquo;une simple tendance culinaire, la fermentation des l\u00e9gumes est\u00a0une m\u00e9thode ancestrale\u00a0qui pr\u00e9sente de nombreux avantages pour la sant\u00e9. Que vous soyez novice ou passionn\u00e9 de cuisine, d\u00e9couvrir les secrets de la fermentation peut [&hellip;]<\/p>\n","protected":false},"author":1,"featured_media":16755,"comment_status":"open","ping_status":"open","sticky":false,"template":"","format":"standard","meta":{"_yoast_wpseo_focuskw":"","_yoast_wpseo_metadesc":"","footnotes":""},"categories":[1455,1456],"tags":[],"class_list":["post-16754","post","type-post","status-publish","format-standard","has-post-thumbnail","hentry","category-un-peu-de-tout","category-guides"],"yoast_head":"<!-- This site is optimized with the Yoast SEO plugin v27.5 - https:\/\/yoast.com\/product\/yoast-seo-wordpress\/ -->\n<title>S&#039;initier \u00e0 la fermentation des l\u00e9gumes<\/title>\n<meta name=\"robots\" content=\"index, follow, max-snippet:-1, max-image-preview:large, max-video-preview:-1\" \/>\n<link rel=\"canonical\" href=\"https:\/\/jesuisuncuisinier.fr\/fr\/sinitier-a-la-fermentation-des-legumes\/\" \/>\n<meta property=\"og:locale\" content=\"fr_FR\" \/>\n<meta property=\"og:type\" content=\"article\" \/>\n<meta property=\"og:title\" content=\"S&#039;initier \u00e0 la fermentation des l\u00e9gumes\" \/>\n<meta property=\"og:description\" content=\"Bien plus qu&rsquo;une simple tendance culinaire, la fermentation des l\u00e9gumes est\u00a0une m\u00e9thode ancestrale\u00a0qui pr\u00e9sente de nombreux avantages pour la sant\u00e9. Que vous soyez novice ou passionn\u00e9 de cuisine, d\u00e9couvrir les secrets de la fermentation peut [&hellip;]\" \/>\n<meta property=\"og:url\" content=\"https:\/\/jesuisuncuisinier.fr\/fr\/sinitier-a-la-fermentation-des-legumes\/\" \/>\n<meta property=\"og:site_name\" content=\"Je suis un cuisinier - Recettes faciles\" \/>\n<meta property=\"article:published_time\" content=\"2024-10-14T13:55:18+00:00\" \/>\n<meta property=\"og:image\" content=\"https:\/\/jesuisuncuisinier.fr\/wp-content\/uploads\/2024\/10\/fermentation-des-legumes.jpeg\" \/>\n\t<meta property=\"og:image:width\" content=\"1200\" \/>\n\t<meta property=\"og:image:height\" content=\"801\" \/>\n\t<meta property=\"og:image:type\" content=\"image\/jpeg\" \/>\n<meta name=\"author\" content=\"Dami\u00e1n\" \/>\n<meta name=\"twitter:card\" content=\"summary_large_image\" \/>\n<meta name=\"twitter:creator\" content=\"@unptitcuisinier\" \/>\n<meta name=\"twitter:site\" content=\"@unptitcuisinier\" \/>\n<meta name=\"twitter:label1\" content=\"\u00c9crit par\" \/>\n\t<meta name=\"twitter:data1\" content=\"Dami\u00e1n\" \/>\n\t<meta name=\"twitter:label2\" content=\"Dur\u00e9e de lecture estim\u00e9e\" \/>\n\t<meta name=\"twitter:data2\" content=\"3 minutes\" \/>\n<script type=\"application\/ld+json\" class=\"yoast-schema-graph\">{\"@context\":\"https:\\\/\\\/schema.org\",\"@graph\":[{\"@type\":\"Article\",\"@id\":\"https:\\\/\\\/jesuisuncuisinier.fr\\\/fr\\\/sinitier-a-la-fermentation-des-legumes\\\/#article\",\"isPartOf\":{\"@id\":\"https:\\\/\\\/jesuisuncuisinier.fr\\\/fr\\\/sinitier-a-la-fermentation-des-legumes\\\/\"},\"author\":{\"name\":\"Dami\u00e1n\",\"@id\":\"https:\\\/\\\/jesuisuncuisinier.fr\\\/fr\\\/#\\\/schema\\\/person\\\/c2da7696f2784cce34698e48f989cb2a\"},\"headline\":\"S&rsquo;initier \u00e0 la fermentation des l\u00e9gumes\",\"datePublished\":\"2024-10-14T13:55:18+00:00\",\"mainEntityOfPage\":{\"@id\":\"https:\\\/\\\/jesuisuncuisinier.fr\\\/fr\\\/sinitier-a-la-fermentation-des-legumes\\\/\"},\"wordCount\":615,\"commentCount\":0,\"publisher\":{\"@id\":\"https:\\\/\\\/jesuisuncuisinier.fr\\\/fr\\\/#\\\/schema\\\/person\\\/04d97b7b1ae2f60e14cd96fc10a341aa\"},\"image\":{\"@id\":\"https:\\\/\\\/jesuisuncuisinier.fr\\\/fr\\\/sinitier-a-la-fermentation-des-legumes\\\/#primaryimage\"},\"thumbnailUrl\":\"https:\\\/\\\/jesuisuncuisinier.fr\\\/wp-content\\\/uploads\\\/2024\\\/10\\\/fermentation-des-legumes.jpeg\",\"articleSection\":[\"Un peu de tout\",\"Guides\"],\"inLanguage\":\"fr-FR\",\"potentialAction\":[{\"@type\":\"CommentAction\",\"name\":\"Comment\",\"target\":[\"https:\\\/\\\/jesuisuncuisinier.fr\\\/fr\\\/sinitier-a-la-fermentation-des-legumes\\\/#respond\"]}]},{\"@type\":\"WebPage\",\"@id\":\"https:\\\/\\\/jesuisuncuisinier.fr\\\/fr\\\/sinitier-a-la-fermentation-des-legumes\\\/\",\"url\":\"https:\\\/\\\/jesuisuncuisinier.fr\\\/fr\\\/sinitier-a-la-fermentation-des-legumes\\\/\",\"name\":\"S'initier \u00e0 la fermentation des l\u00e9gumes\",\"isPartOf\":{\"@id\":\"https:\\\/\\\/jesuisuncuisinier.fr\\\/fr\\\/#website\"},\"primaryImageOfPage\":{\"@id\":\"https:\\\/\\\/jesuisuncuisinier.fr\\\/fr\\\/sinitier-a-la-fermentation-des-legumes\\\/#primaryimage\"},\"image\":{\"@id\":\"https:\\\/\\\/jesuisuncuisinier.fr\\\/fr\\\/sinitier-a-la-fermentation-des-legumes\\\/#primaryimage\"},\"thumbnailUrl\":\"https:\\\/\\\/jesuisuncuisinier.fr\\\/wp-content\\\/uploads\\\/2024\\\/10\\\/fermentation-des-legumes.jpeg\",\"datePublished\":\"2024-10-14T13:55:18+00:00\",\"breadcrumb\":{\"@id\":\"https:\\\/\\\/jesuisuncuisinier.fr\\\/fr\\\/sinitier-a-la-fermentation-des-legumes\\\/#breadcrumb\"},\"inLanguage\":\"fr-FR\",\"potentialAction\":[{\"@type\":\"ReadAction\",\"target\":[\"https:\\\/\\\/jesuisuncuisinier.fr\\\/fr\\\/sinitier-a-la-fermentation-des-legumes\\\/\"]}]},{\"@type\":\"ImageObject\",\"inLanguage\":\"fr-FR\",\"@id\":\"https:\\\/\\\/jesuisuncuisinier.fr\\\/fr\\\/sinitier-a-la-fermentation-des-legumes\\\/#primaryimage\",\"url\":\"https:\\\/\\\/jesuisuncuisinier.fr\\\/wp-content\\\/uploads\\\/2024\\\/10\\\/fermentation-des-legumes.jpeg\",\"contentUrl\":\"https:\\\/\\\/jesuisuncuisinier.fr\\\/wp-content\\\/uploads\\\/2024\\\/10\\\/fermentation-des-legumes.jpeg\",\"width\":1200,\"height\":801,\"caption\":\"fermentation des l\u00e9gumes\"},{\"@type\":\"BreadcrumbList\",\"@id\":\"https:\\\/\\\/jesuisuncuisinier.fr\\\/fr\\\/sinitier-a-la-fermentation-des-legumes\\\/#breadcrumb\",\"itemListElement\":[{\"@type\":\"ListItem\",\"position\":1,\"name\":\"Portada\",\"item\":\"https:\\\/\\\/jesuisuncuisinier.fr\\\/fr\\\/\"},{\"@type\":\"ListItem\",\"position\":2,\"name\":\"S&rsquo;initier \u00e0 la fermentation des l\u00e9gumes\"}]},{\"@type\":\"WebSite\",\"@id\":\"https:\\\/\\\/jesuisuncuisinier.fr\\\/fr\\\/#website\",\"url\":\"https:\\\/\\\/jesuisuncuisinier.fr\\\/fr\\\/\",\"name\":\"Je suis un cuisinier - Recettes faciles\",\"description\":\"Recettes de cuisine faciles pour tous les jours. Cuisine fran\u00e7aise, espagnole et d&#039;ailleurs.\",\"publisher\":{\"@id\":\"https:\\\/\\\/jesuisuncuisinier.fr\\\/fr\\\/#\\\/schema\\\/person\\\/04d97b7b1ae2f60e14cd96fc10a341aa\"},\"potentialAction\":[{\"@type\":\"SearchAction\",\"target\":{\"@type\":\"EntryPoint\",\"urlTemplate\":\"https:\\\/\\\/jesuisuncuisinier.fr\\\/fr\\\/?s={search_term_string}\"},\"query-input\":{\"@type\":\"PropertyValueSpecification\",\"valueRequired\":true,\"valueName\":\"search_term_string\"}}],\"inLanguage\":\"fr-FR\"},{\"@type\":[\"Person\",\"Organization\"],\"@id\":\"https:\\\/\\\/jesuisuncuisinier.fr\\\/fr\\\/#\\\/schema\\\/person\\\/04d97b7b1ae2f60e14cd96fc10a341aa\",\"name\":\"Dami\u00e1n Serrano\",\"image\":{\"@type\":\"ImageObject\",\"inLanguage\":\"fr-FR\",\"@id\":\"https:\\\/\\\/jesuisuncuisinier.fr\\\/wp-content\\\/uploads\\\/2019\\\/11\\\/avatar.jpg\",\"url\":\"https:\\\/\\\/jesuisuncuisinier.fr\\\/wp-content\\\/uploads\\\/2019\\\/11\\\/avatar.jpg\",\"contentUrl\":\"https:\\\/\\\/jesuisuncuisinier.fr\\\/wp-content\\\/uploads\\\/2019\\\/11\\\/avatar.jpg\",\"width\":200,\"height\":200,\"caption\":\"Dami\u00e1n Serrano\"},\"logo\":{\"@id\":\"https:\\\/\\\/jesuisuncuisinier.fr\\\/wp-content\\\/uploads\\\/2019\\\/11\\\/avatar.jpg\"}},{\"@type\":\"Person\",\"@id\":\"https:\\\/\\\/jesuisuncuisinier.fr\\\/fr\\\/#\\\/schema\\\/person\\\/c2da7696f2784cce34698e48f989cb2a\",\"name\":\"Dami\u00e1n\",\"sameAs\":[\"http:\\\/\\\/jesuisuncuisinier.fr\",\"https:\\\/\\\/x.com\\\/unptitcuisinier\"]}]}<\/script>\n<!-- \/ Yoast SEO plugin. -->","yoast_head_json":{"title":"S'initier \u00e0 la fermentation des l\u00e9gumes","robots":{"index":"index","follow":"follow","max-snippet":"max-snippet:-1","max-image-preview":"max-image-preview:large","max-video-preview":"max-video-preview:-1"},"canonical":"https:\/\/jesuisuncuisinier.fr\/fr\/sinitier-a-la-fermentation-des-legumes\/","og_locale":"fr_FR","og_type":"article","og_title":"S'initier \u00e0 la fermentation des l\u00e9gumes","og_description":"Bien plus qu&rsquo;une simple tendance culinaire, la fermentation des l\u00e9gumes est\u00a0une m\u00e9thode ancestrale\u00a0qui pr\u00e9sente de nombreux avantages pour la sant\u00e9. Que vous soyez novice ou passionn\u00e9 de cuisine, d\u00e9couvrir les secrets de la fermentation peut [&hellip;]","og_url":"https:\/\/jesuisuncuisinier.fr\/fr\/sinitier-a-la-fermentation-des-legumes\/","og_site_name":"Je suis un cuisinier - Recettes faciles","article_published_time":"2024-10-14T13:55:18+00:00","og_image":[{"width":1200,"height":801,"url":"https:\/\/jesuisuncuisinier.fr\/wp-content\/uploads\/2024\/10\/fermentation-des-legumes.jpeg","type":"image\/jpeg"}],"author":"Dami\u00e1n","twitter_card":"summary_large_image","twitter_creator":"@unptitcuisinier","twitter_site":"@unptitcuisinier","twitter_misc":{"\u00c9crit par":"Dami\u00e1n","Dur\u00e9e de lecture estim\u00e9e":"3 minutes"},"schema":{"@context":"https:\/\/schema.org","@graph":[{"@type":"Article","@id":"https:\/\/jesuisuncuisinier.fr\/fr\/sinitier-a-la-fermentation-des-legumes\/#article","isPartOf":{"@id":"https:\/\/jesuisuncuisinier.fr\/fr\/sinitier-a-la-fermentation-des-legumes\/"},"author":{"name":"Dami\u00e1n","@id":"https:\/\/jesuisuncuisinier.fr\/fr\/#\/schema\/person\/c2da7696f2784cce34698e48f989cb2a"},"headline":"S&rsquo;initier \u00e0 la fermentation des l\u00e9gumes","datePublished":"2024-10-14T13:55:18+00:00","mainEntityOfPage":{"@id":"https:\/\/jesuisuncuisinier.fr\/fr\/sinitier-a-la-fermentation-des-legumes\/"},"wordCount":615,"commentCount":0,"publisher":{"@id":"https:\/\/jesuisuncuisinier.fr\/fr\/#\/schema\/person\/04d97b7b1ae2f60e14cd96fc10a341aa"},"image":{"@id":"https:\/\/jesuisuncuisinier.fr\/fr\/sinitier-a-la-fermentation-des-legumes\/#primaryimage"},"thumbnailUrl":"https:\/\/jesuisuncuisinier.fr\/wp-content\/uploads\/2024\/10\/fermentation-des-legumes.jpeg","articleSection":["Un peu de tout","Guides"],"inLanguage":"fr-FR","potentialAction":[{"@type":"CommentAction","name":"Comment","target":["https:\/\/jesuisuncuisinier.fr\/fr\/sinitier-a-la-fermentation-des-legumes\/#respond"]}]},{"@type":"WebPage","@id":"https:\/\/jesuisuncuisinier.fr\/fr\/sinitier-a-la-fermentation-des-legumes\/","url":"https:\/\/jesuisuncuisinier.fr\/fr\/sinitier-a-la-fermentation-des-legumes\/","name":"S'initier \u00e0 la fermentation des l\u00e9gumes","isPartOf":{"@id":"https:\/\/jesuisuncuisinier.fr\/fr\/#website"},"primaryImageOfPage":{"@id":"https:\/\/jesuisuncuisinier.fr\/fr\/sinitier-a-la-fermentation-des-legumes\/#primaryimage"},"image":{"@id":"https:\/\/jesuisuncuisinier.fr\/fr\/sinitier-a-la-fermentation-des-legumes\/#primaryimage"},"thumbnailUrl":"https:\/\/jesuisuncuisinier.fr\/wp-content\/uploads\/2024\/10\/fermentation-des-legumes.jpeg","datePublished":"2024-10-14T13:55:18+00:00","breadcrumb":{"@id":"https:\/\/jesuisuncuisinier.fr\/fr\/sinitier-a-la-fermentation-des-legumes\/#breadcrumb"},"inLanguage":"fr-FR","potentialAction":[{"@type":"ReadAction","target":["https:\/\/jesuisuncuisinier.fr\/fr\/sinitier-a-la-fermentation-des-legumes\/"]}]},{"@type":"ImageObject","inLanguage":"fr-FR","@id":"https:\/\/jesuisuncuisinier.fr\/fr\/sinitier-a-la-fermentation-des-legumes\/#primaryimage","url":"https:\/\/jesuisuncuisinier.fr\/wp-content\/uploads\/2024\/10\/fermentation-des-legumes.jpeg","contentUrl":"https:\/\/jesuisuncuisinier.fr\/wp-content\/uploads\/2024\/10\/fermentation-des-legumes.jpeg","width":1200,"height":801,"caption":"fermentation des l\u00e9gumes"},{"@type":"BreadcrumbList","@id":"https:\/\/jesuisuncuisinier.fr\/fr\/sinitier-a-la-fermentation-des-legumes\/#breadcrumb","itemListElement":[{"@type":"ListItem","position":1,"name":"Portada","item":"https:\/\/jesuisuncuisinier.fr\/fr\/"},{"@type":"ListItem","position":2,"name":"S&rsquo;initier \u00e0 la fermentation des l\u00e9gumes"}]},{"@type":"WebSite","@id":"https:\/\/jesuisuncuisinier.fr\/fr\/#website","url":"https:\/\/jesuisuncuisinier.fr\/fr\/","name":"Je suis un cuisinier - Recettes faciles","description":"Recettes de cuisine faciles pour tous les jours. Cuisine fran\u00e7aise, espagnole et d&#039;ailleurs.","publisher":{"@id":"https:\/\/jesuisuncuisinier.fr\/fr\/#\/schema\/person\/04d97b7b1ae2f60e14cd96fc10a341aa"},"potentialAction":[{"@type":"SearchAction","target":{"@type":"EntryPoint","urlTemplate":"https:\/\/jesuisuncuisinier.fr\/fr\/?s={search_term_string}"},"query-input":{"@type":"PropertyValueSpecification","valueRequired":true,"valueName":"search_term_string"}}],"inLanguage":"fr-FR"},{"@type":["Person","Organization"],"@id":"https:\/\/jesuisuncuisinier.fr\/fr\/#\/schema\/person\/04d97b7b1ae2f60e14cd96fc10a341aa","name":"Dami\u00e1n Serrano","image":{"@type":"ImageObject","inLanguage":"fr-FR","@id":"https:\/\/jesuisuncuisinier.fr\/wp-content\/uploads\/2019\/11\/avatar.jpg","url":"https:\/\/jesuisuncuisinier.fr\/wp-content\/uploads\/2019\/11\/avatar.jpg","contentUrl":"https:\/\/jesuisuncuisinier.fr\/wp-content\/uploads\/2019\/11\/avatar.jpg","width":200,"height":200,"caption":"Dami\u00e1n Serrano"},"logo":{"@id":"https:\/\/jesuisuncuisinier.fr\/wp-content\/uploads\/2019\/11\/avatar.jpg"}},{"@type":"Person","@id":"https:\/\/jesuisuncuisinier.fr\/fr\/#\/schema\/person\/c2da7696f2784cce34698e48f989cb2a","name":"Dami\u00e1n","sameAs":["http:\/\/jesuisuncuisinier.fr","https:\/\/x.com\/unptitcuisinier"]}]}},"amp_enabled":true,"_links":{"self":[{"href":"https:\/\/jesuisuncuisinier.fr\/fr\/wp-json\/wp\/v2\/posts\/16754","targetHints":{"allow":["GET"]}}],"collection":[{"href":"https:\/\/jesuisuncuisinier.fr\/fr\/wp-json\/wp\/v2\/posts"}],"about":[{"href":"https:\/\/jesuisuncuisinier.fr\/fr\/wp-json\/wp\/v2\/types\/post"}],"author":[{"embeddable":true,"href":"https:\/\/jesuisuncuisinier.fr\/fr\/wp-json\/wp\/v2\/users\/1"}],"replies":[{"embeddable":true,"href":"https:\/\/jesuisuncuisinier.fr\/fr\/wp-json\/wp\/v2\/comments?post=16754"}],"version-history":[{"count":1,"href":"https:\/\/jesuisuncuisinier.fr\/fr\/wp-json\/wp\/v2\/posts\/16754\/revisions"}],"predecessor-version":[{"id":16756,"href":"https:\/\/jesuisuncuisinier.fr\/fr\/wp-json\/wp\/v2\/posts\/16754\/revisions\/16756"}],"wp:featuredmedia":[{"embeddable":true,"href":"https:\/\/jesuisuncuisinier.fr\/fr\/wp-json\/wp\/v2\/media\/16755"}],"wp:attachment":[{"href":"https:\/\/jesuisuncuisinier.fr\/fr\/wp-json\/wp\/v2\/media?parent=16754"}],"wp:term":[{"taxonomy":"category","embeddable":true,"href":"https:\/\/jesuisuncuisinier.fr\/fr\/wp-json\/wp\/v2\/categories?post=16754"},{"taxonomy":"post_tag","embeddable":true,"href":"https:\/\/jesuisuncuisinier.fr\/fr\/wp-json\/wp\/v2\/tags?post=16754"}],"curies":[{"name":"wp","href":"https:\/\/api.w.org\/{rel}","templated":true}]}}