{"id":16646,"date":"2024-07-05T19:30:25","date_gmt":"2024-07-05T17:30:25","guid":{"rendered":"https:\/\/jesuisuncuisinier.fr\/fr\/?p=16646"},"modified":"2024-07-05T19:30:25","modified_gmt":"2024-07-05T17:30:25","slug":"pourquoi-faire-appel-a-un-torrefacteur","status":"publish","type":"post","link":"https:\/\/jesuisuncuisinier.fr\/fr\/pourquoi-faire-appel-a-un-torrefacteur\/","title":{"rendered":"Pourquoi faire appel \u00e0 un torr\u00e9facteur ?"},"content":{"rendered":"<p><img loading=\"lazy\" decoding=\"async\" src=\"https:\/\/jesuisuncuisinier.fr\/wp-content\/uploads\/2024\/07\/pourquoi-faire-appel-a-un-torrefacteur.jpg\" alt=\"\" width=\"1080\" height=\"720\" class=\"aligncenter size-full wp-image-16647\" srcset=\"https:\/\/jesuisuncuisinier.fr\/wp-content\/uploads\/2024\/07\/pourquoi-faire-appel-a-un-torrefacteur.jpg 1080w, https:\/\/jesuisuncuisinier.fr\/wp-content\/uploads\/2024\/07\/pourquoi-faire-appel-a-un-torrefacteur-768x512.jpg 768w, https:\/\/jesuisuncuisinier.fr\/wp-content\/uploads\/2024\/07\/pourquoi-faire-appel-a-un-torrefacteur-320x213.jpg 320w, https:\/\/jesuisuncuisinier.fr\/wp-content\/uploads\/2024\/07\/pourquoi-faire-appel-a-un-torrefacteur-300x200.jpg 300w\" sizes=\"auto, (max-width: 1080px) 100vw, 1080px\" \/><\/p>\n<p>Le caf\u00e9 reste l&rsquo;une des boissons favorites \u00e0 travers le monde, quel que soit le pays et la culture qui le baigne. Proposant une tr\u00e8s grande diversit\u00e9 de go\u00fbts et d&rsquo;exp\u00e9riences, ce breuvage mill\u00e9naire s&rsquo;est aujourd&rsquo;hui impos\u00e9 comme l&rsquo;un des incontournables \u00e0 diff\u00e9rents moments de la journ\u00e9e, avec, \u00e0 chaque fois, une raison diff\u00e9rente de l&rsquo;appr\u00e9cier. Mais s&rsquo;il est recherch\u00e9 et consomm\u00e9 \u00e0 grande \u00e9chelle, sa qualit\u00e9, la mani\u00e8re dont on veut l&rsquo;utiliser et encore une fois, ce que l&rsquo;on peut vouloir en retirer, peut changer du tout au tout. Car faire appel \u00e0 un professionnel du caf\u00e9 peut alors aider dans ses choix, nous allons voir quel va \u00eatre pr\u00e9cis\u00e9ment l&rsquo;int\u00e9r\u00eat d&rsquo;en solliciter un.<\/p>\n<script async src=\"\/\/pagead2.googlesyndication.com\/pagead\/js\/adsbygoogle.js\"><\/script><ins class=\"adsbygoogle\"style=\"display:block\"data-ad-client=\"ca-pub-7750789452383743\"data-ad-slot=\"9252856116\"data-ad-format=\"auto\"><\/ins><script>(adsbygoogle = window.adsbygoogle || []).push({});<\/script><amp-ad width=\"100vw\" height=320 type=\"adsense\" data-ad-client=\"ca-pub-7750789452383743\" data-ad-slot=\"7340373828\" data-auto-format=\"rspv\" data-full-width><div overflow><\/div><\/amp-ad><div class=\"cleaner\" style=\"margin: 10px\"><\/div>\n<h2>Le caf\u00e9 dans tous ses \u00e9tats : prendre celui fait pour votre machine \u00e0 caf\u00e9<\/h2>\n<p>Le caf\u00e9 est cette boisson, cette id\u00e9e gustative g\u00e9n\u00e9rique qui \u00e9voque \u00e0 tout le monde quelque chose et au moins un parfum si ce n&rsquo;est une saveur. Mais, nous l&rsquo;avons dit, il y a des caf\u00e9s et pas un seul. Car <a href=\"https:\/\/cafedoriant.fr\/\" target=\"_blank\" rel=\"noopener\">en choisissant un torr\u00e9facteur passionn\u00e9<\/a>, chacun va pouvoir r\u00e9ussir \u00e0 identifier exactement le caf\u00e9 qui lui correspond, nous ne pouvons que vous exhorter \u00e0 trouver autour de vous le professionnel qui va vous accompagner dans votre recherche. En effet, seul un professionnel, dont le caf\u00e9 est la passion, est en mesure de vous servir pour une exp\u00e9rience augment\u00e9e.<\/p>\n<p>Il va \u00eatre capable de vous conseiller sur les origines, les formes et les utilisations du caf\u00e9, afin de r\u00e9pondre pleinement \u00e0 vos besoins. Pour aborder les choses simplement et faciliter l&rsquo;acc\u00e8s \u00e0 tout ce que peut r\u00e9server le grain de caf\u00e9, nous parlerons d&rsquo;abord de la forme sous laquelle l&rsquo;acheter.<\/p>\n<script async src=\"\/\/pagead2.googlesyndication.com\/pagead\/js\/adsbygoogle.js\"><\/script><ins class=\"adsbygoogle\"style=\"display:block\"data-ad-client=\"ca-pub-7750789452383743\"data-ad-slot=\"9252856116\"data-ad-format=\"auto\"><\/ins><script>(adsbygoogle = window.adsbygoogle || []).push({});<\/script><amp-ad width=\"100vw\" height=320 type=\"adsense\" data-ad-client=\"ca-pub-7750789452383743\" data-ad-slot=\"7340373828\" data-auto-format=\"rspv\" data-full-width><div overflow><\/div><\/amp-ad><div class=\"cleaner\" style=\"margin: 10px\"><\/div>\n<p>La machine ou la m\u00e9thode qui sera utilis\u00e9e va faire logiquement varier le conditionnement dont on va avoir besoin. Du caf\u00e9 espresso ou caf\u00e9 filtre, il existe plusieurs fa\u00e7ons de proc\u00e9der. Ainsi, du caf\u00e9 moulu ou caf\u00e9 en grain, chacun doit s&rsquo;y retrouver pour maximiser son exp\u00e9rience \u00e0 domicile. Notons qu&rsquo;aujourd&rsquo;hui, la technique est vraiment au service de tous : des machines \u00e0 caf\u00e9 les plus simples et les plus anciennes aux derniers moulins \u00e9lectriques permettant de moudre ses grains torr\u00e9fi\u00e9s, chacun y trouvera son compte.<\/p>\n<p><img loading=\"lazy\" decoding=\"async\" src=\"https:\/\/jesuisuncuisinier.fr\/wp-content\/uploads\/2024\/07\/choisir-un-torrefacteur-passionne.jpg\" alt=\"Choisir un torr\u00e9facteur passionn\u00e9\" width=\"1082\" height=\"720\" class=\"aligncenter size-full wp-image-16649\" srcset=\"https:\/\/jesuisuncuisinier.fr\/wp-content\/uploads\/2024\/07\/choisir-un-torrefacteur-passionne.jpg 1082w, https:\/\/jesuisuncuisinier.fr\/wp-content\/uploads\/2024\/07\/choisir-un-torrefacteur-passionne-768x511.jpg 768w, https:\/\/jesuisuncuisinier.fr\/wp-content\/uploads\/2024\/07\/choisir-un-torrefacteur-passionne-320x213.jpg 320w, https:\/\/jesuisuncuisinier.fr\/wp-content\/uploads\/2024\/07\/choisir-un-torrefacteur-passionne-300x200.jpg 300w\" sizes=\"auto, (max-width: 1082px) 100vw, 1082px\" \/><\/p>\n<h2>Le caf\u00e9 : un monde de saveurs<\/h2>\n<p>Dans tous les cas, un professionnel du caf\u00e9 pourra vous proposer les vari\u00e9t\u00e9s et les niveaux de torr\u00e9factions qui pourront correspondre \u00e0 vos aspirations. D&rsquo;Afrique, d&rsquo;Asie ou encore d&rsquo;Am\u00e9rique du Sud, les caf\u00e9s vont proposer un \u00e9ventail tr\u00e8s large de profils aromatiques. Du plus complexe au plus l\u00e9ger, le caf\u00e9 est l&rsquo;occasion d&rsquo;immenses variations gustatives aux touches parfois \u00e9tonnantes : chocolat, fruits rouges, noisettes, mandarine, vanille, etc.<\/p>\n<p>Ces saveurs vari\u00e9es sont autant de possibilit\u00e9s d&rsquo;accompagner tous vos diff\u00e9rents moments o\u00f9 le caf\u00e9 va tenir une place majeure :<\/p>\n<ul>\n<li>petit d\u00e9jeuner ;<\/li>\n<li>matin\u00e9e ;<\/li>\n<li>apr\u00e8s un repas ;<\/li>\n<li>lors d&rsquo;un brunch, etc.<\/li>\n<\/ul>\n<p>Chaque moment doit correspondre \u00e0 une puissance, \u00e0 un dosage en caf\u00e9ine : cela va vous assurer, en plus du go\u00fbt, une parfaite exploitation de l&rsquo;ensemble des caract\u00e9ristiques de ce fruit travaill\u00e9 dans toutes les cultures, depuis que le monde entier.<\/p>\n","protected":false},"excerpt":{"rendered":"<p>Le caf\u00e9 reste l&rsquo;une des boissons favorites \u00e0 travers le monde, quel que soit le pays et la culture qui le baigne. Proposant une tr\u00e8s grande diversit\u00e9 de go\u00fbts et d&rsquo;exp\u00e9riences, ce breuvage mill\u00e9naire s&rsquo;est [&hellip;]<\/p>\n","protected":false},"author":1,"featured_media":16647,"comment_status":"open","ping_status":"open","sticky":false,"template":"","format":"standard","meta":{"_yoast_wpseo_focuskw":"","_yoast_wpseo_metadesc":"","footnotes":""},"categories":[1455,1457,1512],"tags":[1509],"class_list":["post-16646","post","type-post","status-publish","format-standard","has-post-thumbnail","hentry","category-un-peu-de-tout","category-conseils","category-actualites","tag-noimage"],"yoast_head":"<!-- This site is optimized with the Yoast SEO plugin v27.5 - https:\/\/yoast.com\/product\/yoast-seo-wordpress\/ -->\n<title>Pourquoi faire appel \u00e0 un torr\u00e9facteur ?<\/title>\n<meta name=\"robots\" content=\"index, follow, max-snippet:-1, max-image-preview:large, max-video-preview:-1\" \/>\n<link rel=\"canonical\" href=\"https:\/\/jesuisuncuisinier.fr\/fr\/pourquoi-faire-appel-a-un-torrefacteur\/\" \/>\n<meta property=\"og:locale\" content=\"fr_FR\" \/>\n<meta property=\"og:type\" content=\"article\" \/>\n<meta property=\"og:title\" content=\"Pourquoi faire appel \u00e0 un torr\u00e9facteur ?\" \/>\n<meta property=\"og:description\" content=\"Le caf\u00e9 reste l&rsquo;une des boissons favorites \u00e0 travers le monde, quel que soit le pays et la culture qui le baigne. Proposant une tr\u00e8s grande diversit\u00e9 de go\u00fbts et d&rsquo;exp\u00e9riences, ce breuvage mill\u00e9naire s&rsquo;est [&hellip;]\" \/>\n<meta property=\"og:url\" content=\"https:\/\/jesuisuncuisinier.fr\/fr\/pourquoi-faire-appel-a-un-torrefacteur\/\" \/>\n<meta property=\"og:site_name\" content=\"Je suis un cuisinier - Recettes faciles\" \/>\n<meta property=\"article:published_time\" content=\"2024-07-05T17:30:25+00:00\" \/>\n<meta property=\"og:image\" content=\"https:\/\/jesuisuncuisinier.fr\/wp-content\/uploads\/2024\/07\/pourquoi-faire-appel-a-un-torrefacteur.jpg\" \/>\n\t<meta property=\"og:image:width\" content=\"1080\" \/>\n\t<meta property=\"og:image:height\" content=\"720\" \/>\n\t<meta property=\"og:image:type\" content=\"image\/jpeg\" \/>\n<meta name=\"author\" content=\"Dami\u00e1n\" \/>\n<meta name=\"twitter:card\" content=\"summary_large_image\" \/>\n<meta name=\"twitter:creator\" content=\"@unptitcuisinier\" \/>\n<meta name=\"twitter:site\" content=\"@unptitcuisinier\" \/>\n<meta name=\"twitter:label1\" content=\"\u00c9crit par\" \/>\n\t<meta name=\"twitter:data1\" content=\"Dami\u00e1n\" \/>\n\t<meta name=\"twitter:label2\" content=\"Dur\u00e9e de lecture estim\u00e9e\" \/>\n\t<meta name=\"twitter:data2\" content=\"4 minutes\" \/>\n<script type=\"application\/ld+json\" class=\"yoast-schema-graph\">{\"@context\":\"https:\\\/\\\/schema.org\",\"@graph\":[{\"@type\":\"Article\",\"@id\":\"https:\\\/\\\/jesuisuncuisinier.fr\\\/fr\\\/pourquoi-faire-appel-a-un-torrefacteur\\\/#article\",\"isPartOf\":{\"@id\":\"https:\\\/\\\/jesuisuncuisinier.fr\\\/fr\\\/pourquoi-faire-appel-a-un-torrefacteur\\\/\"},\"author\":{\"name\":\"Dami\u00e1n\",\"@id\":\"https:\\\/\\\/jesuisuncuisinier.fr\\\/fr\\\/#\\\/schema\\\/person\\\/c2da7696f2784cce34698e48f989cb2a\"},\"headline\":\"Pourquoi faire appel \u00e0 un torr\u00e9facteur ?\",\"datePublished\":\"2024-07-05T17:30:25+00:00\",\"mainEntityOfPage\":{\"@id\":\"https:\\\/\\\/jesuisuncuisinier.fr\\\/fr\\\/pourquoi-faire-appel-a-un-torrefacteur\\\/\"},\"wordCount\":572,\"commentCount\":0,\"publisher\":{\"@id\":\"https:\\\/\\\/jesuisuncuisinier.fr\\\/fr\\\/#\\\/schema\\\/person\\\/04d97b7b1ae2f60e14cd96fc10a341aa\"},\"image\":{\"@id\":\"https:\\\/\\\/jesuisuncuisinier.fr\\\/fr\\\/pourquoi-faire-appel-a-un-torrefacteur\\\/#primaryimage\"},\"thumbnailUrl\":\"https:\\\/\\\/jesuisuncuisinier.fr\\\/wp-content\\\/uploads\\\/2024\\\/07\\\/pourquoi-faire-appel-a-un-torrefacteur.jpg\",\"keywords\":[\"noimage\"],\"articleSection\":[\"Un peu de tout\",\"Conseils\",\"Actualit\u00e9s\"],\"inLanguage\":\"fr-FR\",\"potentialAction\":[{\"@type\":\"CommentAction\",\"name\":\"Comment\",\"target\":[\"https:\\\/\\\/jesuisuncuisinier.fr\\\/fr\\\/pourquoi-faire-appel-a-un-torrefacteur\\\/#respond\"]}]},{\"@type\":\"WebPage\",\"@id\":\"https:\\\/\\\/jesuisuncuisinier.fr\\\/fr\\\/pourquoi-faire-appel-a-un-torrefacteur\\\/\",\"url\":\"https:\\\/\\\/jesuisuncuisinier.fr\\\/fr\\\/pourquoi-faire-appel-a-un-torrefacteur\\\/\",\"name\":\"Pourquoi faire appel \u00e0 un torr\u00e9facteur ?\",\"isPartOf\":{\"@id\":\"https:\\\/\\\/jesuisuncuisinier.fr\\\/fr\\\/#website\"},\"primaryImageOfPage\":{\"@id\":\"https:\\\/\\\/jesuisuncuisinier.fr\\\/fr\\\/pourquoi-faire-appel-a-un-torrefacteur\\\/#primaryimage\"},\"image\":{\"@id\":\"https:\\\/\\\/jesuisuncuisinier.fr\\\/fr\\\/pourquoi-faire-appel-a-un-torrefacteur\\\/#primaryimage\"},\"thumbnailUrl\":\"https:\\\/\\\/jesuisuncuisinier.fr\\\/wp-content\\\/uploads\\\/2024\\\/07\\\/pourquoi-faire-appel-a-un-torrefacteur.jpg\",\"datePublished\":\"2024-07-05T17:30:25+00:00\",\"breadcrumb\":{\"@id\":\"https:\\\/\\\/jesuisuncuisinier.fr\\\/fr\\\/pourquoi-faire-appel-a-un-torrefacteur\\\/#breadcrumb\"},\"inLanguage\":\"fr-FR\",\"potentialAction\":[{\"@type\":\"ReadAction\",\"target\":[\"https:\\\/\\\/jesuisuncuisinier.fr\\\/fr\\\/pourquoi-faire-appel-a-un-torrefacteur\\\/\"]}]},{\"@type\":\"ImageObject\",\"inLanguage\":\"fr-FR\",\"@id\":\"https:\\\/\\\/jesuisuncuisinier.fr\\\/fr\\\/pourquoi-faire-appel-a-un-torrefacteur\\\/#primaryimage\",\"url\":\"https:\\\/\\\/jesuisuncuisinier.fr\\\/wp-content\\\/uploads\\\/2024\\\/07\\\/pourquoi-faire-appel-a-un-torrefacteur.jpg\",\"contentUrl\":\"https:\\\/\\\/jesuisuncuisinier.fr\\\/wp-content\\\/uploads\\\/2024\\\/07\\\/pourquoi-faire-appel-a-un-torrefacteur.jpg\",\"width\":1080,\"height\":720},{\"@type\":\"BreadcrumbList\",\"@id\":\"https:\\\/\\\/jesuisuncuisinier.fr\\\/fr\\\/pourquoi-faire-appel-a-un-torrefacteur\\\/#breadcrumb\",\"itemListElement\":[{\"@type\":\"ListItem\",\"position\":1,\"name\":\"Portada\",\"item\":\"https:\\\/\\\/jesuisuncuisinier.fr\\\/fr\\\/\"},{\"@type\":\"ListItem\",\"position\":2,\"name\":\"Pourquoi faire appel \u00e0 un torr\u00e9facteur ?\"}]},{\"@type\":\"WebSite\",\"@id\":\"https:\\\/\\\/jesuisuncuisinier.fr\\\/fr\\\/#website\",\"url\":\"https:\\\/\\\/jesuisuncuisinier.fr\\\/fr\\\/\",\"name\":\"Je suis un cuisinier - Recettes faciles\",\"description\":\"Recettes de cuisine faciles pour tous les jours. Cuisine fran\u00e7aise, espagnole et d&#039;ailleurs.\",\"publisher\":{\"@id\":\"https:\\\/\\\/jesuisuncuisinier.fr\\\/fr\\\/#\\\/schema\\\/person\\\/04d97b7b1ae2f60e14cd96fc10a341aa\"},\"potentialAction\":[{\"@type\":\"SearchAction\",\"target\":{\"@type\":\"EntryPoint\",\"urlTemplate\":\"https:\\\/\\\/jesuisuncuisinier.fr\\\/fr\\\/?s={search_term_string}\"},\"query-input\":{\"@type\":\"PropertyValueSpecification\",\"valueRequired\":true,\"valueName\":\"search_term_string\"}}],\"inLanguage\":\"fr-FR\"},{\"@type\":[\"Person\",\"Organization\"],\"@id\":\"https:\\\/\\\/jesuisuncuisinier.fr\\\/fr\\\/#\\\/schema\\\/person\\\/04d97b7b1ae2f60e14cd96fc10a341aa\",\"name\":\"Dami\u00e1n Serrano\",\"image\":{\"@type\":\"ImageObject\",\"inLanguage\":\"fr-FR\",\"@id\":\"https:\\\/\\\/jesuisuncuisinier.fr\\\/wp-content\\\/uploads\\\/2019\\\/11\\\/avatar.jpg\",\"url\":\"https:\\\/\\\/jesuisuncuisinier.fr\\\/wp-content\\\/uploads\\\/2019\\\/11\\\/avatar.jpg\",\"contentUrl\":\"https:\\\/\\\/jesuisuncuisinier.fr\\\/wp-content\\\/uploads\\\/2019\\\/11\\\/avatar.jpg\",\"width\":200,\"height\":200,\"caption\":\"Dami\u00e1n Serrano\"},\"logo\":{\"@id\":\"https:\\\/\\\/jesuisuncuisinier.fr\\\/wp-content\\\/uploads\\\/2019\\\/11\\\/avatar.jpg\"}},{\"@type\":\"Person\",\"@id\":\"https:\\\/\\\/jesuisuncuisinier.fr\\\/fr\\\/#\\\/schema\\\/person\\\/c2da7696f2784cce34698e48f989cb2a\",\"name\":\"Dami\u00e1n\",\"sameAs\":[\"http:\\\/\\\/jesuisuncuisinier.fr\",\"https:\\\/\\\/x.com\\\/unptitcuisinier\"]}]}<\/script>\n<!-- \/ Yoast SEO plugin. -->","yoast_head_json":{"title":"Pourquoi faire appel \u00e0 un torr\u00e9facteur ?","robots":{"index":"index","follow":"follow","max-snippet":"max-snippet:-1","max-image-preview":"max-image-preview:large","max-video-preview":"max-video-preview:-1"},"canonical":"https:\/\/jesuisuncuisinier.fr\/fr\/pourquoi-faire-appel-a-un-torrefacteur\/","og_locale":"fr_FR","og_type":"article","og_title":"Pourquoi faire appel \u00e0 un torr\u00e9facteur ?","og_description":"Le caf\u00e9 reste l&rsquo;une des boissons favorites \u00e0 travers le monde, quel que soit le pays et la culture qui le baigne. Proposant une tr\u00e8s grande diversit\u00e9 de go\u00fbts et d&rsquo;exp\u00e9riences, ce breuvage mill\u00e9naire s&rsquo;est [&hellip;]","og_url":"https:\/\/jesuisuncuisinier.fr\/fr\/pourquoi-faire-appel-a-un-torrefacteur\/","og_site_name":"Je suis un cuisinier - Recettes faciles","article_published_time":"2024-07-05T17:30:25+00:00","og_image":[{"width":1080,"height":720,"url":"https:\/\/jesuisuncuisinier.fr\/wp-content\/uploads\/2024\/07\/pourquoi-faire-appel-a-un-torrefacteur.jpg","type":"image\/jpeg"}],"author":"Dami\u00e1n","twitter_card":"summary_large_image","twitter_creator":"@unptitcuisinier","twitter_site":"@unptitcuisinier","twitter_misc":{"\u00c9crit par":"Dami\u00e1n","Dur\u00e9e de lecture estim\u00e9e":"4 minutes"},"schema":{"@context":"https:\/\/schema.org","@graph":[{"@type":"Article","@id":"https:\/\/jesuisuncuisinier.fr\/fr\/pourquoi-faire-appel-a-un-torrefacteur\/#article","isPartOf":{"@id":"https:\/\/jesuisuncuisinier.fr\/fr\/pourquoi-faire-appel-a-un-torrefacteur\/"},"author":{"name":"Dami\u00e1n","@id":"https:\/\/jesuisuncuisinier.fr\/fr\/#\/schema\/person\/c2da7696f2784cce34698e48f989cb2a"},"headline":"Pourquoi faire appel \u00e0 un torr\u00e9facteur ?","datePublished":"2024-07-05T17:30:25+00:00","mainEntityOfPage":{"@id":"https:\/\/jesuisuncuisinier.fr\/fr\/pourquoi-faire-appel-a-un-torrefacteur\/"},"wordCount":572,"commentCount":0,"publisher":{"@id":"https:\/\/jesuisuncuisinier.fr\/fr\/#\/schema\/person\/04d97b7b1ae2f60e14cd96fc10a341aa"},"image":{"@id":"https:\/\/jesuisuncuisinier.fr\/fr\/pourquoi-faire-appel-a-un-torrefacteur\/#primaryimage"},"thumbnailUrl":"https:\/\/jesuisuncuisinier.fr\/wp-content\/uploads\/2024\/07\/pourquoi-faire-appel-a-un-torrefacteur.jpg","keywords":["noimage"],"articleSection":["Un peu de tout","Conseils","Actualit\u00e9s"],"inLanguage":"fr-FR","potentialAction":[{"@type":"CommentAction","name":"Comment","target":["https:\/\/jesuisuncuisinier.fr\/fr\/pourquoi-faire-appel-a-un-torrefacteur\/#respond"]}]},{"@type":"WebPage","@id":"https:\/\/jesuisuncuisinier.fr\/fr\/pourquoi-faire-appel-a-un-torrefacteur\/","url":"https:\/\/jesuisuncuisinier.fr\/fr\/pourquoi-faire-appel-a-un-torrefacteur\/","name":"Pourquoi faire appel \u00e0 un torr\u00e9facteur ?","isPartOf":{"@id":"https:\/\/jesuisuncuisinier.fr\/fr\/#website"},"primaryImageOfPage":{"@id":"https:\/\/jesuisuncuisinier.fr\/fr\/pourquoi-faire-appel-a-un-torrefacteur\/#primaryimage"},"image":{"@id":"https:\/\/jesuisuncuisinier.fr\/fr\/pourquoi-faire-appel-a-un-torrefacteur\/#primaryimage"},"thumbnailUrl":"https:\/\/jesuisuncuisinier.fr\/wp-content\/uploads\/2024\/07\/pourquoi-faire-appel-a-un-torrefacteur.jpg","datePublished":"2024-07-05T17:30:25+00:00","breadcrumb":{"@id":"https:\/\/jesuisuncuisinier.fr\/fr\/pourquoi-faire-appel-a-un-torrefacteur\/#breadcrumb"},"inLanguage":"fr-FR","potentialAction":[{"@type":"ReadAction","target":["https:\/\/jesuisuncuisinier.fr\/fr\/pourquoi-faire-appel-a-un-torrefacteur\/"]}]},{"@type":"ImageObject","inLanguage":"fr-FR","@id":"https:\/\/jesuisuncuisinier.fr\/fr\/pourquoi-faire-appel-a-un-torrefacteur\/#primaryimage","url":"https:\/\/jesuisuncuisinier.fr\/wp-content\/uploads\/2024\/07\/pourquoi-faire-appel-a-un-torrefacteur.jpg","contentUrl":"https:\/\/jesuisuncuisinier.fr\/wp-content\/uploads\/2024\/07\/pourquoi-faire-appel-a-un-torrefacteur.jpg","width":1080,"height":720},{"@type":"BreadcrumbList","@id":"https:\/\/jesuisuncuisinier.fr\/fr\/pourquoi-faire-appel-a-un-torrefacteur\/#breadcrumb","itemListElement":[{"@type":"ListItem","position":1,"name":"Portada","item":"https:\/\/jesuisuncuisinier.fr\/fr\/"},{"@type":"ListItem","position":2,"name":"Pourquoi faire appel \u00e0 un torr\u00e9facteur ?"}]},{"@type":"WebSite","@id":"https:\/\/jesuisuncuisinier.fr\/fr\/#website","url":"https:\/\/jesuisuncuisinier.fr\/fr\/","name":"Je suis un cuisinier - Recettes faciles","description":"Recettes de cuisine faciles pour tous les jours. Cuisine fran\u00e7aise, espagnole et d&#039;ailleurs.","publisher":{"@id":"https:\/\/jesuisuncuisinier.fr\/fr\/#\/schema\/person\/04d97b7b1ae2f60e14cd96fc10a341aa"},"potentialAction":[{"@type":"SearchAction","target":{"@type":"EntryPoint","urlTemplate":"https:\/\/jesuisuncuisinier.fr\/fr\/?s={search_term_string}"},"query-input":{"@type":"PropertyValueSpecification","valueRequired":true,"valueName":"search_term_string"}}],"inLanguage":"fr-FR"},{"@type":["Person","Organization"],"@id":"https:\/\/jesuisuncuisinier.fr\/fr\/#\/schema\/person\/04d97b7b1ae2f60e14cd96fc10a341aa","name":"Dami\u00e1n Serrano","image":{"@type":"ImageObject","inLanguage":"fr-FR","@id":"https:\/\/jesuisuncuisinier.fr\/wp-content\/uploads\/2019\/11\/avatar.jpg","url":"https:\/\/jesuisuncuisinier.fr\/wp-content\/uploads\/2019\/11\/avatar.jpg","contentUrl":"https:\/\/jesuisuncuisinier.fr\/wp-content\/uploads\/2019\/11\/avatar.jpg","width":200,"height":200,"caption":"Dami\u00e1n Serrano"},"logo":{"@id":"https:\/\/jesuisuncuisinier.fr\/wp-content\/uploads\/2019\/11\/avatar.jpg"}},{"@type":"Person","@id":"https:\/\/jesuisuncuisinier.fr\/fr\/#\/schema\/person\/c2da7696f2784cce34698e48f989cb2a","name":"Dami\u00e1n","sameAs":["http:\/\/jesuisuncuisinier.fr","https:\/\/x.com\/unptitcuisinier"]}]}},"amp_enabled":true,"_links":{"self":[{"href":"https:\/\/jesuisuncuisinier.fr\/fr\/wp-json\/wp\/v2\/posts\/16646","targetHints":{"allow":["GET"]}}],"collection":[{"href":"https:\/\/jesuisuncuisinier.fr\/fr\/wp-json\/wp\/v2\/posts"}],"about":[{"href":"https:\/\/jesuisuncuisinier.fr\/fr\/wp-json\/wp\/v2\/types\/post"}],"author":[{"embeddable":true,"href":"https:\/\/jesuisuncuisinier.fr\/fr\/wp-json\/wp\/v2\/users\/1"}],"replies":[{"embeddable":true,"href":"https:\/\/jesuisuncuisinier.fr\/fr\/wp-json\/wp\/v2\/comments?post=16646"}],"version-history":[{"count":1,"href":"https:\/\/jesuisuncuisinier.fr\/fr\/wp-json\/wp\/v2\/posts\/16646\/revisions"}],"predecessor-version":[{"id":16650,"href":"https:\/\/jesuisuncuisinier.fr\/fr\/wp-json\/wp\/v2\/posts\/16646\/revisions\/16650"}],"wp:featuredmedia":[{"embeddable":true,"href":"https:\/\/jesuisuncuisinier.fr\/fr\/wp-json\/wp\/v2\/media\/16647"}],"wp:attachment":[{"href":"https:\/\/jesuisuncuisinier.fr\/fr\/wp-json\/wp\/v2\/media?parent=16646"}],"wp:term":[{"taxonomy":"category","embeddable":true,"href":"https:\/\/jesuisuncuisinier.fr\/fr\/wp-json\/wp\/v2\/categories?post=16646"},{"taxonomy":"post_tag","embeddable":true,"href":"https:\/\/jesuisuncuisinier.fr\/fr\/wp-json\/wp\/v2\/tags?post=16646"}],"curies":[{"name":"wp","href":"https:\/\/api.w.org\/{rel}","templated":true}]}}