{"id":16041,"date":"2023-10-17T10:26:23","date_gmt":"2023-10-17T08:26:23","guid":{"rendered":"https:\/\/jesuisuncuisinier.fr\/fr\/?p=16041"},"modified":"2023-10-18T11:06:25","modified_gmt":"2023-10-18T09:06:25","slug":"les-crepes-un-dessert-mondialement-apprecie","status":"publish","type":"post","link":"https:\/\/jesuisuncuisinier.fr\/fr\/les-crepes-un-dessert-mondialement-apprecie\/","title":{"rendered":"Les cr\u00eapes\u00a0: un dessert mondialement appr\u00e9ci\u00e9"},"content":{"rendered":"<div>\n<p>Les cr\u00eapes font partie des desserts les plus appr\u00e9ci\u00e9s du monde. Ces savoureuses galettes font universellement l\u2019unanimit\u00e9 de tous les amoureux de la cuisine. Elles repr\u00e9sentent en effet un tr\u00e9sor culinaire universel qui r\u00e9gale les papilles des gastronomes du monde entier. Ces mets originaires de France peuvent \u00eatre servis comme dessert ou plat principal selon vos souhaits. Fines et l\u00e9g\u00e8res, ces p\u00e2tisseries sont g\u00e9n\u00e9ralement consomm\u00e9es en tant que dessert. Mais pourquoi sont-elles si aim\u00e9es dans le monde\u2009? Dans cette revue, nous allons voir ensemble les fascinantes raisons pour lesquelles les cr\u00eapes sont si appr\u00e9ci\u00e9es par les gourmets.<\/p>\n<h2>Les cr\u00eapes sont faciles et rapides \u00e0 pr\u00e9parer<\/h2>\n<p>Les cr\u00eapes sont en effet des desserts accessibles \u00e0 tous. La recette de leur pr\u00e9paration est assez simple, et ne vous fait pas perdre de temps en cuisine. Leur pr\u00e9paration ne requiert que quelques ingr\u00e9dients basiques tels que le lait, les \u0153ufs, la farine, et le sel. Vous pouvez y ajouter d\u2019autres ingr\u00e9dients \u00e0 votre guise. Mais d\u00e9j\u00e0 avec ces \u00e9l\u00e9ments, vous arriverez \u00e0 pr\u00e9parer facilement une p\u00e2te de cr\u00eape. Savoir <a href=\"https:\/\/www.inspiration-cuisine.fr\/la-recette-immanquable-pour-des-crepes-parfaites\/\">pr\u00e9parer de bonnes cr\u00eapes<\/a> ne demande pas une exp\u00e9rience \u00e9lev\u00e9e en cuisine. Il faut juste que vous ayez un peu de volont\u00e9, et vous arriverez \u00e0 faire les cr\u00eapes les plus savoureuses. Leur cuisson est \u00e9galement tr\u00e8s rapide.<\/p>\n<p>Apr\u00e8s la pr\u00e9paration des p\u00e2tes de cr\u00eapes, il y a ensuite l\u2019\u00e9tape de garnissage qui est aussi tr\u00e8s satisfaisante \u00e0 r\u00e9aliser. Il existe une grande vari\u00e9t\u00e9 de garnitures pour les cr\u00eapes. Vous pouvez utiliser des fruits frais, la confiture ou du chocolat pour les garnitures sucr\u00e9es. Mais si vous pr\u00e9f\u00e9rez plut\u00f4t des cr\u00eapes sal\u00e9es, vous avez le choix entre le jambon, le fromage, les champignons, ou m\u00eame les \u00e9pinards pour garnir vos galettes.<\/p>\n<h2>Les cr\u00eapes sont adapt\u00e9es \u00e0 toutes les saisons et occasions<\/h2>\n<p>Les cr\u00eapes sont consomm\u00e9es toute l\u2019ann\u00e9e. Que nous soyons en hiver, au printemps, en automne ou en \u00e9t\u00e9, c\u2019est toujours plaisant de savourer ces d\u00e9licieuses p\u00e2tisseries. Les cr\u00eapes sucr\u00e9es aux garnitures de fruits frais par exemple sont parfaites pour passer l\u2019\u00e9t\u00e9 et le printemps. Cela ravit vos papilles de la plus belle des mani\u00e8res, et ajoute une fraicheur et une douceur \u00e0 vos journ\u00e9es.<\/p>\n<p>En automne et en hiver par contre, les garnitures doivent \u00eatre plus r\u00e9confortantes pour vous permettre de vous r\u00e9chauffer. Par ailleurs, les cr\u00eapes sont id\u00e9ales pour tout type d\u2019\u00e9v\u00e8nement ou occasion. Vous pouvez les pr\u00e9parer comme dessert pour un diner en famille, au no\u00ebl, pour un anniversaire, etc. il existe des magazines en ligne qui proposent <a href=\"https:\/\/www.inspiration-cuisine.fr\/\">des recettes de cuisines pour tous<\/a>. Vous pouvez les consulter pour apprendre \u00e0 pr\u00e9parer ces mets.<\/p>\n<h2>Les cr\u00eapes sont un m\u00e9lange d\u2019histoire et de tradition<\/h2>\n<p>Les cr\u00eapes, c\u2019est \u00e9galement <a href=\"https:\/\/www.francebleu.fr\/infos\/culture-loisirs\/la-crepe-une-tradition-bien-francaise-1580229988\">une histoire de tradition<\/a>. Elles sont tr\u00e8s ancr\u00e9es dans la culture, particuli\u00e8rement celle fran\u00e7aise. Elles font d\u2019ailleurs partie de la gastronomie fran\u00e7aise depuis des centaines d\u2019ann\u00e9es. Ce sont des mets qui rappellent des souvenirs d\u2019enfance, et les meilleurs moments en famille. Il ne faut donc pas les r\u00e9duire \u00e0 un simple dessert, car elles sont bien plus que \u00e7a. Peu importe la p\u00e9riode de l\u2019ann\u00e9e, les cr\u00eapes raviront toujours les palais et vous offriront une exp\u00e9rience culinaire inoubliable.<\/p>\n<\/div>\n","protected":false},"excerpt":{"rendered":"<p>Repr\u00e9sentant un tr\u00e9sor culinaire universel, les cr\u00eapes sont un dessert tr\u00e8s appr\u00e9ci\u00e9 dans le monde. Mais pourquoi sont-elles tant appr\u00e9ci\u00e9es ?<\/p>\n","protected":false},"author":1,"featured_media":16064,"comment_status":"open","ping_status":"open","sticky":false,"template":"","format":"standard","meta":{"_yoast_wpseo_focuskw":"","_yoast_wpseo_metadesc":"Repr\u00e9sentant un tr\u00e9sor culinaire universel, les cr\u00eapes sont un dessert tr\u00e8s appr\u00e9ci\u00e9 dans le monde. Mais pourquoi sont-elles tant appr\u00e9ci\u00e9es ?","footnotes":""},"categories":[1455,1512],"tags":[],"class_list":["post-16041","post","type-post","status-publish","format-standard","has-post-thumbnail","hentry","category-un-peu-de-tout","category-actualites"],"yoast_head":"<!-- This site is optimized with the Yoast SEO plugin v27.5 - https:\/\/yoast.com\/product\/yoast-seo-wordpress\/ -->\n<title>En quoi les cr\u00eapes\u00a0constituent-elles un dessert mondialement appr\u00e9ci\u00e9 ?<\/title>\n<meta name=\"description\" content=\"Repr\u00e9sentant un tr\u00e9sor culinaire universel, les cr\u00eapes sont un dessert tr\u00e8s appr\u00e9ci\u00e9 dans le monde. Mais pourquoi sont-elles tant appr\u00e9ci\u00e9es ?\" \/>\n<meta name=\"robots\" content=\"index, follow, max-snippet:-1, max-image-preview:large, max-video-preview:-1\" \/>\n<link rel=\"canonical\" href=\"https:\/\/jesuisuncuisinier.fr\/fr\/les-crepes-un-dessert-mondialement-apprecie\/\" \/>\n<meta property=\"og:locale\" content=\"fr_FR\" \/>\n<meta property=\"og:type\" content=\"article\" \/>\n<meta property=\"og:title\" content=\"En quoi les cr\u00eapes\u00a0constituent-elles un dessert mondialement appr\u00e9ci\u00e9 ?\" \/>\n<meta property=\"og:description\" content=\"Repr\u00e9sentant un tr\u00e9sor culinaire universel, les cr\u00eapes sont un dessert tr\u00e8s appr\u00e9ci\u00e9 dans le monde. Mais pourquoi sont-elles tant appr\u00e9ci\u00e9es ?\" \/>\n<meta property=\"og:url\" content=\"https:\/\/jesuisuncuisinier.fr\/fr\/les-crepes-un-dessert-mondialement-apprecie\/\" \/>\n<meta property=\"og:site_name\" content=\"Je suis un cuisinier - Recettes faciles\" \/>\n<meta property=\"article:published_time\" content=\"2023-10-17T08:26:23+00:00\" \/>\n<meta property=\"article:modified_time\" content=\"2023-10-18T09:06:25+00:00\" \/>\n<meta property=\"og:image\" content=\"https:\/\/jesuisuncuisinier.fr\/wp-content\/uploads\/2023\/10\/dbd302de32b50da83e055fc1a37bc583-1.jpg\" \/>\n\t<meta property=\"og:image:width\" content=\"800\" \/>\n\t<meta property=\"og:image:height\" content=\"533\" \/>\n\t<meta property=\"og:image:type\" content=\"image\/jpeg\" \/>\n<meta name=\"author\" content=\"Dami\u00e1n\" \/>\n<meta name=\"twitter:card\" content=\"summary_large_image\" \/>\n<meta name=\"twitter:creator\" content=\"@unptitcuisinier\" \/>\n<meta name=\"twitter:site\" content=\"@unptitcuisinier\" \/>\n<meta name=\"twitter:label1\" content=\"\u00c9crit par\" \/>\n\t<meta name=\"twitter:data1\" content=\"Dami\u00e1n\" \/>\n\t<meta name=\"twitter:label2\" content=\"Dur\u00e9e de lecture estim\u00e9e\" \/>\n\t<meta name=\"twitter:data2\" content=\"3 minutes\" \/>\n<script type=\"application\/ld+json\" class=\"yoast-schema-graph\">{\"@context\":\"https:\\\/\\\/schema.org\",\"@graph\":[{\"@type\":\"Article\",\"@id\":\"https:\\\/\\\/jesuisuncuisinier.fr\\\/fr\\\/les-crepes-un-dessert-mondialement-apprecie\\\/#article\",\"isPartOf\":{\"@id\":\"https:\\\/\\\/jesuisuncuisinier.fr\\\/fr\\\/les-crepes-un-dessert-mondialement-apprecie\\\/\"},\"author\":{\"name\":\"Dami\u00e1n\",\"@id\":\"https:\\\/\\\/jesuisuncuisinier.fr\\\/fr\\\/#\\\/schema\\\/person\\\/c2da7696f2784cce34698e48f989cb2a\"},\"headline\":\"Les cr\u00eapes\u00a0: un dessert mondialement appr\u00e9ci\u00e9\",\"datePublished\":\"2023-10-17T08:26:23+00:00\",\"dateModified\":\"2023-10-18T09:06:25+00:00\",\"mainEntityOfPage\":{\"@id\":\"https:\\\/\\\/jesuisuncuisinier.fr\\\/fr\\\/les-crepes-un-dessert-mondialement-apprecie\\\/\"},\"wordCount\":617,\"commentCount\":0,\"publisher\":{\"@id\":\"https:\\\/\\\/jesuisuncuisinier.fr\\\/fr\\\/#\\\/schema\\\/person\\\/04d97b7b1ae2f60e14cd96fc10a341aa\"},\"image\":{\"@id\":\"https:\\\/\\\/jesuisuncuisinier.fr\\\/fr\\\/les-crepes-un-dessert-mondialement-apprecie\\\/#primaryimage\"},\"thumbnailUrl\":\"https:\\\/\\\/jesuisuncuisinier.fr\\\/wp-content\\\/uploads\\\/2023\\\/10\\\/dbd302de32b50da83e055fc1a37bc583-1.jpg\",\"articleSection\":[\"Un peu de tout\",\"Actualit\u00e9s\"],\"inLanguage\":\"fr-FR\",\"potentialAction\":[{\"@type\":\"CommentAction\",\"name\":\"Comment\",\"target\":[\"https:\\\/\\\/jesuisuncuisinier.fr\\\/fr\\\/les-crepes-un-dessert-mondialement-apprecie\\\/#respond\"]}]},{\"@type\":\"WebPage\",\"@id\":\"https:\\\/\\\/jesuisuncuisinier.fr\\\/fr\\\/les-crepes-un-dessert-mondialement-apprecie\\\/\",\"url\":\"https:\\\/\\\/jesuisuncuisinier.fr\\\/fr\\\/les-crepes-un-dessert-mondialement-apprecie\\\/\",\"name\":\"En quoi les cr\u00eapes\u00a0constituent-elles un dessert mondialement appr\u00e9ci\u00e9 ?\",\"isPartOf\":{\"@id\":\"https:\\\/\\\/jesuisuncuisinier.fr\\\/fr\\\/#website\"},\"primaryImageOfPage\":{\"@id\":\"https:\\\/\\\/jesuisuncuisinier.fr\\\/fr\\\/les-crepes-un-dessert-mondialement-apprecie\\\/#primaryimage\"},\"image\":{\"@id\":\"https:\\\/\\\/jesuisuncuisinier.fr\\\/fr\\\/les-crepes-un-dessert-mondialement-apprecie\\\/#primaryimage\"},\"thumbnailUrl\":\"https:\\\/\\\/jesuisuncuisinier.fr\\\/wp-content\\\/uploads\\\/2023\\\/10\\\/dbd302de32b50da83e055fc1a37bc583-1.jpg\",\"datePublished\":\"2023-10-17T08:26:23+00:00\",\"dateModified\":\"2023-10-18T09:06:25+00:00\",\"description\":\"Repr\u00e9sentant un tr\u00e9sor culinaire universel, les cr\u00eapes sont un dessert tr\u00e8s appr\u00e9ci\u00e9 dans le monde. Mais pourquoi sont-elles tant appr\u00e9ci\u00e9es ?\",\"breadcrumb\":{\"@id\":\"https:\\\/\\\/jesuisuncuisinier.fr\\\/fr\\\/les-crepes-un-dessert-mondialement-apprecie\\\/#breadcrumb\"},\"inLanguage\":\"fr-FR\",\"potentialAction\":[{\"@type\":\"ReadAction\",\"target\":[\"https:\\\/\\\/jesuisuncuisinier.fr\\\/fr\\\/les-crepes-un-dessert-mondialement-apprecie\\\/\"]}]},{\"@type\":\"ImageObject\",\"inLanguage\":\"fr-FR\",\"@id\":\"https:\\\/\\\/jesuisuncuisinier.fr\\\/fr\\\/les-crepes-un-dessert-mondialement-apprecie\\\/#primaryimage\",\"url\":\"https:\\\/\\\/jesuisuncuisinier.fr\\\/wp-content\\\/uploads\\\/2023\\\/10\\\/dbd302de32b50da83e055fc1a37bc583-1.jpg\",\"contentUrl\":\"https:\\\/\\\/jesuisuncuisinier.fr\\\/wp-content\\\/uploads\\\/2023\\\/10\\\/dbd302de32b50da83e055fc1a37bc583-1.jpg\",\"width\":800,\"height\":533},{\"@type\":\"BreadcrumbList\",\"@id\":\"https:\\\/\\\/jesuisuncuisinier.fr\\\/fr\\\/les-crepes-un-dessert-mondialement-apprecie\\\/#breadcrumb\",\"itemListElement\":[{\"@type\":\"ListItem\",\"position\":1,\"name\":\"Portada\",\"item\":\"https:\\\/\\\/jesuisuncuisinier.fr\\\/fr\\\/\"},{\"@type\":\"ListItem\",\"position\":2,\"name\":\"Les cr\u00eapes\u00a0: un dessert mondialement appr\u00e9ci\u00e9\"}]},{\"@type\":\"WebSite\",\"@id\":\"https:\\\/\\\/jesuisuncuisinier.fr\\\/fr\\\/#website\",\"url\":\"https:\\\/\\\/jesuisuncuisinier.fr\\\/fr\\\/\",\"name\":\"Je suis un cuisinier - Recettes faciles\",\"description\":\"Recettes de cuisine faciles pour tous les jours. Cuisine fran\u00e7aise, espagnole et d&#039;ailleurs.\",\"publisher\":{\"@id\":\"https:\\\/\\\/jesuisuncuisinier.fr\\\/fr\\\/#\\\/schema\\\/person\\\/04d97b7b1ae2f60e14cd96fc10a341aa\"},\"potentialAction\":[{\"@type\":\"SearchAction\",\"target\":{\"@type\":\"EntryPoint\",\"urlTemplate\":\"https:\\\/\\\/jesuisuncuisinier.fr\\\/fr\\\/?s={search_term_string}\"},\"query-input\":{\"@type\":\"PropertyValueSpecification\",\"valueRequired\":true,\"valueName\":\"search_term_string\"}}],\"inLanguage\":\"fr-FR\"},{\"@type\":[\"Person\",\"Organization\"],\"@id\":\"https:\\\/\\\/jesuisuncuisinier.fr\\\/fr\\\/#\\\/schema\\\/person\\\/04d97b7b1ae2f60e14cd96fc10a341aa\",\"name\":\"Dami\u00e1n Serrano\",\"image\":{\"@type\":\"ImageObject\",\"inLanguage\":\"fr-FR\",\"@id\":\"https:\\\/\\\/jesuisuncuisinier.fr\\\/wp-content\\\/uploads\\\/2019\\\/11\\\/avatar.jpg\",\"url\":\"https:\\\/\\\/jesuisuncuisinier.fr\\\/wp-content\\\/uploads\\\/2019\\\/11\\\/avatar.jpg\",\"contentUrl\":\"https:\\\/\\\/jesuisuncuisinier.fr\\\/wp-content\\\/uploads\\\/2019\\\/11\\\/avatar.jpg\",\"width\":200,\"height\":200,\"caption\":\"Dami\u00e1n Serrano\"},\"logo\":{\"@id\":\"https:\\\/\\\/jesuisuncuisinier.fr\\\/wp-content\\\/uploads\\\/2019\\\/11\\\/avatar.jpg\"}},{\"@type\":\"Person\",\"@id\":\"https:\\\/\\\/jesuisuncuisinier.fr\\\/fr\\\/#\\\/schema\\\/person\\\/c2da7696f2784cce34698e48f989cb2a\",\"name\":\"Dami\u00e1n\",\"sameAs\":[\"http:\\\/\\\/jesuisuncuisinier.fr\",\"https:\\\/\\\/x.com\\\/unptitcuisinier\"]}]}<\/script>\n<!-- \/ Yoast SEO plugin. -->","yoast_head_json":{"title":"En quoi les cr\u00eapes\u00a0constituent-elles un dessert mondialement appr\u00e9ci\u00e9 ?","description":"Repr\u00e9sentant un tr\u00e9sor culinaire universel, les cr\u00eapes sont un dessert tr\u00e8s appr\u00e9ci\u00e9 dans le monde. Mais pourquoi sont-elles tant appr\u00e9ci\u00e9es ?","robots":{"index":"index","follow":"follow","max-snippet":"max-snippet:-1","max-image-preview":"max-image-preview:large","max-video-preview":"max-video-preview:-1"},"canonical":"https:\/\/jesuisuncuisinier.fr\/fr\/les-crepes-un-dessert-mondialement-apprecie\/","og_locale":"fr_FR","og_type":"article","og_title":"En quoi les cr\u00eapes\u00a0constituent-elles un dessert mondialement appr\u00e9ci\u00e9 ?","og_description":"Repr\u00e9sentant un tr\u00e9sor culinaire universel, les cr\u00eapes sont un dessert tr\u00e8s appr\u00e9ci\u00e9 dans le monde. Mais pourquoi sont-elles tant appr\u00e9ci\u00e9es ?","og_url":"https:\/\/jesuisuncuisinier.fr\/fr\/les-crepes-un-dessert-mondialement-apprecie\/","og_site_name":"Je suis un cuisinier - Recettes faciles","article_published_time":"2023-10-17T08:26:23+00:00","article_modified_time":"2023-10-18T09:06:25+00:00","og_image":[{"width":800,"height":533,"url":"https:\/\/jesuisuncuisinier.fr\/wp-content\/uploads\/2023\/10\/dbd302de32b50da83e055fc1a37bc583-1.jpg","type":"image\/jpeg"}],"author":"Dami\u00e1n","twitter_card":"summary_large_image","twitter_creator":"@unptitcuisinier","twitter_site":"@unptitcuisinier","twitter_misc":{"\u00c9crit par":"Dami\u00e1n","Dur\u00e9e de lecture estim\u00e9e":"3 minutes"},"schema":{"@context":"https:\/\/schema.org","@graph":[{"@type":"Article","@id":"https:\/\/jesuisuncuisinier.fr\/fr\/les-crepes-un-dessert-mondialement-apprecie\/#article","isPartOf":{"@id":"https:\/\/jesuisuncuisinier.fr\/fr\/les-crepes-un-dessert-mondialement-apprecie\/"},"author":{"name":"Dami\u00e1n","@id":"https:\/\/jesuisuncuisinier.fr\/fr\/#\/schema\/person\/c2da7696f2784cce34698e48f989cb2a"},"headline":"Les cr\u00eapes\u00a0: un dessert mondialement appr\u00e9ci\u00e9","datePublished":"2023-10-17T08:26:23+00:00","dateModified":"2023-10-18T09:06:25+00:00","mainEntityOfPage":{"@id":"https:\/\/jesuisuncuisinier.fr\/fr\/les-crepes-un-dessert-mondialement-apprecie\/"},"wordCount":617,"commentCount":0,"publisher":{"@id":"https:\/\/jesuisuncuisinier.fr\/fr\/#\/schema\/person\/04d97b7b1ae2f60e14cd96fc10a341aa"},"image":{"@id":"https:\/\/jesuisuncuisinier.fr\/fr\/les-crepes-un-dessert-mondialement-apprecie\/#primaryimage"},"thumbnailUrl":"https:\/\/jesuisuncuisinier.fr\/wp-content\/uploads\/2023\/10\/dbd302de32b50da83e055fc1a37bc583-1.jpg","articleSection":["Un peu de tout","Actualit\u00e9s"],"inLanguage":"fr-FR","potentialAction":[{"@type":"CommentAction","name":"Comment","target":["https:\/\/jesuisuncuisinier.fr\/fr\/les-crepes-un-dessert-mondialement-apprecie\/#respond"]}]},{"@type":"WebPage","@id":"https:\/\/jesuisuncuisinier.fr\/fr\/les-crepes-un-dessert-mondialement-apprecie\/","url":"https:\/\/jesuisuncuisinier.fr\/fr\/les-crepes-un-dessert-mondialement-apprecie\/","name":"En quoi les cr\u00eapes\u00a0constituent-elles un dessert mondialement appr\u00e9ci\u00e9 ?","isPartOf":{"@id":"https:\/\/jesuisuncuisinier.fr\/fr\/#website"},"primaryImageOfPage":{"@id":"https:\/\/jesuisuncuisinier.fr\/fr\/les-crepes-un-dessert-mondialement-apprecie\/#primaryimage"},"image":{"@id":"https:\/\/jesuisuncuisinier.fr\/fr\/les-crepes-un-dessert-mondialement-apprecie\/#primaryimage"},"thumbnailUrl":"https:\/\/jesuisuncuisinier.fr\/wp-content\/uploads\/2023\/10\/dbd302de32b50da83e055fc1a37bc583-1.jpg","datePublished":"2023-10-17T08:26:23+00:00","dateModified":"2023-10-18T09:06:25+00:00","description":"Repr\u00e9sentant un tr\u00e9sor culinaire universel, les cr\u00eapes sont un dessert tr\u00e8s appr\u00e9ci\u00e9 dans le monde. Mais pourquoi sont-elles tant appr\u00e9ci\u00e9es ?","breadcrumb":{"@id":"https:\/\/jesuisuncuisinier.fr\/fr\/les-crepes-un-dessert-mondialement-apprecie\/#breadcrumb"},"inLanguage":"fr-FR","potentialAction":[{"@type":"ReadAction","target":["https:\/\/jesuisuncuisinier.fr\/fr\/les-crepes-un-dessert-mondialement-apprecie\/"]}]},{"@type":"ImageObject","inLanguage":"fr-FR","@id":"https:\/\/jesuisuncuisinier.fr\/fr\/les-crepes-un-dessert-mondialement-apprecie\/#primaryimage","url":"https:\/\/jesuisuncuisinier.fr\/wp-content\/uploads\/2023\/10\/dbd302de32b50da83e055fc1a37bc583-1.jpg","contentUrl":"https:\/\/jesuisuncuisinier.fr\/wp-content\/uploads\/2023\/10\/dbd302de32b50da83e055fc1a37bc583-1.jpg","width":800,"height":533},{"@type":"BreadcrumbList","@id":"https:\/\/jesuisuncuisinier.fr\/fr\/les-crepes-un-dessert-mondialement-apprecie\/#breadcrumb","itemListElement":[{"@type":"ListItem","position":1,"name":"Portada","item":"https:\/\/jesuisuncuisinier.fr\/fr\/"},{"@type":"ListItem","position":2,"name":"Les cr\u00eapes\u00a0: un dessert mondialement appr\u00e9ci\u00e9"}]},{"@type":"WebSite","@id":"https:\/\/jesuisuncuisinier.fr\/fr\/#website","url":"https:\/\/jesuisuncuisinier.fr\/fr\/","name":"Je suis un cuisinier - Recettes faciles","description":"Recettes de cuisine faciles pour tous les jours. Cuisine fran\u00e7aise, espagnole et d&#039;ailleurs.","publisher":{"@id":"https:\/\/jesuisuncuisinier.fr\/fr\/#\/schema\/person\/04d97b7b1ae2f60e14cd96fc10a341aa"},"potentialAction":[{"@type":"SearchAction","target":{"@type":"EntryPoint","urlTemplate":"https:\/\/jesuisuncuisinier.fr\/fr\/?s={search_term_string}"},"query-input":{"@type":"PropertyValueSpecification","valueRequired":true,"valueName":"search_term_string"}}],"inLanguage":"fr-FR"},{"@type":["Person","Organization"],"@id":"https:\/\/jesuisuncuisinier.fr\/fr\/#\/schema\/person\/04d97b7b1ae2f60e14cd96fc10a341aa","name":"Dami\u00e1n Serrano","image":{"@type":"ImageObject","inLanguage":"fr-FR","@id":"https:\/\/jesuisuncuisinier.fr\/wp-content\/uploads\/2019\/11\/avatar.jpg","url":"https:\/\/jesuisuncuisinier.fr\/wp-content\/uploads\/2019\/11\/avatar.jpg","contentUrl":"https:\/\/jesuisuncuisinier.fr\/wp-content\/uploads\/2019\/11\/avatar.jpg","width":200,"height":200,"caption":"Dami\u00e1n Serrano"},"logo":{"@id":"https:\/\/jesuisuncuisinier.fr\/wp-content\/uploads\/2019\/11\/avatar.jpg"}},{"@type":"Person","@id":"https:\/\/jesuisuncuisinier.fr\/fr\/#\/schema\/person\/c2da7696f2784cce34698e48f989cb2a","name":"Dami\u00e1n","sameAs":["http:\/\/jesuisuncuisinier.fr","https:\/\/x.com\/unptitcuisinier"]}]}},"amp_enabled":true,"_links":{"self":[{"href":"https:\/\/jesuisuncuisinier.fr\/fr\/wp-json\/wp\/v2\/posts\/16041","targetHints":{"allow":["GET"]}}],"collection":[{"href":"https:\/\/jesuisuncuisinier.fr\/fr\/wp-json\/wp\/v2\/posts"}],"about":[{"href":"https:\/\/jesuisuncuisinier.fr\/fr\/wp-json\/wp\/v2\/types\/post"}],"author":[{"embeddable":true,"href":"https:\/\/jesuisuncuisinier.fr\/fr\/wp-json\/wp\/v2\/users\/1"}],"replies":[{"embeddable":true,"href":"https:\/\/jesuisuncuisinier.fr\/fr\/wp-json\/wp\/v2\/comments?post=16041"}],"version-history":[{"count":2,"href":"https:\/\/jesuisuncuisinier.fr\/fr\/wp-json\/wp\/v2\/posts\/16041\/revisions"}],"predecessor-version":[{"id":16068,"href":"https:\/\/jesuisuncuisinier.fr\/fr\/wp-json\/wp\/v2\/posts\/16041\/revisions\/16068"}],"wp:featuredmedia":[{"embeddable":true,"href":"https:\/\/jesuisuncuisinier.fr\/fr\/wp-json\/wp\/v2\/media\/16064"}],"wp:attachment":[{"href":"https:\/\/jesuisuncuisinier.fr\/fr\/wp-json\/wp\/v2\/media?parent=16041"}],"wp:term":[{"taxonomy":"category","embeddable":true,"href":"https:\/\/jesuisuncuisinier.fr\/fr\/wp-json\/wp\/v2\/categories?post=16041"},{"taxonomy":"post_tag","embeddable":true,"href":"https:\/\/jesuisuncuisinier.fr\/fr\/wp-json\/wp\/v2\/tags?post=16041"}],"curies":[{"name":"wp","href":"https:\/\/api.w.org\/{rel}","templated":true}]}}