{"id":15890,"date":"2023-07-12T19:50:20","date_gmt":"2023-07-12T17:50:20","guid":{"rendered":"https:\/\/jesuisuncuisinier.fr\/fr\/?p=15890"},"modified":"2023-07-12T19:51:37","modified_gmt":"2023-07-12T17:51:37","slug":"cuisine-en-l","status":"publish","type":"post","link":"https:\/\/jesuisuncuisinier.fr\/fr\/cuisine-en-l\/","title":{"rendered":"L&rsquo;am\u00e9nagement d&rsquo;une cuisine en L\u00a0: tout ce que vous devez savoir"},"content":{"rendered":"<p><img loading=\"lazy\" decoding=\"async\" src=\"https:\/\/jesuisuncuisinier.fr\/wp-content\/uploads\/2023\/07\/cuisine-en-l.jpg\" alt=\"Cuisine en L\" width=\"1200\" height=\"800\" class=\"aligncenter size-full wp-image-15891\" srcset=\"https:\/\/jesuisuncuisinier.fr\/wp-content\/uploads\/2023\/07\/cuisine-en-l.jpg 1200w, https:\/\/jesuisuncuisinier.fr\/wp-content\/uploads\/2023\/07\/cuisine-en-l-768x512.jpg 768w, https:\/\/jesuisuncuisinier.fr\/wp-content\/uploads\/2023\/07\/cuisine-en-l-320x213.jpg 320w, https:\/\/jesuisuncuisinier.fr\/wp-content\/uploads\/2023\/07\/cuisine-en-l-300x200.jpg 300w\" sizes=\"auto, (max-width: 1200px) 100vw, 1200px\" \/><\/p>\n<p><em>Parmi les nombreuses possibilit\u00e9s pour am\u00e9nager votre cuisine, l&rsquo;option \u00ab\u00a0<strong>cuisine en L<\/strong>\u00a0\u00bb s&rsquo;av\u00e8re \u00eatre un excellent choix pour de multiples raisons. \u00c0 la fois pratique et esth\u00e9tique, ce type de configuration apporte une valeur ajout\u00e9e ind\u00e9niable \u00e0 votre espace culinaire. C&rsquo;est pourquoi aujourd&rsquo;hui, nous vous proposons un zoom sur cet am\u00e9nagement de cuisine en L qui pourrait bien transformer votre quotidien.<\/em><\/p>\n<h2>La cuisine en L\u00a0: Une solution pour optimiser l\u2019espace<\/h2>\n<p>Que votre espace soit grand ou petit, la cuisine en L est une solution id\u00e9ale pour optimiser l&rsquo;utilisation de l&rsquo;espace disponible. Gr\u00e2ce \u00e0 son agencement judicieux, elle offre une circulation fluide et permet de bien d\u00e9limiter les diff\u00e9rentes zones de travail.<\/p>\n<p>Le secret de la cuisine en L, c&rsquo;est son organisation bien pens\u00e9e. Elle se d\u00e9ploie sur deux murs perpendiculaires, formant un angle droit. Cela permet d&rsquo;avoir un grand plan de travail et une disposition strat\u00e9gique des \u00e9l\u00e9ments, facilitant ainsi les t\u00e2ches culinaires quotidiennes.<\/p>\n<p>La cuisine en L, un coin repas bien distinct<\/p>\n<p>Une des plus grandes forces de l&rsquo;<a href=\"https:\/\/www.ecocuisine.fr\/cuisines\/implantations\/1-cuisine-en-l.html\">am\u00e9nagement cuisine en L<\/a>, c&rsquo;est sa capacit\u00e9 \u00e0 d\u00e9finir clairement l&rsquo;espace d\u00e9di\u00e9 \u00e0 la pr\u00e9paration des repas et celui r\u00e9serv\u00e9 au coin repas. Ce dernier peut \u00eatre cr\u00e9\u00e9 dans l&rsquo;angle form\u00e9 par la disposition en L, offrant un espace convivial pour partager vos repas en famille ou entre amis.<\/p>\n<h2>Comment rendre sa cuisine \u00e9cologique avec un am\u00e9nagement en&nbsp;L&nbsp;?<\/h2>\n<p>La cuisine en L n&rsquo;est pas seulement esth\u00e9tique et pratique, elle peut \u00e9galement \u00eatre am\u00e9nag\u00e9e de mani\u00e8re \u00e0 <a href=\"https:\/\/www.ecocuisine.fr\/cuisines\/styles\/\">rendre sa cuisine \u00e9cologique<\/a>. En utilisant des mat\u00e9riaux durables pour les plans de travail et les armoires, en choisissant des \u00e9lectrom\u00e9nagers \u00e9co\u00e9nerg\u00e9tiques et en optimisant l&rsquo;\u00e9clairage, vous pouvez rendre votre cuisine en L aussi respectueuse de l&rsquo;environnement que possible.<\/p>\n<p>De plus, l&rsquo;am\u00e9nagement de la cuisine en L permet de maximiser le rangement. Les placards et les \u00e9tag\u00e8res peuvent \u00eatre install\u00e9s le long des deux murs, offrant ainsi de nombreuses possibilit\u00e9s pour organiser efficacement vos ustensiles de cuisine, vos casseroles, vos pots et vos aliments.<\/p>\n<h2>Personnalisez votre cuisine en L<\/h2>\n<p>La beaut\u00e9 de la cuisine en L r\u00e9side aussi dans sa grande adaptabilit\u00e9. Quel que soit votre style, que vous pr\u00e9f\u00e9riez un look moderne, rustique, contemporain, traditionnel ou autre, la cuisine en L est un canevas vierge qui vous permet d&rsquo;exprimer votre personnalit\u00e9 et vos pr\u00e9f\u00e9rences esth\u00e9tiques.<\/p>\n<p><a href=\"https:\/\/www.ecocuisine.fr\/cuisines\/\">Avoir une cuisine personnalis\u00e9e<\/a> qui refl\u00e8te vos go\u00fbts et vos besoins est l&rsquo;un des meilleurs moyens de rendre l&rsquo;espace agr\u00e9able et accueillant. Apr\u00e8s tout, la cuisine est le c\u0153ur de la maison, un lieu o\u00f9 vous passez du temps \u00e0 pr\u00e9parer des repas pour vos proches et \u00e0 partager des moments inoubliables. En fin de compte, l&rsquo;essentiel est que votre cuisine en L soit un espace qui vous ressemble et dans lequel vous vous sentez \u00e0 l&rsquo;aise.<\/p>\n","protected":false},"excerpt":{"rendered":"<p>Parmi les nombreuses possibilit\u00e9s pour am\u00e9nager votre cuisine, l&rsquo;option \u00ab\u00a0cuisine en L\u00a0\u00bb s&rsquo;av\u00e8re \u00eatre un excellent choix pour de multiples raisons. \u00c0 la fois pratique et esth\u00e9tique, ce type de configuration apporte une valeur ajout\u00e9e [&hellip;]<\/p>\n","protected":false},"author":1,"featured_media":15891,"comment_status":"open","ping_status":"open","sticky":false,"template":"","format":"standard","meta":{"_yoast_wpseo_focuskw":"","_yoast_wpseo_metadesc":"","footnotes":""},"categories":[1455,1456,1457],"tags":[1509],"class_list":["post-15890","post","type-post","status-publish","format-standard","has-post-thumbnail","hentry","category-un-peu-de-tout","category-guides","category-conseils","tag-noimage"],"yoast_head":"<!-- This site is optimized with the Yoast SEO plugin v27.5 - https:\/\/yoast.com\/product\/yoast-seo-wordpress\/ -->\n<title>L&#039;am\u00e9nagement d&#039;une cuisine en L\u00a0: tout ce que vous devez savoir<\/title>\n<meta name=\"robots\" content=\"index, follow, max-snippet:-1, max-image-preview:large, max-video-preview:-1\" \/>\n<link rel=\"canonical\" href=\"https:\/\/jesuisuncuisinier.fr\/fr\/cuisine-en-l\/\" \/>\n<meta property=\"og:locale\" content=\"fr_FR\" \/>\n<meta property=\"og:type\" content=\"article\" \/>\n<meta property=\"og:title\" content=\"L&#039;am\u00e9nagement d&#039;une cuisine en L\u00a0: tout ce que vous devez savoir\" \/>\n<meta property=\"og:description\" content=\"Parmi les nombreuses possibilit\u00e9s pour am\u00e9nager votre cuisine, l&rsquo;option \u00ab\u00a0cuisine en L\u00a0\u00bb s&rsquo;av\u00e8re \u00eatre un excellent choix pour de multiples raisons. \u00c0 la fois pratique et esth\u00e9tique, ce type de configuration apporte une valeur ajout\u00e9e [&hellip;]\" \/>\n<meta property=\"og:url\" content=\"https:\/\/jesuisuncuisinier.fr\/fr\/cuisine-en-l\/\" \/>\n<meta property=\"og:site_name\" content=\"Je suis un cuisinier - Recettes faciles\" \/>\n<meta property=\"article:published_time\" content=\"2023-07-12T17:50:20+00:00\" \/>\n<meta property=\"article:modified_time\" content=\"2023-07-12T17:51:37+00:00\" \/>\n<meta property=\"og:image\" content=\"https:\/\/jesuisuncuisinier.fr\/wp-content\/uploads\/2023\/07\/cuisine-en-l.jpg\" \/>\n\t<meta property=\"og:image:width\" content=\"1200\" \/>\n\t<meta property=\"og:image:height\" content=\"800\" \/>\n\t<meta property=\"og:image:type\" content=\"image\/jpeg\" \/>\n<meta name=\"author\" content=\"Dami\u00e1n\" \/>\n<meta name=\"twitter:card\" content=\"summary_large_image\" \/>\n<meta name=\"twitter:creator\" content=\"@unptitcuisinier\" \/>\n<meta name=\"twitter:site\" content=\"@unptitcuisinier\" \/>\n<meta name=\"twitter:label1\" content=\"\u00c9crit par\" \/>\n\t<meta name=\"twitter:data1\" content=\"Dami\u00e1n\" \/>\n\t<meta name=\"twitter:label2\" content=\"Dur\u00e9e de lecture estim\u00e9e\" \/>\n\t<meta name=\"twitter:data2\" content=\"3 minutes\" \/>\n<script type=\"application\/ld+json\" class=\"yoast-schema-graph\">{\"@context\":\"https:\\\/\\\/schema.org\",\"@graph\":[{\"@type\":\"Article\",\"@id\":\"https:\\\/\\\/jesuisuncuisinier.fr\\\/fr\\\/cuisine-en-l\\\/#article\",\"isPartOf\":{\"@id\":\"https:\\\/\\\/jesuisuncuisinier.fr\\\/fr\\\/cuisine-en-l\\\/\"},\"author\":{\"name\":\"Dami\u00e1n\",\"@id\":\"https:\\\/\\\/jesuisuncuisinier.fr\\\/fr\\\/#\\\/schema\\\/person\\\/c2da7696f2784cce34698e48f989cb2a\"},\"headline\":\"L&rsquo;am\u00e9nagement d&rsquo;une cuisine en L\u00a0: tout ce que vous devez savoir\",\"datePublished\":\"2023-07-12T17:50:20+00:00\",\"dateModified\":\"2023-07-12T17:51:37+00:00\",\"mainEntityOfPage\":{\"@id\":\"https:\\\/\\\/jesuisuncuisinier.fr\\\/fr\\\/cuisine-en-l\\\/\"},\"wordCount\":535,\"commentCount\":0,\"publisher\":{\"@id\":\"https:\\\/\\\/jesuisuncuisinier.fr\\\/fr\\\/#\\\/schema\\\/person\\\/04d97b7b1ae2f60e14cd96fc10a341aa\"},\"image\":{\"@id\":\"https:\\\/\\\/jesuisuncuisinier.fr\\\/fr\\\/cuisine-en-l\\\/#primaryimage\"},\"thumbnailUrl\":\"https:\\\/\\\/jesuisuncuisinier.fr\\\/wp-content\\\/uploads\\\/2023\\\/07\\\/cuisine-en-l.jpg\",\"keywords\":[\"noimage\"],\"articleSection\":[\"Un peu de tout\",\"Guides\",\"Conseils\"],\"inLanguage\":\"fr-FR\",\"potentialAction\":[{\"@type\":\"CommentAction\",\"name\":\"Comment\",\"target\":[\"https:\\\/\\\/jesuisuncuisinier.fr\\\/fr\\\/cuisine-en-l\\\/#respond\"]}]},{\"@type\":\"WebPage\",\"@id\":\"https:\\\/\\\/jesuisuncuisinier.fr\\\/fr\\\/cuisine-en-l\\\/\",\"url\":\"https:\\\/\\\/jesuisuncuisinier.fr\\\/fr\\\/cuisine-en-l\\\/\",\"name\":\"L'am\u00e9nagement d'une cuisine en L\u00a0: tout ce que vous devez savoir\",\"isPartOf\":{\"@id\":\"https:\\\/\\\/jesuisuncuisinier.fr\\\/fr\\\/#website\"},\"primaryImageOfPage\":{\"@id\":\"https:\\\/\\\/jesuisuncuisinier.fr\\\/fr\\\/cuisine-en-l\\\/#primaryimage\"},\"image\":{\"@id\":\"https:\\\/\\\/jesuisuncuisinier.fr\\\/fr\\\/cuisine-en-l\\\/#primaryimage\"},\"thumbnailUrl\":\"https:\\\/\\\/jesuisuncuisinier.fr\\\/wp-content\\\/uploads\\\/2023\\\/07\\\/cuisine-en-l.jpg\",\"datePublished\":\"2023-07-12T17:50:20+00:00\",\"dateModified\":\"2023-07-12T17:51:37+00:00\",\"breadcrumb\":{\"@id\":\"https:\\\/\\\/jesuisuncuisinier.fr\\\/fr\\\/cuisine-en-l\\\/#breadcrumb\"},\"inLanguage\":\"fr-FR\",\"potentialAction\":[{\"@type\":\"ReadAction\",\"target\":[\"https:\\\/\\\/jesuisuncuisinier.fr\\\/fr\\\/cuisine-en-l\\\/\"]}]},{\"@type\":\"ImageObject\",\"inLanguage\":\"fr-FR\",\"@id\":\"https:\\\/\\\/jesuisuncuisinier.fr\\\/fr\\\/cuisine-en-l\\\/#primaryimage\",\"url\":\"https:\\\/\\\/jesuisuncuisinier.fr\\\/wp-content\\\/uploads\\\/2023\\\/07\\\/cuisine-en-l.jpg\",\"contentUrl\":\"https:\\\/\\\/jesuisuncuisinier.fr\\\/wp-content\\\/uploads\\\/2023\\\/07\\\/cuisine-en-l.jpg\",\"width\":1200,\"height\":800,\"caption\":\"Cuisine en L\"},{\"@type\":\"BreadcrumbList\",\"@id\":\"https:\\\/\\\/jesuisuncuisinier.fr\\\/fr\\\/cuisine-en-l\\\/#breadcrumb\",\"itemListElement\":[{\"@type\":\"ListItem\",\"position\":1,\"name\":\"Portada\",\"item\":\"https:\\\/\\\/jesuisuncuisinier.fr\\\/fr\\\/\"},{\"@type\":\"ListItem\",\"position\":2,\"name\":\"L&rsquo;am\u00e9nagement d&rsquo;une cuisine en L\u00a0: tout ce que vous devez savoir\"}]},{\"@type\":\"WebSite\",\"@id\":\"https:\\\/\\\/jesuisuncuisinier.fr\\\/fr\\\/#website\",\"url\":\"https:\\\/\\\/jesuisuncuisinier.fr\\\/fr\\\/\",\"name\":\"Je suis un cuisinier - Recettes faciles\",\"description\":\"Recettes de cuisine faciles pour tous les jours. Cuisine fran\u00e7aise, espagnole et d&#039;ailleurs.\",\"publisher\":{\"@id\":\"https:\\\/\\\/jesuisuncuisinier.fr\\\/fr\\\/#\\\/schema\\\/person\\\/04d97b7b1ae2f60e14cd96fc10a341aa\"},\"potentialAction\":[{\"@type\":\"SearchAction\",\"target\":{\"@type\":\"EntryPoint\",\"urlTemplate\":\"https:\\\/\\\/jesuisuncuisinier.fr\\\/fr\\\/?s={search_term_string}\"},\"query-input\":{\"@type\":\"PropertyValueSpecification\",\"valueRequired\":true,\"valueName\":\"search_term_string\"}}],\"inLanguage\":\"fr-FR\"},{\"@type\":[\"Person\",\"Organization\"],\"@id\":\"https:\\\/\\\/jesuisuncuisinier.fr\\\/fr\\\/#\\\/schema\\\/person\\\/04d97b7b1ae2f60e14cd96fc10a341aa\",\"name\":\"Dami\u00e1n Serrano\",\"image\":{\"@type\":\"ImageObject\",\"inLanguage\":\"fr-FR\",\"@id\":\"https:\\\/\\\/jesuisuncuisinier.fr\\\/wp-content\\\/uploads\\\/2019\\\/11\\\/avatar.jpg\",\"url\":\"https:\\\/\\\/jesuisuncuisinier.fr\\\/wp-content\\\/uploads\\\/2019\\\/11\\\/avatar.jpg\",\"contentUrl\":\"https:\\\/\\\/jesuisuncuisinier.fr\\\/wp-content\\\/uploads\\\/2019\\\/11\\\/avatar.jpg\",\"width\":200,\"height\":200,\"caption\":\"Dami\u00e1n Serrano\"},\"logo\":{\"@id\":\"https:\\\/\\\/jesuisuncuisinier.fr\\\/wp-content\\\/uploads\\\/2019\\\/11\\\/avatar.jpg\"}},{\"@type\":\"Person\",\"@id\":\"https:\\\/\\\/jesuisuncuisinier.fr\\\/fr\\\/#\\\/schema\\\/person\\\/c2da7696f2784cce34698e48f989cb2a\",\"name\":\"Dami\u00e1n\",\"sameAs\":[\"http:\\\/\\\/jesuisuncuisinier.fr\",\"https:\\\/\\\/x.com\\\/unptitcuisinier\"]}]}<\/script>\n<!-- \/ Yoast SEO plugin. -->","yoast_head_json":{"title":"L'am\u00e9nagement d'une cuisine en L\u00a0: tout ce que vous devez savoir","robots":{"index":"index","follow":"follow","max-snippet":"max-snippet:-1","max-image-preview":"max-image-preview:large","max-video-preview":"max-video-preview:-1"},"canonical":"https:\/\/jesuisuncuisinier.fr\/fr\/cuisine-en-l\/","og_locale":"fr_FR","og_type":"article","og_title":"L'am\u00e9nagement d'une cuisine en L\u00a0: tout ce que vous devez savoir","og_description":"Parmi les nombreuses possibilit\u00e9s pour am\u00e9nager votre cuisine, l&rsquo;option \u00ab\u00a0cuisine en L\u00a0\u00bb s&rsquo;av\u00e8re \u00eatre un excellent choix pour de multiples raisons. \u00c0 la fois pratique et esth\u00e9tique, ce type de configuration apporte une valeur ajout\u00e9e [&hellip;]","og_url":"https:\/\/jesuisuncuisinier.fr\/fr\/cuisine-en-l\/","og_site_name":"Je suis un cuisinier - Recettes faciles","article_published_time":"2023-07-12T17:50:20+00:00","article_modified_time":"2023-07-12T17:51:37+00:00","og_image":[{"width":1200,"height":800,"url":"https:\/\/jesuisuncuisinier.fr\/wp-content\/uploads\/2023\/07\/cuisine-en-l.jpg","type":"image\/jpeg"}],"author":"Dami\u00e1n","twitter_card":"summary_large_image","twitter_creator":"@unptitcuisinier","twitter_site":"@unptitcuisinier","twitter_misc":{"\u00c9crit par":"Dami\u00e1n","Dur\u00e9e de lecture estim\u00e9e":"3 minutes"},"schema":{"@context":"https:\/\/schema.org","@graph":[{"@type":"Article","@id":"https:\/\/jesuisuncuisinier.fr\/fr\/cuisine-en-l\/#article","isPartOf":{"@id":"https:\/\/jesuisuncuisinier.fr\/fr\/cuisine-en-l\/"},"author":{"name":"Dami\u00e1n","@id":"https:\/\/jesuisuncuisinier.fr\/fr\/#\/schema\/person\/c2da7696f2784cce34698e48f989cb2a"},"headline":"L&rsquo;am\u00e9nagement d&rsquo;une cuisine en L\u00a0: tout ce que vous devez savoir","datePublished":"2023-07-12T17:50:20+00:00","dateModified":"2023-07-12T17:51:37+00:00","mainEntityOfPage":{"@id":"https:\/\/jesuisuncuisinier.fr\/fr\/cuisine-en-l\/"},"wordCount":535,"commentCount":0,"publisher":{"@id":"https:\/\/jesuisuncuisinier.fr\/fr\/#\/schema\/person\/04d97b7b1ae2f60e14cd96fc10a341aa"},"image":{"@id":"https:\/\/jesuisuncuisinier.fr\/fr\/cuisine-en-l\/#primaryimage"},"thumbnailUrl":"https:\/\/jesuisuncuisinier.fr\/wp-content\/uploads\/2023\/07\/cuisine-en-l.jpg","keywords":["noimage"],"articleSection":["Un peu de tout","Guides","Conseils"],"inLanguage":"fr-FR","potentialAction":[{"@type":"CommentAction","name":"Comment","target":["https:\/\/jesuisuncuisinier.fr\/fr\/cuisine-en-l\/#respond"]}]},{"@type":"WebPage","@id":"https:\/\/jesuisuncuisinier.fr\/fr\/cuisine-en-l\/","url":"https:\/\/jesuisuncuisinier.fr\/fr\/cuisine-en-l\/","name":"L'am\u00e9nagement d'une cuisine en L\u00a0: tout ce que vous devez savoir","isPartOf":{"@id":"https:\/\/jesuisuncuisinier.fr\/fr\/#website"},"primaryImageOfPage":{"@id":"https:\/\/jesuisuncuisinier.fr\/fr\/cuisine-en-l\/#primaryimage"},"image":{"@id":"https:\/\/jesuisuncuisinier.fr\/fr\/cuisine-en-l\/#primaryimage"},"thumbnailUrl":"https:\/\/jesuisuncuisinier.fr\/wp-content\/uploads\/2023\/07\/cuisine-en-l.jpg","datePublished":"2023-07-12T17:50:20+00:00","dateModified":"2023-07-12T17:51:37+00:00","breadcrumb":{"@id":"https:\/\/jesuisuncuisinier.fr\/fr\/cuisine-en-l\/#breadcrumb"},"inLanguage":"fr-FR","potentialAction":[{"@type":"ReadAction","target":["https:\/\/jesuisuncuisinier.fr\/fr\/cuisine-en-l\/"]}]},{"@type":"ImageObject","inLanguage":"fr-FR","@id":"https:\/\/jesuisuncuisinier.fr\/fr\/cuisine-en-l\/#primaryimage","url":"https:\/\/jesuisuncuisinier.fr\/wp-content\/uploads\/2023\/07\/cuisine-en-l.jpg","contentUrl":"https:\/\/jesuisuncuisinier.fr\/wp-content\/uploads\/2023\/07\/cuisine-en-l.jpg","width":1200,"height":800,"caption":"Cuisine en L"},{"@type":"BreadcrumbList","@id":"https:\/\/jesuisuncuisinier.fr\/fr\/cuisine-en-l\/#breadcrumb","itemListElement":[{"@type":"ListItem","position":1,"name":"Portada","item":"https:\/\/jesuisuncuisinier.fr\/fr\/"},{"@type":"ListItem","position":2,"name":"L&rsquo;am\u00e9nagement d&rsquo;une cuisine en L\u00a0: tout ce que vous devez savoir"}]},{"@type":"WebSite","@id":"https:\/\/jesuisuncuisinier.fr\/fr\/#website","url":"https:\/\/jesuisuncuisinier.fr\/fr\/","name":"Je suis un cuisinier - Recettes faciles","description":"Recettes de cuisine faciles pour tous les jours. Cuisine fran\u00e7aise, espagnole et d&#039;ailleurs.","publisher":{"@id":"https:\/\/jesuisuncuisinier.fr\/fr\/#\/schema\/person\/04d97b7b1ae2f60e14cd96fc10a341aa"},"potentialAction":[{"@type":"SearchAction","target":{"@type":"EntryPoint","urlTemplate":"https:\/\/jesuisuncuisinier.fr\/fr\/?s={search_term_string}"},"query-input":{"@type":"PropertyValueSpecification","valueRequired":true,"valueName":"search_term_string"}}],"inLanguage":"fr-FR"},{"@type":["Person","Organization"],"@id":"https:\/\/jesuisuncuisinier.fr\/fr\/#\/schema\/person\/04d97b7b1ae2f60e14cd96fc10a341aa","name":"Dami\u00e1n Serrano","image":{"@type":"ImageObject","inLanguage":"fr-FR","@id":"https:\/\/jesuisuncuisinier.fr\/wp-content\/uploads\/2019\/11\/avatar.jpg","url":"https:\/\/jesuisuncuisinier.fr\/wp-content\/uploads\/2019\/11\/avatar.jpg","contentUrl":"https:\/\/jesuisuncuisinier.fr\/wp-content\/uploads\/2019\/11\/avatar.jpg","width":200,"height":200,"caption":"Dami\u00e1n Serrano"},"logo":{"@id":"https:\/\/jesuisuncuisinier.fr\/wp-content\/uploads\/2019\/11\/avatar.jpg"}},{"@type":"Person","@id":"https:\/\/jesuisuncuisinier.fr\/fr\/#\/schema\/person\/c2da7696f2784cce34698e48f989cb2a","name":"Dami\u00e1n","sameAs":["http:\/\/jesuisuncuisinier.fr","https:\/\/x.com\/unptitcuisinier"]}]}},"amp_enabled":true,"_links":{"self":[{"href":"https:\/\/jesuisuncuisinier.fr\/fr\/wp-json\/wp\/v2\/posts\/15890","targetHints":{"allow":["GET"]}}],"collection":[{"href":"https:\/\/jesuisuncuisinier.fr\/fr\/wp-json\/wp\/v2\/posts"}],"about":[{"href":"https:\/\/jesuisuncuisinier.fr\/fr\/wp-json\/wp\/v2\/types\/post"}],"author":[{"embeddable":true,"href":"https:\/\/jesuisuncuisinier.fr\/fr\/wp-json\/wp\/v2\/users\/1"}],"replies":[{"embeddable":true,"href":"https:\/\/jesuisuncuisinier.fr\/fr\/wp-json\/wp\/v2\/comments?post=15890"}],"version-history":[{"count":3,"href":"https:\/\/jesuisuncuisinier.fr\/fr\/wp-json\/wp\/v2\/posts\/15890\/revisions"}],"predecessor-version":[{"id":15894,"href":"https:\/\/jesuisuncuisinier.fr\/fr\/wp-json\/wp\/v2\/posts\/15890\/revisions\/15894"}],"wp:featuredmedia":[{"embeddable":true,"href":"https:\/\/jesuisuncuisinier.fr\/fr\/wp-json\/wp\/v2\/media\/15891"}],"wp:attachment":[{"href":"https:\/\/jesuisuncuisinier.fr\/fr\/wp-json\/wp\/v2\/media?parent=15890"}],"wp:term":[{"taxonomy":"category","embeddable":true,"href":"https:\/\/jesuisuncuisinier.fr\/fr\/wp-json\/wp\/v2\/categories?post=15890"},{"taxonomy":"post_tag","embeddable":true,"href":"https:\/\/jesuisuncuisinier.fr\/fr\/wp-json\/wp\/v2\/tags?post=15890"}],"curies":[{"name":"wp","href":"https:\/\/api.w.org\/{rel}","templated":true}]}}