{"id":15457,"date":"2023-03-16T20:54:59","date_gmt":"2023-03-16T19:54:59","guid":{"rendered":"https:\/\/jesuisuncuisinier.fr\/fr\/?p=15457"},"modified":"2023-03-16T20:54:59","modified_gmt":"2023-03-16T19:54:59","slug":"conception-cuisine","status":"publish","type":"post","link":"https:\/\/jesuisuncuisinier.fr\/fr\/conception-cuisine\/","title":{"rendered":"Conception cuisine : Tendances et astuces pour cr\u00e9er un espace fonctionnel et \u00e9l\u00e9gant"},"content":{"rendered":"<p>Si vous aimez cuisiner autant que moi, si vous \u00eates un chef \u00e0 domicile ou simplement quelqu&rsquo;un qui aime passer du temps en cuisine, vous savez \u00e0 quel point <strong>il est important d&rsquo;avoir un espace bien con\u00e7u et fonctionnel<\/strong>. La cuisine n&rsquo;est pas seulement un endroit o\u00f9 vous cuisinez et mangez, mais c&rsquo;est aussi un espace qui peut rassembler famille et amis, cr\u00e9er des souvenirs et rendre votre vie plus facile.<\/p>\n<p>Que ce soit de fa\u00e7on traditionnelle ou une <a href=\"https:\/\/www.bulthaup-bastille.fr\/\" target=\"_blank\" rel=\"noopener\">cuisine haut de gamme<\/a>, en solo ou \u00e0 l&rsquo;aide d&rsquo;un cuisiniste, <strong>la conception est un sujet populaire parmi les propri\u00e9taires<\/strong> qui cherchent \u00e0 \u00e9lever le style et la fonctionnalit\u00e9 de leur maison. C\u2019est pour cela que j\u2019ai pens\u00e9 \u00e0 vous fournir des conseils d&rsquo;experts en ce qui concerne la conception d\u2019une cuisine.<\/p>\n<script async src=\"\/\/pagead2.googlesyndication.com\/pagead\/js\/adsbygoogle.js\"><\/script><ins class=\"adsbygoogle\"style=\"display:block\"data-ad-client=\"ca-pub-7750789452383743\"data-ad-slot=\"9252856116\"data-ad-format=\"auto\"><\/ins><script>(adsbygoogle = window.adsbygoogle || []).push({});<\/script><amp-ad width=\"100vw\" height=320 type=\"adsense\" data-ad-client=\"ca-pub-7750789452383743\" data-ad-slot=\"7340373828\" data-auto-format=\"rspv\" data-full-width><div overflow><\/div><\/amp-ad><div class=\"cleaner\" style=\"margin: 10px\"><\/div>\n<p>Dans cet article, nous couvrirons <strong>les derni\u00e8res tendances en mati\u00e8re de conception<\/strong>, ainsi que des <strong>astuces pour cr\u00e9er un espace \u00e0 la fois \u00e9l\u00e9gant et fonctionnel<\/strong>. Que vous soyez un chef exp\u00e9riment\u00e9 ou que vous aimiez simplement passer du temps dans votre cuisine, notre guide vous aidera \u00e0 cr\u00e9er la cuisine de vos r\u00eaves.<\/p>\n<h2>Tendances en mati\u00e8re de conception de cuisine<\/h2>\n<p>Les derni\u00e8res tendances en mati\u00e8re de conception de cuisine mettent l&rsquo;accent sur la combinaison de la forme et de la fonction. Les concepteurs cherchent \u00e0 cr\u00e9er des espaces \u00e0 la fois esth\u00e9tiquement plaisants et hautement fonctionnels. L&rsquo;une des tendances les plus populaires en mati\u00e8re de conception de cuisine haut de gamme est l&rsquo;utilisation de mat\u00e9riaux naturels, tels que la pierre et le bois, pour cr\u00e9er un espace chaleureux et accueillant.<\/p>\n<p>D&rsquo;autres <strong>tendances populaires en mati\u00e8re de conception<\/strong> comprennent :<\/p>\n<ul>\n<li>Les appareils intelligents qui peuvent \u00eatre contr\u00f4l\u00e9s depuis un appareil mobile<\/li>\n<li>Des armoires sur mesure qui maximisent l&rsquo;espace de rangement<\/li>\n<li>Des syst\u00e8mes d&rsquo;\u00e9clairage haute technologie qui peuvent \u00eatre ajust\u00e9s selon vos besoins<\/li>\n<li>Des am\u00e9nagements \u00e0 concept ouvert qui offrent beaucoup d&rsquo;espace pour recevoir<\/li>\n<\/ul>\n<script async src=\"\/\/pagead2.googlesyndication.com\/pagead\/js\/adsbygoogle.js\"><\/script><ins class=\"adsbygoogle\"style=\"display:block\"data-ad-client=\"ca-pub-7750789452383743\"data-ad-slot=\"9252856116\"data-ad-format=\"auto\"><\/ins><script>(adsbygoogle = window.adsbygoogle || []).push({});<\/script><amp-ad width=\"100vw\" height=320 type=\"adsense\" data-ad-client=\"ca-pub-7750789452383743\" data-ad-slot=\"7340373828\" data-auto-format=\"rspv\" data-full-width><div overflow><\/div><\/amp-ad><div class=\"cleaner\" style=\"margin: 10px\"><\/div>\n<h2>Cr\u00e9er une cuisine fonctionnelle et \u00e9l\u00e9gante<\/h2>\n<p>Lorsqu&rsquo;il s&rsquo;agit de cr\u00e9er une cuisine haut de gamme \u00e0 la fois fonctionnelle et \u00e9l\u00e9gante, il y a quelques facteurs cl\u00e9s \u00e0 prendre en compte. Ceux-ci incluent :<\/p>\n<ul>\n<li><strong>Agencement<\/strong> : L&rsquo;agencement de votre cuisine est l&rsquo;un des facteurs importants \u00e0 consid\u00e9rer lors de la conception d&rsquo;un espace \u00e0 la fois fonctionnel et \u00e9l\u00e9gant. Un agencement bien con\u00e7u doit fournir un espace de travail suffisant, du rangement et de la place pour recevoir.<\/li>\n<li><strong>Appareils<\/strong> : Des appareils haut de gamme sont indispensables dans n&rsquo;importe quelle cuisine luxueuse. Recherchez des appareils \u00e0 la fois \u00e9l\u00e9gants et fonctionnels, tels qu&rsquo;un r\u00e9frig\u00e9rateur intelligent ou un double four.<\/li>\n<li><strong>\u00c9clairage<\/strong> : L&rsquo;\u00e9clairage est un autre facteur important \u00e0 prendre en compte lors de la conception d&rsquo;une cuisine. Installez une combinaison d&rsquo;\u00e9clairage, de travail, d&rsquo;\u00e9clairage d&rsquo;ambiance et d&rsquo;\u00e9clairage ponctuel pour cr\u00e9er un espace chaleureux et accueillant.<\/li>\n<li><strong>Finitions<\/strong> : Les finitions que vous choisissez pour votre cuisine peuvent faire une grande diff\u00e9rence dans son style et sa fonctionnalit\u00e9 globale. Choisissez des mat\u00e9riaux de haute qualit\u00e9 \u00e0 la fois durables et \u00e9l\u00e9gants, tels que des comptoirs en granit ou un rev\u00eatement de sol en bois dur.<\/li>\n<\/ul>\n<script async src=\"\/\/pagead2.googlesyndication.com\/pagead\/js\/adsbygoogle.js\"><\/script><ins class=\"adsbygoogle\"style=\"display:block\"data-ad-client=\"ca-pub-7750789452383743\"data-ad-slot=\"9252856116\"data-ad-format=\"auto\"><\/ins><script>(adsbygoogle = window.adsbygoogle || []).push({});<\/script><amp-ad width=\"100vw\" height=320 type=\"adsense\" data-ad-client=\"ca-pub-7750789452383743\" data-ad-slot=\"7340373828\" data-auto-format=\"rspv\" data-full-width><div overflow><\/div><\/amp-ad><div class=\"cleaner\" style=\"margin: 10px\"><\/div>\n<h3>Maintenant, vous savez un peu plus sur la conception d\u2019une cuisine<\/h3>\n<p>Pour finir, une cuisine haut de gamme devrait \u00eatre \u00e0 la fois \u00e9l\u00e9gante et fonctionnelle. En suivant les <strong>derni\u00e8res tendances en mati\u00e8re de conception de cuisine<\/strong> et en consid\u00e9rant les facteurs cl\u00e9s qui font une cuisine exceptionnelle, vous pouvez cr\u00e9er un espace que vous adorerez pendant des ann\u00e9es.<\/p>\n","protected":false},"excerpt":{"rendered":"<p>Si vous aimez cuisiner autant que moi, si vous \u00eates un chef \u00e0 domicile ou simplement quelqu&rsquo;un qui aime passer du temps en cuisine, vous savez \u00e0 quel point il est important d&rsquo;avoir un espace [&hellip;]<\/p>\n","protected":false},"author":1,"featured_media":15459,"comment_status":"open","ping_status":"open","sticky":false,"template":"","format":"standard","meta":{"_yoast_wpseo_focuskw":"","_yoast_wpseo_metadesc":"","footnotes":""},"categories":[1455,1456,1457],"tags":[1521,1522],"class_list":["post-15457","post","type-post","status-publish","format-standard","has-post-thumbnail","hentry","category-un-peu-de-tout","category-guides","category-conseils","tag-conception-cuisine","tag-cuisine-haut-de-gamme"],"yoast_head":"<!-- This site is optimized with the Yoast SEO plugin v27.5 - https:\/\/yoast.com\/product\/yoast-seo-wordpress\/ -->\n<title>Conception cuisine : Tendances et astuces pour cr\u00e9er un espace fonctionnel et \u00e9l\u00e9gant<\/title>\n<meta name=\"robots\" content=\"index, follow, max-snippet:-1, max-image-preview:large, max-video-preview:-1\" \/>\n<link rel=\"canonical\" href=\"https:\/\/jesuisuncuisinier.fr\/fr\/conception-cuisine\/\" \/>\n<meta property=\"og:locale\" content=\"fr_FR\" \/>\n<meta property=\"og:type\" content=\"article\" \/>\n<meta property=\"og:title\" content=\"Conception cuisine : Tendances et astuces pour cr\u00e9er un espace fonctionnel et \u00e9l\u00e9gant\" \/>\n<meta property=\"og:description\" content=\"Si vous aimez cuisiner autant que moi, si vous \u00eates un chef \u00e0 domicile ou simplement quelqu&rsquo;un qui aime passer du temps en cuisine, vous savez \u00e0 quel point il est important d&rsquo;avoir un espace [&hellip;]\" \/>\n<meta property=\"og:url\" content=\"https:\/\/jesuisuncuisinier.fr\/fr\/conception-cuisine\/\" \/>\n<meta property=\"og:site_name\" content=\"Je suis un cuisinier - Recettes faciles\" \/>\n<meta property=\"article:published_time\" content=\"2023-03-16T19:54:59+00:00\" \/>\n<meta property=\"og:image\" content=\"https:\/\/jesuisuncuisinier.fr\/wp-content\/uploads\/2023\/03\/conception-cuisine.jpg\" \/>\n\t<meta property=\"og:image:width\" content=\"1280\" \/>\n\t<meta property=\"og:image:height\" content=\"724\" \/>\n\t<meta property=\"og:image:type\" content=\"image\/jpeg\" \/>\n<meta name=\"author\" content=\"Dami\u00e1n\" \/>\n<meta name=\"twitter:card\" content=\"summary_large_image\" \/>\n<meta name=\"twitter:creator\" content=\"@unptitcuisinier\" \/>\n<meta name=\"twitter:site\" content=\"@unptitcuisinier\" \/>\n<meta name=\"twitter:label1\" content=\"\u00c9crit par\" \/>\n\t<meta name=\"twitter:data1\" content=\"Dami\u00e1n\" \/>\n\t<meta name=\"twitter:label2\" content=\"Dur\u00e9e de lecture estim\u00e9e\" \/>\n\t<meta name=\"twitter:data2\" content=\"3 minutes\" \/>\n<script type=\"application\/ld+json\" class=\"yoast-schema-graph\">{\"@context\":\"https:\\\/\\\/schema.org\",\"@graph\":[{\"@type\":\"Article\",\"@id\":\"https:\\\/\\\/jesuisuncuisinier.fr\\\/fr\\\/conception-cuisine\\\/#article\",\"isPartOf\":{\"@id\":\"https:\\\/\\\/jesuisuncuisinier.fr\\\/fr\\\/conception-cuisine\\\/\"},\"author\":{\"name\":\"Dami\u00e1n\",\"@id\":\"https:\\\/\\\/jesuisuncuisinier.fr\\\/fr\\\/#\\\/schema\\\/person\\\/c2da7696f2784cce34698e48f989cb2a\"},\"headline\":\"Conception cuisine : Tendances et astuces pour cr\u00e9er un espace fonctionnel et \u00e9l\u00e9gant\",\"datePublished\":\"2023-03-16T19:54:59+00:00\",\"mainEntityOfPage\":{\"@id\":\"https:\\\/\\\/jesuisuncuisinier.fr\\\/fr\\\/conception-cuisine\\\/\"},\"wordCount\":638,\"commentCount\":0,\"publisher\":{\"@id\":\"https:\\\/\\\/jesuisuncuisinier.fr\\\/fr\\\/#\\\/schema\\\/person\\\/04d97b7b1ae2f60e14cd96fc10a341aa\"},\"image\":{\"@id\":\"https:\\\/\\\/jesuisuncuisinier.fr\\\/fr\\\/conception-cuisine\\\/#primaryimage\"},\"thumbnailUrl\":\"https:\\\/\\\/jesuisuncuisinier.fr\\\/wp-content\\\/uploads\\\/2023\\\/03\\\/conception-cuisine.jpg\",\"keywords\":[\"conception cuisine\",\"cuisine haut de gamme\"],\"articleSection\":[\"Un peu de tout\",\"Guides\",\"Conseils\"],\"inLanguage\":\"fr-FR\",\"potentialAction\":[{\"@type\":\"CommentAction\",\"name\":\"Comment\",\"target\":[\"https:\\\/\\\/jesuisuncuisinier.fr\\\/fr\\\/conception-cuisine\\\/#respond\"]}]},{\"@type\":\"WebPage\",\"@id\":\"https:\\\/\\\/jesuisuncuisinier.fr\\\/fr\\\/conception-cuisine\\\/\",\"url\":\"https:\\\/\\\/jesuisuncuisinier.fr\\\/fr\\\/conception-cuisine\\\/\",\"name\":\"Conception cuisine : Tendances et astuces pour cr\u00e9er un espace fonctionnel et \u00e9l\u00e9gant\",\"isPartOf\":{\"@id\":\"https:\\\/\\\/jesuisuncuisinier.fr\\\/fr\\\/#website\"},\"primaryImageOfPage\":{\"@id\":\"https:\\\/\\\/jesuisuncuisinier.fr\\\/fr\\\/conception-cuisine\\\/#primaryimage\"},\"image\":{\"@id\":\"https:\\\/\\\/jesuisuncuisinier.fr\\\/fr\\\/conception-cuisine\\\/#primaryimage\"},\"thumbnailUrl\":\"https:\\\/\\\/jesuisuncuisinier.fr\\\/wp-content\\\/uploads\\\/2023\\\/03\\\/conception-cuisine.jpg\",\"datePublished\":\"2023-03-16T19:54:59+00:00\",\"breadcrumb\":{\"@id\":\"https:\\\/\\\/jesuisuncuisinier.fr\\\/fr\\\/conception-cuisine\\\/#breadcrumb\"},\"inLanguage\":\"fr-FR\",\"potentialAction\":[{\"@type\":\"ReadAction\",\"target\":[\"https:\\\/\\\/jesuisuncuisinier.fr\\\/fr\\\/conception-cuisine\\\/\"]}]},{\"@type\":\"ImageObject\",\"inLanguage\":\"fr-FR\",\"@id\":\"https:\\\/\\\/jesuisuncuisinier.fr\\\/fr\\\/conception-cuisine\\\/#primaryimage\",\"url\":\"https:\\\/\\\/jesuisuncuisinier.fr\\\/wp-content\\\/uploads\\\/2023\\\/03\\\/conception-cuisine.jpg\",\"contentUrl\":\"https:\\\/\\\/jesuisuncuisinier.fr\\\/wp-content\\\/uploads\\\/2023\\\/03\\\/conception-cuisine.jpg\",\"width\":1280,\"height\":724,\"caption\":\"Conception cuisine\"},{\"@type\":\"BreadcrumbList\",\"@id\":\"https:\\\/\\\/jesuisuncuisinier.fr\\\/fr\\\/conception-cuisine\\\/#breadcrumb\",\"itemListElement\":[{\"@type\":\"ListItem\",\"position\":1,\"name\":\"Portada\",\"item\":\"https:\\\/\\\/jesuisuncuisinier.fr\\\/fr\\\/\"},{\"@type\":\"ListItem\",\"position\":2,\"name\":\"Conception cuisine : Tendances et astuces pour cr\u00e9er un espace fonctionnel et \u00e9l\u00e9gant\"}]},{\"@type\":\"WebSite\",\"@id\":\"https:\\\/\\\/jesuisuncuisinier.fr\\\/fr\\\/#website\",\"url\":\"https:\\\/\\\/jesuisuncuisinier.fr\\\/fr\\\/\",\"name\":\"Je suis un cuisinier - Recettes faciles\",\"description\":\"Recettes de cuisine faciles pour tous les jours. Cuisine fran\u00e7aise, espagnole et d&#039;ailleurs.\",\"publisher\":{\"@id\":\"https:\\\/\\\/jesuisuncuisinier.fr\\\/fr\\\/#\\\/schema\\\/person\\\/04d97b7b1ae2f60e14cd96fc10a341aa\"},\"potentialAction\":[{\"@type\":\"SearchAction\",\"target\":{\"@type\":\"EntryPoint\",\"urlTemplate\":\"https:\\\/\\\/jesuisuncuisinier.fr\\\/fr\\\/?s={search_term_string}\"},\"query-input\":{\"@type\":\"PropertyValueSpecification\",\"valueRequired\":true,\"valueName\":\"search_term_string\"}}],\"inLanguage\":\"fr-FR\"},{\"@type\":[\"Person\",\"Organization\"],\"@id\":\"https:\\\/\\\/jesuisuncuisinier.fr\\\/fr\\\/#\\\/schema\\\/person\\\/04d97b7b1ae2f60e14cd96fc10a341aa\",\"name\":\"Dami\u00e1n Serrano\",\"image\":{\"@type\":\"ImageObject\",\"inLanguage\":\"fr-FR\",\"@id\":\"https:\\\/\\\/jesuisuncuisinier.fr\\\/wp-content\\\/uploads\\\/2019\\\/11\\\/avatar.jpg\",\"url\":\"https:\\\/\\\/jesuisuncuisinier.fr\\\/wp-content\\\/uploads\\\/2019\\\/11\\\/avatar.jpg\",\"contentUrl\":\"https:\\\/\\\/jesuisuncuisinier.fr\\\/wp-content\\\/uploads\\\/2019\\\/11\\\/avatar.jpg\",\"width\":200,\"height\":200,\"caption\":\"Dami\u00e1n Serrano\"},\"logo\":{\"@id\":\"https:\\\/\\\/jesuisuncuisinier.fr\\\/wp-content\\\/uploads\\\/2019\\\/11\\\/avatar.jpg\"}},{\"@type\":\"Person\",\"@id\":\"https:\\\/\\\/jesuisuncuisinier.fr\\\/fr\\\/#\\\/schema\\\/person\\\/c2da7696f2784cce34698e48f989cb2a\",\"name\":\"Dami\u00e1n\",\"sameAs\":[\"http:\\\/\\\/jesuisuncuisinier.fr\",\"https:\\\/\\\/x.com\\\/unptitcuisinier\"]}]}<\/script>\n<!-- \/ Yoast SEO plugin. -->","yoast_head_json":{"title":"Conception cuisine : Tendances et astuces pour cr\u00e9er un espace fonctionnel et \u00e9l\u00e9gant","robots":{"index":"index","follow":"follow","max-snippet":"max-snippet:-1","max-image-preview":"max-image-preview:large","max-video-preview":"max-video-preview:-1"},"canonical":"https:\/\/jesuisuncuisinier.fr\/fr\/conception-cuisine\/","og_locale":"fr_FR","og_type":"article","og_title":"Conception cuisine : Tendances et astuces pour cr\u00e9er un espace fonctionnel et \u00e9l\u00e9gant","og_description":"Si vous aimez cuisiner autant que moi, si vous \u00eates un chef \u00e0 domicile ou simplement quelqu&rsquo;un qui aime passer du temps en cuisine, vous savez \u00e0 quel point il est important d&rsquo;avoir un espace [&hellip;]","og_url":"https:\/\/jesuisuncuisinier.fr\/fr\/conception-cuisine\/","og_site_name":"Je suis un cuisinier - Recettes faciles","article_published_time":"2023-03-16T19:54:59+00:00","og_image":[{"width":1280,"height":724,"url":"https:\/\/jesuisuncuisinier.fr\/wp-content\/uploads\/2023\/03\/conception-cuisine.jpg","type":"image\/jpeg"}],"author":"Dami\u00e1n","twitter_card":"summary_large_image","twitter_creator":"@unptitcuisinier","twitter_site":"@unptitcuisinier","twitter_misc":{"\u00c9crit par":"Dami\u00e1n","Dur\u00e9e de lecture estim\u00e9e":"3 minutes"},"schema":{"@context":"https:\/\/schema.org","@graph":[{"@type":"Article","@id":"https:\/\/jesuisuncuisinier.fr\/fr\/conception-cuisine\/#article","isPartOf":{"@id":"https:\/\/jesuisuncuisinier.fr\/fr\/conception-cuisine\/"},"author":{"name":"Dami\u00e1n","@id":"https:\/\/jesuisuncuisinier.fr\/fr\/#\/schema\/person\/c2da7696f2784cce34698e48f989cb2a"},"headline":"Conception cuisine : Tendances et astuces pour cr\u00e9er un espace fonctionnel et \u00e9l\u00e9gant","datePublished":"2023-03-16T19:54:59+00:00","mainEntityOfPage":{"@id":"https:\/\/jesuisuncuisinier.fr\/fr\/conception-cuisine\/"},"wordCount":638,"commentCount":0,"publisher":{"@id":"https:\/\/jesuisuncuisinier.fr\/fr\/#\/schema\/person\/04d97b7b1ae2f60e14cd96fc10a341aa"},"image":{"@id":"https:\/\/jesuisuncuisinier.fr\/fr\/conception-cuisine\/#primaryimage"},"thumbnailUrl":"https:\/\/jesuisuncuisinier.fr\/wp-content\/uploads\/2023\/03\/conception-cuisine.jpg","keywords":["conception cuisine","cuisine haut de gamme"],"articleSection":["Un peu de tout","Guides","Conseils"],"inLanguage":"fr-FR","potentialAction":[{"@type":"CommentAction","name":"Comment","target":["https:\/\/jesuisuncuisinier.fr\/fr\/conception-cuisine\/#respond"]}]},{"@type":"WebPage","@id":"https:\/\/jesuisuncuisinier.fr\/fr\/conception-cuisine\/","url":"https:\/\/jesuisuncuisinier.fr\/fr\/conception-cuisine\/","name":"Conception cuisine : Tendances et astuces pour cr\u00e9er un espace fonctionnel et \u00e9l\u00e9gant","isPartOf":{"@id":"https:\/\/jesuisuncuisinier.fr\/fr\/#website"},"primaryImageOfPage":{"@id":"https:\/\/jesuisuncuisinier.fr\/fr\/conception-cuisine\/#primaryimage"},"image":{"@id":"https:\/\/jesuisuncuisinier.fr\/fr\/conception-cuisine\/#primaryimage"},"thumbnailUrl":"https:\/\/jesuisuncuisinier.fr\/wp-content\/uploads\/2023\/03\/conception-cuisine.jpg","datePublished":"2023-03-16T19:54:59+00:00","breadcrumb":{"@id":"https:\/\/jesuisuncuisinier.fr\/fr\/conception-cuisine\/#breadcrumb"},"inLanguage":"fr-FR","potentialAction":[{"@type":"ReadAction","target":["https:\/\/jesuisuncuisinier.fr\/fr\/conception-cuisine\/"]}]},{"@type":"ImageObject","inLanguage":"fr-FR","@id":"https:\/\/jesuisuncuisinier.fr\/fr\/conception-cuisine\/#primaryimage","url":"https:\/\/jesuisuncuisinier.fr\/wp-content\/uploads\/2023\/03\/conception-cuisine.jpg","contentUrl":"https:\/\/jesuisuncuisinier.fr\/wp-content\/uploads\/2023\/03\/conception-cuisine.jpg","width":1280,"height":724,"caption":"Conception cuisine"},{"@type":"BreadcrumbList","@id":"https:\/\/jesuisuncuisinier.fr\/fr\/conception-cuisine\/#breadcrumb","itemListElement":[{"@type":"ListItem","position":1,"name":"Portada","item":"https:\/\/jesuisuncuisinier.fr\/fr\/"},{"@type":"ListItem","position":2,"name":"Conception cuisine : Tendances et astuces pour cr\u00e9er un espace fonctionnel et \u00e9l\u00e9gant"}]},{"@type":"WebSite","@id":"https:\/\/jesuisuncuisinier.fr\/fr\/#website","url":"https:\/\/jesuisuncuisinier.fr\/fr\/","name":"Je suis un cuisinier - Recettes faciles","description":"Recettes de cuisine faciles pour tous les jours. Cuisine fran\u00e7aise, espagnole et d&#039;ailleurs.","publisher":{"@id":"https:\/\/jesuisuncuisinier.fr\/fr\/#\/schema\/person\/04d97b7b1ae2f60e14cd96fc10a341aa"},"potentialAction":[{"@type":"SearchAction","target":{"@type":"EntryPoint","urlTemplate":"https:\/\/jesuisuncuisinier.fr\/fr\/?s={search_term_string}"},"query-input":{"@type":"PropertyValueSpecification","valueRequired":true,"valueName":"search_term_string"}}],"inLanguage":"fr-FR"},{"@type":["Person","Organization"],"@id":"https:\/\/jesuisuncuisinier.fr\/fr\/#\/schema\/person\/04d97b7b1ae2f60e14cd96fc10a341aa","name":"Dami\u00e1n Serrano","image":{"@type":"ImageObject","inLanguage":"fr-FR","@id":"https:\/\/jesuisuncuisinier.fr\/wp-content\/uploads\/2019\/11\/avatar.jpg","url":"https:\/\/jesuisuncuisinier.fr\/wp-content\/uploads\/2019\/11\/avatar.jpg","contentUrl":"https:\/\/jesuisuncuisinier.fr\/wp-content\/uploads\/2019\/11\/avatar.jpg","width":200,"height":200,"caption":"Dami\u00e1n Serrano"},"logo":{"@id":"https:\/\/jesuisuncuisinier.fr\/wp-content\/uploads\/2019\/11\/avatar.jpg"}},{"@type":"Person","@id":"https:\/\/jesuisuncuisinier.fr\/fr\/#\/schema\/person\/c2da7696f2784cce34698e48f989cb2a","name":"Dami\u00e1n","sameAs":["http:\/\/jesuisuncuisinier.fr","https:\/\/x.com\/unptitcuisinier"]}]}},"amp_enabled":true,"_links":{"self":[{"href":"https:\/\/jesuisuncuisinier.fr\/fr\/wp-json\/wp\/v2\/posts\/15457","targetHints":{"allow":["GET"]}}],"collection":[{"href":"https:\/\/jesuisuncuisinier.fr\/fr\/wp-json\/wp\/v2\/posts"}],"about":[{"href":"https:\/\/jesuisuncuisinier.fr\/fr\/wp-json\/wp\/v2\/types\/post"}],"author":[{"embeddable":true,"href":"https:\/\/jesuisuncuisinier.fr\/fr\/wp-json\/wp\/v2\/users\/1"}],"replies":[{"embeddable":true,"href":"https:\/\/jesuisuncuisinier.fr\/fr\/wp-json\/wp\/v2\/comments?post=15457"}],"version-history":[{"count":1,"href":"https:\/\/jesuisuncuisinier.fr\/fr\/wp-json\/wp\/v2\/posts\/15457\/revisions"}],"predecessor-version":[{"id":15460,"href":"https:\/\/jesuisuncuisinier.fr\/fr\/wp-json\/wp\/v2\/posts\/15457\/revisions\/15460"}],"wp:featuredmedia":[{"embeddable":true,"href":"https:\/\/jesuisuncuisinier.fr\/fr\/wp-json\/wp\/v2\/media\/15459"}],"wp:attachment":[{"href":"https:\/\/jesuisuncuisinier.fr\/fr\/wp-json\/wp\/v2\/media?parent=15457"}],"wp:term":[{"taxonomy":"category","embeddable":true,"href":"https:\/\/jesuisuncuisinier.fr\/fr\/wp-json\/wp\/v2\/categories?post=15457"},{"taxonomy":"post_tag","embeddable":true,"href":"https:\/\/jesuisuncuisinier.fr\/fr\/wp-json\/wp\/v2\/tags?post=15457"}],"curies":[{"name":"wp","href":"https:\/\/api.w.org\/{rel}","templated":true}]}}