{"id":15358,"date":"2023-03-03T08:38:08","date_gmt":"2023-03-03T07:38:08","guid":{"rendered":"https:\/\/jesuisuncuisinier.fr\/fr\/?p=15358"},"modified":"2023-03-03T08:42:05","modified_gmt":"2023-03-03T07:42:05","slug":"rquilibrage-alimentaire-avec-la-brigade-de-vro","status":"publish","type":"post","link":"https:\/\/jesuisuncuisinier.fr\/fr\/rquilibrage-alimentaire-avec-la-brigade-de-vro\/","title":{"rendered":"R&eacute;&eacute;quilibrage alimentaire avec la Brigade de V&eacute;ro"},"content":{"rendered":"<p>La Brigade de V\u00e9ro est une association qui s&rsquo;engage en faveur d&rsquo;une alimentation saine et solidaire. Elle offre des conseils en nutrition et des ateliers de cuisine pour aider les personnes \u00e0 r\u00e9\u00e9quilibrer leur alimentation. D\u00e9couvrez comment cette association promeut l&rsquo;acc\u00e8s \u00e0 une alimentation \u00e9quilibr\u00e9e pour tous.<\/p>\n<h2>Les enjeux du r\u00e9\u00e9quilibrage alimentaire<br \/>\n<img decoding=\"async\" class=\"aligncenter\" src=\"https:\/\/jesuisuncuisinier.fr\/wp-content\/uploads\/2023\/03\/6a91dae83804c055e2325471d9d57220-3.jpe\" width=\"700\" \/><\/h2>\n<p>Une alimentation \u00e9quilibr\u00e9e est n\u00e9cessaire, car le contraire cr\u00e9e bien de dommages \u00e0 l\u2019organisme de l\u2019homme.<\/p>\n<h3>Les cons\u00e9quences d&rsquo;une alimentation d\u00e9s\u00e9quilibr\u00e9e<\/h3>\n<p>La Brigade de V\u00e9ro s&rsquo;engage en faveur d&rsquo;une alimentation saine et solidaire en proposant des conseils en nutrition et des ateliers de cuisine pour aider les personnes \u00e0 r\u00e9\u00e9quilibrer leur alimentation. La consommation d&rsquo;une alimentation d\u00e9s\u00e9quilibr\u00e9e peut avoir des cons\u00e9quences graves sur la sant\u00e9 telles que l&rsquo;ob\u00e9sit\u00e9, les maladies cardiovasculaires ou encore le diab\u00e8te. La r\u00e9duction de la consommation de produits transform\u00e9s et de viande est encourag\u00e9e, ainsi que la consommation de produits frais et de saison.<\/p>\n<script async src=\"\/\/pagead2.googlesyndication.com\/pagead\/js\/adsbygoogle.js\"><\/script><ins class=\"adsbygoogle\"style=\"display:block\"data-ad-client=\"ca-pub-7750789452383743\"data-ad-slot=\"9252856116\"data-ad-format=\"auto\"><\/ins><script>(adsbygoogle = window.adsbygoogle || []).push({});<\/script><amp-ad width=\"100vw\" height=320 type=\"adsense\" data-ad-client=\"ca-pub-7750789452383743\" data-ad-slot=\"7340373828\" data-auto-format=\"rspv\" data-full-width><div overflow><\/div><\/amp-ad><div class=\"cleaner\" style=\"margin: 10px\"><\/div>\n<h3>Les bienfaits d&rsquo;une alimentation \u00e9quilibr\u00e9e<\/h3>\n<p>En sensibilisant les personnes aux enjeux du r\u00e9\u00e9quilibrage alimentaire et en leur proposant des solutions concr\u00e8tes pour am\u00e9liorer leur alimentation, <a href=\"https:\/\/blog.labrigadedevero.com\/programme-dietetique-10-semaines\/\">la Brigade de V\u00e9ro<\/a> contribue \u00e0 promouvoir une alimentation \u00e9quilibr\u00e9e et \u00e0 r\u00e9duire les risques de maladies li\u00e9es \u00e0 une alimentation d\u00e9s\u00e9quilibr\u00e9e. L&rsquo;association souligne \u00e9galement l&rsquo;importance de la solidarit\u00e9 dans la lutte contre les in\u00e9galit\u00e9s d&rsquo;acc\u00e8s \u00e0 une alimentation saine, en proposant notamment des ateliers de cuisine \u00e0 prix r\u00e9duit pour les personnes en situation de pr\u00e9carit\u00e9.<\/p>\n<h2>Les conseils de la Brigade de V\u00e9ro pour r\u00e9\u00e9quilibrer son alimentation<br \/>\n<img decoding=\"async\" class=\"aligncenter\" src=\"https:\/\/jesuisuncuisinier.fr\/wp-content\/uploads\/2023\/03\/1c92828984eb29feee41c3d578146693-3.jpe\" width=\"700\" \/><\/h2>\n<p>Pour r\u00e9ussir son <a href=\"https:\/\/lesrecettesdemelanie.com\/reequilibrage-alimentaire-avec-la-brigade-de-vero\/\">r\u00e9\u00e9quilibrage alimentaire<\/a> avec la Brigade de V\u00e9ro, il est important de suivre quelques principes cl\u00e9s. Tout d&rsquo;abord, il est recommand\u00e9 de privil\u00e9gier une alimentation vari\u00e9e, comprenant des aliments de tous les groupes alimentaires, tels que les fruits et l\u00e9gumes, les c\u00e9r\u00e9ales compl\u00e8tes, les l\u00e9gumineuses, les produits laitiers, les viandes, poissons et \u0153ufs.<\/p>\n<p>Ensuite, il est conseill\u00e9 de limiter la consommation de produits transform\u00e9s, de viande rouge et de charcuterie. Les ateliers de cuisine propos\u00e9s par la Brigade de V\u00e9ro permettent de d\u00e9couvrir de nouvelles recettes saines et \u00e9quilibr\u00e9es, et de se familiariser avec des aliments peu connus. Il est \u00e9galement recommand\u00e9 de privil\u00e9gier les produits frais et de saison, en favorisant les circuits courts et l&rsquo;agriculture biologique.<\/p>\n<p>Aussi, il est important de pratiquer une activit\u00e9 physique r\u00e9guli\u00e8re pour maintenir un poids sant\u00e9 et favoriser le bien-\u00eatre physique et mental.<\/p>\n<script async src=\"\/\/pagead2.googlesyndication.com\/pagead\/js\/adsbygoogle.js\"><\/script><ins class=\"adsbygoogle\"style=\"display:block\"data-ad-client=\"ca-pub-7750789452383743\"data-ad-slot=\"9252856116\"data-ad-format=\"auto\"><\/ins><script>(adsbygoogle = window.adsbygoogle || []).push({});<\/script><amp-ad width=\"100vw\" height=320 type=\"adsense\" data-ad-client=\"ca-pub-7750789452383743\" data-ad-slot=\"7340373828\" data-auto-format=\"rspv\" data-full-width><div overflow><\/div><\/amp-ad><div class=\"cleaner\" style=\"margin: 10px\"><\/div>\n<h2>Les avantages des ateliers de cuisine pour r\u00e9\u00e9quilibrer son alimentation<\/h2>\n<p>Les ateliers de cuisine sont une excellente fa\u00e7on de r\u00e9\u00e9quilibrer son alimentation. En effet, ils permettent de d\u00e9couvrir de nouvelles recettes saines et \u00e9quilibr\u00e9es, de mieux comprendre les apports nutritionnels des aliments, ainsi que les diff\u00e9rentes mani\u00e8res de les cuisiner.<\/p>\n<p>Les ateliers de cuisine peuvent \u00eatre anim\u00e9s par des professionnels de la nutrition, des chefs cuisiniers ou m\u00eame des membres de la communaut\u00e9 passionn\u00e9s par la cuisine. Ils sont souvent organis\u00e9s en groupe, ce qui permet de partager des astuces et des conseils, ainsi que de se motiver mutuellement \u00e0 adopter de bonnes habitudes alimentaires.<\/p>\n<p>En fin du compte, les ateliers de cuisine sont souvent des moments de convivialit\u00e9 et de partage qui favorisent les \u00e9changes et les rencontres.<\/p>\n","protected":false},"excerpt":{"rendered":"<p>La Brigade de V\u00e9ro est une association qui s&rsquo;engage en faveur d&rsquo;une alimentation saine et solidaire. Elle offre des conseils en nutrition et des ateliers de cuisine pour aider les personnes \u00e0 r\u00e9\u00e9quilibrer leur alimentation. [&hellip;]<\/p>\n","protected":false},"author":1,"featured_media":15381,"comment_status":"open","ping_status":"open","sticky":false,"template":"","format":"standard","meta":{"_yoast_wpseo_focuskw":"","_yoast_wpseo_metadesc":"La Brigade de V\u00e9ro s'engage pour une alimentation saine et solidaire. Ce collectif accompagne les personnes dans leur r\u00e9\u00e9quilibrage alimentaire.","footnotes":""},"categories":[1455,1457],"tags":[],"class_list":["post-15358","post","type-post","status-publish","format-standard","has-post-thumbnail","hentry","category-un-peu-de-tout","category-conseils"],"yoast_head":"<!-- This site is optimized with the Yoast SEO plugin v27.5 - https:\/\/yoast.com\/product\/yoast-seo-wordpress\/ -->\n<title>R\u00e9\u00e9quilibrage alimentaire avec la Brigade de V\u00e9ro : comment \u00e7a se passe ?<\/title>\n<meta name=\"description\" content=\"La Brigade de V\u00e9ro s&#039;engage pour une alimentation saine et solidaire. Ce collectif accompagne les personnes dans leur r\u00e9\u00e9quilibrage alimentaire.\" \/>\n<meta name=\"robots\" content=\"index, follow, max-snippet:-1, max-image-preview:large, max-video-preview:-1\" \/>\n<link rel=\"canonical\" href=\"https:\/\/jesuisuncuisinier.fr\/fr\/rquilibrage-alimentaire-avec-la-brigade-de-vro\/\" \/>\n<meta property=\"og:locale\" content=\"fr_FR\" \/>\n<meta property=\"og:type\" content=\"article\" \/>\n<meta property=\"og:title\" content=\"R\u00e9\u00e9quilibrage alimentaire avec la Brigade de V\u00e9ro : comment \u00e7a se passe ?\" \/>\n<meta property=\"og:description\" content=\"La Brigade de V\u00e9ro s&#039;engage pour une alimentation saine et solidaire. Ce collectif accompagne les personnes dans leur r\u00e9\u00e9quilibrage alimentaire.\" \/>\n<meta property=\"og:url\" content=\"https:\/\/jesuisuncuisinier.fr\/fr\/rquilibrage-alimentaire-avec-la-brigade-de-vro\/\" \/>\n<meta property=\"og:site_name\" content=\"Je suis un cuisinier - Recettes faciles\" \/>\n<meta property=\"article:published_time\" content=\"2023-03-03T07:38:08+00:00\" \/>\n<meta property=\"article:modified_time\" content=\"2023-03-03T07:42:05+00:00\" \/>\n<meta property=\"og:image\" content=\"https:\/\/jesuisuncuisinier.fr\/wp-content\/uploads\/2023\/03\/c894a3e0da626df15d9c68e6ddcabc0f-3.jpe\" \/>\n\t<meta property=\"og:image:width\" content=\"848\" \/>\n\t<meta property=\"og:image:height\" content=\"565\" \/>\n\t<meta property=\"og:image:type\" content=\"image\/jpeg\" \/>\n<meta name=\"author\" content=\"Dami\u00e1n\" \/>\n<meta name=\"twitter:card\" content=\"summary_large_image\" \/>\n<meta name=\"twitter:creator\" content=\"@unptitcuisinier\" \/>\n<meta name=\"twitter:site\" content=\"@unptitcuisinier\" \/>\n<meta name=\"twitter:label1\" content=\"\u00c9crit par\" \/>\n\t<meta name=\"twitter:data1\" content=\"Dami\u00e1n\" \/>\n\t<meta name=\"twitter:label2\" content=\"Dur\u00e9e de lecture estim\u00e9e\" \/>\n\t<meta name=\"twitter:data2\" content=\"4 minutes\" \/>\n<script type=\"application\/ld+json\" class=\"yoast-schema-graph\">{\"@context\":\"https:\\\/\\\/schema.org\",\"@graph\":[{\"@type\":\"Article\",\"@id\":\"https:\\\/\\\/jesuisuncuisinier.fr\\\/fr\\\/rquilibrage-alimentaire-avec-la-brigade-de-vro\\\/#article\",\"isPartOf\":{\"@id\":\"https:\\\/\\\/jesuisuncuisinier.fr\\\/fr\\\/rquilibrage-alimentaire-avec-la-brigade-de-vro\\\/\"},\"author\":{\"name\":\"Dami\u00e1n\",\"@id\":\"https:\\\/\\\/jesuisuncuisinier.fr\\\/fr\\\/#\\\/schema\\\/person\\\/c2da7696f2784cce34698e48f989cb2a\"},\"headline\":\"R&eacute;&eacute;quilibrage alimentaire avec la Brigade de V&eacute;ro\",\"datePublished\":\"2023-03-03T07:38:08+00:00\",\"dateModified\":\"2023-03-03T07:42:05+00:00\",\"mainEntityOfPage\":{\"@id\":\"https:\\\/\\\/jesuisuncuisinier.fr\\\/fr\\\/rquilibrage-alimentaire-avec-la-brigade-de-vro\\\/\"},\"wordCount\":607,\"commentCount\":0,\"publisher\":{\"@id\":\"https:\\\/\\\/jesuisuncuisinier.fr\\\/fr\\\/#\\\/schema\\\/person\\\/04d97b7b1ae2f60e14cd96fc10a341aa\"},\"image\":{\"@id\":\"https:\\\/\\\/jesuisuncuisinier.fr\\\/fr\\\/rquilibrage-alimentaire-avec-la-brigade-de-vro\\\/#primaryimage\"},\"thumbnailUrl\":\"https:\\\/\\\/jesuisuncuisinier.fr\\\/wp-content\\\/uploads\\\/2023\\\/03\\\/c894a3e0da626df15d9c68e6ddcabc0f-3.jpe\",\"articleSection\":[\"Un peu de tout\",\"Conseils\"],\"inLanguage\":\"fr-FR\",\"potentialAction\":[{\"@type\":\"CommentAction\",\"name\":\"Comment\",\"target\":[\"https:\\\/\\\/jesuisuncuisinier.fr\\\/fr\\\/rquilibrage-alimentaire-avec-la-brigade-de-vro\\\/#respond\"]}]},{\"@type\":\"WebPage\",\"@id\":\"https:\\\/\\\/jesuisuncuisinier.fr\\\/fr\\\/rquilibrage-alimentaire-avec-la-brigade-de-vro\\\/\",\"url\":\"https:\\\/\\\/jesuisuncuisinier.fr\\\/fr\\\/rquilibrage-alimentaire-avec-la-brigade-de-vro\\\/\",\"name\":\"R\u00e9\u00e9quilibrage alimentaire avec la Brigade de V\u00e9ro : comment \u00e7a se passe ?\",\"isPartOf\":{\"@id\":\"https:\\\/\\\/jesuisuncuisinier.fr\\\/fr\\\/#website\"},\"primaryImageOfPage\":{\"@id\":\"https:\\\/\\\/jesuisuncuisinier.fr\\\/fr\\\/rquilibrage-alimentaire-avec-la-brigade-de-vro\\\/#primaryimage\"},\"image\":{\"@id\":\"https:\\\/\\\/jesuisuncuisinier.fr\\\/fr\\\/rquilibrage-alimentaire-avec-la-brigade-de-vro\\\/#primaryimage\"},\"thumbnailUrl\":\"https:\\\/\\\/jesuisuncuisinier.fr\\\/wp-content\\\/uploads\\\/2023\\\/03\\\/c894a3e0da626df15d9c68e6ddcabc0f-3.jpe\",\"datePublished\":\"2023-03-03T07:38:08+00:00\",\"dateModified\":\"2023-03-03T07:42:05+00:00\",\"description\":\"La Brigade de V\u00e9ro s'engage pour une alimentation saine et solidaire. Ce collectif accompagne les personnes dans leur r\u00e9\u00e9quilibrage alimentaire.\",\"breadcrumb\":{\"@id\":\"https:\\\/\\\/jesuisuncuisinier.fr\\\/fr\\\/rquilibrage-alimentaire-avec-la-brigade-de-vro\\\/#breadcrumb\"},\"inLanguage\":\"fr-FR\",\"potentialAction\":[{\"@type\":\"ReadAction\",\"target\":[\"https:\\\/\\\/jesuisuncuisinier.fr\\\/fr\\\/rquilibrage-alimentaire-avec-la-brigade-de-vro\\\/\"]}]},{\"@type\":\"ImageObject\",\"inLanguage\":\"fr-FR\",\"@id\":\"https:\\\/\\\/jesuisuncuisinier.fr\\\/fr\\\/rquilibrage-alimentaire-avec-la-brigade-de-vro\\\/#primaryimage\",\"url\":\"https:\\\/\\\/jesuisuncuisinier.fr\\\/wp-content\\\/uploads\\\/2023\\\/03\\\/c894a3e0da626df15d9c68e6ddcabc0f-3.jpe\",\"contentUrl\":\"https:\\\/\\\/jesuisuncuisinier.fr\\\/wp-content\\\/uploads\\\/2023\\\/03\\\/c894a3e0da626df15d9c68e6ddcabc0f-3.jpe\",\"width\":848,\"height\":565},{\"@type\":\"BreadcrumbList\",\"@id\":\"https:\\\/\\\/jesuisuncuisinier.fr\\\/fr\\\/rquilibrage-alimentaire-avec-la-brigade-de-vro\\\/#breadcrumb\",\"itemListElement\":[{\"@type\":\"ListItem\",\"position\":1,\"name\":\"Portada\",\"item\":\"https:\\\/\\\/jesuisuncuisinier.fr\\\/fr\\\/\"},{\"@type\":\"ListItem\",\"position\":2,\"name\":\"R&eacute;&eacute;quilibrage alimentaire avec la Brigade de V&eacute;ro\"}]},{\"@type\":\"WebSite\",\"@id\":\"https:\\\/\\\/jesuisuncuisinier.fr\\\/fr\\\/#website\",\"url\":\"https:\\\/\\\/jesuisuncuisinier.fr\\\/fr\\\/\",\"name\":\"Je suis un cuisinier - Recettes faciles\",\"description\":\"Recettes de cuisine faciles pour tous les jours. Cuisine fran\u00e7aise, espagnole et d&#039;ailleurs.\",\"publisher\":{\"@id\":\"https:\\\/\\\/jesuisuncuisinier.fr\\\/fr\\\/#\\\/schema\\\/person\\\/04d97b7b1ae2f60e14cd96fc10a341aa\"},\"potentialAction\":[{\"@type\":\"SearchAction\",\"target\":{\"@type\":\"EntryPoint\",\"urlTemplate\":\"https:\\\/\\\/jesuisuncuisinier.fr\\\/fr\\\/?s={search_term_string}\"},\"query-input\":{\"@type\":\"PropertyValueSpecification\",\"valueRequired\":true,\"valueName\":\"search_term_string\"}}],\"inLanguage\":\"fr-FR\"},{\"@type\":[\"Person\",\"Organization\"],\"@id\":\"https:\\\/\\\/jesuisuncuisinier.fr\\\/fr\\\/#\\\/schema\\\/person\\\/04d97b7b1ae2f60e14cd96fc10a341aa\",\"name\":\"Dami\u00e1n Serrano\",\"image\":{\"@type\":\"ImageObject\",\"inLanguage\":\"fr-FR\",\"@id\":\"https:\\\/\\\/jesuisuncuisinier.fr\\\/wp-content\\\/uploads\\\/2019\\\/11\\\/avatar.jpg\",\"url\":\"https:\\\/\\\/jesuisuncuisinier.fr\\\/wp-content\\\/uploads\\\/2019\\\/11\\\/avatar.jpg\",\"contentUrl\":\"https:\\\/\\\/jesuisuncuisinier.fr\\\/wp-content\\\/uploads\\\/2019\\\/11\\\/avatar.jpg\",\"width\":200,\"height\":200,\"caption\":\"Dami\u00e1n Serrano\"},\"logo\":{\"@id\":\"https:\\\/\\\/jesuisuncuisinier.fr\\\/wp-content\\\/uploads\\\/2019\\\/11\\\/avatar.jpg\"}},{\"@type\":\"Person\",\"@id\":\"https:\\\/\\\/jesuisuncuisinier.fr\\\/fr\\\/#\\\/schema\\\/person\\\/c2da7696f2784cce34698e48f989cb2a\",\"name\":\"Dami\u00e1n\",\"sameAs\":[\"http:\\\/\\\/jesuisuncuisinier.fr\",\"https:\\\/\\\/x.com\\\/unptitcuisinier\"]}]}<\/script>\n<!-- \/ Yoast SEO plugin. -->","yoast_head_json":{"title":"R\u00e9\u00e9quilibrage alimentaire avec la Brigade de V\u00e9ro : comment \u00e7a se passe ?","description":"La Brigade de V\u00e9ro s'engage pour une alimentation saine et solidaire. Ce collectif accompagne les personnes dans leur r\u00e9\u00e9quilibrage alimentaire.","robots":{"index":"index","follow":"follow","max-snippet":"max-snippet:-1","max-image-preview":"max-image-preview:large","max-video-preview":"max-video-preview:-1"},"canonical":"https:\/\/jesuisuncuisinier.fr\/fr\/rquilibrage-alimentaire-avec-la-brigade-de-vro\/","og_locale":"fr_FR","og_type":"article","og_title":"R\u00e9\u00e9quilibrage alimentaire avec la Brigade de V\u00e9ro : comment \u00e7a se passe ?","og_description":"La Brigade de V\u00e9ro s'engage pour une alimentation saine et solidaire. Ce collectif accompagne les personnes dans leur r\u00e9\u00e9quilibrage alimentaire.","og_url":"https:\/\/jesuisuncuisinier.fr\/fr\/rquilibrage-alimentaire-avec-la-brigade-de-vro\/","og_site_name":"Je suis un cuisinier - Recettes faciles","article_published_time":"2023-03-03T07:38:08+00:00","article_modified_time":"2023-03-03T07:42:05+00:00","og_image":[{"width":848,"height":565,"url":"https:\/\/jesuisuncuisinier.fr\/wp-content\/uploads\/2023\/03\/c894a3e0da626df15d9c68e6ddcabc0f-3.jpe","type":"image\/jpeg"}],"author":"Dami\u00e1n","twitter_card":"summary_large_image","twitter_creator":"@unptitcuisinier","twitter_site":"@unptitcuisinier","twitter_misc":{"\u00c9crit par":"Dami\u00e1n","Dur\u00e9e de lecture estim\u00e9e":"4 minutes"},"schema":{"@context":"https:\/\/schema.org","@graph":[{"@type":"Article","@id":"https:\/\/jesuisuncuisinier.fr\/fr\/rquilibrage-alimentaire-avec-la-brigade-de-vro\/#article","isPartOf":{"@id":"https:\/\/jesuisuncuisinier.fr\/fr\/rquilibrage-alimentaire-avec-la-brigade-de-vro\/"},"author":{"name":"Dami\u00e1n","@id":"https:\/\/jesuisuncuisinier.fr\/fr\/#\/schema\/person\/c2da7696f2784cce34698e48f989cb2a"},"headline":"R&eacute;&eacute;quilibrage alimentaire avec la Brigade de V&eacute;ro","datePublished":"2023-03-03T07:38:08+00:00","dateModified":"2023-03-03T07:42:05+00:00","mainEntityOfPage":{"@id":"https:\/\/jesuisuncuisinier.fr\/fr\/rquilibrage-alimentaire-avec-la-brigade-de-vro\/"},"wordCount":607,"commentCount":0,"publisher":{"@id":"https:\/\/jesuisuncuisinier.fr\/fr\/#\/schema\/person\/04d97b7b1ae2f60e14cd96fc10a341aa"},"image":{"@id":"https:\/\/jesuisuncuisinier.fr\/fr\/rquilibrage-alimentaire-avec-la-brigade-de-vro\/#primaryimage"},"thumbnailUrl":"https:\/\/jesuisuncuisinier.fr\/wp-content\/uploads\/2023\/03\/c894a3e0da626df15d9c68e6ddcabc0f-3.jpe","articleSection":["Un peu de tout","Conseils"],"inLanguage":"fr-FR","potentialAction":[{"@type":"CommentAction","name":"Comment","target":["https:\/\/jesuisuncuisinier.fr\/fr\/rquilibrage-alimentaire-avec-la-brigade-de-vro\/#respond"]}]},{"@type":"WebPage","@id":"https:\/\/jesuisuncuisinier.fr\/fr\/rquilibrage-alimentaire-avec-la-brigade-de-vro\/","url":"https:\/\/jesuisuncuisinier.fr\/fr\/rquilibrage-alimentaire-avec-la-brigade-de-vro\/","name":"R\u00e9\u00e9quilibrage alimentaire avec la Brigade de V\u00e9ro : comment \u00e7a se passe ?","isPartOf":{"@id":"https:\/\/jesuisuncuisinier.fr\/fr\/#website"},"primaryImageOfPage":{"@id":"https:\/\/jesuisuncuisinier.fr\/fr\/rquilibrage-alimentaire-avec-la-brigade-de-vro\/#primaryimage"},"image":{"@id":"https:\/\/jesuisuncuisinier.fr\/fr\/rquilibrage-alimentaire-avec-la-brigade-de-vro\/#primaryimage"},"thumbnailUrl":"https:\/\/jesuisuncuisinier.fr\/wp-content\/uploads\/2023\/03\/c894a3e0da626df15d9c68e6ddcabc0f-3.jpe","datePublished":"2023-03-03T07:38:08+00:00","dateModified":"2023-03-03T07:42:05+00:00","description":"La Brigade de V\u00e9ro s'engage pour une alimentation saine et solidaire. Ce collectif accompagne les personnes dans leur r\u00e9\u00e9quilibrage alimentaire.","breadcrumb":{"@id":"https:\/\/jesuisuncuisinier.fr\/fr\/rquilibrage-alimentaire-avec-la-brigade-de-vro\/#breadcrumb"},"inLanguage":"fr-FR","potentialAction":[{"@type":"ReadAction","target":["https:\/\/jesuisuncuisinier.fr\/fr\/rquilibrage-alimentaire-avec-la-brigade-de-vro\/"]}]},{"@type":"ImageObject","inLanguage":"fr-FR","@id":"https:\/\/jesuisuncuisinier.fr\/fr\/rquilibrage-alimentaire-avec-la-brigade-de-vro\/#primaryimage","url":"https:\/\/jesuisuncuisinier.fr\/wp-content\/uploads\/2023\/03\/c894a3e0da626df15d9c68e6ddcabc0f-3.jpe","contentUrl":"https:\/\/jesuisuncuisinier.fr\/wp-content\/uploads\/2023\/03\/c894a3e0da626df15d9c68e6ddcabc0f-3.jpe","width":848,"height":565},{"@type":"BreadcrumbList","@id":"https:\/\/jesuisuncuisinier.fr\/fr\/rquilibrage-alimentaire-avec-la-brigade-de-vro\/#breadcrumb","itemListElement":[{"@type":"ListItem","position":1,"name":"Portada","item":"https:\/\/jesuisuncuisinier.fr\/fr\/"},{"@type":"ListItem","position":2,"name":"R&eacute;&eacute;quilibrage alimentaire avec la Brigade de V&eacute;ro"}]},{"@type":"WebSite","@id":"https:\/\/jesuisuncuisinier.fr\/fr\/#website","url":"https:\/\/jesuisuncuisinier.fr\/fr\/","name":"Je suis un cuisinier - Recettes faciles","description":"Recettes de cuisine faciles pour tous les jours. Cuisine fran\u00e7aise, espagnole et d&#039;ailleurs.","publisher":{"@id":"https:\/\/jesuisuncuisinier.fr\/fr\/#\/schema\/person\/04d97b7b1ae2f60e14cd96fc10a341aa"},"potentialAction":[{"@type":"SearchAction","target":{"@type":"EntryPoint","urlTemplate":"https:\/\/jesuisuncuisinier.fr\/fr\/?s={search_term_string}"},"query-input":{"@type":"PropertyValueSpecification","valueRequired":true,"valueName":"search_term_string"}}],"inLanguage":"fr-FR"},{"@type":["Person","Organization"],"@id":"https:\/\/jesuisuncuisinier.fr\/fr\/#\/schema\/person\/04d97b7b1ae2f60e14cd96fc10a341aa","name":"Dami\u00e1n Serrano","image":{"@type":"ImageObject","inLanguage":"fr-FR","@id":"https:\/\/jesuisuncuisinier.fr\/wp-content\/uploads\/2019\/11\/avatar.jpg","url":"https:\/\/jesuisuncuisinier.fr\/wp-content\/uploads\/2019\/11\/avatar.jpg","contentUrl":"https:\/\/jesuisuncuisinier.fr\/wp-content\/uploads\/2019\/11\/avatar.jpg","width":200,"height":200,"caption":"Dami\u00e1n Serrano"},"logo":{"@id":"https:\/\/jesuisuncuisinier.fr\/wp-content\/uploads\/2019\/11\/avatar.jpg"}},{"@type":"Person","@id":"https:\/\/jesuisuncuisinier.fr\/fr\/#\/schema\/person\/c2da7696f2784cce34698e48f989cb2a","name":"Dami\u00e1n","sameAs":["http:\/\/jesuisuncuisinier.fr","https:\/\/x.com\/unptitcuisinier"]}]}},"amp_enabled":true,"_links":{"self":[{"href":"https:\/\/jesuisuncuisinier.fr\/fr\/wp-json\/wp\/v2\/posts\/15358","targetHints":{"allow":["GET"]}}],"collection":[{"href":"https:\/\/jesuisuncuisinier.fr\/fr\/wp-json\/wp\/v2\/posts"}],"about":[{"href":"https:\/\/jesuisuncuisinier.fr\/fr\/wp-json\/wp\/v2\/types\/post"}],"author":[{"embeddable":true,"href":"https:\/\/jesuisuncuisinier.fr\/fr\/wp-json\/wp\/v2\/users\/1"}],"replies":[{"embeddable":true,"href":"https:\/\/jesuisuncuisinier.fr\/fr\/wp-json\/wp\/v2\/comments?post=15358"}],"version-history":[{"count":9,"href":"https:\/\/jesuisuncuisinier.fr\/fr\/wp-json\/wp\/v2\/posts\/15358\/revisions"}],"predecessor-version":[{"id":15388,"href":"https:\/\/jesuisuncuisinier.fr\/fr\/wp-json\/wp\/v2\/posts\/15358\/revisions\/15388"}],"wp:featuredmedia":[{"embeddable":true,"href":"https:\/\/jesuisuncuisinier.fr\/fr\/wp-json\/wp\/v2\/media\/15381"}],"wp:attachment":[{"href":"https:\/\/jesuisuncuisinier.fr\/fr\/wp-json\/wp\/v2\/media?parent=15358"}],"wp:term":[{"taxonomy":"category","embeddable":true,"href":"https:\/\/jesuisuncuisinier.fr\/fr\/wp-json\/wp\/v2\/categories?post=15358"},{"taxonomy":"post_tag","embeddable":true,"href":"https:\/\/jesuisuncuisinier.fr\/fr\/wp-json\/wp\/v2\/tags?post=15358"}],"curies":[{"name":"wp","href":"https:\/\/api.w.org\/{rel}","templated":true}]}}