{"id":15343,"date":"2023-03-01T14:18:39","date_gmt":"2023-03-01T13:18:39","guid":{"rendered":"https:\/\/jesuisuncuisinier.fr\/fr\/?p=15343"},"modified":"2023-03-01T14:21:16","modified_gmt":"2023-03-01T13:21:16","slug":"recette-de-cotes-de-porc-a-la-moutarde","status":"publish","type":"post","link":"https:\/\/jesuisuncuisinier.fr\/fr\/recette-de-cotes-de-porc-a-la-moutarde\/","title":{"rendered":"Recette de c\u00f4tes de porc \u00e0 la moutarde"},"content":{"rendered":"<\/p>\n<p>Bonjour\u2009! Vous avez envie d&rsquo;un plat pour se faire plaisir\u2009? C&rsquo;est ce que vous trouverez dans ces <strong>c\u00f4tes de porc \u00e0 la moutarde<\/strong>, une combinaison de saveurs que j&rsquo;adore. De plus, elle a la particularit\u00e9 de contenir deux types de moutardes : la moutarde de Dijon, au go\u00fbt assez intense, et la moutarde \u00e0 l&rsquo;ancienne, qui a un go\u00fbt un peu plus doux et aigre-doux. Les deux vont tr\u00e8s bien ensemble.<\/p>\n<p><script async src=\"\/\/pagead2.googlesyndication.com\/pagead\/js\/adsbygoogle.js\"><\/script><ins class=\"adsbygoogle\"style=\"display:block\"data-ad-client=\"ca-pub-7750789452383743\"data-ad-slot=\"9252856116\"data-ad-format=\"auto\"><\/ins><script>(adsbygoogle = window.adsbygoogle || []).push({});<\/script><amp-ad width=\"100vw\" height=320 type=\"adsense\" data-ad-client=\"ca-pub-7750789452383743\" data-ad-slot=\"7340373828\" data-auto-format=\"rspv\" data-full-width><div overflow><\/div><\/amp-ad><div class=\"cleaner\" style=\"margin: 10px\"><\/div><\/p>\n<h2>Voulez-vous savoir comment faire des c\u00f4tes de porc \u00e0 la moutarde\u2009?<\/h2>\n<p>La pr\u00e9paration des <strong>c\u00f4tes de porc \u00e0 la moutarde<\/strong> commence par la viande, puis la pr\u00e9paration d&rsquo;une sauce. Bien que vous puissiez utiliser de l&rsquo;oignon, je pr\u00e9f\u00e8re les \u00e9chalotes qui se marient parfaitement avec la sauce. Utilisez ce que vous avez sous la main, mais je vous recommande d&rsquo;essayer les \u00e9chalotes si possible.<\/p>\n<p>Le reste de la pr\u00e9paration est tr\u00e8s simple, nous ajoutons la cr\u00e8me et le bouillon, les deux moutardes et le thym, j&rsquo;adore cette herbe aromatique. On fait cuire la viande un peu plus pour qu&rsquo;elle soit cuite \u00e0 l&rsquo;int\u00e9rieur et c&rsquo;est pr\u00eat. Ensuite, vous pouvez l&rsquo;accompagner comme vous le souhaitez, mais une garniture de pommes de terre ou de riz, comme je l&rsquo;ai fait cette fois-ci, est une bonne option.<\/p>\n<p><img loading=\"lazy\" decoding=\"async\" src=\"https:\/\/jesuisuncuisinier.fr\/wp-content\/uploads\/2023\/03\/cotes-de-porc.jpg\" alt=\"C\u00f4tes de porc\" width=\"1200\" height=\"800\" class=\"aligncenter size-full wp-image-15345\" srcset=\"https:\/\/jesuisuncuisinier.fr\/wp-content\/uploads\/2023\/03\/cotes-de-porc.jpg 1200w, https:\/\/jesuisuncuisinier.fr\/wp-content\/uploads\/2023\/03\/cotes-de-porc-768x512.jpg 768w, https:\/\/jesuisuncuisinier.fr\/wp-content\/uploads\/2023\/03\/cotes-de-porc-320x213.jpg 320w, https:\/\/jesuisuncuisinier.fr\/wp-content\/uploads\/2023\/03\/cotes-de-porc-300x200.jpg 300w\" sizes=\"auto, (max-width: 1200px) 100vw, 1200px\" \/><\/p>\n<p>Sur le blog, vous trouverez d&rsquo;autres <strong>recettes avec des c\u00f4tes de porc<\/strong>. Vous ne pouvez pas manquer les <a href=\"https:\/\/jesuisuncuisinier.fr\/fr\/recette-de-cotes-de-porc-au-four-gratinees-a-laioli\/\" target=\"_blank\" rel=\"noopener\"><strong>c\u00f4tes de porc au four gratin\u00e9es \u00e0 l\u2019a\u00efoli<\/strong><\/a>. Il y a aussi un merveilleux <a href=\"https:\/\/jesuisuncuisinier.fr\/fr\/porc-aux-pommes\/\" target=\"_blank\" rel=\"noopener\"><strong>porc aux pommes<\/strong><\/a> qui est d\u00e9licieux avec sa touche de cannelle. Et pourquoi pas quelque chose d&rsquo;international\u2009? Je vous recommande ce <a href=\"https:\/\/jesuisuncuisinier.fr\/fr\/tonkatsu\/\" target=\"_blank\" rel=\"noopener\"><strong>tonkatsu ou porc pan\u00e9 \u00e0 la japonaise<\/strong><\/a>, qui est incroyablement addictif. Mais il y en a encore plus\u2009! N&rsquo;h\u00e9sitez pas \u00e0 faire un tour sur <strong>la recherche du blog<\/strong> pour d\u00e9couvrir toutes mes propositions. Vous trouverez s\u00fbrement quelque chose qui vous donne envie d\u2019essayer\u2009!<\/p>\n<p>Voici la recette :<\/p>\n<p>\n<p><ins class=\"adsbygoogle\"style=\"display:block\"data-ad-client=\"ca-pub-7750789452383743\"data-ad-slot=\"4190110340\"data-ad-format=\"auto\"data-full-width-responsive=\"true\"><\/ins><script>(adsbygoogle = window.adsbygoogle || []).push({});<\/script> <amp-ad width=\"100vw\" height=320 type=\"adsense\" data-ad-client=\"ca-pub-7750789452383743\" data-ad-slot=\"4190110340\" data-auto-format=\"rspv\" data-full-width><div overflow><\/div><\/amp-ad><div class=\"cleaner\" style=\"margin: 10px\"><\/div><div itemscope itemtype=\"http:\/\/schema.org\/Recipe\">\n<div align=\"justify\" style=\"border-style:solid; border-width: 1px;padding: 10px 10px 10px 10px;\">\n<img loading=\"lazy\" decoding=\"async\" width=\"128\" height=\"85\" src=\"https:\/\/jesuisuncuisinier.fr\/wp-content\/uploads\/2023\/03\/cotes-de-porc-a-la-moutarde.jpg\" class=\"attachment-thumbnail size-thumbnail wp-post-image\" alt=\"C\u00f4tes de porc \u00e0 la moutarde\" style=\"float:left; padding: 10px 10px 10px 10px\" srcset=\"https:\/\/jesuisuncuisinier.fr\/wp-content\/uploads\/2023\/03\/cotes-de-porc-a-la-moutarde.jpg 1200w, https:\/\/jesuisuncuisinier.fr\/wp-content\/uploads\/2023\/03\/cotes-de-porc-a-la-moutarde-768x510.jpg 768w, https:\/\/jesuisuncuisinier.fr\/wp-content\/uploads\/2023\/03\/cotes-de-porc-a-la-moutarde-320x213.jpg 320w, https:\/\/jesuisuncuisinier.fr\/wp-content\/uploads\/2023\/03\/cotes-de-porc-a-la-moutarde-300x200.jpg 300w\" sizes=\"auto, (max-width: 128px) 100vw, 128px\" \/>\n<div itemprop=\"image\" itemscope itemtype=\"https:\/\/schema.org\/ImageObject\">\t\n<meta itemprop=\"url\" content=\"https:\/\/jesuisuncuisinier.fr\/wp-content\/uploads\/2023\/03\/cotes-de-porc-a-la-moutarde.jpg\">\n<meta itemprop=\"width\" content=\"140\">\n<meta itemprop=\"height\" content=\"85\">\n<\/div>\n<a href=\"https:\/\/jesuisuncuisinier.fr\/fr\/recette-de-cotes-de-porc-a-la-moutarde\/print\/\" rel=\"nofollow\" title=\"Imprimer\"><img decoding=\"async\" src=\"https:\/\/jesuisuncuisinier.fr\/wp-content\/plugins\/wp-print\/images\/printer_famfamfam.gif\" align=\"right\" alt=\"Imprimir\"><\/a>\n<h2 itemprop=\"name\" style=\"padding: 10px 10px 0px 10px\">Recette de c\u00f4tes de porc \u00e0 la moutarde<\/h2>\n<span id=\"post-ratings-15343\" class=\"post-ratings\" data-nonce=\"cdcac5030d\"><div align=\"center\">Votez pour cette !<\/div>\r\n<div align=\"center\"><img decoding=\"async\" id=\"rating_15343_1\" src=\"https:\/\/jesuisuncuisinier.fr\/wp-content\/plugins\/wp-postratings\/images\/stars_crystal\/rating_on.gif\" alt=\"1 Star\" title=\"1 Star\" onmouseover=\"current_rating(15343, 1, '1 Star');\" onmouseout=\"ratings_off(5, 0, 0);\" onclick=\"rate_post();\" onkeypress=\"rate_post();\" style=\"cursor: pointer; border: 0px;\" \/><img decoding=\"async\" id=\"rating_15343_2\" src=\"https:\/\/jesuisuncuisinier.fr\/wp-content\/plugins\/wp-postratings\/images\/stars_crystal\/rating_on.gif\" alt=\"2 Stars\" title=\"2 Stars\" onmouseover=\"current_rating(15343, 2, '2 Stars');\" onmouseout=\"ratings_off(5, 0, 0);\" onclick=\"rate_post();\" onkeypress=\"rate_post();\" style=\"cursor: pointer; border: 0px;\" \/><img decoding=\"async\" id=\"rating_15343_3\" src=\"https:\/\/jesuisuncuisinier.fr\/wp-content\/plugins\/wp-postratings\/images\/stars_crystal\/rating_on.gif\" alt=\"3 Stars\" title=\"3 Stars\" onmouseover=\"current_rating(15343, 3, '3 Stars');\" onmouseout=\"ratings_off(5, 0, 0);\" onclick=\"rate_post();\" onkeypress=\"rate_post();\" style=\"cursor: pointer; border: 0px;\" \/><img decoding=\"async\" id=\"rating_15343_4\" src=\"https:\/\/jesuisuncuisinier.fr\/wp-content\/plugins\/wp-postratings\/images\/stars_crystal\/rating_on.gif\" alt=\"4 Stars\" title=\"4 Stars\" onmouseover=\"current_rating(15343, 4, '4 Stars');\" onmouseout=\"ratings_off(5, 0, 0);\" onclick=\"rate_post();\" onkeypress=\"rate_post();\" style=\"cursor: pointer; border: 0px;\" \/><img decoding=\"async\" id=\"rating_15343_5\" src=\"https:\/\/jesuisuncuisinier.fr\/wp-content\/plugins\/wp-postratings\/images\/stars_crystal\/rating_on.gif\" alt=\"5 Stars\" title=\"5 Stars\" onmouseover=\"current_rating(15343, 5, '5 Stars');\" onmouseout=\"ratings_off(5, 0, 0);\" onclick=\"rate_post();\" onkeypress=\"rate_post();\" style=\"cursor: pointer; border: 0px;\" \/><\/div>\r\n<div align=\"center\">Note: 5,00 \/ 5. Votes: 4<\/div><\/span><span id=\"post-ratings-15343-loading\" class=\"post-ratings-loading\"><img loading=\"lazy\" decoding=\"async\" src=\"https:\/\/jesuisuncuisinier.fr\/wp-content\/plugins\/wp-postratings\/images\/loading.gif\" width=\"16\" height=\"16\" class=\"post-ratings-image\" \/>Loading...<\/span><div><\/br><span itemprop=\"author\" itemscope itemtype=\"http:\/\/schema.org\/Person\">   <span itemprop=\"name\" content=\"Damian Serrano\"><\/span> <\/span>\n<b>Personnes:<\/b> <span itemprop=\"recipeYield\">2<\/span>   <b>Temps:<\/b> <time itemprop=\"totalTime\" datetime=PT30M>30 m<\/time>   <b>Difficult\u00e9:<\/b> Facile<\/div><div class=\"cleaner\" style=\"margin: 10px\"><\/div><time itemprop=\"dateModified\" datetime=\"2023-03-01\"><\/time> \n<span itemprop=\"description\" content=\"Comment faire des c\u00f4tes de porc \u00e0 la moutarde. Recette facile. Apprenez \u00e0 pr\u00e9parer ce d\u00e9licieux plat avec des c\u00f4telettes et une sauce addictive.\" ><\/span>\n<span itemprop=\"recipeCuisine\" content=\"Unknown\" ><\/span>\n<span itemprop=\"recipeCategory\" content=\"Unknown\" ><\/span>\n<span itemprop=\"keywords\" content=\"Unknown\" ><\/span>\n<div class=\"note-wrapper\"><div class=\"note-top\"><\/div><div class=\"note-content\"><h3 style=\"padding-left: 10px; margin-bottom: 10px;\">Ingr\u00e9dients<\/h3>\n<ul>\n<li itemprop=\"recipeIngredient\">2 c\u00f4telettes de porc de 150-200 g chacune<\/li>\n<li itemprop=\"recipeIngredient\">2 ou 3 \u00e9chalotes hach\u00e9es (ou 1 oignon)<\/li>\n<li itemprop=\"recipeIngredient\">2 gousses d&rsquo;ail hach\u00e9es<\/li>\n<li itemprop=\"recipeIngredient\">1 trait de vin blanc<\/li>\n<li itemprop=\"recipeIngredient\">100 ml de cr\u00e8me liquide<\/li>\n<li itemprop=\"recipeIngredient\">150 ml de bouillon de viande ou de poulet (facultatif)<\/li>\n<li itemprop=\"recipeIngredient\">1 cuill\u00e8re \u00e0 soupe de moutarde de Dijon<\/li>\n<li itemprop=\"recipeIngredient\">1 cuill\u00e8re \u00e0 soupe de moutarde \u00e0 l&rsquo;ancienne<\/li>\n<li itemprop=\"recipeIngredient\">Quelques branches de thym frais<\/li>\n<li itemprop=\"recipeIngredient\">\u00bd cuill\u00e8re \u00e0 caf\u00e9 de Ma\u00efzena<\/li>\n<li itemprop=\"recipeIngredient\">1 cuill\u00e8re \u00e0 soupe d&rsquo;eau<\/li>\n<li itemprop=\"recipeIngredient\">10 g de beurre ou 2 cuill\u00e8res \u00e0 soupe d&rsquo;huile d&rsquo;olive<\/li>\n<li itemprop=\"recipeIngredient\">Sel et poivre<\/li>\n<\/ul><b>Pour accompagner :<\/b><ul>\n<li itemprop=\"recipeIngredient\">Riz blanc<\/li>\n<\/ul>\n<br \/><\/div><div class=\"note-bottom\"><\/div>\n<\/div> <!-- \/ #ingredients -->\n<div align=\"justify\" class=\"directions-wrapper\"><h3>\u00c9laboration<\/h3><div class=\"directions-content instructions\" >\n<\/p>\n<ol>\n<li itemprop=\"recipeInstructions\">Saler et poivrer les c\u00f4tes des deux c\u00f4t\u00e9s. Dans une po\u00eale, faire chauffer le beurre ou l&rsquo;huile. Quand elle est bien chaude, mais sans fumer, dorer les c\u00f4telettes d&rsquo;abord d&rsquo;un c\u00f4t\u00e9, puis de l&rsquo;autre. Retirer et r\u00e9server.<\/li>\n<li itemprop=\"recipeInstructions\">Dans la m\u00eame po\u00eale et sans la nettoyer, ajouter les \u00e9chalotes et faire revenir pendant 5 minutes \u00e0 feu moyen. Ajouter l&rsquo;ail, m\u00e9langer et faire revenir encore 1 minute.<\/li>\n<li itemprop=\"recipeInstructions\">D\u00e9glacer avec le vin blanc, bien gratter le fond et laisser l&rsquo;alcool s&rsquo;\u00e9vaporer. Incorporer la cr\u00e8me, le bouillon, les deux moutardes et le thym. Bien m\u00e9langer.<\/li>\n<li itemprop=\"recipeInstructions\">D\u00e9layer la Ma\u00efzena dans 1 cuill\u00e8re \u00e0 soupe d&rsquo;eau et ajouter \u00e0 la sauce pour qu&rsquo;elle \u00e9paississe.<\/li>\n<li itemprop=\"recipeInstructions\">Incorporer les c\u00f4telettes, couvrir et cuire pendant 5 minutes. Les retourner, couvrir et cuire encore 5 minutes.<\/li>\n<li itemprop=\"recipeInstructions\">Et voil\u00e0, le plat est pr\u00eat\u2009! Servir avec du riz blanc. Bon app\u00e9tit\u2009!<\/li>\n<\/ol>\n<p><\/div><div class=\"cleaner\" style=\"padding-bottom: 10px;\">&nbsp;<\/div><\/div> <!-- \/# directions -->\n<script async src=\"https:\/\/pagead2.googlesyndication.com\/pagead\/js\/adsbygoogle.js\"><\/script><ins class=\"adsbygoogle\"style=\"display:block\"data-ad-client=\"ca-pub-7750789452383743\"data-ad-slot=\"3064891712\"data-ad-format=\"auto\"><\/ins><script async>(adsbygoogle = window.adsbygoogle || []).push({});<\/script> <amp-ad width=\"100vw\" height=320 type=\"adsense\" data-ad-client=\"ca-pub-7750789452383743\" data-ad-slot=\"1189241592\" data-auto-format=\"rspv\" data-full-width><div overflow><\/div><\/amp-ad><div align=\"justify\" class=\"hints-wrapper\" ><h3>Conseils et astuces<\/h3><div class=\"hints-content hints\"><\/p>\n<ul>\n<li>Ces <strong>c\u00f4tes de porc \u00e0 la moutarde<\/strong> peuvent \u00e9galement \u00eatre accompagn\u00e9es d&rsquo;une bonne garniture de pommes de terre.<\/li>\n<li>On p eut la faire aussi avec un seul type de moutarde.<\/li>\n<\/ul>\n<p><\/div><\/div> <!-- \/# hints --><\/div><div class=\"cleaner\" style=\"padding-bottom: 10px;\">&nbsp;<\/div><\/div><!-- \/ #recipe --> \n<\/p>\n<p><img loading=\"lazy\" decoding=\"async\" src=\"https:\/\/jesuisuncuisinier.fr\/wp-content\/uploads\/2023\/03\/recette-cotes-de-porc-a-la-moutarde.jpg\" alt=\"Recette de cotes de porc \u00e0 la moutarde\" width=\"1200\" height=\"797\" class=\"aligncenter size-full wp-image-15344\" srcset=\"https:\/\/jesuisuncuisinier.fr\/wp-content\/uploads\/2023\/03\/recette-cotes-de-porc-a-la-moutarde.jpg 1200w, https:\/\/jesuisuncuisinier.fr\/wp-content\/uploads\/2023\/03\/recette-cotes-de-porc-a-la-moutarde-768x510.jpg 768w, https:\/\/jesuisuncuisinier.fr\/wp-content\/uploads\/2023\/03\/recette-cotes-de-porc-a-la-moutarde-320x213.jpg 320w, https:\/\/jesuisuncuisinier.fr\/wp-content\/uploads\/2023\/03\/recette-cotes-de-porc-a-la-moutarde-300x200.jpg 300w\" sizes=\"auto, (max-width: 1200px) 100vw, 1200px\" \/><\/p>\n<h3>Maintenant, vous savez comment faire des c\u00f4telettes de porc \u00e0 la moutarde.<\/h3>\n<p>Avez-vous aim\u00e9 la recette\u2009? J&rsquo;esp\u00e8re que vous vous d\u00e9ciderez \u00e0 la pr\u00e9parer\u2009! Vous verrez \u00e0 quel point la viande de porc se marie bien avec la sauce moutarde que je vous propose. Un vrai d\u00e9lice\u2009!<\/p>\n<p>Ci-dessous se trouve la section des commentaires o\u00f9 vous pouvez <a href=\"#comments\"><strong>me laisser un message<\/strong><\/a> et me dire ce que vous voulez : votre avis sur le plat, s&rsquo;il vous a plu ou si vous voulez me donner des conseils pour l&rsquo;am\u00e9liorer. Toute critique constructive est la bienvenue\u2009!<\/p>\n<p>Enfin, si vous \u00eates fan des plats en sauce \u00e0 la moutarde, je vous encourage \u00e0 soutenir le blog tout simplement avec un \u00ab j&rsquo;aime \u00bb et en partageant sur vos r\u00e9seaux sociaux ces d\u00e9licieuses <strong>c\u00f4tes de porc \u00e0 la moutarde<\/strong>. Merci beaucoup\u2009!<\/p>\n<p>\u00c0 bient\u00f4t\u2009!<\/p>\n<p><\/p>\n","protected":false},"excerpt":{"rendered":"<p>Comment faire des c\u00f4tes de porc \u00e0 la moutarde. Recette facile. Apprenez \u00e0 pr\u00e9parer ce d\u00e9licieux plat avec des c\u00f4telettes et une sauce addictive.<\/p>\n","protected":false},"author":1,"featured_media":15346,"comment_status":"open","ping_status":"open","sticky":false,"template":"","format":"standard","meta":{"_yoast_wpseo_focuskw":"c\u00f4tes de porc \u00e0 la moutarde","_yoast_wpseo_metadesc":"Comment faire des c\u00f4tes de porc \u00e0 la moutarde. Recette facile. Apprenez \u00e0 pr\u00e9parer ce d\u00e9licieux plat avec des c\u00f4telettes et une sauce addictive.","footnotes":""},"categories":[20,842],"tags":[90,875,1507,1508],"class_list":["post-15343","post","type-post","status-publish","format-standard","has-post-thumbnail","hentry","category-recette","category-viande-et-volaille","tag-porc","tag-moutarde","tag-cotes","tag-cotes-de-porc"],"yoast_head":"<!-- This site is optimized with the Yoast SEO plugin v27.5 - https:\/\/yoast.com\/product\/yoast-seo-wordpress\/ -->\n<title>Recette de c\u00f4tes de porc \u00e0 la moutarde<\/title>\n<meta name=\"description\" content=\"Comment faire des c\u00f4tes de porc \u00e0 la moutarde. Recette facile. Apprenez \u00e0 pr\u00e9parer ce d\u00e9licieux plat avec des c\u00f4telettes et une sauce addictive.\" \/>\n<meta name=\"robots\" content=\"index, follow, max-snippet:-1, max-image-preview:large, max-video-preview:-1\" \/>\n<link rel=\"canonical\" href=\"https:\/\/jesuisuncuisinier.fr\/fr\/recette-de-cotes-de-porc-a-la-moutarde\/\" \/>\n<meta property=\"og:locale\" content=\"fr_FR\" \/>\n<meta property=\"og:type\" content=\"article\" \/>\n<meta property=\"og:title\" content=\"Recette de c\u00f4tes de porc \u00e0 la moutarde\" \/>\n<meta property=\"og:description\" content=\"Comment faire des c\u00f4tes de porc \u00e0 la moutarde. Recette facile. Apprenez \u00e0 pr\u00e9parer ce d\u00e9licieux plat avec des c\u00f4telettes et une sauce addictive.\" \/>\n<meta property=\"og:url\" content=\"https:\/\/jesuisuncuisinier.fr\/fr\/recette-de-cotes-de-porc-a-la-moutarde\/\" \/>\n<meta property=\"og:site_name\" content=\"Je suis un cuisinier - Recettes faciles\" \/>\n<meta property=\"article:published_time\" content=\"2023-03-01T13:18:39+00:00\" \/>\n<meta property=\"article:modified_time\" content=\"2023-03-01T13:21:16+00:00\" \/>\n<meta property=\"og:image\" content=\"https:\/\/jesuisuncuisinier.fr\/wp-content\/uploads\/2023\/03\/cotes-de-porc-a-la-moutarde.jpg\" \/>\n\t<meta property=\"og:image:width\" content=\"1200\" \/>\n\t<meta property=\"og:image:height\" content=\"797\" \/>\n\t<meta property=\"og:image:type\" content=\"image\/jpeg\" \/>\n<meta name=\"author\" content=\"Dami\u00e1n\" \/>\n<meta name=\"twitter:card\" content=\"summary_large_image\" \/>\n<meta name=\"twitter:creator\" content=\"@unptitcuisinier\" \/>\n<meta name=\"twitter:site\" content=\"@unptitcuisinier\" \/>\n<meta name=\"twitter:label1\" content=\"\u00c9crit par\" \/>\n\t<meta name=\"twitter:data1\" content=\"Dami\u00e1n\" \/>\n\t<meta name=\"twitter:label2\" content=\"Dur\u00e9e de lecture estim\u00e9e\" \/>\n\t<meta name=\"twitter:data2\" content=\"5 minutes\" \/>\n<script type=\"application\/ld+json\" class=\"yoast-schema-graph\">{\"@context\":\"https:\\\/\\\/schema.org\",\"@graph\":[{\"@type\":\"Article\",\"@id\":\"https:\\\/\\\/jesuisuncuisinier.fr\\\/fr\\\/recette-de-cotes-de-porc-a-la-moutarde\\\/#article\",\"isPartOf\":{\"@id\":\"https:\\\/\\\/jesuisuncuisinier.fr\\\/fr\\\/recette-de-cotes-de-porc-a-la-moutarde\\\/\"},\"author\":{\"name\":\"Dami\u00e1n\",\"@id\":\"https:\\\/\\\/jesuisuncuisinier.fr\\\/fr\\\/#\\\/schema\\\/person\\\/c2da7696f2784cce34698e48f989cb2a\"},\"headline\":\"Recette de c\u00f4tes de porc \u00e0 la moutarde\",\"datePublished\":\"2023-03-01T13:18:39+00:00\",\"dateModified\":\"2023-03-01T13:21:16+00:00\",\"mainEntityOfPage\":{\"@id\":\"https:\\\/\\\/jesuisuncuisinier.fr\\\/fr\\\/recette-de-cotes-de-porc-a-la-moutarde\\\/\"},\"wordCount\":783,\"commentCount\":0,\"publisher\":{\"@id\":\"https:\\\/\\\/jesuisuncuisinier.fr\\\/fr\\\/#\\\/schema\\\/person\\\/04d97b7b1ae2f60e14cd96fc10a341aa\"},\"image\":{\"@id\":\"https:\\\/\\\/jesuisuncuisinier.fr\\\/fr\\\/recette-de-cotes-de-porc-a-la-moutarde\\\/#primaryimage\"},\"thumbnailUrl\":\"https:\\\/\\\/jesuisuncuisinier.fr\\\/wp-content\\\/uploads\\\/2023\\\/03\\\/cotes-de-porc-a-la-moutarde.jpg\",\"keywords\":[\"porc\",\"moutarde\",\"c\u00f4tes\",\"c\u00f4tes de porc\"],\"articleSection\":[\"recette\",\"Viande et Volaille\"],\"inLanguage\":\"fr-FR\",\"potentialAction\":[{\"@type\":\"CommentAction\",\"name\":\"Comment\",\"target\":[\"https:\\\/\\\/jesuisuncuisinier.fr\\\/fr\\\/recette-de-cotes-de-porc-a-la-moutarde\\\/#respond\"]}]},{\"@type\":\"WebPage\",\"@id\":\"https:\\\/\\\/jesuisuncuisinier.fr\\\/fr\\\/recette-de-cotes-de-porc-a-la-moutarde\\\/\",\"url\":\"https:\\\/\\\/jesuisuncuisinier.fr\\\/fr\\\/recette-de-cotes-de-porc-a-la-moutarde\\\/\",\"name\":\"Recette de c\u00f4tes de porc \u00e0 la moutarde\",\"isPartOf\":{\"@id\":\"https:\\\/\\\/jesuisuncuisinier.fr\\\/fr\\\/#website\"},\"primaryImageOfPage\":{\"@id\":\"https:\\\/\\\/jesuisuncuisinier.fr\\\/fr\\\/recette-de-cotes-de-porc-a-la-moutarde\\\/#primaryimage\"},\"image\":{\"@id\":\"https:\\\/\\\/jesuisuncuisinier.fr\\\/fr\\\/recette-de-cotes-de-porc-a-la-moutarde\\\/#primaryimage\"},\"thumbnailUrl\":\"https:\\\/\\\/jesuisuncuisinier.fr\\\/wp-content\\\/uploads\\\/2023\\\/03\\\/cotes-de-porc-a-la-moutarde.jpg\",\"datePublished\":\"2023-03-01T13:18:39+00:00\",\"dateModified\":\"2023-03-01T13:21:16+00:00\",\"description\":\"Comment faire des c\u00f4tes de porc \u00e0 la moutarde. Recette facile. Apprenez \u00e0 pr\u00e9parer ce d\u00e9licieux plat avec des c\u00f4telettes et une sauce addictive.\",\"breadcrumb\":{\"@id\":\"https:\\\/\\\/jesuisuncuisinier.fr\\\/fr\\\/recette-de-cotes-de-porc-a-la-moutarde\\\/#breadcrumb\"},\"inLanguage\":\"fr-FR\",\"potentialAction\":[{\"@type\":\"ReadAction\",\"target\":[\"https:\\\/\\\/jesuisuncuisinier.fr\\\/fr\\\/recette-de-cotes-de-porc-a-la-moutarde\\\/\"]}]},{\"@type\":\"ImageObject\",\"inLanguage\":\"fr-FR\",\"@id\":\"https:\\\/\\\/jesuisuncuisinier.fr\\\/fr\\\/recette-de-cotes-de-porc-a-la-moutarde\\\/#primaryimage\",\"url\":\"https:\\\/\\\/jesuisuncuisinier.fr\\\/wp-content\\\/uploads\\\/2023\\\/03\\\/cotes-de-porc-a-la-moutarde.jpg\",\"contentUrl\":\"https:\\\/\\\/jesuisuncuisinier.fr\\\/wp-content\\\/uploads\\\/2023\\\/03\\\/cotes-de-porc-a-la-moutarde.jpg\",\"width\":1200,\"height\":797,\"caption\":\"C\u00f4tes de porc \u00e0 la moutarde\"},{\"@type\":\"BreadcrumbList\",\"@id\":\"https:\\\/\\\/jesuisuncuisinier.fr\\\/fr\\\/recette-de-cotes-de-porc-a-la-moutarde\\\/#breadcrumb\",\"itemListElement\":[{\"@type\":\"ListItem\",\"position\":1,\"name\":\"Portada\",\"item\":\"https:\\\/\\\/jesuisuncuisinier.fr\\\/fr\\\/\"},{\"@type\":\"ListItem\",\"position\":2,\"name\":\"Recette de c\u00f4tes de porc \u00e0 la moutarde\"}]},{\"@type\":\"WebSite\",\"@id\":\"https:\\\/\\\/jesuisuncuisinier.fr\\\/fr\\\/#website\",\"url\":\"https:\\\/\\\/jesuisuncuisinier.fr\\\/fr\\\/\",\"name\":\"Je suis un cuisinier - Recettes faciles\",\"description\":\"Recettes de cuisine faciles pour tous les jours. Cuisine fran\u00e7aise, espagnole et d&#039;ailleurs.\",\"publisher\":{\"@id\":\"https:\\\/\\\/jesuisuncuisinier.fr\\\/fr\\\/#\\\/schema\\\/person\\\/04d97b7b1ae2f60e14cd96fc10a341aa\"},\"potentialAction\":[{\"@type\":\"SearchAction\",\"target\":{\"@type\":\"EntryPoint\",\"urlTemplate\":\"https:\\\/\\\/jesuisuncuisinier.fr\\\/fr\\\/?s={search_term_string}\"},\"query-input\":{\"@type\":\"PropertyValueSpecification\",\"valueRequired\":true,\"valueName\":\"search_term_string\"}}],\"inLanguage\":\"fr-FR\"},{\"@type\":[\"Person\",\"Organization\"],\"@id\":\"https:\\\/\\\/jesuisuncuisinier.fr\\\/fr\\\/#\\\/schema\\\/person\\\/04d97b7b1ae2f60e14cd96fc10a341aa\",\"name\":\"Dami\u00e1n Serrano\",\"image\":{\"@type\":\"ImageObject\",\"inLanguage\":\"fr-FR\",\"@id\":\"https:\\\/\\\/jesuisuncuisinier.fr\\\/wp-content\\\/uploads\\\/2019\\\/11\\\/avatar.jpg\",\"url\":\"https:\\\/\\\/jesuisuncuisinier.fr\\\/wp-content\\\/uploads\\\/2019\\\/11\\\/avatar.jpg\",\"contentUrl\":\"https:\\\/\\\/jesuisuncuisinier.fr\\\/wp-content\\\/uploads\\\/2019\\\/11\\\/avatar.jpg\",\"width\":200,\"height\":200,\"caption\":\"Dami\u00e1n Serrano\"},\"logo\":{\"@id\":\"https:\\\/\\\/jesuisuncuisinier.fr\\\/wp-content\\\/uploads\\\/2019\\\/11\\\/avatar.jpg\"}},{\"@type\":\"Person\",\"@id\":\"https:\\\/\\\/jesuisuncuisinier.fr\\\/fr\\\/#\\\/schema\\\/person\\\/c2da7696f2784cce34698e48f989cb2a\",\"name\":\"Dami\u00e1n\",\"sameAs\":[\"http:\\\/\\\/jesuisuncuisinier.fr\",\"https:\\\/\\\/x.com\\\/unptitcuisinier\"]}]}<\/script>\n<!-- \/ Yoast SEO plugin. -->","yoast_head_json":{"title":"Recette de c\u00f4tes de porc \u00e0 la moutarde","description":"Comment faire des c\u00f4tes de porc \u00e0 la moutarde. Recette facile. Apprenez \u00e0 pr\u00e9parer ce d\u00e9licieux plat avec des c\u00f4telettes et une sauce addictive.","robots":{"index":"index","follow":"follow","max-snippet":"max-snippet:-1","max-image-preview":"max-image-preview:large","max-video-preview":"max-video-preview:-1"},"canonical":"https:\/\/jesuisuncuisinier.fr\/fr\/recette-de-cotes-de-porc-a-la-moutarde\/","og_locale":"fr_FR","og_type":"article","og_title":"Recette de c\u00f4tes de porc \u00e0 la moutarde","og_description":"Comment faire des c\u00f4tes de porc \u00e0 la moutarde. Recette facile. Apprenez \u00e0 pr\u00e9parer ce d\u00e9licieux plat avec des c\u00f4telettes et une sauce addictive.","og_url":"https:\/\/jesuisuncuisinier.fr\/fr\/recette-de-cotes-de-porc-a-la-moutarde\/","og_site_name":"Je suis un cuisinier - Recettes faciles","article_published_time":"2023-03-01T13:18:39+00:00","article_modified_time":"2023-03-01T13:21:16+00:00","og_image":[{"width":1200,"height":797,"url":"https:\/\/jesuisuncuisinier.fr\/wp-content\/uploads\/2023\/03\/cotes-de-porc-a-la-moutarde.jpg","type":"image\/jpeg"}],"author":"Dami\u00e1n","twitter_card":"summary_large_image","twitter_creator":"@unptitcuisinier","twitter_site":"@unptitcuisinier","twitter_misc":{"\u00c9crit par":"Dami\u00e1n","Dur\u00e9e de lecture estim\u00e9e":"5 minutes"},"schema":{"@context":"https:\/\/schema.org","@graph":[{"@type":"Article","@id":"https:\/\/jesuisuncuisinier.fr\/fr\/recette-de-cotes-de-porc-a-la-moutarde\/#article","isPartOf":{"@id":"https:\/\/jesuisuncuisinier.fr\/fr\/recette-de-cotes-de-porc-a-la-moutarde\/"},"author":{"name":"Dami\u00e1n","@id":"https:\/\/jesuisuncuisinier.fr\/fr\/#\/schema\/person\/c2da7696f2784cce34698e48f989cb2a"},"headline":"Recette de c\u00f4tes de porc \u00e0 la moutarde","datePublished":"2023-03-01T13:18:39+00:00","dateModified":"2023-03-01T13:21:16+00:00","mainEntityOfPage":{"@id":"https:\/\/jesuisuncuisinier.fr\/fr\/recette-de-cotes-de-porc-a-la-moutarde\/"},"wordCount":783,"commentCount":0,"publisher":{"@id":"https:\/\/jesuisuncuisinier.fr\/fr\/#\/schema\/person\/04d97b7b1ae2f60e14cd96fc10a341aa"},"image":{"@id":"https:\/\/jesuisuncuisinier.fr\/fr\/recette-de-cotes-de-porc-a-la-moutarde\/#primaryimage"},"thumbnailUrl":"https:\/\/jesuisuncuisinier.fr\/wp-content\/uploads\/2023\/03\/cotes-de-porc-a-la-moutarde.jpg","keywords":["porc","moutarde","c\u00f4tes","c\u00f4tes de porc"],"articleSection":["recette","Viande et Volaille"],"inLanguage":"fr-FR","potentialAction":[{"@type":"CommentAction","name":"Comment","target":["https:\/\/jesuisuncuisinier.fr\/fr\/recette-de-cotes-de-porc-a-la-moutarde\/#respond"]}]},{"@type":"WebPage","@id":"https:\/\/jesuisuncuisinier.fr\/fr\/recette-de-cotes-de-porc-a-la-moutarde\/","url":"https:\/\/jesuisuncuisinier.fr\/fr\/recette-de-cotes-de-porc-a-la-moutarde\/","name":"Recette de c\u00f4tes de porc \u00e0 la moutarde","isPartOf":{"@id":"https:\/\/jesuisuncuisinier.fr\/fr\/#website"},"primaryImageOfPage":{"@id":"https:\/\/jesuisuncuisinier.fr\/fr\/recette-de-cotes-de-porc-a-la-moutarde\/#primaryimage"},"image":{"@id":"https:\/\/jesuisuncuisinier.fr\/fr\/recette-de-cotes-de-porc-a-la-moutarde\/#primaryimage"},"thumbnailUrl":"https:\/\/jesuisuncuisinier.fr\/wp-content\/uploads\/2023\/03\/cotes-de-porc-a-la-moutarde.jpg","datePublished":"2023-03-01T13:18:39+00:00","dateModified":"2023-03-01T13:21:16+00:00","description":"Comment faire des c\u00f4tes de porc \u00e0 la moutarde. Recette facile. Apprenez \u00e0 pr\u00e9parer ce d\u00e9licieux plat avec des c\u00f4telettes et une sauce addictive.","breadcrumb":{"@id":"https:\/\/jesuisuncuisinier.fr\/fr\/recette-de-cotes-de-porc-a-la-moutarde\/#breadcrumb"},"inLanguage":"fr-FR","potentialAction":[{"@type":"ReadAction","target":["https:\/\/jesuisuncuisinier.fr\/fr\/recette-de-cotes-de-porc-a-la-moutarde\/"]}]},{"@type":"ImageObject","inLanguage":"fr-FR","@id":"https:\/\/jesuisuncuisinier.fr\/fr\/recette-de-cotes-de-porc-a-la-moutarde\/#primaryimage","url":"https:\/\/jesuisuncuisinier.fr\/wp-content\/uploads\/2023\/03\/cotes-de-porc-a-la-moutarde.jpg","contentUrl":"https:\/\/jesuisuncuisinier.fr\/wp-content\/uploads\/2023\/03\/cotes-de-porc-a-la-moutarde.jpg","width":1200,"height":797,"caption":"C\u00f4tes de porc \u00e0 la moutarde"},{"@type":"BreadcrumbList","@id":"https:\/\/jesuisuncuisinier.fr\/fr\/recette-de-cotes-de-porc-a-la-moutarde\/#breadcrumb","itemListElement":[{"@type":"ListItem","position":1,"name":"Portada","item":"https:\/\/jesuisuncuisinier.fr\/fr\/"},{"@type":"ListItem","position":2,"name":"Recette de c\u00f4tes de porc \u00e0 la moutarde"}]},{"@type":"WebSite","@id":"https:\/\/jesuisuncuisinier.fr\/fr\/#website","url":"https:\/\/jesuisuncuisinier.fr\/fr\/","name":"Je suis un cuisinier - Recettes faciles","description":"Recettes de cuisine faciles pour tous les jours. Cuisine fran\u00e7aise, espagnole et d&#039;ailleurs.","publisher":{"@id":"https:\/\/jesuisuncuisinier.fr\/fr\/#\/schema\/person\/04d97b7b1ae2f60e14cd96fc10a341aa"},"potentialAction":[{"@type":"SearchAction","target":{"@type":"EntryPoint","urlTemplate":"https:\/\/jesuisuncuisinier.fr\/fr\/?s={search_term_string}"},"query-input":{"@type":"PropertyValueSpecification","valueRequired":true,"valueName":"search_term_string"}}],"inLanguage":"fr-FR"},{"@type":["Person","Organization"],"@id":"https:\/\/jesuisuncuisinier.fr\/fr\/#\/schema\/person\/04d97b7b1ae2f60e14cd96fc10a341aa","name":"Dami\u00e1n Serrano","image":{"@type":"ImageObject","inLanguage":"fr-FR","@id":"https:\/\/jesuisuncuisinier.fr\/wp-content\/uploads\/2019\/11\/avatar.jpg","url":"https:\/\/jesuisuncuisinier.fr\/wp-content\/uploads\/2019\/11\/avatar.jpg","contentUrl":"https:\/\/jesuisuncuisinier.fr\/wp-content\/uploads\/2019\/11\/avatar.jpg","width":200,"height":200,"caption":"Dami\u00e1n Serrano"},"logo":{"@id":"https:\/\/jesuisuncuisinier.fr\/wp-content\/uploads\/2019\/11\/avatar.jpg"}},{"@type":"Person","@id":"https:\/\/jesuisuncuisinier.fr\/fr\/#\/schema\/person\/c2da7696f2784cce34698e48f989cb2a","name":"Dami\u00e1n","sameAs":["http:\/\/jesuisuncuisinier.fr","https:\/\/x.com\/unptitcuisinier"]}]}},"amp_enabled":true,"_links":{"self":[{"href":"https:\/\/jesuisuncuisinier.fr\/fr\/wp-json\/wp\/v2\/posts\/15343","targetHints":{"allow":["GET"]}}],"collection":[{"href":"https:\/\/jesuisuncuisinier.fr\/fr\/wp-json\/wp\/v2\/posts"}],"about":[{"href":"https:\/\/jesuisuncuisinier.fr\/fr\/wp-json\/wp\/v2\/types\/post"}],"author":[{"embeddable":true,"href":"https:\/\/jesuisuncuisinier.fr\/fr\/wp-json\/wp\/v2\/users\/1"}],"replies":[{"embeddable":true,"href":"https:\/\/jesuisuncuisinier.fr\/fr\/wp-json\/wp\/v2\/comments?post=15343"}],"version-history":[{"count":3,"href":"https:\/\/jesuisuncuisinier.fr\/fr\/wp-json\/wp\/v2\/posts\/15343\/revisions"}],"predecessor-version":[{"id":15350,"href":"https:\/\/jesuisuncuisinier.fr\/fr\/wp-json\/wp\/v2\/posts\/15343\/revisions\/15350"}],"wp:featuredmedia":[{"embeddable":true,"href":"https:\/\/jesuisuncuisinier.fr\/fr\/wp-json\/wp\/v2\/media\/15346"}],"wp:attachment":[{"href":"https:\/\/jesuisuncuisinier.fr\/fr\/wp-json\/wp\/v2\/media?parent=15343"}],"wp:term":[{"taxonomy":"category","embeddable":true,"href":"https:\/\/jesuisuncuisinier.fr\/fr\/wp-json\/wp\/v2\/categories?post=15343"},{"taxonomy":"post_tag","embeddable":true,"href":"https:\/\/jesuisuncuisinier.fr\/fr\/wp-json\/wp\/v2\/tags?post=15343"}],"curies":[{"name":"wp","href":"https:\/\/api.w.org\/{rel}","templated":true}]}}