{"id":15106,"date":"2022-11-16T12:00:31","date_gmt":"2022-11-16T11:00:31","guid":{"rendered":"https:\/\/jesuisuncuisinier.fr\/fr\/?p=15106"},"modified":"2022-11-16T12:00:31","modified_gmt":"2022-11-16T11:00:31","slug":"les-conseils-pour-bien-choisir-son-appareil-a-raclette","status":"publish","type":"post","link":"https:\/\/jesuisuncuisinier.fr\/fr\/les-conseils-pour-bien-choisir-son-appareil-a-raclette\/","title":{"rendered":"Les conseils pour bien choisir son appareil \u00e0 raclette"},"content":{"rendered":"<p>Repas familial par excellence, il demande peu de pr\u00e9paration et est parfait pour les petits budgets. Cependant, m\u00eame si tous les ingr\u00e9dients sont dispos\u00e9s sur la table, l&rsquo;\u00e9l\u00e9ment fondamental reste, sans aucun doute, l&rsquo;appareil \u00e0 raclette.<\/p>\n<p>Incontournable pour r\u00e9ussir cette recette, il peut par ailleurs \u00eatre difficile de choisir quel appareil acheter du fait de nombre cons\u00e9quent de mod\u00e8les diff\u00e9rents pr\u00e9sents sur le march\u00e9. Quels sont les crit\u00e8res \u00e0 prendre en compte ? Comment \u00eatre s\u00fbr de son choix ? Voici quelques conseils pour vous aider \u00e0 choisir un appareil qui r\u00e9pondra parfaitement \u00e0 vos besoins.<\/p>\n<script async src=\"\/\/pagead2.googlesyndication.com\/pagead\/js\/adsbygoogle.js\"><\/script><ins class=\"adsbygoogle\"style=\"display:block\"data-ad-client=\"ca-pub-7750789452383743\"data-ad-slot=\"9252856116\"data-ad-format=\"auto\"><\/ins><script>(adsbygoogle = window.adsbygoogle || []).push({});<\/script><amp-ad width=\"100vw\" height=320 type=\"adsense\" data-ad-client=\"ca-pub-7750789452383743\" data-ad-slot=\"7340373828\" data-auto-format=\"rspv\" data-full-width><div overflow><\/div><\/amp-ad><div class=\"cleaner\" style=\"margin: 10px\"><\/div>\n<h2>Comment choisir son appareil \u00e0 raclette ?<\/h2>\n<p>Multifonctions, traditionnel, rev\u00eatement anti-adh\u00e9sif, avec un grill, avec pierrade&#8230; Les options sont nombreuses lorsqu&rsquo;il s&rsquo;agit de choisir son appareil \u00e0 raclette. Les entreprises telles que <a href=\"https:\/\/lerepaireduchef.fr\/categorie-produit\/appareil-a-raclette\/\">Le Repaire du Chef<\/a> tendent \u00e0 vouloir proposer un maximum de produits pour r\u00e9pondre au mieux \u00e0 vos recherches. C&rsquo;est pourquoi, vous pouvez rapidement \u00eatre perdu et parfois m\u00eame abandonner votre projet d&rsquo;achat face \u00e0 tant d&rsquo;incertitudes. Le plus important est de porter une attention particuli\u00e8re sur certains crit\u00e8res.<\/p>\n<h3>En fonction de sa capacit\u00e9<\/h3>\n<p>Vous souhaitez organiser une raclette en amoureux ou avec tous vos amis ? En fonction de votre r\u00e9ponse, vous allez choisir un appareil dont la capacit\u00e9 est suffisante. En effet, il existe des appareils \u00e0 deux places. Ils sont id\u00e9als pour faire une soir\u00e9e raclette en t\u00eate-\u00e0-t\u00eate. Si vous souhaitez inviter de nombreux convives, tournez-vous alors vers des appareils \u00e0 6 ou 8 places. Pensez \u00e9galement \u00e0 acheter des coupelles suppl\u00e9mentaires dans le cas, o\u00f9, occasionnellement, vous seriez amen\u00e9 \u00e0 inviter encore plus de personnes.<\/p>\n<p><img loading=\"lazy\" decoding=\"async\" src=\"https:\/\/jesuisuncuisinier.fr\/wp-content\/uploads\/2022\/11\/appareil-a-raclette.jpg\" alt=\"Appareil \u00e0 raclette\" width=\"1200\" height=\"800\" class=\"aligncenter size-full wp-image-15108\" srcset=\"https:\/\/jesuisuncuisinier.fr\/wp-content\/uploads\/2022\/11\/appareil-a-raclette.jpg 1200w, https:\/\/jesuisuncuisinier.fr\/wp-content\/uploads\/2022\/11\/appareil-a-raclette-768x512.jpg 768w, https:\/\/jesuisuncuisinier.fr\/wp-content\/uploads\/2022\/11\/appareil-a-raclette-320x213.jpg 320w, https:\/\/jesuisuncuisinier.fr\/wp-content\/uploads\/2022\/11\/appareil-a-raclette-300x200.jpg 300w\" sizes=\"auto, (max-width: 1200px) 100vw, 1200px\" \/><\/p>\n<h3>En fonction de sa puissance<\/h3>\n<p>La puissance de votre appareil est un \u00e9l\u00e9ment important dans le cas o\u00f9 c&rsquo;est elle qui va permettre \u00e0 vos aliments de cuire rapidement ou non. De plus, une puissance optimale permettra de faire fondre de mani\u00e8re homog\u00e8ne votre fromage et \u00e9viter qu&rsquo;il ne br\u00fble \u00e0 certains endroits. La puissance de votre appareil est corr\u00e9l\u00e9e \u00e0 sa capacit\u00e9. En effet, si vous choisissez d&rsquo;acheter un appareil \u00e0 6 ou 8 places, v\u00e9rifiez bien que la puissance soit cons\u00e9quente. Dans le cas contraire, vous risquez de devoir attendre longtemps avant que l&rsquo;appareil chauffe et obtenir une temp\u00e9rature de cuisson optimale.<\/p>\n<h3>En fonction de son rev\u00eatement<\/h3>\n<p>Pour choisir correctement son appareil \u00e0 raclette, il est important de prendre en compte son rev\u00eatement. Privil\u00e9giez les surfaces antiadh\u00e9sives, car elles sont beaucoup plus faciles \u00e0 entretenir et \u00e0 nettoyer. De plus, il n&rsquo;est pas n\u00e9cessaire d&rsquo;utiliser des mati\u00e8res grasses telles que l&rsquo;huile pour \u00e9viter que les aliments ne collent aux surfaces. Des rev\u00eatements tels que l&rsquo;acier inoxydable ou encore le verre sont de plus en plus utilis\u00e9s et simples d&rsquo;entretien. Cependant, attention aux appareils en verre qui sont alors extr\u00eamement fragiles et qui risquent de se casser tr\u00e8s rapidement lors d&rsquo;un simple nettoyage.<\/p>\n<script async src=\"\/\/pagead2.googlesyndication.com\/pagead\/js\/adsbygoogle.js\"><\/script><ins class=\"adsbygoogle\"style=\"display:block\"data-ad-client=\"ca-pub-7750789452383743\"data-ad-slot=\"9252856116\"data-ad-format=\"auto\"><\/ins><script>(adsbygoogle = window.adsbygoogle || []).push({});<\/script><amp-ad width=\"100vw\" height=320 type=\"adsense\" data-ad-client=\"ca-pub-7750789452383743\" data-ad-slot=\"7340373828\" data-auto-format=\"rspv\" data-full-width><div overflow><\/div><\/amp-ad><div class=\"cleaner\" style=\"margin: 10px\"><\/div>\n<h3>En fonction de son design<\/h3>\n<p>Vous pouvez \u00e9galement tenir compte du design de l&rsquo;appareil \u00e0 raclette pour guider votre choix. En effet, il existe plusieurs styles diff\u00e9rents sur le march\u00e9 et il peut \u00eatre int\u00e9ressant de l&rsquo;associer \u00e0 la d\u00e9coration de sa cuisine pour parfaire son harmonie. Certains appareils adoptent un style vintage alors que d&rsquo;autres sont plus contemporains et modernes.<\/p>\n<h3>En prenant en compte ses fonctions suppl\u00e9mentaires<\/h3>\n<p>De nombreux appareils \u00e0 raclette comportent des fonctions suppl\u00e9mentaires. Par exemple, il est possible pour certains de rajouter un plateau compl\u00e9mentaire sur le dessus pour faire griller des viandes ou des l\u00e9gumes. En interchangeant un plateau, vous pouvez \u00e9galement avoir la possibilit\u00e9 de r\u00e9aliser des cr\u00eapes avec un m\u00eame appareil. \u00c0 vous de d\u00e9finir vos besoins et vos envies.<\/p>\n<h3>En prenant en compte la facilit\u00e9 d&rsquo;utilisation<\/h3>\n<p>Enfin, certains d\u00e9tails peuvent faciliter l&rsquo;utilisation de votre appareil \u00e0 raclette. Par exemple, il est important de prendre connaissance de la longueur du c\u00e2ble d&rsquo;alimentation pour brancher votre appareil \u00e0 proximit\u00e9 de votre table. De plus, pensez \u00e0 v\u00e9rifier s&rsquo;il y a un moyen de r\u00e9gler le thermostat pour pouvoir contr\u00f4ler la temp\u00e9rature de votre appareil et obtenir une cuisson parfaite de vos aliments. Enfin, certains appareils disposent de fonctions antid\u00e9rapantes sous forme de ventouses pour stabiliser l&rsquo;appareil et \u00e9viter que celui-ci ne bouge, notamment s&rsquo;il est dispos\u00e9 sur une table. De quoi assurer la s\u00e9curit\u00e9 des convives et \u00e9viter que quelqu&rsquo;un ne soit br\u00fbl\u00e9.<\/p>\n<script async src=\"\/\/pagead2.googlesyndication.com\/pagead\/js\/adsbygoogle.js\"><\/script><ins class=\"adsbygoogle\"style=\"display:block\"data-ad-client=\"ca-pub-7750789452383743\"data-ad-slot=\"9252856116\"data-ad-format=\"auto\"><\/ins><script>(adsbygoogle = window.adsbygoogle || []).push({});<\/script><amp-ad width=\"100vw\" height=320 type=\"adsense\" data-ad-client=\"ca-pub-7750789452383743\" data-ad-slot=\"7340373828\" data-auto-format=\"rspv\" data-full-width><div overflow><\/div><\/amp-ad><div class=\"cleaner\" style=\"margin: 10px\"><\/div>\n<h2>Quel prix pour un appareil \u00e0 raclette ?<\/h2>\n<p>Il est assez difficile de donner un prix exact. En effet, celui-ci va d\u00e9pendre de l&rsquo;ensemble des fonctions de votre appareil, de sa capacit\u00e9 et de sa puissance. Cependant, il est important de noter que les appareils \u00e0 petits prix ne sont pas recommand\u00e9s si vous faites des raclettes r\u00e9guli\u00e8rement et avec de nombreux convives. Privil\u00e9giez un appareil dans une gamme sup\u00e9rieure. Celui-ci perdurera dans le temps et offrira une meilleure qualit\u00e9 de cuisson.<\/p>\n","protected":false},"excerpt":{"rendered":"<p>L&rsquo;hiver arrive et sonne l&rsquo;heure des repas r\u00e9confortants et gourmands appr\u00e9ci\u00e9s de tous. L&rsquo;un des favoris de cette saison est bien entendu la raclette. <\/p>\n","protected":false},"author":1,"featured_media":15107,"comment_status":"open","ping_status":"open","sticky":false,"template":"","format":"standard","meta":{"_yoast_wpseo_focuskw":"appareil \u00e0 raclette","_yoast_wpseo_metadesc":"Pour r\u00e9ussir son repas raclette, m\u00eame les ingr\u00e9dients sont sur la table, l'\u00e9l\u00e9ment fondamental est, sans doute, l'appareil \u00e0 raclette.","footnotes":""},"categories":[1455,1457],"tags":[1504],"class_list":["post-15106","post","type-post","status-publish","format-standard","has-post-thumbnail","hentry","category-un-peu-de-tout","category-conseils","tag-raclette"],"yoast_head":"<!-- This site is optimized with the Yoast SEO plugin v27.5 - https:\/\/yoast.com\/product\/yoast-seo-wordpress\/ -->\n<title>Les conseils pour bien choisir son appareil \u00e0 raclette<\/title>\n<meta name=\"description\" content=\"Pour r\u00e9ussir son repas raclette, m\u00eame les ingr\u00e9dients sont sur la table, l&#039;\u00e9l\u00e9ment fondamental est, sans doute, l&#039;appareil \u00e0 raclette.\" \/>\n<meta name=\"robots\" content=\"index, follow, max-snippet:-1, max-image-preview:large, max-video-preview:-1\" \/>\n<link rel=\"canonical\" href=\"https:\/\/jesuisuncuisinier.fr\/fr\/les-conseils-pour-bien-choisir-son-appareil-a-raclette\/\" \/>\n<meta property=\"og:locale\" content=\"fr_FR\" \/>\n<meta property=\"og:type\" content=\"article\" \/>\n<meta property=\"og:title\" content=\"Les conseils pour bien choisir son appareil \u00e0 raclette\" \/>\n<meta property=\"og:description\" content=\"Pour r\u00e9ussir son repas raclette, m\u00eame les ingr\u00e9dients sont sur la table, l&#039;\u00e9l\u00e9ment fondamental est, sans doute, l&#039;appareil \u00e0 raclette.\" \/>\n<meta property=\"og:url\" content=\"https:\/\/jesuisuncuisinier.fr\/fr\/les-conseils-pour-bien-choisir-son-appareil-a-raclette\/\" \/>\n<meta property=\"og:site_name\" content=\"Je suis un cuisinier - Recettes faciles\" \/>\n<meta property=\"article:published_time\" content=\"2022-11-16T11:00:31+00:00\" \/>\n<meta property=\"og:image\" content=\"https:\/\/jesuisuncuisinier.fr\/wp-content\/uploads\/2022\/11\/les-conseils-pour-bien-choisir-son-appareil-a-raclette.jpg\" \/>\n\t<meta property=\"og:image:width\" content=\"1200\" \/>\n\t<meta property=\"og:image:height\" content=\"771\" \/>\n\t<meta property=\"og:image:type\" content=\"image\/jpeg\" \/>\n<meta name=\"author\" content=\"Dami\u00e1n\" \/>\n<meta name=\"twitter:card\" content=\"summary_large_image\" \/>\n<meta name=\"twitter:creator\" content=\"@unptitcuisinier\" \/>\n<meta name=\"twitter:site\" content=\"@unptitcuisinier\" \/>\n<meta name=\"twitter:label1\" content=\"\u00c9crit par\" \/>\n\t<meta name=\"twitter:data1\" content=\"Dami\u00e1n\" \/>\n\t<meta name=\"twitter:label2\" content=\"Dur\u00e9e de lecture estim\u00e9e\" \/>\n\t<meta name=\"twitter:data2\" content=\"5 minutes\" \/>\n<script type=\"application\/ld+json\" class=\"yoast-schema-graph\">{\"@context\":\"https:\\\/\\\/schema.org\",\"@graph\":[{\"@type\":\"Article\",\"@id\":\"https:\\\/\\\/jesuisuncuisinier.fr\\\/fr\\\/les-conseils-pour-bien-choisir-son-appareil-a-raclette\\\/#article\",\"isPartOf\":{\"@id\":\"https:\\\/\\\/jesuisuncuisinier.fr\\\/fr\\\/les-conseils-pour-bien-choisir-son-appareil-a-raclette\\\/\"},\"author\":{\"name\":\"Dami\u00e1n\",\"@id\":\"https:\\\/\\\/jesuisuncuisinier.fr\\\/fr\\\/#\\\/schema\\\/person\\\/c2da7696f2784cce34698e48f989cb2a\"},\"headline\":\"Les conseils pour bien choisir son appareil \u00e0 raclette\",\"datePublished\":\"2022-11-16T11:00:31+00:00\",\"mainEntityOfPage\":{\"@id\":\"https:\\\/\\\/jesuisuncuisinier.fr\\\/fr\\\/les-conseils-pour-bien-choisir-son-appareil-a-raclette\\\/\"},\"wordCount\":864,\"commentCount\":0,\"publisher\":{\"@id\":\"https:\\\/\\\/jesuisuncuisinier.fr\\\/fr\\\/#\\\/schema\\\/person\\\/04d97b7b1ae2f60e14cd96fc10a341aa\"},\"image\":{\"@id\":\"https:\\\/\\\/jesuisuncuisinier.fr\\\/fr\\\/les-conseils-pour-bien-choisir-son-appareil-a-raclette\\\/#primaryimage\"},\"thumbnailUrl\":\"https:\\\/\\\/jesuisuncuisinier.fr\\\/wp-content\\\/uploads\\\/2022\\\/11\\\/les-conseils-pour-bien-choisir-son-appareil-a-raclette.jpg\",\"keywords\":[\"raclette\"],\"articleSection\":[\"Un peu de tout\",\"Conseils\"],\"inLanguage\":\"fr-FR\",\"potentialAction\":[{\"@type\":\"CommentAction\",\"name\":\"Comment\",\"target\":[\"https:\\\/\\\/jesuisuncuisinier.fr\\\/fr\\\/les-conseils-pour-bien-choisir-son-appareil-a-raclette\\\/#respond\"]}]},{\"@type\":\"WebPage\",\"@id\":\"https:\\\/\\\/jesuisuncuisinier.fr\\\/fr\\\/les-conseils-pour-bien-choisir-son-appareil-a-raclette\\\/\",\"url\":\"https:\\\/\\\/jesuisuncuisinier.fr\\\/fr\\\/les-conseils-pour-bien-choisir-son-appareil-a-raclette\\\/\",\"name\":\"Les conseils pour bien choisir son appareil \u00e0 raclette\",\"isPartOf\":{\"@id\":\"https:\\\/\\\/jesuisuncuisinier.fr\\\/fr\\\/#website\"},\"primaryImageOfPage\":{\"@id\":\"https:\\\/\\\/jesuisuncuisinier.fr\\\/fr\\\/les-conseils-pour-bien-choisir-son-appareil-a-raclette\\\/#primaryimage\"},\"image\":{\"@id\":\"https:\\\/\\\/jesuisuncuisinier.fr\\\/fr\\\/les-conseils-pour-bien-choisir-son-appareil-a-raclette\\\/#primaryimage\"},\"thumbnailUrl\":\"https:\\\/\\\/jesuisuncuisinier.fr\\\/wp-content\\\/uploads\\\/2022\\\/11\\\/les-conseils-pour-bien-choisir-son-appareil-a-raclette.jpg\",\"datePublished\":\"2022-11-16T11:00:31+00:00\",\"description\":\"Pour r\u00e9ussir son repas raclette, m\u00eame les ingr\u00e9dients sont sur la table, l'\u00e9l\u00e9ment fondamental est, sans doute, l'appareil \u00e0 raclette.\",\"breadcrumb\":{\"@id\":\"https:\\\/\\\/jesuisuncuisinier.fr\\\/fr\\\/les-conseils-pour-bien-choisir-son-appareil-a-raclette\\\/#breadcrumb\"},\"inLanguage\":\"fr-FR\",\"potentialAction\":[{\"@type\":\"ReadAction\",\"target\":[\"https:\\\/\\\/jesuisuncuisinier.fr\\\/fr\\\/les-conseils-pour-bien-choisir-son-appareil-a-raclette\\\/\"]}]},{\"@type\":\"ImageObject\",\"inLanguage\":\"fr-FR\",\"@id\":\"https:\\\/\\\/jesuisuncuisinier.fr\\\/fr\\\/les-conseils-pour-bien-choisir-son-appareil-a-raclette\\\/#primaryimage\",\"url\":\"https:\\\/\\\/jesuisuncuisinier.fr\\\/wp-content\\\/uploads\\\/2022\\\/11\\\/les-conseils-pour-bien-choisir-son-appareil-a-raclette.jpg\",\"contentUrl\":\"https:\\\/\\\/jesuisuncuisinier.fr\\\/wp-content\\\/uploads\\\/2022\\\/11\\\/les-conseils-pour-bien-choisir-son-appareil-a-raclette.jpg\",\"width\":1200,\"height\":771,\"caption\":\"Les conseils pour bien choisir son appareil \u00e0 raclette\"},{\"@type\":\"BreadcrumbList\",\"@id\":\"https:\\\/\\\/jesuisuncuisinier.fr\\\/fr\\\/les-conseils-pour-bien-choisir-son-appareil-a-raclette\\\/#breadcrumb\",\"itemListElement\":[{\"@type\":\"ListItem\",\"position\":1,\"name\":\"Portada\",\"item\":\"https:\\\/\\\/jesuisuncuisinier.fr\\\/fr\\\/\"},{\"@type\":\"ListItem\",\"position\":2,\"name\":\"Les conseils pour bien choisir son appareil \u00e0 raclette\"}]},{\"@type\":\"WebSite\",\"@id\":\"https:\\\/\\\/jesuisuncuisinier.fr\\\/fr\\\/#website\",\"url\":\"https:\\\/\\\/jesuisuncuisinier.fr\\\/fr\\\/\",\"name\":\"Je suis un cuisinier - Recettes faciles\",\"description\":\"Recettes de cuisine faciles pour tous les jours. Cuisine fran\u00e7aise, espagnole et d&#039;ailleurs.\",\"publisher\":{\"@id\":\"https:\\\/\\\/jesuisuncuisinier.fr\\\/fr\\\/#\\\/schema\\\/person\\\/04d97b7b1ae2f60e14cd96fc10a341aa\"},\"potentialAction\":[{\"@type\":\"SearchAction\",\"target\":{\"@type\":\"EntryPoint\",\"urlTemplate\":\"https:\\\/\\\/jesuisuncuisinier.fr\\\/fr\\\/?s={search_term_string}\"},\"query-input\":{\"@type\":\"PropertyValueSpecification\",\"valueRequired\":true,\"valueName\":\"search_term_string\"}}],\"inLanguage\":\"fr-FR\"},{\"@type\":[\"Person\",\"Organization\"],\"@id\":\"https:\\\/\\\/jesuisuncuisinier.fr\\\/fr\\\/#\\\/schema\\\/person\\\/04d97b7b1ae2f60e14cd96fc10a341aa\",\"name\":\"Dami\u00e1n Serrano\",\"image\":{\"@type\":\"ImageObject\",\"inLanguage\":\"fr-FR\",\"@id\":\"https:\\\/\\\/jesuisuncuisinier.fr\\\/wp-content\\\/uploads\\\/2019\\\/11\\\/avatar.jpg\",\"url\":\"https:\\\/\\\/jesuisuncuisinier.fr\\\/wp-content\\\/uploads\\\/2019\\\/11\\\/avatar.jpg\",\"contentUrl\":\"https:\\\/\\\/jesuisuncuisinier.fr\\\/wp-content\\\/uploads\\\/2019\\\/11\\\/avatar.jpg\",\"width\":200,\"height\":200,\"caption\":\"Dami\u00e1n Serrano\"},\"logo\":{\"@id\":\"https:\\\/\\\/jesuisuncuisinier.fr\\\/wp-content\\\/uploads\\\/2019\\\/11\\\/avatar.jpg\"}},{\"@type\":\"Person\",\"@id\":\"https:\\\/\\\/jesuisuncuisinier.fr\\\/fr\\\/#\\\/schema\\\/person\\\/c2da7696f2784cce34698e48f989cb2a\",\"name\":\"Dami\u00e1n\",\"sameAs\":[\"http:\\\/\\\/jesuisuncuisinier.fr\",\"https:\\\/\\\/x.com\\\/unptitcuisinier\"]}]}<\/script>\n<!-- \/ Yoast SEO plugin. -->","yoast_head_json":{"title":"Les conseils pour bien choisir son appareil \u00e0 raclette","description":"Pour r\u00e9ussir son repas raclette, m\u00eame les ingr\u00e9dients sont sur la table, l'\u00e9l\u00e9ment fondamental est, sans doute, l'appareil \u00e0 raclette.","robots":{"index":"index","follow":"follow","max-snippet":"max-snippet:-1","max-image-preview":"max-image-preview:large","max-video-preview":"max-video-preview:-1"},"canonical":"https:\/\/jesuisuncuisinier.fr\/fr\/les-conseils-pour-bien-choisir-son-appareil-a-raclette\/","og_locale":"fr_FR","og_type":"article","og_title":"Les conseils pour bien choisir son appareil \u00e0 raclette","og_description":"Pour r\u00e9ussir son repas raclette, m\u00eame les ingr\u00e9dients sont sur la table, l'\u00e9l\u00e9ment fondamental est, sans doute, l'appareil \u00e0 raclette.","og_url":"https:\/\/jesuisuncuisinier.fr\/fr\/les-conseils-pour-bien-choisir-son-appareil-a-raclette\/","og_site_name":"Je suis un cuisinier - Recettes faciles","article_published_time":"2022-11-16T11:00:31+00:00","og_image":[{"width":1200,"height":771,"url":"https:\/\/jesuisuncuisinier.fr\/wp-content\/uploads\/2022\/11\/les-conseils-pour-bien-choisir-son-appareil-a-raclette.jpg","type":"image\/jpeg"}],"author":"Dami\u00e1n","twitter_card":"summary_large_image","twitter_creator":"@unptitcuisinier","twitter_site":"@unptitcuisinier","twitter_misc":{"\u00c9crit par":"Dami\u00e1n","Dur\u00e9e de lecture estim\u00e9e":"5 minutes"},"schema":{"@context":"https:\/\/schema.org","@graph":[{"@type":"Article","@id":"https:\/\/jesuisuncuisinier.fr\/fr\/les-conseils-pour-bien-choisir-son-appareil-a-raclette\/#article","isPartOf":{"@id":"https:\/\/jesuisuncuisinier.fr\/fr\/les-conseils-pour-bien-choisir-son-appareil-a-raclette\/"},"author":{"name":"Dami\u00e1n","@id":"https:\/\/jesuisuncuisinier.fr\/fr\/#\/schema\/person\/c2da7696f2784cce34698e48f989cb2a"},"headline":"Les conseils pour bien choisir son appareil \u00e0 raclette","datePublished":"2022-11-16T11:00:31+00:00","mainEntityOfPage":{"@id":"https:\/\/jesuisuncuisinier.fr\/fr\/les-conseils-pour-bien-choisir-son-appareil-a-raclette\/"},"wordCount":864,"commentCount":0,"publisher":{"@id":"https:\/\/jesuisuncuisinier.fr\/fr\/#\/schema\/person\/04d97b7b1ae2f60e14cd96fc10a341aa"},"image":{"@id":"https:\/\/jesuisuncuisinier.fr\/fr\/les-conseils-pour-bien-choisir-son-appareil-a-raclette\/#primaryimage"},"thumbnailUrl":"https:\/\/jesuisuncuisinier.fr\/wp-content\/uploads\/2022\/11\/les-conseils-pour-bien-choisir-son-appareil-a-raclette.jpg","keywords":["raclette"],"articleSection":["Un peu de tout","Conseils"],"inLanguage":"fr-FR","potentialAction":[{"@type":"CommentAction","name":"Comment","target":["https:\/\/jesuisuncuisinier.fr\/fr\/les-conseils-pour-bien-choisir-son-appareil-a-raclette\/#respond"]}]},{"@type":"WebPage","@id":"https:\/\/jesuisuncuisinier.fr\/fr\/les-conseils-pour-bien-choisir-son-appareil-a-raclette\/","url":"https:\/\/jesuisuncuisinier.fr\/fr\/les-conseils-pour-bien-choisir-son-appareil-a-raclette\/","name":"Les conseils pour bien choisir son appareil \u00e0 raclette","isPartOf":{"@id":"https:\/\/jesuisuncuisinier.fr\/fr\/#website"},"primaryImageOfPage":{"@id":"https:\/\/jesuisuncuisinier.fr\/fr\/les-conseils-pour-bien-choisir-son-appareil-a-raclette\/#primaryimage"},"image":{"@id":"https:\/\/jesuisuncuisinier.fr\/fr\/les-conseils-pour-bien-choisir-son-appareil-a-raclette\/#primaryimage"},"thumbnailUrl":"https:\/\/jesuisuncuisinier.fr\/wp-content\/uploads\/2022\/11\/les-conseils-pour-bien-choisir-son-appareil-a-raclette.jpg","datePublished":"2022-11-16T11:00:31+00:00","description":"Pour r\u00e9ussir son repas raclette, m\u00eame les ingr\u00e9dients sont sur la table, l'\u00e9l\u00e9ment fondamental est, sans doute, l'appareil \u00e0 raclette.","breadcrumb":{"@id":"https:\/\/jesuisuncuisinier.fr\/fr\/les-conseils-pour-bien-choisir-son-appareil-a-raclette\/#breadcrumb"},"inLanguage":"fr-FR","potentialAction":[{"@type":"ReadAction","target":["https:\/\/jesuisuncuisinier.fr\/fr\/les-conseils-pour-bien-choisir-son-appareil-a-raclette\/"]}]},{"@type":"ImageObject","inLanguage":"fr-FR","@id":"https:\/\/jesuisuncuisinier.fr\/fr\/les-conseils-pour-bien-choisir-son-appareil-a-raclette\/#primaryimage","url":"https:\/\/jesuisuncuisinier.fr\/wp-content\/uploads\/2022\/11\/les-conseils-pour-bien-choisir-son-appareil-a-raclette.jpg","contentUrl":"https:\/\/jesuisuncuisinier.fr\/wp-content\/uploads\/2022\/11\/les-conseils-pour-bien-choisir-son-appareil-a-raclette.jpg","width":1200,"height":771,"caption":"Les conseils pour bien choisir son appareil \u00e0 raclette"},{"@type":"BreadcrumbList","@id":"https:\/\/jesuisuncuisinier.fr\/fr\/les-conseils-pour-bien-choisir-son-appareil-a-raclette\/#breadcrumb","itemListElement":[{"@type":"ListItem","position":1,"name":"Portada","item":"https:\/\/jesuisuncuisinier.fr\/fr\/"},{"@type":"ListItem","position":2,"name":"Les conseils pour bien choisir son appareil \u00e0 raclette"}]},{"@type":"WebSite","@id":"https:\/\/jesuisuncuisinier.fr\/fr\/#website","url":"https:\/\/jesuisuncuisinier.fr\/fr\/","name":"Je suis un cuisinier - Recettes faciles","description":"Recettes de cuisine faciles pour tous les jours. Cuisine fran\u00e7aise, espagnole et d&#039;ailleurs.","publisher":{"@id":"https:\/\/jesuisuncuisinier.fr\/fr\/#\/schema\/person\/04d97b7b1ae2f60e14cd96fc10a341aa"},"potentialAction":[{"@type":"SearchAction","target":{"@type":"EntryPoint","urlTemplate":"https:\/\/jesuisuncuisinier.fr\/fr\/?s={search_term_string}"},"query-input":{"@type":"PropertyValueSpecification","valueRequired":true,"valueName":"search_term_string"}}],"inLanguage":"fr-FR"},{"@type":["Person","Organization"],"@id":"https:\/\/jesuisuncuisinier.fr\/fr\/#\/schema\/person\/04d97b7b1ae2f60e14cd96fc10a341aa","name":"Dami\u00e1n Serrano","image":{"@type":"ImageObject","inLanguage":"fr-FR","@id":"https:\/\/jesuisuncuisinier.fr\/wp-content\/uploads\/2019\/11\/avatar.jpg","url":"https:\/\/jesuisuncuisinier.fr\/wp-content\/uploads\/2019\/11\/avatar.jpg","contentUrl":"https:\/\/jesuisuncuisinier.fr\/wp-content\/uploads\/2019\/11\/avatar.jpg","width":200,"height":200,"caption":"Dami\u00e1n Serrano"},"logo":{"@id":"https:\/\/jesuisuncuisinier.fr\/wp-content\/uploads\/2019\/11\/avatar.jpg"}},{"@type":"Person","@id":"https:\/\/jesuisuncuisinier.fr\/fr\/#\/schema\/person\/c2da7696f2784cce34698e48f989cb2a","name":"Dami\u00e1n","sameAs":["http:\/\/jesuisuncuisinier.fr","https:\/\/x.com\/unptitcuisinier"]}]}},"amp_enabled":true,"_links":{"self":[{"href":"https:\/\/jesuisuncuisinier.fr\/fr\/wp-json\/wp\/v2\/posts\/15106","targetHints":{"allow":["GET"]}}],"collection":[{"href":"https:\/\/jesuisuncuisinier.fr\/fr\/wp-json\/wp\/v2\/posts"}],"about":[{"href":"https:\/\/jesuisuncuisinier.fr\/fr\/wp-json\/wp\/v2\/types\/post"}],"author":[{"embeddable":true,"href":"https:\/\/jesuisuncuisinier.fr\/fr\/wp-json\/wp\/v2\/users\/1"}],"replies":[{"embeddable":true,"href":"https:\/\/jesuisuncuisinier.fr\/fr\/wp-json\/wp\/v2\/comments?post=15106"}],"version-history":[{"count":2,"href":"https:\/\/jesuisuncuisinier.fr\/fr\/wp-json\/wp\/v2\/posts\/15106\/revisions"}],"predecessor-version":[{"id":15110,"href":"https:\/\/jesuisuncuisinier.fr\/fr\/wp-json\/wp\/v2\/posts\/15106\/revisions\/15110"}],"wp:featuredmedia":[{"embeddable":true,"href":"https:\/\/jesuisuncuisinier.fr\/fr\/wp-json\/wp\/v2\/media\/15107"}],"wp:attachment":[{"href":"https:\/\/jesuisuncuisinier.fr\/fr\/wp-json\/wp\/v2\/media?parent=15106"}],"wp:term":[{"taxonomy":"category","embeddable":true,"href":"https:\/\/jesuisuncuisinier.fr\/fr\/wp-json\/wp\/v2\/categories?post=15106"},{"taxonomy":"post_tag","embeddable":true,"href":"https:\/\/jesuisuncuisinier.fr\/fr\/wp-json\/wp\/v2\/tags?post=15106"}],"curies":[{"name":"wp","href":"https:\/\/api.w.org\/{rel}","templated":true}]}}