{"id":149,"date":"2009-10-23T08:13:00","date_gmt":"2009-10-23T08:13:00","guid":{"rendered":"http:\/\/estoyhechouncocinillas.dreamhosters.com\/?p=149"},"modified":"2015-04-13T19:04:43","modified_gmt":"2015-04-13T17:04:43","slug":"ropa-vieja-cuisine-cubaine","status":"publish","type":"post","link":"https:\/\/jesuisuncuisinier.fr\/fr\/ropa-vieja-cuisine-cubaine\/","title":{"rendered":"Recette de Ropa Vieja. Cuisine Cubaine"},"content":{"rendered":"<p>Cette entr\u00e9e explique comment pr\u00e9parer \u201c<strong>Ropa Vieja<\/strong>\u00ab\u00a0, l\u2019un des plats familiaux pour les bonnes occasions de la cuisine cubaine. C\u2019est tr\u00e8s tr\u00e8s bon et la r\u00e9alisation est tr\u00e8s tr\u00e8s simple. Bref, il suffit de faire bouillir\u00a0la viande et l\u2019incorporer \u00e0 une sauce \u00e0 base de poivrons et de tomate. J\u2019ai appris cette recette de Leo, l\u2019amie d&rsquo;une amie cubaine d\u2019origine, elle est arriv\u00e9e en Espagne il y a d\u00e9j\u00e0 un certain temps. Voulez-vous savoir comment pr\u00e9parer <strong>Ropa Vieja<\/strong> ? Voici la recette de Leo. Allez, op ! C\u2019est parti !<\/p>\n<p><ins class=\"adsbygoogle\"style=\"display:block\"data-ad-client=\"ca-pub-7750789452383743\"data-ad-slot=\"4190110340\"data-ad-format=\"auto\"data-full-width-responsive=\"true\"><\/ins><script>(adsbygoogle = window.adsbygoogle || []).push({});<\/script> <amp-ad width=\"100vw\" height=320 type=\"adsense\" data-ad-client=\"ca-pub-7750789452383743\" data-ad-slot=\"4190110340\" data-auto-format=\"rspv\" data-full-width><div overflow><\/div><\/amp-ad><div class=\"cleaner\" style=\"margin: 10px\"><\/div><div itemscope itemtype=\"http:\/\/schema.org\/Recipe\">\n<div align=\"justify\" style=\"border-style:solid; border-width: 1px;padding: 10px 10px 10px 10px;\">\n<img loading=\"lazy\" decoding=\"async\" width=\"128\" height=\"80\" src=\"https:\/\/jesuisuncuisinier.fr\/wp-content\/uploads\/2014\/03\/ropa_vieja.png\" class=\"attachment-thumbnail size-thumbnail wp-post-image\" alt=\"\" style=\"float:left; padding: 10px 10px 10px 10px\" srcset=\"https:\/\/jesuisuncuisinier.fr\/wp-content\/uploads\/2014\/03\/ropa_vieja.png 640w, https:\/\/jesuisuncuisinier.fr\/wp-content\/uploads\/2014\/03\/ropa_vieja-320x200.png 320w\" sizes=\"auto, (max-width: 128px) 100vw, 128px\" \/>\n<div itemprop=\"image\" itemscope itemtype=\"https:\/\/schema.org\/ImageObject\">\t\n<meta itemprop=\"url\" content=\"https:\/\/jesuisuncuisinier.fr\/wp-content\/uploads\/2014\/03\/ropa_vieja.png\">\n<meta itemprop=\"width\" content=\"140\">\n<meta itemprop=\"height\" content=\"85\">\n<\/div>\n<a href=\"https:\/\/jesuisuncuisinier.fr\/fr\/ropa-vieja-cuisine-cubaine\/print\/\" rel=\"nofollow\" title=\"Imprimer\"><img decoding=\"async\" src=\"https:\/\/jesuisuncuisinier.fr\/wp-content\/plugins\/wp-print\/images\/printer_famfamfam.gif\" align=\"right\" alt=\"Imprimir\"><\/a>\n<h2 itemprop=\"name\" style=\"padding: 10px 10px 0px 10px\">Recette de Ropa Vieja. Cuisine Cubaine<\/h2>\n<span id=\"post-ratings-149\" class=\"post-ratings\" data-nonce=\"7c6cd38a14\"><div align=\"center\">Votez pour cette !<\/div>\r\n<div align=\"center\"><img decoding=\"async\" id=\"rating_149_1\" src=\"https:\/\/jesuisuncuisinier.fr\/wp-content\/plugins\/wp-postratings\/images\/stars_crystal\/rating_on.gif\" alt=\"1 Star\" title=\"1 Star\" onmouseover=\"current_rating(149, 1, '1 Star');\" onmouseout=\"ratings_off(5, 0, 0);\" onclick=\"rate_post();\" onkeypress=\"rate_post();\" style=\"cursor: pointer; border: 0px;\" \/><img decoding=\"async\" id=\"rating_149_2\" src=\"https:\/\/jesuisuncuisinier.fr\/wp-content\/plugins\/wp-postratings\/images\/stars_crystal\/rating_on.gif\" alt=\"2 Stars\" title=\"2 Stars\" onmouseover=\"current_rating(149, 2, '2 Stars');\" onmouseout=\"ratings_off(5, 0, 0);\" onclick=\"rate_post();\" onkeypress=\"rate_post();\" style=\"cursor: pointer; border: 0px;\" \/><img decoding=\"async\" id=\"rating_149_3\" src=\"https:\/\/jesuisuncuisinier.fr\/wp-content\/plugins\/wp-postratings\/images\/stars_crystal\/rating_on.gif\" alt=\"3 Stars\" title=\"3 Stars\" onmouseover=\"current_rating(149, 3, '3 Stars');\" onmouseout=\"ratings_off(5, 0, 0);\" onclick=\"rate_post();\" onkeypress=\"rate_post();\" style=\"cursor: pointer; border: 0px;\" \/><img decoding=\"async\" id=\"rating_149_4\" src=\"https:\/\/jesuisuncuisinier.fr\/wp-content\/plugins\/wp-postratings\/images\/stars_crystal\/rating_on.gif\" alt=\"4 Stars\" title=\"4 Stars\" onmouseover=\"current_rating(149, 4, '4 Stars');\" onmouseout=\"ratings_off(5, 0, 0);\" onclick=\"rate_post();\" onkeypress=\"rate_post();\" style=\"cursor: pointer; border: 0px;\" \/><img decoding=\"async\" id=\"rating_149_5\" src=\"https:\/\/jesuisuncuisinier.fr\/wp-content\/plugins\/wp-postratings\/images\/stars_crystal\/rating_on.gif\" alt=\"5 Stars\" title=\"5 Stars\" onmouseover=\"current_rating(149, 5, '5 Stars');\" onmouseout=\"ratings_off(5, 0, 0);\" onclick=\"rate_post();\" onkeypress=\"rate_post();\" style=\"cursor: pointer; border: 0px;\" \/><\/div>\r\n<div align=\"center\">Note: 5,00 \/ 5. Votes: 1<\/div><\/span><span id=\"post-ratings-149-loading\" class=\"post-ratings-loading\"><img loading=\"lazy\" decoding=\"async\" src=\"https:\/\/jesuisuncuisinier.fr\/wp-content\/plugins\/wp-postratings\/images\/loading.gif\" width=\"16\" height=\"16\" class=\"post-ratings-image\" \/>Loading...<\/span><div><\/br><span itemprop=\"author\" itemscope itemtype=\"http:\/\/schema.org\/Person\">   <span itemprop=\"name\" content=\"Damian Serrano\"><\/span> <\/span>\n<b>Personnes:<\/b> <span itemprop=\"recipeYield\">4<\/span>   <b>Temps:<\/b> <time itemprop=\"totalTime\" datetime=PT1H45M>1 h 45 m<\/time>   <b>Difficult\u00e9:<\/b> Facile<\/div><div class=\"cleaner\" style=\"margin: 10px\"><\/div><time itemprop=\"dateModified\" datetime=\"2015-04-13\"><\/time> \n<span itemprop=\"description\" content=\"\" ><\/span>\n<span itemprop=\"recipeCuisine\" content=\"Unknown\" ><\/span>\n<span itemprop=\"recipeCategory\" content=\"Unknown\" ><\/span>\n<span itemprop=\"keywords\" content=\"Unknown\" ><\/span>\n<div class=\"note-wrapper\"><div class=\"note-top\"><\/div><div class=\"note-content\"><h3 style=\"padding-left: 10px; margin-bottom: 10px;\">Ingr\u00e9dients<\/h3>\n<ul>\n<li itemprop=\"recipeIngredient\">1 kg de flanchet de b\u0153uf<\/li>\n<li itemprop=\"recipeIngredient\">1 poivron vert (1\/2 s\u2019il est grand)<\/li>\n<li itemprop=\"recipeIngredient\">1 poivron rouge (1\/ s\u2019il est grand)<\/li>\n<li itemprop=\"recipeIngredient\">2 oignons moyens<\/li>\n<li itemprop=\"recipeIngredient\">4 gousses d&rsquo;ail<\/li>\n<li itemprop=\"recipeIngredient\">2 feuilles de laurier<\/li>\n<li itemprop=\"recipeIngredient\">1\/2 cuill\u00e8re \u00e0 soupe de cumin moulu<\/li>\n<li itemprop=\"recipeIngredient\">1\/2 kg de tomates<\/li>\n<li itemprop=\"recipeIngredient\">Huile d&rsquo;olive<\/li>\n<li itemprop=\"recipeIngredient\">1\/2 cuiller\u00e9e de sucre.<\/li>\n<li itemprop=\"recipeIngredient\">Sel et poivre<\/li>\n<\/ul>\n<br \/><\/div><div class=\"note-bottom\"><\/div>\n<\/div> <!-- \/ #ingredients -->\n<\/p>\n<div align=\"justify\" class=\"directions-wrapper\"><h3>\u00c9laboration<\/h3><div class=\"directions-content instructions\" >\n<\/p>\n<ol>\n<li itemprop=\"recipeInstructions\">Assaisonner la viande et la mettre dans une casserole avec un demi-litre d&rsquo;eau, 3 gousses ail, 2 feuilles de laurier, 1 oignon pel\u00e9 et un peu de sel.<\/li>\n<li itemprop=\"recipeInstructions\">Porter \u00e0 \u00e9bullition et laisser mijoter \u00e0 feu moyen-doux pendant 1 heure et demie.<\/li>\n<li itemprop=\"recipeInstructions\">Laver les poivrons, les s\u00e9cher et les tailler en lani\u00e8res.<\/li>\n<li itemprop=\"recipeInstructions\">\u00c9plucher l\u2019oignon restant et l&rsquo;\u00e9mincer.<\/li>\n<li itemprop=\"recipeInstructions\">\u00c9plucher les gousses d\u2019ail restantes et les tailler en fines tranches.<\/li>\n<li itemprop=\"recipeInstructions\">Dans une po\u00eale, faire chauffer de 2 \u00e0 3 g\u00e9n\u00e9reuses cuill\u00e8res \u00e0 soupe d&rsquo;huile d&rsquo;olive \u00e0 feu moyen.<\/li>\n<li itemprop=\"recipeInstructions\">Faire dorer l\u00e9g\u00e8rement l&rsquo;ail.<\/li>\n<li itemprop=\"recipeInstructions\">Ajouter le reste des l\u00e9gumes et faire revenir \u00e0 feu moyen-doux jusqu&rsquo;\u00e0 ce que l&rsquo;oignon soit tendre et translucide.<\/li>\n<li itemprop=\"recipeInstructions\">Laver les tomates, les peler et les couper en petits cubes. Incorporer dans la po\u00eale.<\/li>\n<li itemprop=\"recipeInstructions\">Assaisonner l\u00e9g\u00e8rement avec un peu de sel et de poivre. Ajouter le sucre et le cumin.<\/li>\n<li itemprop=\"recipeInstructions\">Laissez la tomate r\u00e9duire \u00e0 feu moyen-doux en remuant de temps en temps.<\/li>\n<li itemprop=\"recipeInstructions\">Pendant ce temps, sortir la viande cuite et la laisser ti\u00e9dir. R\u00e9server le bouillon.<\/li>\n<li itemprop=\"recipeInstructions\">D\u00e9chirer la viande avec les doigts.<\/li>\n<li itemprop=\"recipeInstructions\">Lorsque la tomate est r\u00e9duite, mouiller avec un demi-verre du bouillon de viande.<\/li>\n<li itemprop=\"recipeInstructions\">Remuer et laisser \u00e9paissir l\u00e9g\u00e8rement.<\/li>\n<li itemprop=\"recipeInstructions\">Ajouter la viande, m\u00e9langer un peu et laisser cuire le tout encore 5 minutes.<\/li>\n<li itemprop=\"recipeInstructions\">C\u2019est pr\u00eat ! Bonne d\u00e9gustation !<\/li>\n<\/ol>\n<p><\/div><div class=\"cleaner\" style=\"padding-bottom: 10px;\">&nbsp;<\/div><\/div> <!-- \/# directions -->\n<script async src=\"https:\/\/pagead2.googlesyndication.com\/pagead\/js\/adsbygoogle.js\"><\/script><ins class=\"adsbygoogle\"style=\"display:block\"data-ad-client=\"ca-pub-7750789452383743\"data-ad-slot=\"3064891712\"data-ad-format=\"auto\"><\/ins><script async>(adsbygoogle = window.adsbygoogle || []).push({});<\/script> <amp-ad width=\"100vw\" height=320 type=\"adsense\" data-ad-client=\"ca-pub-7750789452383743\" data-ad-slot=\"1189241592\" data-auto-format=\"rspv\" data-full-width><div overflow><\/div><\/amp-ad>\n<div align=\"justify\" class=\"hints-wrapper\" ><h3>Conseils et astuces<\/h3><div class=\"hints-content hints\">\n<ul>\n<li>On peut utiliser des tomates en conserve.<\/li>\n<li>Si vous n\u2019aimez pas les graines des tomates, on peut les broyer et tamiser.<\/li>\n<li>Accompagner la \u201cropa vieja\u00a0\u00bbavec du <a title=\"Recette de riz blanc pour accompagner\" href=\"http:\/\/jesuisuncuisinier.fr\/fr\/2013\/11\/riz-blanc.html\">riz blanc<\/a> et des <a title=\"Recette de tostones (chips de banane plantain)\" href=\"http:\/\/jesuisuncuisinier.fr\/fr\/2009\/10\/chips-de-banane-plantain.html\">chips de banane plantain<\/a> ou de manioc<\/li>\n<\/ul>\n<p><\/div><\/div> <!-- \/# hints --><\/div><div class=\"cleaner\" style=\"padding-bottom: 10px;\">&nbsp;<\/div><\/div><!-- \/ #recipe --> \n<\/p>\n<p>Merci Leo, encore une fois, pour m\u2019avoir appris ce merveilleux plat.<\/p>\n","protected":false},"excerpt":{"rendered":"","protected":false},"author":1,"featured_media":2034,"comment_status":"open","ping_status":"open","sticky":false,"template":"","format":"standard","meta":{"_yoast_wpseo_focuskw":"","_yoast_wpseo_metadesc":"","footnotes":""},"categories":[20],"tags":[869,904],"class_list":["post-149","post","type-post","status-publish","format-standard","has-post-thumbnail","hentry","category-recette","tag-boeuf","tag-cubaine"],"yoast_head":"<!-- This site is optimized with the Yoast SEO plugin v27.4 - https:\/\/yoast.com\/product\/yoast-seo-wordpress\/ -->\n<title>Recette de Ropa Vieja. Cuisine Cubaine<\/title>\n<meta name=\"robots\" content=\"index, follow, max-snippet:-1, max-image-preview:large, max-video-preview:-1\" \/>\n<link rel=\"canonical\" href=\"https:\/\/jesuisuncuisinier.fr\/fr\/ropa-vieja-cuisine-cubaine\/\" \/>\n<meta property=\"og:locale\" content=\"fr_FR\" \/>\n<meta property=\"og:type\" content=\"article\" \/>\n<meta property=\"og:title\" content=\"Recette de Ropa Vieja. Cuisine Cubaine\" \/>\n<meta property=\"og:url\" content=\"https:\/\/jesuisuncuisinier.fr\/fr\/ropa-vieja-cuisine-cubaine\/\" \/>\n<meta property=\"og:site_name\" content=\"Je suis un cuisinier - Recettes faciles\" \/>\n<meta property=\"article:published_time\" content=\"2009-10-23T08:13:00+00:00\" \/>\n<meta property=\"article:modified_time\" content=\"2015-04-13T17:04:43+00:00\" \/>\n<meta property=\"og:image\" content=\"https:\/\/jesuisuncuisinier.fr\/wp-content\/uploads\/2014\/03\/ropa_vieja.png\" \/>\n\t<meta property=\"og:image:width\" content=\"640\" \/>\n\t<meta property=\"og:image:height\" content=\"400\" \/>\n\t<meta property=\"og:image:type\" content=\"image\/png\" \/>\n<meta name=\"author\" content=\"Dami\u00e1n\" \/>\n<meta name=\"twitter:card\" content=\"summary_large_image\" \/>\n<meta name=\"twitter:creator\" content=\"@unptitcuisinier\" \/>\n<meta name=\"twitter:site\" content=\"@unptitcuisinier\" \/>\n<meta name=\"twitter:label1\" content=\"\u00c9crit par\" \/>\n\t<meta name=\"twitter:data1\" content=\"Dami\u00e1n\" \/>\n\t<meta name=\"twitter:label2\" content=\"Dur\u00e9e de lecture estim\u00e9e\" \/>\n\t<meta name=\"twitter:data2\" content=\"2 minutes\" \/>\n<script type=\"application\/ld+json\" class=\"yoast-schema-graph\">{\"@context\":\"https:\\\/\\\/schema.org\",\"@graph\":[{\"@type\":\"Article\",\"@id\":\"https:\\\/\\\/jesuisuncuisinier.fr\\\/fr\\\/ropa-vieja-cuisine-cubaine\\\/#article\",\"isPartOf\":{\"@id\":\"https:\\\/\\\/jesuisuncuisinier.fr\\\/fr\\\/ropa-vieja-cuisine-cubaine\\\/\"},\"author\":{\"name\":\"Dami\u00e1n\",\"@id\":\"https:\\\/\\\/jesuisuncuisinier.fr\\\/fr\\\/#\\\/schema\\\/person\\\/c2da7696f2784cce34698e48f989cb2a\"},\"headline\":\"Recette de Ropa Vieja. Cuisine Cubaine\",\"datePublished\":\"2009-10-23T08:13:00+00:00\",\"dateModified\":\"2015-04-13T17:04:43+00:00\",\"mainEntityOfPage\":{\"@id\":\"https:\\\/\\\/jesuisuncuisinier.fr\\\/fr\\\/ropa-vieja-cuisine-cubaine\\\/\"},\"wordCount\":452,\"commentCount\":0,\"publisher\":{\"@id\":\"https:\\\/\\\/jesuisuncuisinier.fr\\\/fr\\\/#\\\/schema\\\/person\\\/04d97b7b1ae2f60e14cd96fc10a341aa\"},\"image\":{\"@id\":\"https:\\\/\\\/jesuisuncuisinier.fr\\\/fr\\\/ropa-vieja-cuisine-cubaine\\\/#primaryimage\"},\"thumbnailUrl\":\"https:\\\/\\\/jesuisuncuisinier.fr\\\/wp-content\\\/uploads\\\/2014\\\/03\\\/ropa_vieja.png\",\"keywords\":[\"boeuf\",\"cubaine\"],\"articleSection\":[\"recette\"],\"inLanguage\":\"fr-FR\",\"potentialAction\":[{\"@type\":\"CommentAction\",\"name\":\"Comment\",\"target\":[\"https:\\\/\\\/jesuisuncuisinier.fr\\\/fr\\\/ropa-vieja-cuisine-cubaine\\\/#respond\"]}]},{\"@type\":\"WebPage\",\"@id\":\"https:\\\/\\\/jesuisuncuisinier.fr\\\/fr\\\/ropa-vieja-cuisine-cubaine\\\/\",\"url\":\"https:\\\/\\\/jesuisuncuisinier.fr\\\/fr\\\/ropa-vieja-cuisine-cubaine\\\/\",\"name\":\"Recette de Ropa Vieja. Cuisine Cubaine\",\"isPartOf\":{\"@id\":\"https:\\\/\\\/jesuisuncuisinier.fr\\\/fr\\\/#website\"},\"primaryImageOfPage\":{\"@id\":\"https:\\\/\\\/jesuisuncuisinier.fr\\\/fr\\\/ropa-vieja-cuisine-cubaine\\\/#primaryimage\"},\"image\":{\"@id\":\"https:\\\/\\\/jesuisuncuisinier.fr\\\/fr\\\/ropa-vieja-cuisine-cubaine\\\/#primaryimage\"},\"thumbnailUrl\":\"https:\\\/\\\/jesuisuncuisinier.fr\\\/wp-content\\\/uploads\\\/2014\\\/03\\\/ropa_vieja.png\",\"datePublished\":\"2009-10-23T08:13:00+00:00\",\"dateModified\":\"2015-04-13T17:04:43+00:00\",\"breadcrumb\":{\"@id\":\"https:\\\/\\\/jesuisuncuisinier.fr\\\/fr\\\/ropa-vieja-cuisine-cubaine\\\/#breadcrumb\"},\"inLanguage\":\"fr-FR\",\"potentialAction\":[{\"@type\":\"ReadAction\",\"target\":[\"https:\\\/\\\/jesuisuncuisinier.fr\\\/fr\\\/ropa-vieja-cuisine-cubaine\\\/\"]}]},{\"@type\":\"ImageObject\",\"inLanguage\":\"fr-FR\",\"@id\":\"https:\\\/\\\/jesuisuncuisinier.fr\\\/fr\\\/ropa-vieja-cuisine-cubaine\\\/#primaryimage\",\"url\":\"https:\\\/\\\/jesuisuncuisinier.fr\\\/wp-content\\\/uploads\\\/2014\\\/03\\\/ropa_vieja.png\",\"contentUrl\":\"https:\\\/\\\/jesuisuncuisinier.fr\\\/wp-content\\\/uploads\\\/2014\\\/03\\\/ropa_vieja.png\",\"width\":640,\"height\":400},{\"@type\":\"BreadcrumbList\",\"@id\":\"https:\\\/\\\/jesuisuncuisinier.fr\\\/fr\\\/ropa-vieja-cuisine-cubaine\\\/#breadcrumb\",\"itemListElement\":[{\"@type\":\"ListItem\",\"position\":1,\"name\":\"Portada\",\"item\":\"https:\\\/\\\/jesuisuncuisinier.fr\\\/fr\\\/\"},{\"@type\":\"ListItem\",\"position\":2,\"name\":\"Recette de Ropa Vieja. Cuisine Cubaine\"}]},{\"@type\":\"WebSite\",\"@id\":\"https:\\\/\\\/jesuisuncuisinier.fr\\\/fr\\\/#website\",\"url\":\"https:\\\/\\\/jesuisuncuisinier.fr\\\/fr\\\/\",\"name\":\"Je suis un cuisinier - Recettes faciles\",\"description\":\"Recettes de cuisine faciles pour tous les jours. Cuisine fran\u00e7aise, espagnole et d&#039;ailleurs.\",\"publisher\":{\"@id\":\"https:\\\/\\\/jesuisuncuisinier.fr\\\/fr\\\/#\\\/schema\\\/person\\\/04d97b7b1ae2f60e14cd96fc10a341aa\"},\"potentialAction\":[{\"@type\":\"SearchAction\",\"target\":{\"@type\":\"EntryPoint\",\"urlTemplate\":\"https:\\\/\\\/jesuisuncuisinier.fr\\\/fr\\\/?s={search_term_string}\"},\"query-input\":{\"@type\":\"PropertyValueSpecification\",\"valueRequired\":true,\"valueName\":\"search_term_string\"}}],\"inLanguage\":\"fr-FR\"},{\"@type\":[\"Person\",\"Organization\"],\"@id\":\"https:\\\/\\\/jesuisuncuisinier.fr\\\/fr\\\/#\\\/schema\\\/person\\\/04d97b7b1ae2f60e14cd96fc10a341aa\",\"name\":\"Dami\u00e1n Serrano\",\"image\":{\"@type\":\"ImageObject\",\"inLanguage\":\"fr-FR\",\"@id\":\"https:\\\/\\\/jesuisuncuisinier.fr\\\/wp-content\\\/uploads\\\/2019\\\/11\\\/avatar.jpg\",\"url\":\"https:\\\/\\\/jesuisuncuisinier.fr\\\/wp-content\\\/uploads\\\/2019\\\/11\\\/avatar.jpg\",\"contentUrl\":\"https:\\\/\\\/jesuisuncuisinier.fr\\\/wp-content\\\/uploads\\\/2019\\\/11\\\/avatar.jpg\",\"width\":200,\"height\":200,\"caption\":\"Dami\u00e1n Serrano\"},\"logo\":{\"@id\":\"https:\\\/\\\/jesuisuncuisinier.fr\\\/wp-content\\\/uploads\\\/2019\\\/11\\\/avatar.jpg\"}},{\"@type\":\"Person\",\"@id\":\"https:\\\/\\\/jesuisuncuisinier.fr\\\/fr\\\/#\\\/schema\\\/person\\\/c2da7696f2784cce34698e48f989cb2a\",\"name\":\"Dami\u00e1n\",\"sameAs\":[\"http:\\\/\\\/jesuisuncuisinier.fr\",\"https:\\\/\\\/x.com\\\/unptitcuisinier\"]}]}<\/script>\n<!-- \/ Yoast SEO plugin. -->","yoast_head_json":{"title":"Recette de Ropa Vieja. Cuisine Cubaine","robots":{"index":"index","follow":"follow","max-snippet":"max-snippet:-1","max-image-preview":"max-image-preview:large","max-video-preview":"max-video-preview:-1"},"canonical":"https:\/\/jesuisuncuisinier.fr\/fr\/ropa-vieja-cuisine-cubaine\/","og_locale":"fr_FR","og_type":"article","og_title":"Recette de Ropa Vieja. Cuisine Cubaine","og_url":"https:\/\/jesuisuncuisinier.fr\/fr\/ropa-vieja-cuisine-cubaine\/","og_site_name":"Je suis un cuisinier - Recettes faciles","article_published_time":"2009-10-23T08:13:00+00:00","article_modified_time":"2015-04-13T17:04:43+00:00","og_image":[{"width":640,"height":400,"url":"https:\/\/jesuisuncuisinier.fr\/wp-content\/uploads\/2014\/03\/ropa_vieja.png","type":"image\/png"}],"author":"Dami\u00e1n","twitter_card":"summary_large_image","twitter_creator":"@unptitcuisinier","twitter_site":"@unptitcuisinier","twitter_misc":{"\u00c9crit par":"Dami\u00e1n","Dur\u00e9e de lecture estim\u00e9e":"2 minutes"},"schema":{"@context":"https:\/\/schema.org","@graph":[{"@type":"Article","@id":"https:\/\/jesuisuncuisinier.fr\/fr\/ropa-vieja-cuisine-cubaine\/#article","isPartOf":{"@id":"https:\/\/jesuisuncuisinier.fr\/fr\/ropa-vieja-cuisine-cubaine\/"},"author":{"name":"Dami\u00e1n","@id":"https:\/\/jesuisuncuisinier.fr\/fr\/#\/schema\/person\/c2da7696f2784cce34698e48f989cb2a"},"headline":"Recette de Ropa Vieja. Cuisine Cubaine","datePublished":"2009-10-23T08:13:00+00:00","dateModified":"2015-04-13T17:04:43+00:00","mainEntityOfPage":{"@id":"https:\/\/jesuisuncuisinier.fr\/fr\/ropa-vieja-cuisine-cubaine\/"},"wordCount":452,"commentCount":0,"publisher":{"@id":"https:\/\/jesuisuncuisinier.fr\/fr\/#\/schema\/person\/04d97b7b1ae2f60e14cd96fc10a341aa"},"image":{"@id":"https:\/\/jesuisuncuisinier.fr\/fr\/ropa-vieja-cuisine-cubaine\/#primaryimage"},"thumbnailUrl":"https:\/\/jesuisuncuisinier.fr\/wp-content\/uploads\/2014\/03\/ropa_vieja.png","keywords":["boeuf","cubaine"],"articleSection":["recette"],"inLanguage":"fr-FR","potentialAction":[{"@type":"CommentAction","name":"Comment","target":["https:\/\/jesuisuncuisinier.fr\/fr\/ropa-vieja-cuisine-cubaine\/#respond"]}]},{"@type":"WebPage","@id":"https:\/\/jesuisuncuisinier.fr\/fr\/ropa-vieja-cuisine-cubaine\/","url":"https:\/\/jesuisuncuisinier.fr\/fr\/ropa-vieja-cuisine-cubaine\/","name":"Recette de Ropa Vieja. Cuisine Cubaine","isPartOf":{"@id":"https:\/\/jesuisuncuisinier.fr\/fr\/#website"},"primaryImageOfPage":{"@id":"https:\/\/jesuisuncuisinier.fr\/fr\/ropa-vieja-cuisine-cubaine\/#primaryimage"},"image":{"@id":"https:\/\/jesuisuncuisinier.fr\/fr\/ropa-vieja-cuisine-cubaine\/#primaryimage"},"thumbnailUrl":"https:\/\/jesuisuncuisinier.fr\/wp-content\/uploads\/2014\/03\/ropa_vieja.png","datePublished":"2009-10-23T08:13:00+00:00","dateModified":"2015-04-13T17:04:43+00:00","breadcrumb":{"@id":"https:\/\/jesuisuncuisinier.fr\/fr\/ropa-vieja-cuisine-cubaine\/#breadcrumb"},"inLanguage":"fr-FR","potentialAction":[{"@type":"ReadAction","target":["https:\/\/jesuisuncuisinier.fr\/fr\/ropa-vieja-cuisine-cubaine\/"]}]},{"@type":"ImageObject","inLanguage":"fr-FR","@id":"https:\/\/jesuisuncuisinier.fr\/fr\/ropa-vieja-cuisine-cubaine\/#primaryimage","url":"https:\/\/jesuisuncuisinier.fr\/wp-content\/uploads\/2014\/03\/ropa_vieja.png","contentUrl":"https:\/\/jesuisuncuisinier.fr\/wp-content\/uploads\/2014\/03\/ropa_vieja.png","width":640,"height":400},{"@type":"BreadcrumbList","@id":"https:\/\/jesuisuncuisinier.fr\/fr\/ropa-vieja-cuisine-cubaine\/#breadcrumb","itemListElement":[{"@type":"ListItem","position":1,"name":"Portada","item":"https:\/\/jesuisuncuisinier.fr\/fr\/"},{"@type":"ListItem","position":2,"name":"Recette de Ropa Vieja. Cuisine Cubaine"}]},{"@type":"WebSite","@id":"https:\/\/jesuisuncuisinier.fr\/fr\/#website","url":"https:\/\/jesuisuncuisinier.fr\/fr\/","name":"Je suis un cuisinier - Recettes faciles","description":"Recettes de cuisine faciles pour tous les jours. Cuisine fran\u00e7aise, espagnole et d&#039;ailleurs.","publisher":{"@id":"https:\/\/jesuisuncuisinier.fr\/fr\/#\/schema\/person\/04d97b7b1ae2f60e14cd96fc10a341aa"},"potentialAction":[{"@type":"SearchAction","target":{"@type":"EntryPoint","urlTemplate":"https:\/\/jesuisuncuisinier.fr\/fr\/?s={search_term_string}"},"query-input":{"@type":"PropertyValueSpecification","valueRequired":true,"valueName":"search_term_string"}}],"inLanguage":"fr-FR"},{"@type":["Person","Organization"],"@id":"https:\/\/jesuisuncuisinier.fr\/fr\/#\/schema\/person\/04d97b7b1ae2f60e14cd96fc10a341aa","name":"Dami\u00e1n Serrano","image":{"@type":"ImageObject","inLanguage":"fr-FR","@id":"https:\/\/jesuisuncuisinier.fr\/wp-content\/uploads\/2019\/11\/avatar.jpg","url":"https:\/\/jesuisuncuisinier.fr\/wp-content\/uploads\/2019\/11\/avatar.jpg","contentUrl":"https:\/\/jesuisuncuisinier.fr\/wp-content\/uploads\/2019\/11\/avatar.jpg","width":200,"height":200,"caption":"Dami\u00e1n Serrano"},"logo":{"@id":"https:\/\/jesuisuncuisinier.fr\/wp-content\/uploads\/2019\/11\/avatar.jpg"}},{"@type":"Person","@id":"https:\/\/jesuisuncuisinier.fr\/fr\/#\/schema\/person\/c2da7696f2784cce34698e48f989cb2a","name":"Dami\u00e1n","sameAs":["http:\/\/jesuisuncuisinier.fr","https:\/\/x.com\/unptitcuisinier"]}]}},"amp_enabled":true,"_links":{"self":[{"href":"https:\/\/jesuisuncuisinier.fr\/fr\/wp-json\/wp\/v2\/posts\/149","targetHints":{"allow":["GET"]}}],"collection":[{"href":"https:\/\/jesuisuncuisinier.fr\/fr\/wp-json\/wp\/v2\/posts"}],"about":[{"href":"https:\/\/jesuisuncuisinier.fr\/fr\/wp-json\/wp\/v2\/types\/post"}],"author":[{"embeddable":true,"href":"https:\/\/jesuisuncuisinier.fr\/fr\/wp-json\/wp\/v2\/users\/1"}],"replies":[{"embeddable":true,"href":"https:\/\/jesuisuncuisinier.fr\/fr\/wp-json\/wp\/v2\/comments?post=149"}],"version-history":[{"count":0,"href":"https:\/\/jesuisuncuisinier.fr\/fr\/wp-json\/wp\/v2\/posts\/149\/revisions"}],"wp:featuredmedia":[{"embeddable":true,"href":"https:\/\/jesuisuncuisinier.fr\/fr\/wp-json\/wp\/v2\/media\/2034"}],"wp:attachment":[{"href":"https:\/\/jesuisuncuisinier.fr\/fr\/wp-json\/wp\/v2\/media?parent=149"}],"wp:term":[{"taxonomy":"category","embeddable":true,"href":"https:\/\/jesuisuncuisinier.fr\/fr\/wp-json\/wp\/v2\/categories?post=149"},{"taxonomy":"post_tag","embeddable":true,"href":"https:\/\/jesuisuncuisinier.fr\/fr\/wp-json\/wp\/v2\/tags?post=149"}],"curies":[{"name":"wp","href":"https:\/\/api.w.org\/{rel}","templated":true}]}}