{"id":14749,"date":"2022-06-06T15:42:05","date_gmt":"2022-06-06T13:42:05","guid":{"rendered":"https:\/\/jesuisuncuisinier.fr\/fr\/?p=14749"},"modified":"2022-06-06T15:53:34","modified_gmt":"2022-06-06T13:53:34","slug":"a-la-decouverte-de-la-gastronomie-lyonnaise","status":"publish","type":"post","link":"https:\/\/jesuisuncuisinier.fr\/fr\/a-la-decouverte-de-la-gastronomie-lyonnaise\/","title":{"rendered":"A la d\u00e9couverte de la gastronomie lyonnaise"},"content":{"rendered":"<p>Encore aujourd&rsquo;hui connue sous l&rsquo;appellation de \u00ab\u00a0capitale des gaules\u00a0\u00bb, Lyon est aussi sans contestation possible l&rsquo;une des capitales de la gastronomie fran\u00e7aise. La tradition culinaire lyonnaise est en effet un h\u00e9ritage de longue date qui perdure encore aujourd&rsquo;hui, en t\u00e9moignent le nombre impressionnant de bonnes tables, plus ou moins confidentielles, qui se nichent au recoin de chaque traboule.<\/p>\n<p>Les grands chefs lyonnais qui ont marqu\u00e9 la cuisine et la r\u00e9gion de leur empreinte sont en effet l\u00e9gion. On pense bien s\u00fbr \u00e0 des sommit\u00e9s comme Paul Bocuse ou Alain Chapel, qui ont laiss\u00e9 une marque ind\u00e9l\u00e9bile et ouvert la voie \u00e0 la rel\u00e8ve qui fait vibrer la cuisine lyonnaise aujourd&rsquo;hui, tels que Mathieu Vianney, Tabatha Mey ou encore Joseph Viola, pour ne citer qu&rsquo;eux.<\/p>\n<p>Dans cet article, d\u00e9couvrez notre passage en revue de plats et d\u00e9lices du cru \u00e0 r\u00e9aliser ou \u00e0 revisiter soi-m\u00eame.<\/p>\n<script async src=\"\/\/pagead2.googlesyndication.com\/pagead\/js\/adsbygoogle.js\"><\/script><ins class=\"adsbygoogle\"style=\"display:block\"data-ad-client=\"ca-pub-7750789452383743\"data-ad-slot=\"9252856116\"data-ad-format=\"auto\"><\/ins><script>(adsbygoogle = window.adsbygoogle || []).push({});<\/script><amp-ad width=\"100vw\" height=320 type=\"adsense\" data-ad-client=\"ca-pub-7750789452383743\" data-ad-slot=\"7340373828\" data-auto-format=\"rspv\" data-full-width><div overflow><\/div><\/amp-ad><div class=\"cleaner\" style=\"margin: 10px\"><\/div>\n<h2>Une cuisine de qualit\u00e9 repose avant tout sur des bons produits.<\/h2>\n<p>On ne le r\u00e9p\u00e9tera jamais assez, la bonne cuisine est avant tout une affaire de s\u00e9lection rigoureuse des produits. Aussi, si vous habitez vous-m\u00eame dans la capitale des gaules, vous trouverez de quoi remplir votre panier de victuailles de choix en vous tournant vers ce <a href=\"https:\/\/www.lacagettedesgones.fr\/\">magasin bio lyon<\/a>.<\/p>\n<p>En effet, le bio est aujourd&rsquo;hui un incontournable en mati\u00e8re de cuisine, les derni\u00e8res donn\u00e9es montrant le taux de contamination aux produits phytosanitaires des fruits et l\u00e9gumes europ\u00e9ens issus de l&rsquo;agriculture intensive en \u00e9tant la derni\u00e8re illustration.<\/p>\n<p>De plus, l&rsquo;amour de la gastronomie, c&rsquo;est aussi celui des terroirs et de la nature qui nous gratifie de tant de d\u00e9lices et de bienfaits. C&rsquo;est pourquoi il est primordial de s\u00e9lectionner des ingr\u00e9dients \u00e0 la qualit\u00e9 gustative ind\u00e9niable, mais aussi qui ont \u00e9t\u00e9s produits dans des conditions respectueuses de la nature et de la sant\u00e9 des consommateurs comme des producteurs eux-m\u00eames.<\/p>\n<script async src=\"\/\/pagead2.googlesyndication.com\/pagead\/js\/adsbygoogle.js\"><\/script><ins class=\"adsbygoogle\"style=\"display:block\"data-ad-client=\"ca-pub-7750789452383743\"data-ad-slot=\"9252856116\"data-ad-format=\"auto\"><\/ins><script>(adsbygoogle = window.adsbygoogle || []).push({});<\/script><amp-ad width=\"100vw\" height=320 type=\"adsense\" data-ad-client=\"ca-pub-7750789452383743\" data-ad-slot=\"7340373828\" data-auto-format=\"rspv\" data-full-width><div overflow><\/div><\/amp-ad><div class=\"cleaner\" style=\"margin: 10px\"><\/div>\n<h3>Les plats lyonnais les plus embl\u00e9matiques.<\/h3>\n<p>Voici donc comme promis notre s\u00e9lection de plats typiquement lyonnais qui m\u00e9ritent la d\u00e9couverte, lors d&rsquo;une sortie au restaurant ou lors d&rsquo;une session \u00ab\u00a0pr\u00e9paration de petits plats \u00a0\u00bb dans votre cuisine personnelle.<\/p>\n<ol>\n<li><strong>La t\u00eate de veau sauce gribiche<\/strong> : surement l&rsquo;un des plats les plus embl\u00e9matiques de la gastronomie lyonnaise. Elle est aussi relativement simple \u00e0 pr\u00e9parer, la partie la plus technique \u00e9tant assur\u00e9e par le tripier qui assemblera la t\u00eate et les joues de veau pour vous.<br \/>\nLe reste de la pr\u00e9paration consistant essentiellement \u00e0 constituer un bouillon de l\u00e9gumes et \u00e0 surveiller de temps \u00e0 autre la cuisson lente de la pr\u00e9paration. Pour le dressage, placez la t\u00eate de veau au centre de l&rsquo;assiette et nappez avec la sauce.<\/li>\n<li><strong>La poularde demi deuil<\/strong> : Impossible de faire l&rsquo;impasse sur cette merveille absolue qui plongera vos papilles dans un ravissement infini. Il ne s&rsquo;agit ni plus ni moins que d&rsquo;une volaille dans laquelle sont serties de belles tranches de truffe du P\u00e9rigord, qui sera ensuite mitonn\u00e9e d\u00e9licatement avec un bouillon de l\u00e9gumes appropri\u00e9.<br \/>\nAvant de vous lancer dans sa pr\u00e9paration, nous ne saurions trop vous conseiller d&rsquo;aller gouter ce plat chez un maitre queue du coin, afin que vous puissiez appr\u00e9cier ce plat sublime \u00e0 sa juste valeur.<\/li>\n<\/ol>\n","protected":false},"excerpt":{"rendered":"<p>Encore aujourd&rsquo;hui connue sous l&rsquo;appellation de \u00ab\u00a0capitale des gaules\u00a0\u00bb, Lyon est aussi sans contestation possible l&rsquo;une des capitales de la gastronomie fran\u00e7aise. La tradition culinaire lyonnaise est en effet un h\u00e9ritage de longue date qui [&hellip;]<\/p>\n","protected":false},"author":1,"featured_media":14750,"comment_status":"open","ping_status":"open","sticky":false,"template":"","format":"standard","meta":{"_yoast_wpseo_focuskw":"","_yoast_wpseo_metadesc":"","footnotes":""},"categories":[1455,1456],"tags":[1024,1475],"class_list":["post-14749","post","type-post","status-publish","format-standard","has-post-thumbnail","hentry","category-un-peu-de-tout","category-guides","tag-lyon","tag-gastronomie"],"yoast_head":"<!-- This site is optimized with the Yoast SEO plugin v27.5 - https:\/\/yoast.com\/product\/yoast-seo-wordpress\/ -->\n<title>A la d\u00e9couverte de la gastronomie lyonnaise<\/title>\n<meta name=\"robots\" content=\"index, follow, max-snippet:-1, max-image-preview:large, max-video-preview:-1\" \/>\n<link rel=\"canonical\" href=\"https:\/\/jesuisuncuisinier.fr\/fr\/a-la-decouverte-de-la-gastronomie-lyonnaise\/\" \/>\n<meta property=\"og:locale\" content=\"fr_FR\" \/>\n<meta property=\"og:type\" content=\"article\" \/>\n<meta property=\"og:title\" content=\"A la d\u00e9couverte de la gastronomie lyonnaise\" \/>\n<meta property=\"og:description\" content=\"Encore aujourd&rsquo;hui connue sous l&rsquo;appellation de \u00ab\u00a0capitale des gaules\u00a0\u00bb, Lyon est aussi sans contestation possible l&rsquo;une des capitales de la gastronomie fran\u00e7aise. La tradition culinaire lyonnaise est en effet un h\u00e9ritage de longue date qui [&hellip;]\" \/>\n<meta property=\"og:url\" content=\"https:\/\/jesuisuncuisinier.fr\/fr\/a-la-decouverte-de-la-gastronomie-lyonnaise\/\" \/>\n<meta property=\"og:site_name\" content=\"Je suis un cuisinier - Recettes faciles\" \/>\n<meta property=\"article:published_time\" content=\"2022-06-06T13:42:05+00:00\" \/>\n<meta property=\"article:modified_time\" content=\"2022-06-06T13:53:34+00:00\" \/>\n<meta property=\"og:image\" content=\"https:\/\/jesuisuncuisinier.fr\/wp-content\/uploads\/2022\/06\/a-la-decouverte-de-la-gastronomie-lyonnaise.jpg\" \/>\n\t<meta property=\"og:image:width\" content=\"1472\" \/>\n\t<meta property=\"og:image:height\" content=\"2015\" \/>\n\t<meta property=\"og:image:type\" content=\"image\/jpeg\" \/>\n<meta name=\"author\" content=\"Dami\u00e1n\" \/>\n<meta name=\"twitter:card\" content=\"summary_large_image\" \/>\n<meta name=\"twitter:creator\" content=\"@unptitcuisinier\" \/>\n<meta name=\"twitter:site\" content=\"@unptitcuisinier\" \/>\n<meta name=\"twitter:label1\" content=\"\u00c9crit par\" \/>\n\t<meta name=\"twitter:data1\" content=\"Dami\u00e1n\" \/>\n\t<meta name=\"twitter:label2\" content=\"Dur\u00e9e de lecture estim\u00e9e\" \/>\n\t<meta name=\"twitter:data2\" content=\"3 minutes\" \/>\n<script type=\"application\/ld+json\" class=\"yoast-schema-graph\">{\"@context\":\"https:\\\/\\\/schema.org\",\"@graph\":[{\"@type\":\"Article\",\"@id\":\"https:\\\/\\\/jesuisuncuisinier.fr\\\/fr\\\/a-la-decouverte-de-la-gastronomie-lyonnaise\\\/#article\",\"isPartOf\":{\"@id\":\"https:\\\/\\\/jesuisuncuisinier.fr\\\/fr\\\/a-la-decouverte-de-la-gastronomie-lyonnaise\\\/\"},\"author\":{\"name\":\"Dami\u00e1n\",\"@id\":\"https:\\\/\\\/jesuisuncuisinier.fr\\\/fr\\\/#\\\/schema\\\/person\\\/c2da7696f2784cce34698e48f989cb2a\"},\"headline\":\"A la d\u00e9couverte de la gastronomie lyonnaise\",\"datePublished\":\"2022-06-06T13:42:05+00:00\",\"dateModified\":\"2022-06-06T13:53:34+00:00\",\"mainEntityOfPage\":{\"@id\":\"https:\\\/\\\/jesuisuncuisinier.fr\\\/fr\\\/a-la-decouverte-de-la-gastronomie-lyonnaise\\\/\"},\"wordCount\":583,\"commentCount\":1,\"publisher\":{\"@id\":\"https:\\\/\\\/jesuisuncuisinier.fr\\\/fr\\\/#\\\/schema\\\/person\\\/04d97b7b1ae2f60e14cd96fc10a341aa\"},\"image\":{\"@id\":\"https:\\\/\\\/jesuisuncuisinier.fr\\\/fr\\\/a-la-decouverte-de-la-gastronomie-lyonnaise\\\/#primaryimage\"},\"thumbnailUrl\":\"https:\\\/\\\/jesuisuncuisinier.fr\\\/wp-content\\\/uploads\\\/2022\\\/06\\\/a-la-decouverte-de-la-gastronomie-lyonnaise.jpg\",\"keywords\":[\"lyon\",\"gastronomie\"],\"articleSection\":[\"Un peu de tout\",\"Guides\"],\"inLanguage\":\"fr-FR\",\"potentialAction\":[{\"@type\":\"CommentAction\",\"name\":\"Comment\",\"target\":[\"https:\\\/\\\/jesuisuncuisinier.fr\\\/fr\\\/a-la-decouverte-de-la-gastronomie-lyonnaise\\\/#respond\"]}]},{\"@type\":\"WebPage\",\"@id\":\"https:\\\/\\\/jesuisuncuisinier.fr\\\/fr\\\/a-la-decouverte-de-la-gastronomie-lyonnaise\\\/\",\"url\":\"https:\\\/\\\/jesuisuncuisinier.fr\\\/fr\\\/a-la-decouverte-de-la-gastronomie-lyonnaise\\\/\",\"name\":\"A la d\u00e9couverte de la gastronomie lyonnaise\",\"isPartOf\":{\"@id\":\"https:\\\/\\\/jesuisuncuisinier.fr\\\/fr\\\/#website\"},\"primaryImageOfPage\":{\"@id\":\"https:\\\/\\\/jesuisuncuisinier.fr\\\/fr\\\/a-la-decouverte-de-la-gastronomie-lyonnaise\\\/#primaryimage\"},\"image\":{\"@id\":\"https:\\\/\\\/jesuisuncuisinier.fr\\\/fr\\\/a-la-decouverte-de-la-gastronomie-lyonnaise\\\/#primaryimage\"},\"thumbnailUrl\":\"https:\\\/\\\/jesuisuncuisinier.fr\\\/wp-content\\\/uploads\\\/2022\\\/06\\\/a-la-decouverte-de-la-gastronomie-lyonnaise.jpg\",\"datePublished\":\"2022-06-06T13:42:05+00:00\",\"dateModified\":\"2022-06-06T13:53:34+00:00\",\"breadcrumb\":{\"@id\":\"https:\\\/\\\/jesuisuncuisinier.fr\\\/fr\\\/a-la-decouverte-de-la-gastronomie-lyonnaise\\\/#breadcrumb\"},\"inLanguage\":\"fr-FR\",\"potentialAction\":[{\"@type\":\"ReadAction\",\"target\":[\"https:\\\/\\\/jesuisuncuisinier.fr\\\/fr\\\/a-la-decouverte-de-la-gastronomie-lyonnaise\\\/\"]}]},{\"@type\":\"ImageObject\",\"inLanguage\":\"fr-FR\",\"@id\":\"https:\\\/\\\/jesuisuncuisinier.fr\\\/fr\\\/a-la-decouverte-de-la-gastronomie-lyonnaise\\\/#primaryimage\",\"url\":\"https:\\\/\\\/jesuisuncuisinier.fr\\\/wp-content\\\/uploads\\\/2022\\\/06\\\/a-la-decouverte-de-la-gastronomie-lyonnaise.jpg\",\"contentUrl\":\"https:\\\/\\\/jesuisuncuisinier.fr\\\/wp-content\\\/uploads\\\/2022\\\/06\\\/a-la-decouverte-de-la-gastronomie-lyonnaise.jpg\",\"width\":1472,\"height\":2015,\"caption\":\"A la d\u00e9couverte de la gastronomie lyonnaise\"},{\"@type\":\"BreadcrumbList\",\"@id\":\"https:\\\/\\\/jesuisuncuisinier.fr\\\/fr\\\/a-la-decouverte-de-la-gastronomie-lyonnaise\\\/#breadcrumb\",\"itemListElement\":[{\"@type\":\"ListItem\",\"position\":1,\"name\":\"Portada\",\"item\":\"https:\\\/\\\/jesuisuncuisinier.fr\\\/fr\\\/\"},{\"@type\":\"ListItem\",\"position\":2,\"name\":\"A la d\u00e9couverte de la gastronomie lyonnaise\"}]},{\"@type\":\"WebSite\",\"@id\":\"https:\\\/\\\/jesuisuncuisinier.fr\\\/fr\\\/#website\",\"url\":\"https:\\\/\\\/jesuisuncuisinier.fr\\\/fr\\\/\",\"name\":\"Je suis un cuisinier - Recettes faciles\",\"description\":\"Recettes de cuisine faciles pour tous les jours. Cuisine fran\u00e7aise, espagnole et d&#039;ailleurs.\",\"publisher\":{\"@id\":\"https:\\\/\\\/jesuisuncuisinier.fr\\\/fr\\\/#\\\/schema\\\/person\\\/04d97b7b1ae2f60e14cd96fc10a341aa\"},\"potentialAction\":[{\"@type\":\"SearchAction\",\"target\":{\"@type\":\"EntryPoint\",\"urlTemplate\":\"https:\\\/\\\/jesuisuncuisinier.fr\\\/fr\\\/?s={search_term_string}\"},\"query-input\":{\"@type\":\"PropertyValueSpecification\",\"valueRequired\":true,\"valueName\":\"search_term_string\"}}],\"inLanguage\":\"fr-FR\"},{\"@type\":[\"Person\",\"Organization\"],\"@id\":\"https:\\\/\\\/jesuisuncuisinier.fr\\\/fr\\\/#\\\/schema\\\/person\\\/04d97b7b1ae2f60e14cd96fc10a341aa\",\"name\":\"Dami\u00e1n Serrano\",\"image\":{\"@type\":\"ImageObject\",\"inLanguage\":\"fr-FR\",\"@id\":\"https:\\\/\\\/jesuisuncuisinier.fr\\\/wp-content\\\/uploads\\\/2019\\\/11\\\/avatar.jpg\",\"url\":\"https:\\\/\\\/jesuisuncuisinier.fr\\\/wp-content\\\/uploads\\\/2019\\\/11\\\/avatar.jpg\",\"contentUrl\":\"https:\\\/\\\/jesuisuncuisinier.fr\\\/wp-content\\\/uploads\\\/2019\\\/11\\\/avatar.jpg\",\"width\":200,\"height\":200,\"caption\":\"Dami\u00e1n Serrano\"},\"logo\":{\"@id\":\"https:\\\/\\\/jesuisuncuisinier.fr\\\/wp-content\\\/uploads\\\/2019\\\/11\\\/avatar.jpg\"}},{\"@type\":\"Person\",\"@id\":\"https:\\\/\\\/jesuisuncuisinier.fr\\\/fr\\\/#\\\/schema\\\/person\\\/c2da7696f2784cce34698e48f989cb2a\",\"name\":\"Dami\u00e1n\",\"sameAs\":[\"http:\\\/\\\/jesuisuncuisinier.fr\",\"https:\\\/\\\/x.com\\\/unptitcuisinier\"]}]}<\/script>\n<!-- \/ Yoast SEO plugin. -->","yoast_head_json":{"title":"A la d\u00e9couverte de la gastronomie lyonnaise","robots":{"index":"index","follow":"follow","max-snippet":"max-snippet:-1","max-image-preview":"max-image-preview:large","max-video-preview":"max-video-preview:-1"},"canonical":"https:\/\/jesuisuncuisinier.fr\/fr\/a-la-decouverte-de-la-gastronomie-lyonnaise\/","og_locale":"fr_FR","og_type":"article","og_title":"A la d\u00e9couverte de la gastronomie lyonnaise","og_description":"Encore aujourd&rsquo;hui connue sous l&rsquo;appellation de \u00ab\u00a0capitale des gaules\u00a0\u00bb, Lyon est aussi sans contestation possible l&rsquo;une des capitales de la gastronomie fran\u00e7aise. La tradition culinaire lyonnaise est en effet un h\u00e9ritage de longue date qui [&hellip;]","og_url":"https:\/\/jesuisuncuisinier.fr\/fr\/a-la-decouverte-de-la-gastronomie-lyonnaise\/","og_site_name":"Je suis un cuisinier - Recettes faciles","article_published_time":"2022-06-06T13:42:05+00:00","article_modified_time":"2022-06-06T13:53:34+00:00","og_image":[{"width":1472,"height":2015,"url":"https:\/\/jesuisuncuisinier.fr\/wp-content\/uploads\/2022\/06\/a-la-decouverte-de-la-gastronomie-lyonnaise.jpg","type":"image\/jpeg"}],"author":"Dami\u00e1n","twitter_card":"summary_large_image","twitter_creator":"@unptitcuisinier","twitter_site":"@unptitcuisinier","twitter_misc":{"\u00c9crit par":"Dami\u00e1n","Dur\u00e9e de lecture estim\u00e9e":"3 minutes"},"schema":{"@context":"https:\/\/schema.org","@graph":[{"@type":"Article","@id":"https:\/\/jesuisuncuisinier.fr\/fr\/a-la-decouverte-de-la-gastronomie-lyonnaise\/#article","isPartOf":{"@id":"https:\/\/jesuisuncuisinier.fr\/fr\/a-la-decouverte-de-la-gastronomie-lyonnaise\/"},"author":{"name":"Dami\u00e1n","@id":"https:\/\/jesuisuncuisinier.fr\/fr\/#\/schema\/person\/c2da7696f2784cce34698e48f989cb2a"},"headline":"A la d\u00e9couverte de la gastronomie lyonnaise","datePublished":"2022-06-06T13:42:05+00:00","dateModified":"2022-06-06T13:53:34+00:00","mainEntityOfPage":{"@id":"https:\/\/jesuisuncuisinier.fr\/fr\/a-la-decouverte-de-la-gastronomie-lyonnaise\/"},"wordCount":583,"commentCount":1,"publisher":{"@id":"https:\/\/jesuisuncuisinier.fr\/fr\/#\/schema\/person\/04d97b7b1ae2f60e14cd96fc10a341aa"},"image":{"@id":"https:\/\/jesuisuncuisinier.fr\/fr\/a-la-decouverte-de-la-gastronomie-lyonnaise\/#primaryimage"},"thumbnailUrl":"https:\/\/jesuisuncuisinier.fr\/wp-content\/uploads\/2022\/06\/a-la-decouverte-de-la-gastronomie-lyonnaise.jpg","keywords":["lyon","gastronomie"],"articleSection":["Un peu de tout","Guides"],"inLanguage":"fr-FR","potentialAction":[{"@type":"CommentAction","name":"Comment","target":["https:\/\/jesuisuncuisinier.fr\/fr\/a-la-decouverte-de-la-gastronomie-lyonnaise\/#respond"]}]},{"@type":"WebPage","@id":"https:\/\/jesuisuncuisinier.fr\/fr\/a-la-decouverte-de-la-gastronomie-lyonnaise\/","url":"https:\/\/jesuisuncuisinier.fr\/fr\/a-la-decouverte-de-la-gastronomie-lyonnaise\/","name":"A la d\u00e9couverte de la gastronomie lyonnaise","isPartOf":{"@id":"https:\/\/jesuisuncuisinier.fr\/fr\/#website"},"primaryImageOfPage":{"@id":"https:\/\/jesuisuncuisinier.fr\/fr\/a-la-decouverte-de-la-gastronomie-lyonnaise\/#primaryimage"},"image":{"@id":"https:\/\/jesuisuncuisinier.fr\/fr\/a-la-decouverte-de-la-gastronomie-lyonnaise\/#primaryimage"},"thumbnailUrl":"https:\/\/jesuisuncuisinier.fr\/wp-content\/uploads\/2022\/06\/a-la-decouverte-de-la-gastronomie-lyonnaise.jpg","datePublished":"2022-06-06T13:42:05+00:00","dateModified":"2022-06-06T13:53:34+00:00","breadcrumb":{"@id":"https:\/\/jesuisuncuisinier.fr\/fr\/a-la-decouverte-de-la-gastronomie-lyonnaise\/#breadcrumb"},"inLanguage":"fr-FR","potentialAction":[{"@type":"ReadAction","target":["https:\/\/jesuisuncuisinier.fr\/fr\/a-la-decouverte-de-la-gastronomie-lyonnaise\/"]}]},{"@type":"ImageObject","inLanguage":"fr-FR","@id":"https:\/\/jesuisuncuisinier.fr\/fr\/a-la-decouverte-de-la-gastronomie-lyonnaise\/#primaryimage","url":"https:\/\/jesuisuncuisinier.fr\/wp-content\/uploads\/2022\/06\/a-la-decouverte-de-la-gastronomie-lyonnaise.jpg","contentUrl":"https:\/\/jesuisuncuisinier.fr\/wp-content\/uploads\/2022\/06\/a-la-decouverte-de-la-gastronomie-lyonnaise.jpg","width":1472,"height":2015,"caption":"A la d\u00e9couverte de la gastronomie lyonnaise"},{"@type":"BreadcrumbList","@id":"https:\/\/jesuisuncuisinier.fr\/fr\/a-la-decouverte-de-la-gastronomie-lyonnaise\/#breadcrumb","itemListElement":[{"@type":"ListItem","position":1,"name":"Portada","item":"https:\/\/jesuisuncuisinier.fr\/fr\/"},{"@type":"ListItem","position":2,"name":"A la d\u00e9couverte de la gastronomie lyonnaise"}]},{"@type":"WebSite","@id":"https:\/\/jesuisuncuisinier.fr\/fr\/#website","url":"https:\/\/jesuisuncuisinier.fr\/fr\/","name":"Je suis un cuisinier - Recettes faciles","description":"Recettes de cuisine faciles pour tous les jours. Cuisine fran\u00e7aise, espagnole et d&#039;ailleurs.","publisher":{"@id":"https:\/\/jesuisuncuisinier.fr\/fr\/#\/schema\/person\/04d97b7b1ae2f60e14cd96fc10a341aa"},"potentialAction":[{"@type":"SearchAction","target":{"@type":"EntryPoint","urlTemplate":"https:\/\/jesuisuncuisinier.fr\/fr\/?s={search_term_string}"},"query-input":{"@type":"PropertyValueSpecification","valueRequired":true,"valueName":"search_term_string"}}],"inLanguage":"fr-FR"},{"@type":["Person","Organization"],"@id":"https:\/\/jesuisuncuisinier.fr\/fr\/#\/schema\/person\/04d97b7b1ae2f60e14cd96fc10a341aa","name":"Dami\u00e1n Serrano","image":{"@type":"ImageObject","inLanguage":"fr-FR","@id":"https:\/\/jesuisuncuisinier.fr\/wp-content\/uploads\/2019\/11\/avatar.jpg","url":"https:\/\/jesuisuncuisinier.fr\/wp-content\/uploads\/2019\/11\/avatar.jpg","contentUrl":"https:\/\/jesuisuncuisinier.fr\/wp-content\/uploads\/2019\/11\/avatar.jpg","width":200,"height":200,"caption":"Dami\u00e1n Serrano"},"logo":{"@id":"https:\/\/jesuisuncuisinier.fr\/wp-content\/uploads\/2019\/11\/avatar.jpg"}},{"@type":"Person","@id":"https:\/\/jesuisuncuisinier.fr\/fr\/#\/schema\/person\/c2da7696f2784cce34698e48f989cb2a","name":"Dami\u00e1n","sameAs":["http:\/\/jesuisuncuisinier.fr","https:\/\/x.com\/unptitcuisinier"]}]}},"amp_enabled":true,"_links":{"self":[{"href":"https:\/\/jesuisuncuisinier.fr\/fr\/wp-json\/wp\/v2\/posts\/14749","targetHints":{"allow":["GET"]}}],"collection":[{"href":"https:\/\/jesuisuncuisinier.fr\/fr\/wp-json\/wp\/v2\/posts"}],"about":[{"href":"https:\/\/jesuisuncuisinier.fr\/fr\/wp-json\/wp\/v2\/types\/post"}],"author":[{"embeddable":true,"href":"https:\/\/jesuisuncuisinier.fr\/fr\/wp-json\/wp\/v2\/users\/1"}],"replies":[{"embeddable":true,"href":"https:\/\/jesuisuncuisinier.fr\/fr\/wp-json\/wp\/v2\/comments?post=14749"}],"version-history":[{"count":7,"href":"https:\/\/jesuisuncuisinier.fr\/fr\/wp-json\/wp\/v2\/posts\/14749\/revisions"}],"predecessor-version":[{"id":14757,"href":"https:\/\/jesuisuncuisinier.fr\/fr\/wp-json\/wp\/v2\/posts\/14749\/revisions\/14757"}],"wp:featuredmedia":[{"embeddable":true,"href":"https:\/\/jesuisuncuisinier.fr\/fr\/wp-json\/wp\/v2\/media\/14750"}],"wp:attachment":[{"href":"https:\/\/jesuisuncuisinier.fr\/fr\/wp-json\/wp\/v2\/media?parent=14749"}],"wp:term":[{"taxonomy":"category","embeddable":true,"href":"https:\/\/jesuisuncuisinier.fr\/fr\/wp-json\/wp\/v2\/categories?post=14749"},{"taxonomy":"post_tag","embeddable":true,"href":"https:\/\/jesuisuncuisinier.fr\/fr\/wp-json\/wp\/v2\/tags?post=14749"}],"curies":[{"name":"wp","href":"https:\/\/api.w.org\/{rel}","templated":true}]}}