{"id":14614,"date":"2022-04-14T09:40:28","date_gmt":"2022-04-14T07:40:28","guid":{"rendered":"https:\/\/jesuisuncuisinier.fr\/fr\/?p=14614"},"modified":"2022-04-14T09:41:36","modified_gmt":"2022-04-14T07:41:36","slug":"comment-choisir-un-four-micro-ondes","status":"publish","type":"post","link":"https:\/\/jesuisuncuisinier.fr\/fr\/comment-choisir-un-four-micro-ondes\/","title":{"rendered":"Comment choisir un four micro-ondes\u2009?"},"content":{"rendered":"<div>\n<p>L\u2019\u00e9volution technologique dans le secteur des appareils \u00e9lectrom\u00e9nagers facilite la t\u00e2che \u00e0 bien d\u2019\u00e9gards. En raison de son utilit\u00e9, le four micro-ondes s\u2019est inscrit dans le quotidien de plusieurs m\u00e9nages.<\/p>\n<p>Il est en revanche n\u00e9cessaire pour jouir de ses nombreux avantages de choisir convenablement son ustensile. Quels sont donc les crit\u00e8res \u00e0 prendre en compte dans le choix d\u2019un bon four micro-ondes\u2009?<\/p>\n<h2>Pourquoi utiliser un four micro-ondes\u2009?<\/h2>\n<p><strong><img loading=\"lazy\" decoding=\"async\" class=\"aligncenter\" src=\"https:\/\/jesuisuncuisinier.fr\/wp-content\/uploads\/2022\/04\/2f7a23b5e43ad304d76121ef6d2c2a72-1.jpe\" width=\"700\" height=\"400\"><br \/>Un four micro-ondes <\/strong>est un <strong>appareil<\/strong> utilis\u00e9 g\u00e9n\u00e9ralement en cuisine pour le<strong> chauffage<\/strong> et la <strong>cuisson d\u2019aliments<\/strong>. Avant de <a href=\"https:\/\/www.gtestepourvous.fr\/gros-electromenager-cuisson\/comparatif-four-micro-onde\">s\u00e9lectionner un bon four micro onde<\/a>, il est important de conna\u00eetre <strong>les privil\u00e8ges qui d\u00e9coulent de son utilisation<\/strong>.<\/p>\n<h3>Une rapidit\u00e9 de cuisson<\/h3>\n<p>Le premier avantage d\u2019un four micro-ondes est sans aucun doute <strong>sa vitesse de cuisson<\/strong>. \u00c0 l\u2019inverse des fours traditionnels, le four micro-ondes se met \u00e0 chauffer tout de suite apr\u00e8s qu\u2019il soit mis en marche. Ainsi, une fois votre four micro-ondes allum\u00e9, il vous suffira d\u2019<strong>ajuster la temp\u00e9rature<\/strong> afin que votre repas soit pr\u00eat dans les plus brefs d\u00e9lais.<\/p>\n<h3>Un chauffage d\u2019appoint<\/h3>\n<p>Le four micro-ondes dispose d\u2019une <strong>fonction sp\u00e9ciale de d\u00e9compte<\/strong> gr\u00e2ce \u00e0 laquelle vous pouvez <strong>chronom\u00e9trer le temps de cuisson de votre aliment<\/strong>. Ainsi, votre repas ne disposera que du temps qui lui est n\u00e9cessaire pour sa cuisson totale.<\/p>\n<p>Cela vous \u00e9vitera entre autres les repas trop cuits, car expos\u00e9s longtemps \u00e0 la chaleur ou dans le cas contraire les repas pas assez cuits, car retir\u00e9s t\u00f4t du feu.<\/p>\n<h3>Une vari\u00e9t\u00e9 de cuisson<\/h3>\n<p>Le four micro-ondes\u00a0 offre plusieurs <a href=\"https:\/\/fr.wikihow.com\/utiliser-un-microonde\">utilisations en mati\u00e8re de cuisson<\/a>. Que vous choisissiez de <strong>r\u00e9chauffer<\/strong>, <strong>cuire<\/strong> ou m\u00eame <strong>griller<\/strong>, plusieurs possibilit\u00e9s s\u2019offrent \u00e0 vous quand vous disposez d\u2019un four micro-ondes. Il est possible de <strong>d\u00e9finir le niveau de dorure<\/strong> de votre repas grill\u00e9.<\/p>\n<h2>Les diff\u00e9rents types de fours micro-ondes<\/h2>\n<p><img loading=\"lazy\" decoding=\"async\" class=\"aligncenter\" src=\"https:\/\/jesuisuncuisinier.fr\/wp-content\/uploads\/2022\/04\/401b8507798730c826dfb3d12e8452d7-1.jpe\" width=\"700\" height=\"400\"><br \/>Il existe <strong>trois grandes cat\u00e9gories<\/strong> de four micro-ondes.<\/p>\n<h3>Le four \u00e0 micro-ondes classique<\/h3>\n<p>Encore appel\u00e9 <strong>micro-onde mono fonction<\/strong>, le <strong>four \u00e0 micro-onde classique<\/strong> est le plus notoire sur le march\u00e9. Muni d\u2019un convertisseur d\u2019\u00e9nergie du nom de magn\u00e9tron, ce type de micro-ondes est sp\u00e9cifiquement utilis\u00e9 pour <strong>d\u00e9congeler<\/strong>, et <strong>r\u00e9chauffer les repas simples<\/strong>.<\/p>\n<h3>Le four \u00e0 micro-ondes combin\u00e9<\/h3>\n<p>Hormis les facult\u00e9s de <strong>d\u00e9congeler<\/strong> et de <strong>r\u00e9chauffer<\/strong> la nourriture, le <strong>four \u00e0 micro-ondes combin\u00e9<\/strong> est aussi dot\u00e9 des attributs d\u2019un <strong>four traditionnel<\/strong>. En fait, outre une cuisson par micro-ondes, vous pouvez aussi <strong>utiliser la chaleur tournante<\/strong> pour pr\u00e9parer votre repas.<\/p>\n<p>Vous avez m\u00eame la possibilit\u00e9 d\u2019utiliser les deux options au cours d\u2019une m\u00eame cuisson. Cela d\u00e9pendra entre autres du nombre de plats \u00e0 cuisiner.<\/p>\n<h3>Le four \u00e0 micro-onde grils<\/h3>\n<p>Mis \u00e0 part la capacit\u00e9 \u00e0 d\u00e9congeler les aliments, le <strong>four \u00e0 micro-onde grils<\/strong> est fondamentalement utilis\u00e9 dans la <strong>cuisson des pizzas et des gratins<\/strong>.<\/p>\n<h2>Les crit\u00e8res de choix d\u2019un micro-ondes<\/h2>\n<p><img loading=\"lazy\" decoding=\"async\" class=\"aligncenter\" src=\"https:\/\/jesuisuncuisinier.fr\/wp-content\/uploads\/2022\/04\/10d3b247b224dc90f11b9ba9e51f0f15-1.jpe\" width=\"700\" height=\"400\"><\/p>\n<p>Vu qu\u2019il en existe une <strong>grande vari\u00e9t\u00e9<\/strong> class\u00e9e dans diff\u00e9rentes cat\u00e9gories, le choix du four micro-ondes id\u00e9al se fait en fonction de plusieurs crit\u00e8res. <strong>Vos besoins, la porte du four, ainsi que la puissance<\/strong> sont des \u00e9l\u00e9ments essentiels \u00e0 prendre en compte dans le choix d\u2019un bon four micro-ondes.<\/p>\n<h3>Le type de four \u00e0 micro-ondes<\/h3>\n<p>Le <strong>type de micro-ondes<\/strong> est principalement le premier crit\u00e8re \u00e0 consid\u00e9rer dans le choix de votre four. Tout d\u00e9pend de votre pr\u00e9f\u00e9rence et de l\u2019usage qui en sera fait. Il va sans dire qu\u2019il est judicieux d\u2019<strong>opter pour un four polyvalent <\/strong>disposant de plusieurs caract\u00e9ristiques \u00e0 l\u2019instar du four combin\u00e9.<\/p>\n<p>N\u00e9anmoins, le type de four simple est aussi pratique s\u2019il est juste question de r\u00e9chauffer et de d\u00e9congeler les repas.<\/p>\n<h3>Le volume du four micro-ondes<\/h3>\n<p>Le <strong>volume \u00e0 choisir pour votre four<\/strong> d\u00e9pend de l\u2019utilisation \u00e0 laquelle ce dernier sera sujet. En effet, le calibre des fours classiques varie entre 25 et 30\u00a0litres. Vous pouvez toutefois trouver des mod\u00e8les de four qui disposent d\u2019un volume de 40\u00a0litres. Ce type d\u2019appareil est d\u2019ailleurs le plus utilis\u00e9.<\/p>\n<p>Le choix raisonnable est d\u2019opter pour un mod\u00e8le en tenant compte de l\u2019<strong>espace dont vous disposez<\/strong>.<\/p>\n<h3>La porte<\/h3>\n<p><img loading=\"lazy\" decoding=\"async\" class=\"aligncenter\" src=\"https:\/\/jesuisuncuisinier.fr\/wp-content\/uploads\/2022\/04\/f08fb00ab1a34b2c0e02071b57b63867-1.png\" width=\"700\" height=\"400\"><\/p>\n<p>Libre \u00e0 vous de choisir entre un four dont la porte s\u2019ouvre de fa\u00e7on lat\u00e9rale ou un four o\u00f9 la porte est actionn\u00e9e du haut vers le bas. Les fours combin\u00e9s sont dot\u00e9s d\u2019une porte lat\u00e9rale tandis que les fours traditionnels sont dot\u00e9s d\u2019une porte qui est enclench\u00e9e du haut vers le bas.<\/p>\n<h3>La puissance<\/h3>\n<p>De fa\u00e7on g\u00e9n\u00e9rale, ces appareils sont \u00e9quip\u00e9s d\u2019une puissance normale de 600 \u00e0 1200\u00a0W.\u00a0 Dans le but de cuire rapidement vos repas, il est souhaitable de faire le choix d\u2019un four de puissance \u00e9lev\u00e9e. Ce dernier consomme cependant beaucoup plus que ceux \u00e0 faible capacit\u00e9. \u00c0 vous donc de voir en fonction de vos besoins et de votre budget, le four pour lequel opter.<\/p>\n<p>Enfin, <strong>il vous revient de choisir votre type de four en examinant les diff\u00e9rents crit\u00e8res et surtout le budget et l\u2019espace dont vous disposez<\/strong>.<\/p>\n<\/div>\n","protected":false},"excerpt":{"rendered":"<p>L\u2019\u00e9volution technologique dans le secteur des appareils \u00e9lectrom\u00e9nagers facilite la t\u00e2che \u00e0 bien d\u2019\u00e9gards. En raison de son utilit\u00e9, le four micro-ondes s\u2019est inscrit dans le quotidien de plusieurs m\u00e9nages. Il est en revanche n\u00e9cessaire [&hellip;]<\/p>\n","protected":false},"author":1,"featured_media":14652,"comment_status":"open","ping_status":"open","sticky":false,"template":"","format":"standard","meta":{"_yoast_wpseo_focuskw":"","_yoast_wpseo_metadesc":"Investir dans l\u2019achat d\u2019un four micro-ondes est une bonne affaire lorsque celui-ci r\u00e9pond \u00e0 nos besoins. Alors, comment faire le bon choix\u00a0de micro-ondes ?","footnotes":""},"categories":[1457],"tags":[24],"class_list":["post-14614","post","type-post","status-publish","format-standard","has-post-thumbnail","hentry","category-conseils","tag-four"],"yoast_head":"<!-- This site is optimized with the Yoast SEO plugin v27.5 - https:\/\/yoast.com\/product\/yoast-seo-wordpress\/ -->\n<title>Quels sont les crit\u00e8res \u00e0 observer pour choisir un \u00a0four micro-onde\u00a0?<\/title>\n<meta name=\"description\" content=\"Investir dans l\u2019achat d\u2019un four micro-ondes est une bonne affaire lorsque celui-ci r\u00e9pond \u00e0 nos besoins. Alors, comment faire le bon choix\u00a0de micro-ondes ?\" \/>\n<meta name=\"robots\" content=\"index, follow, max-snippet:-1, max-image-preview:large, max-video-preview:-1\" \/>\n<link rel=\"canonical\" href=\"https:\/\/jesuisuncuisinier.fr\/fr\/comment-choisir-un-four-micro-ondes\/\" \/>\n<meta property=\"og:locale\" content=\"fr_FR\" \/>\n<meta property=\"og:type\" content=\"article\" \/>\n<meta property=\"og:title\" content=\"Quels sont les crit\u00e8res \u00e0 observer pour choisir un \u00a0four micro-onde\u00a0?\" \/>\n<meta property=\"og:description\" content=\"Investir dans l\u2019achat d\u2019un four micro-ondes est une bonne affaire lorsque celui-ci r\u00e9pond \u00e0 nos besoins. Alors, comment faire le bon choix\u00a0de micro-ondes ?\" \/>\n<meta property=\"og:url\" content=\"https:\/\/jesuisuncuisinier.fr\/fr\/comment-choisir-un-four-micro-ondes\/\" \/>\n<meta property=\"og:site_name\" content=\"Je suis un cuisinier - Recettes faciles\" \/>\n<meta property=\"article:published_time\" content=\"2022-04-14T07:40:28+00:00\" \/>\n<meta property=\"article:modified_time\" content=\"2022-04-14T07:41:36+00:00\" \/>\n<meta property=\"og:image\" content=\"https:\/\/jesuisuncuisinier.fr\/wp-content\/uploads\/2022\/04\/9f178167c31f0ed51b7984a5d2e967f6-1.jpe\" \/>\n\t<meta property=\"og:image:width\" content=\"847\" \/>\n\t<meta property=\"og:image:height\" content=\"565\" \/>\n\t<meta property=\"og:image:type\" content=\"image\/jpeg\" \/>\n<meta name=\"author\" content=\"Dami\u00e1n\" \/>\n<meta name=\"twitter:card\" content=\"summary_large_image\" \/>\n<meta name=\"twitter:creator\" content=\"@unptitcuisinier\" \/>\n<meta name=\"twitter:site\" content=\"@unptitcuisinier\" \/>\n<meta name=\"twitter:label1\" content=\"\u00c9crit par\" \/>\n\t<meta name=\"twitter:data1\" content=\"Dami\u00e1n\" \/>\n\t<meta name=\"twitter:label2\" content=\"Dur\u00e9e de lecture estim\u00e9e\" \/>\n\t<meta name=\"twitter:data2\" content=\"4 minutes\" \/>\n<script type=\"application\/ld+json\" class=\"yoast-schema-graph\">{\"@context\":\"https:\\\/\\\/schema.org\",\"@graph\":[{\"@type\":\"Article\",\"@id\":\"https:\\\/\\\/jesuisuncuisinier.fr\\\/fr\\\/comment-choisir-un-four-micro-ondes\\\/#article\",\"isPartOf\":{\"@id\":\"https:\\\/\\\/jesuisuncuisinier.fr\\\/fr\\\/comment-choisir-un-four-micro-ondes\\\/\"},\"author\":{\"name\":\"Dami\u00e1n\",\"@id\":\"https:\\\/\\\/jesuisuncuisinier.fr\\\/fr\\\/#\\\/schema\\\/person\\\/c2da7696f2784cce34698e48f989cb2a\"},\"headline\":\"Comment choisir un four micro-ondes\u2009?\",\"datePublished\":\"2022-04-14T07:40:28+00:00\",\"dateModified\":\"2022-04-14T07:41:36+00:00\",\"mainEntityOfPage\":{\"@id\":\"https:\\\/\\\/jesuisuncuisinier.fr\\\/fr\\\/comment-choisir-un-four-micro-ondes\\\/\"},\"wordCount\":883,\"commentCount\":0,\"publisher\":{\"@id\":\"https:\\\/\\\/jesuisuncuisinier.fr\\\/fr\\\/#\\\/schema\\\/person\\\/04d97b7b1ae2f60e14cd96fc10a341aa\"},\"image\":{\"@id\":\"https:\\\/\\\/jesuisuncuisinier.fr\\\/fr\\\/comment-choisir-un-four-micro-ondes\\\/#primaryimage\"},\"thumbnailUrl\":\"https:\\\/\\\/jesuisuncuisinier.fr\\\/wp-content\\\/uploads\\\/2022\\\/04\\\/9f178167c31f0ed51b7984a5d2e967f6-1.jpe\",\"keywords\":[\"four\"],\"articleSection\":[\"Conseils\"],\"inLanguage\":\"fr-FR\",\"potentialAction\":[{\"@type\":\"CommentAction\",\"name\":\"Comment\",\"target\":[\"https:\\\/\\\/jesuisuncuisinier.fr\\\/fr\\\/comment-choisir-un-four-micro-ondes\\\/#respond\"]}]},{\"@type\":\"WebPage\",\"@id\":\"https:\\\/\\\/jesuisuncuisinier.fr\\\/fr\\\/comment-choisir-un-four-micro-ondes\\\/\",\"url\":\"https:\\\/\\\/jesuisuncuisinier.fr\\\/fr\\\/comment-choisir-un-four-micro-ondes\\\/\",\"name\":\"Quels sont les crit\u00e8res \u00e0 observer pour choisir un \u00a0four micro-onde\u00a0?\",\"isPartOf\":{\"@id\":\"https:\\\/\\\/jesuisuncuisinier.fr\\\/fr\\\/#website\"},\"primaryImageOfPage\":{\"@id\":\"https:\\\/\\\/jesuisuncuisinier.fr\\\/fr\\\/comment-choisir-un-four-micro-ondes\\\/#primaryimage\"},\"image\":{\"@id\":\"https:\\\/\\\/jesuisuncuisinier.fr\\\/fr\\\/comment-choisir-un-four-micro-ondes\\\/#primaryimage\"},\"thumbnailUrl\":\"https:\\\/\\\/jesuisuncuisinier.fr\\\/wp-content\\\/uploads\\\/2022\\\/04\\\/9f178167c31f0ed51b7984a5d2e967f6-1.jpe\",\"datePublished\":\"2022-04-14T07:40:28+00:00\",\"dateModified\":\"2022-04-14T07:41:36+00:00\",\"description\":\"Investir dans l\u2019achat d\u2019un four micro-ondes est une bonne affaire lorsque celui-ci r\u00e9pond \u00e0 nos besoins. Alors, comment faire le bon choix\u00a0de micro-ondes ?\",\"breadcrumb\":{\"@id\":\"https:\\\/\\\/jesuisuncuisinier.fr\\\/fr\\\/comment-choisir-un-four-micro-ondes\\\/#breadcrumb\"},\"inLanguage\":\"fr-FR\",\"potentialAction\":[{\"@type\":\"ReadAction\",\"target\":[\"https:\\\/\\\/jesuisuncuisinier.fr\\\/fr\\\/comment-choisir-un-four-micro-ondes\\\/\"]}]},{\"@type\":\"ImageObject\",\"inLanguage\":\"fr-FR\",\"@id\":\"https:\\\/\\\/jesuisuncuisinier.fr\\\/fr\\\/comment-choisir-un-four-micro-ondes\\\/#primaryimage\",\"url\":\"https:\\\/\\\/jesuisuncuisinier.fr\\\/wp-content\\\/uploads\\\/2022\\\/04\\\/9f178167c31f0ed51b7984a5d2e967f6-1.jpe\",\"contentUrl\":\"https:\\\/\\\/jesuisuncuisinier.fr\\\/wp-content\\\/uploads\\\/2022\\\/04\\\/9f178167c31f0ed51b7984a5d2e967f6-1.jpe\",\"width\":847,\"height\":565},{\"@type\":\"BreadcrumbList\",\"@id\":\"https:\\\/\\\/jesuisuncuisinier.fr\\\/fr\\\/comment-choisir-un-four-micro-ondes\\\/#breadcrumb\",\"itemListElement\":[{\"@type\":\"ListItem\",\"position\":1,\"name\":\"Portada\",\"item\":\"https:\\\/\\\/jesuisuncuisinier.fr\\\/fr\\\/\"},{\"@type\":\"ListItem\",\"position\":2,\"name\":\"Comment choisir un four micro-ondes\u2009?\"}]},{\"@type\":\"WebSite\",\"@id\":\"https:\\\/\\\/jesuisuncuisinier.fr\\\/fr\\\/#website\",\"url\":\"https:\\\/\\\/jesuisuncuisinier.fr\\\/fr\\\/\",\"name\":\"Je suis un cuisinier - Recettes faciles\",\"description\":\"Recettes de cuisine faciles pour tous les jours. Cuisine fran\u00e7aise, espagnole et d&#039;ailleurs.\",\"publisher\":{\"@id\":\"https:\\\/\\\/jesuisuncuisinier.fr\\\/fr\\\/#\\\/schema\\\/person\\\/04d97b7b1ae2f60e14cd96fc10a341aa\"},\"potentialAction\":[{\"@type\":\"SearchAction\",\"target\":{\"@type\":\"EntryPoint\",\"urlTemplate\":\"https:\\\/\\\/jesuisuncuisinier.fr\\\/fr\\\/?s={search_term_string}\"},\"query-input\":{\"@type\":\"PropertyValueSpecification\",\"valueRequired\":true,\"valueName\":\"search_term_string\"}}],\"inLanguage\":\"fr-FR\"},{\"@type\":[\"Person\",\"Organization\"],\"@id\":\"https:\\\/\\\/jesuisuncuisinier.fr\\\/fr\\\/#\\\/schema\\\/person\\\/04d97b7b1ae2f60e14cd96fc10a341aa\",\"name\":\"Dami\u00e1n Serrano\",\"image\":{\"@type\":\"ImageObject\",\"inLanguage\":\"fr-FR\",\"@id\":\"https:\\\/\\\/jesuisuncuisinier.fr\\\/wp-content\\\/uploads\\\/2019\\\/11\\\/avatar.jpg\",\"url\":\"https:\\\/\\\/jesuisuncuisinier.fr\\\/wp-content\\\/uploads\\\/2019\\\/11\\\/avatar.jpg\",\"contentUrl\":\"https:\\\/\\\/jesuisuncuisinier.fr\\\/wp-content\\\/uploads\\\/2019\\\/11\\\/avatar.jpg\",\"width\":200,\"height\":200,\"caption\":\"Dami\u00e1n Serrano\"},\"logo\":{\"@id\":\"https:\\\/\\\/jesuisuncuisinier.fr\\\/wp-content\\\/uploads\\\/2019\\\/11\\\/avatar.jpg\"}},{\"@type\":\"Person\",\"@id\":\"https:\\\/\\\/jesuisuncuisinier.fr\\\/fr\\\/#\\\/schema\\\/person\\\/c2da7696f2784cce34698e48f989cb2a\",\"name\":\"Dami\u00e1n\",\"sameAs\":[\"http:\\\/\\\/jesuisuncuisinier.fr\",\"https:\\\/\\\/x.com\\\/unptitcuisinier\"]}]}<\/script>\n<!-- \/ Yoast SEO plugin. -->","yoast_head_json":{"title":"Quels sont les crit\u00e8res \u00e0 observer pour choisir un \u00a0four micro-onde\u00a0?","description":"Investir dans l\u2019achat d\u2019un four micro-ondes est une bonne affaire lorsque celui-ci r\u00e9pond \u00e0 nos besoins. Alors, comment faire le bon choix\u00a0de micro-ondes ?","robots":{"index":"index","follow":"follow","max-snippet":"max-snippet:-1","max-image-preview":"max-image-preview:large","max-video-preview":"max-video-preview:-1"},"canonical":"https:\/\/jesuisuncuisinier.fr\/fr\/comment-choisir-un-four-micro-ondes\/","og_locale":"fr_FR","og_type":"article","og_title":"Quels sont les crit\u00e8res \u00e0 observer pour choisir un \u00a0four micro-onde\u00a0?","og_description":"Investir dans l\u2019achat d\u2019un four micro-ondes est une bonne affaire lorsque celui-ci r\u00e9pond \u00e0 nos besoins. Alors, comment faire le bon choix\u00a0de micro-ondes ?","og_url":"https:\/\/jesuisuncuisinier.fr\/fr\/comment-choisir-un-four-micro-ondes\/","og_site_name":"Je suis un cuisinier - Recettes faciles","article_published_time":"2022-04-14T07:40:28+00:00","article_modified_time":"2022-04-14T07:41:36+00:00","og_image":[{"width":847,"height":565,"url":"https:\/\/jesuisuncuisinier.fr\/wp-content\/uploads\/2022\/04\/9f178167c31f0ed51b7984a5d2e967f6-1.jpe","type":"image\/jpeg"}],"author":"Dami\u00e1n","twitter_card":"summary_large_image","twitter_creator":"@unptitcuisinier","twitter_site":"@unptitcuisinier","twitter_misc":{"\u00c9crit par":"Dami\u00e1n","Dur\u00e9e de lecture estim\u00e9e":"4 minutes"},"schema":{"@context":"https:\/\/schema.org","@graph":[{"@type":"Article","@id":"https:\/\/jesuisuncuisinier.fr\/fr\/comment-choisir-un-four-micro-ondes\/#article","isPartOf":{"@id":"https:\/\/jesuisuncuisinier.fr\/fr\/comment-choisir-un-four-micro-ondes\/"},"author":{"name":"Dami\u00e1n","@id":"https:\/\/jesuisuncuisinier.fr\/fr\/#\/schema\/person\/c2da7696f2784cce34698e48f989cb2a"},"headline":"Comment choisir un four micro-ondes\u2009?","datePublished":"2022-04-14T07:40:28+00:00","dateModified":"2022-04-14T07:41:36+00:00","mainEntityOfPage":{"@id":"https:\/\/jesuisuncuisinier.fr\/fr\/comment-choisir-un-four-micro-ondes\/"},"wordCount":883,"commentCount":0,"publisher":{"@id":"https:\/\/jesuisuncuisinier.fr\/fr\/#\/schema\/person\/04d97b7b1ae2f60e14cd96fc10a341aa"},"image":{"@id":"https:\/\/jesuisuncuisinier.fr\/fr\/comment-choisir-un-four-micro-ondes\/#primaryimage"},"thumbnailUrl":"https:\/\/jesuisuncuisinier.fr\/wp-content\/uploads\/2022\/04\/9f178167c31f0ed51b7984a5d2e967f6-1.jpe","keywords":["four"],"articleSection":["Conseils"],"inLanguage":"fr-FR","potentialAction":[{"@type":"CommentAction","name":"Comment","target":["https:\/\/jesuisuncuisinier.fr\/fr\/comment-choisir-un-four-micro-ondes\/#respond"]}]},{"@type":"WebPage","@id":"https:\/\/jesuisuncuisinier.fr\/fr\/comment-choisir-un-four-micro-ondes\/","url":"https:\/\/jesuisuncuisinier.fr\/fr\/comment-choisir-un-four-micro-ondes\/","name":"Quels sont les crit\u00e8res \u00e0 observer pour choisir un \u00a0four micro-onde\u00a0?","isPartOf":{"@id":"https:\/\/jesuisuncuisinier.fr\/fr\/#website"},"primaryImageOfPage":{"@id":"https:\/\/jesuisuncuisinier.fr\/fr\/comment-choisir-un-four-micro-ondes\/#primaryimage"},"image":{"@id":"https:\/\/jesuisuncuisinier.fr\/fr\/comment-choisir-un-four-micro-ondes\/#primaryimage"},"thumbnailUrl":"https:\/\/jesuisuncuisinier.fr\/wp-content\/uploads\/2022\/04\/9f178167c31f0ed51b7984a5d2e967f6-1.jpe","datePublished":"2022-04-14T07:40:28+00:00","dateModified":"2022-04-14T07:41:36+00:00","description":"Investir dans l\u2019achat d\u2019un four micro-ondes est une bonne affaire lorsque celui-ci r\u00e9pond \u00e0 nos besoins. Alors, comment faire le bon choix\u00a0de micro-ondes ?","breadcrumb":{"@id":"https:\/\/jesuisuncuisinier.fr\/fr\/comment-choisir-un-four-micro-ondes\/#breadcrumb"},"inLanguage":"fr-FR","potentialAction":[{"@type":"ReadAction","target":["https:\/\/jesuisuncuisinier.fr\/fr\/comment-choisir-un-four-micro-ondes\/"]}]},{"@type":"ImageObject","inLanguage":"fr-FR","@id":"https:\/\/jesuisuncuisinier.fr\/fr\/comment-choisir-un-four-micro-ondes\/#primaryimage","url":"https:\/\/jesuisuncuisinier.fr\/wp-content\/uploads\/2022\/04\/9f178167c31f0ed51b7984a5d2e967f6-1.jpe","contentUrl":"https:\/\/jesuisuncuisinier.fr\/wp-content\/uploads\/2022\/04\/9f178167c31f0ed51b7984a5d2e967f6-1.jpe","width":847,"height":565},{"@type":"BreadcrumbList","@id":"https:\/\/jesuisuncuisinier.fr\/fr\/comment-choisir-un-four-micro-ondes\/#breadcrumb","itemListElement":[{"@type":"ListItem","position":1,"name":"Portada","item":"https:\/\/jesuisuncuisinier.fr\/fr\/"},{"@type":"ListItem","position":2,"name":"Comment choisir un four micro-ondes\u2009?"}]},{"@type":"WebSite","@id":"https:\/\/jesuisuncuisinier.fr\/fr\/#website","url":"https:\/\/jesuisuncuisinier.fr\/fr\/","name":"Je suis un cuisinier - Recettes faciles","description":"Recettes de cuisine faciles pour tous les jours. Cuisine fran\u00e7aise, espagnole et d&#039;ailleurs.","publisher":{"@id":"https:\/\/jesuisuncuisinier.fr\/fr\/#\/schema\/person\/04d97b7b1ae2f60e14cd96fc10a341aa"},"potentialAction":[{"@type":"SearchAction","target":{"@type":"EntryPoint","urlTemplate":"https:\/\/jesuisuncuisinier.fr\/fr\/?s={search_term_string}"},"query-input":{"@type":"PropertyValueSpecification","valueRequired":true,"valueName":"search_term_string"}}],"inLanguage":"fr-FR"},{"@type":["Person","Organization"],"@id":"https:\/\/jesuisuncuisinier.fr\/fr\/#\/schema\/person\/04d97b7b1ae2f60e14cd96fc10a341aa","name":"Dami\u00e1n Serrano","image":{"@type":"ImageObject","inLanguage":"fr-FR","@id":"https:\/\/jesuisuncuisinier.fr\/wp-content\/uploads\/2019\/11\/avatar.jpg","url":"https:\/\/jesuisuncuisinier.fr\/wp-content\/uploads\/2019\/11\/avatar.jpg","contentUrl":"https:\/\/jesuisuncuisinier.fr\/wp-content\/uploads\/2019\/11\/avatar.jpg","width":200,"height":200,"caption":"Dami\u00e1n Serrano"},"logo":{"@id":"https:\/\/jesuisuncuisinier.fr\/wp-content\/uploads\/2019\/11\/avatar.jpg"}},{"@type":"Person","@id":"https:\/\/jesuisuncuisinier.fr\/fr\/#\/schema\/person\/c2da7696f2784cce34698e48f989cb2a","name":"Dami\u00e1n","sameAs":["http:\/\/jesuisuncuisinier.fr","https:\/\/x.com\/unptitcuisinier"]}]}},"amp_enabled":true,"_links":{"self":[{"href":"https:\/\/jesuisuncuisinier.fr\/fr\/wp-json\/wp\/v2\/posts\/14614","targetHints":{"allow":["GET"]}}],"collection":[{"href":"https:\/\/jesuisuncuisinier.fr\/fr\/wp-json\/wp\/v2\/posts"}],"about":[{"href":"https:\/\/jesuisuncuisinier.fr\/fr\/wp-json\/wp\/v2\/types\/post"}],"author":[{"embeddable":true,"href":"https:\/\/jesuisuncuisinier.fr\/fr\/wp-json\/wp\/v2\/users\/1"}],"replies":[{"embeddable":true,"href":"https:\/\/jesuisuncuisinier.fr\/fr\/wp-json\/wp\/v2\/comments?post=14614"}],"version-history":[{"count":3,"href":"https:\/\/jesuisuncuisinier.fr\/fr\/wp-json\/wp\/v2\/posts\/14614\/revisions"}],"predecessor-version":[{"id":14651,"href":"https:\/\/jesuisuncuisinier.fr\/fr\/wp-json\/wp\/v2\/posts\/14614\/revisions\/14651"}],"wp:featuredmedia":[{"embeddable":true,"href":"https:\/\/jesuisuncuisinier.fr\/fr\/wp-json\/wp\/v2\/media\/14652"}],"wp:attachment":[{"href":"https:\/\/jesuisuncuisinier.fr\/fr\/wp-json\/wp\/v2\/media?parent=14614"}],"wp:term":[{"taxonomy":"category","embeddable":true,"href":"https:\/\/jesuisuncuisinier.fr\/fr\/wp-json\/wp\/v2\/categories?post=14614"},{"taxonomy":"post_tag","embeddable":true,"href":"https:\/\/jesuisuncuisinier.fr\/fr\/wp-json\/wp\/v2\/tags?post=14614"}],"curies":[{"name":"wp","href":"https:\/\/api.w.org\/{rel}","templated":true}]}}