{"id":14429,"date":"2022-01-24T19:43:37","date_gmt":"2022-01-24T18:43:37","guid":{"rendered":"https:\/\/jesuisuncuisinier.fr\/fr\/?p=14429"},"modified":"2022-03-03T10:20:59","modified_gmt":"2022-03-03T09:20:59","slug":"adoptez-le-verre-en-plastique-lors-de-vos-fetes","status":"publish","type":"post","link":"https:\/\/jesuisuncuisinier.fr\/fr\/adoptez-le-verre-en-plastique-lors-de-vos-fetes\/","title":{"rendered":"Adoptez le verre en plastique lors de vos f\u00eates"},"content":{"rendered":"<p>Un repas festif digne de ce nom se doit de sortir un merveilleux service \u00e0 verres. Pour sublimer vos tables, optez pour les verres <b>jetables<\/b> de qualit\u00e9. C&rsquo;est la meilleure alternative pour combiner la praticit\u00e9 avec la beaut\u00e9. Ils s&rsquo;adaptent \u00e0 tous types de <b>r\u00e9ceptions,<\/b> tel qu&rsquo;un <b>anniversaire<\/b>, des fian\u00e7ailles ou des soir\u00e9es entre amis. Ils se d\u00e9clinent \u00e9galement en de nombreux coloris et peuvent \u00eatre assortis avec chaque th\u00e8me et chaque go\u00fbt. Ils raviront s\u00fbrement vos invit\u00e9s\u00a0! <i>Avec ces verres, la f\u00eate va, sans aucun doute, battre son plein !<\/i><\/p>\n<h2>Quels sont les avantages du verre en plastique ?<\/h2>\n<h3>Des verres en accord avec des th\u00e8mes color\u00e9s<\/h3>\n<p>Avec ces <b>verres en plastique<\/b>, toutes les options de couleurs sont disponibles. D\u2019une part, vous pouvez choisir de rester classe avec la qualit\u00e9 et la puret\u00e9 de la couleur blanche. D\u2019autre part, vous pouvez varier et opter pour l\u2019originalit\u00e9 en optant pour des verres tout en couleurs. Vous aurez largement le choix :<\/p>\n<ul>\n<li><b>Fuchsia\u00a0;\u00a0<\/b><\/li>\n<li>Dor\u00e9e\u00a0;<\/li>\n<li>Argent\u00e9\u00a0;<\/li>\n<li><b>Transparent\u00a0;\u00a0<\/b><\/li>\n<li>Bleu\u00a0;<\/li>\n<li>Noir\u00a0;<\/li>\n<li>Etc.<\/li>\n<\/ul>\n<h3>Ces verres sont incassables<\/h3>\n<p>Optez pour ces produits hauts de gamme <b>rigides\u00a0<\/b>pour avoir l\u2019esprit tranquille. En effet, certains <b>verres plastiques\u00a0<\/b>sont con\u00e7us avec une mati\u00e8re plus r\u00e9sistante comme le <b>polypropyl\u00e8ne<\/b>. Cette mati\u00e8re leur procure une propri\u00e9t\u00e9 indestructible, ainsi qu&rsquo;une l\u00e9g\u00e8ret\u00e9 sans pareille. Sans risque de bris accidentel, ils garantissent la s\u00e9curit\u00e9, m\u00eame en pr\u00e9sence des enfants.<\/p>\n<h3>Ces verres sont tr\u00e8s \u00e9conomiques<\/h3>\n<p>M\u00eame si ces <b>verres<\/b> r\u00e9sistent aux chocs, ils se vendent \u00e0 des prix tr\u00e8s attractifs, donc votre budget sera all\u00e9g\u00e9. Vous serez \u00e9tonn\u00e9s de leurs prix et vous n&rsquo;allez pas regretter d&rsquo;investir dans l&rsquo;achat de ces verres. En effet, dans le cas de verres purs, le risque de casse est tr\u00e8s \u00e9lev\u00e9 et le transport n\u00e9cessite une grande prudence.<\/p>\n<h2>Pourquoi opter pour le verre en plastique incassable ?<\/h2>\n<p>Le verre en plastique est susceptible de devenir l&rsquo;incontournable de vos tables de f\u00eates, alors pour plus d&rsquo;info, n&rsquo;h\u00e9sitez pas \u00e0 <u><a href=\"https:\/\/www.laboutiquedujetable.fr\/34-gobelet-plastique\">voir ici<\/a><\/u><\/p>\n<h3>Ces verres se transportent tr\u00e8s facilement<\/h3>\n<p>Vous en avez marre de d\u00e9penser une fortune dans les verres, qui se cassent toujours apr\u00e8s les f\u00eates ? Utilisez les verres en plastiques <b>incassables<\/b>. Et oui\u00a0! Ces verres se transportent tr\u00e8s facilement sans risque de se briser, donc l&rsquo;\u00e9v\u00e9nement pourra se d\u00e9rouler en toute s\u00e9curit\u00e9.<\/p>\n<h3>Ces verres sont faciles \u00e0 ranger<\/h3>\n<p>Une fois les festivit\u00e9s termin\u00e9es, remballer les <b>verres<\/b> sera une partie moins stressante. Il est \u00e9galement important d&rsquo;ajouter que le rangement est ais\u00e9, gr\u00e2ce \u00e0 la possibilit\u00e9 de les empiler par sets dans des <b>cartons<\/b>. De plus, ces verres <b>plastiques<\/b> permettent de prot\u00e9ger vos invit\u00e9s des blessures caus\u00e9es par les \u00e9clats de verres.<\/p>\n<h3>Ces verres gagnent en esth\u00e9tique<\/h3>\n<p>Ces <b>verres en plastique incassable <\/b>permettent une d\u00e9coration facile de la salle de r\u00e9ception, selon le th\u00e8me choisi et en harmonie avec la robe de mari\u00e9e, les fleurs et la d\u00e9coration de la salle. Faites plaisir \u00e0 tous vos convives.<\/p>\n<h3>Ces verres respectent l&rsquo;environnement<\/h3>\n<p>En utilisant les verres en <b>plastique<\/b>, vous \u00eates s\u00fbr de <b>respecter l&rsquo;environnement<\/b>. En effet, les caract\u00e9ristiques de ces <b>verres<\/b> permettent une utilisation prolong\u00e9e, sans qu&rsquo;il soit n\u00e9cessaire d&rsquo;en acheter de nouveaux. Vous donnerez un coup de main bien g\u00e9n\u00e9reux \u00e0 M\u00e8re nature.<\/p>\n<h2>Comment choisir les verres en plastique ?<\/h2>\n<h3>Verre de vin en plastique<\/h3>\n<p>Pour ce qui est des <b>verres de vins<\/b> en plastique, optez pour ceux con\u00e7us avec un mat\u00e9riel de haute technologie comme l\u2019acrylique. Ce choix pr\u00e9servera le go\u00fbt du vin. Par ailleurs, la forme incurv\u00e9e des verres de vins <b>incassables<\/b> maintiendra tous les parfums et ar\u00f4mes subtils de vos fameux vins.<\/p>\n<h3>Verre \u00e0 cocktail en plastique<\/h3>\n<p>Pour le choix de <b>verre \u00e0 cocktail<\/b>, choisissez ceux qui sont fabriqu\u00e9s avec du plastique et qui suivent les normes de sant\u00e9. Autrement dit, misez sur des mod\u00e8les qui supportent les <b>boissons chaudes<\/b>. Plus d\u2019inqui\u00e9tude \u00e0 servir des <b>cocktails<\/b> dans un <b>verre en plastique<\/b>, le plaisir reste le m\u00eame\u00a0!<\/p>\n<h3>Verre \u00e0 bi\u00e8re en plastique<\/h3>\n<p>Il s&rsquo;agit d&rsquo;un gobelet <b>lavable<\/b> et <b>r\u00e9utilisable<\/b>. De plus, sa forme a \u00e9t\u00e9 con\u00e7ue pour qu\u2019il tienne bien dans la main. Ce verre sublime est id\u00e9al pour servir les bi\u00e8res lors de vos prochains \u00e9v\u00e9nements.<\/p>\n<h3>Mini verre \u00e0 dessert en plastique<\/h3>\n<p>Vous pouvez servir les desserts tels que le le pudding, du chocolat, de la cr\u00e8me, du yaourt ou encore de la salade de fruits dans un mini <b>verre plastique.<\/b> Il constitue le compl\u00e9ment parfait pour ajouter cet effet sophistiqu\u00e9 \u00e0 votre table. Il vous suffit maintenant de <i>savourer le dessert\u00a0<\/i>!<\/p>\n<div title=\"footer\">\n<p>&nbsp;<\/p>\n<\/div>\n","protected":false},"excerpt":{"rendered":"<p>Un repas festif digne de ce nom se doit de sortir un merveilleux service \u00e0 verres. Pour sublimer vos tables, optez pour les verres jetables de qualit\u00e9. C&rsquo;est la meilleure alternative pour combiner la praticit\u00e9 [&hellip;]<\/p>\n","protected":false},"author":1,"featured_media":14440,"comment_status":"open","ping_status":"open","sticky":false,"template":"","format":"standard","meta":{"_yoast_wpseo_focuskw":"","_yoast_wpseo_metadesc":"Verre en plastique : Voici pourquoi opter pour ce verre, si vous souhaitez une f\u00eate r\u00e9ussie en toute \u00e9cologie","footnotes":""},"categories":[1455,847],"tags":[],"class_list":["post-14429","post","type-post","status-publish","format-standard","has-post-thumbnail","hentry","category-un-peu-de-tout","category-cocktail"],"yoast_head":"<!-- This site is optimized with the Yoast SEO plugin v27.5 - https:\/\/yoast.com\/product\/yoast-seo-wordpress\/ -->\n<title>Verre en plastique : un choix innovant pour une f\u00eate \u00e9blouissante<\/title>\n<meta name=\"description\" content=\"Verre en plastique : Voici pourquoi opter pour ce verre, si vous souhaitez une f\u00eate r\u00e9ussie en toute \u00e9cologie\" \/>\n<meta name=\"robots\" content=\"index, follow, max-snippet:-1, max-image-preview:large, max-video-preview:-1\" \/>\n<link rel=\"canonical\" href=\"https:\/\/jesuisuncuisinier.fr\/fr\/adoptez-le-verre-en-plastique-lors-de-vos-fetes\/\" \/>\n<meta property=\"og:locale\" content=\"fr_FR\" \/>\n<meta property=\"og:type\" content=\"article\" \/>\n<meta property=\"og:title\" content=\"Verre en plastique : un choix innovant pour une f\u00eate \u00e9blouissante\" \/>\n<meta property=\"og:description\" content=\"Verre en plastique : Voici pourquoi opter pour ce verre, si vous souhaitez une f\u00eate r\u00e9ussie en toute \u00e9cologie\" \/>\n<meta property=\"og:url\" content=\"https:\/\/jesuisuncuisinier.fr\/fr\/adoptez-le-verre-en-plastique-lors-de-vos-fetes\/\" \/>\n<meta property=\"og:site_name\" content=\"Je suis un cuisinier - Recettes faciles\" \/>\n<meta property=\"article:published_time\" content=\"2022-01-24T18:43:37+00:00\" \/>\n<meta property=\"article:modified_time\" content=\"2022-03-03T09:20:59+00:00\" \/>\n<meta property=\"og:image\" content=\"https:\/\/jesuisuncuisinier.fr\/wp-content\/uploads\/2022\/01\/64241f687c26158e03a18b96006ea0ce_html_6123ea246273624a-1.jpg\" \/>\n\t<meta property=\"og:image:width\" content=\"1280\" \/>\n\t<meta property=\"og:image:height\" content=\"853\" \/>\n\t<meta property=\"og:image:type\" content=\"image\/jpeg\" \/>\n<meta name=\"author\" content=\"Dami\u00e1n\" \/>\n<meta name=\"twitter:card\" content=\"summary_large_image\" \/>\n<meta name=\"twitter:creator\" content=\"@unptitcuisinier\" \/>\n<meta name=\"twitter:site\" content=\"@unptitcuisinier\" \/>\n<meta name=\"twitter:label1\" content=\"\u00c9crit par\" \/>\n\t<meta name=\"twitter:data1\" content=\"Dami\u00e1n\" \/>\n\t<meta name=\"twitter:label2\" content=\"Dur\u00e9e de lecture estim\u00e9e\" \/>\n\t<meta name=\"twitter:data2\" content=\"4 minutes\" \/>\n<script type=\"application\/ld+json\" class=\"yoast-schema-graph\">{\"@context\":\"https:\\\/\\\/schema.org\",\"@graph\":[{\"@type\":\"Article\",\"@id\":\"https:\\\/\\\/jesuisuncuisinier.fr\\\/fr\\\/adoptez-le-verre-en-plastique-lors-de-vos-fetes\\\/#article\",\"isPartOf\":{\"@id\":\"https:\\\/\\\/jesuisuncuisinier.fr\\\/fr\\\/adoptez-le-verre-en-plastique-lors-de-vos-fetes\\\/\"},\"author\":{\"name\":\"Dami\u00e1n\",\"@id\":\"https:\\\/\\\/jesuisuncuisinier.fr\\\/fr\\\/#\\\/schema\\\/person\\\/c2da7696f2784cce34698e48f989cb2a\"},\"headline\":\"Adoptez le verre en plastique lors de vos f\u00eates\",\"datePublished\":\"2022-01-24T18:43:37+00:00\",\"dateModified\":\"2022-03-03T09:20:59+00:00\",\"mainEntityOfPage\":{\"@id\":\"https:\\\/\\\/jesuisuncuisinier.fr\\\/fr\\\/adoptez-le-verre-en-plastique-lors-de-vos-fetes\\\/\"},\"wordCount\":829,\"commentCount\":0,\"publisher\":{\"@id\":\"https:\\\/\\\/jesuisuncuisinier.fr\\\/fr\\\/#\\\/schema\\\/person\\\/04d97b7b1ae2f60e14cd96fc10a341aa\"},\"image\":{\"@id\":\"https:\\\/\\\/jesuisuncuisinier.fr\\\/fr\\\/adoptez-le-verre-en-plastique-lors-de-vos-fetes\\\/#primaryimage\"},\"thumbnailUrl\":\"https:\\\/\\\/jesuisuncuisinier.fr\\\/wp-content\\\/uploads\\\/2022\\\/01\\\/64241f687c26158e03a18b96006ea0ce_html_6123ea246273624a-1.jpg\",\"articleSection\":[\"Un peu de tout\",\"Cocktail\"],\"inLanguage\":\"fr-FR\",\"potentialAction\":[{\"@type\":\"CommentAction\",\"name\":\"Comment\",\"target\":[\"https:\\\/\\\/jesuisuncuisinier.fr\\\/fr\\\/adoptez-le-verre-en-plastique-lors-de-vos-fetes\\\/#respond\"]}]},{\"@type\":\"WebPage\",\"@id\":\"https:\\\/\\\/jesuisuncuisinier.fr\\\/fr\\\/adoptez-le-verre-en-plastique-lors-de-vos-fetes\\\/\",\"url\":\"https:\\\/\\\/jesuisuncuisinier.fr\\\/fr\\\/adoptez-le-verre-en-plastique-lors-de-vos-fetes\\\/\",\"name\":\"Verre en plastique : un choix innovant pour une f\u00eate \u00e9blouissante\",\"isPartOf\":{\"@id\":\"https:\\\/\\\/jesuisuncuisinier.fr\\\/fr\\\/#website\"},\"primaryImageOfPage\":{\"@id\":\"https:\\\/\\\/jesuisuncuisinier.fr\\\/fr\\\/adoptez-le-verre-en-plastique-lors-de-vos-fetes\\\/#primaryimage\"},\"image\":{\"@id\":\"https:\\\/\\\/jesuisuncuisinier.fr\\\/fr\\\/adoptez-le-verre-en-plastique-lors-de-vos-fetes\\\/#primaryimage\"},\"thumbnailUrl\":\"https:\\\/\\\/jesuisuncuisinier.fr\\\/wp-content\\\/uploads\\\/2022\\\/01\\\/64241f687c26158e03a18b96006ea0ce_html_6123ea246273624a-1.jpg\",\"datePublished\":\"2022-01-24T18:43:37+00:00\",\"dateModified\":\"2022-03-03T09:20:59+00:00\",\"description\":\"Verre en plastique : Voici pourquoi opter pour ce verre, si vous souhaitez une f\u00eate r\u00e9ussie en toute \u00e9cologie\",\"breadcrumb\":{\"@id\":\"https:\\\/\\\/jesuisuncuisinier.fr\\\/fr\\\/adoptez-le-verre-en-plastique-lors-de-vos-fetes\\\/#breadcrumb\"},\"inLanguage\":\"fr-FR\",\"potentialAction\":[{\"@type\":\"ReadAction\",\"target\":[\"https:\\\/\\\/jesuisuncuisinier.fr\\\/fr\\\/adoptez-le-verre-en-plastique-lors-de-vos-fetes\\\/\"]}]},{\"@type\":\"ImageObject\",\"inLanguage\":\"fr-FR\",\"@id\":\"https:\\\/\\\/jesuisuncuisinier.fr\\\/fr\\\/adoptez-le-verre-en-plastique-lors-de-vos-fetes\\\/#primaryimage\",\"url\":\"https:\\\/\\\/jesuisuncuisinier.fr\\\/wp-content\\\/uploads\\\/2022\\\/01\\\/64241f687c26158e03a18b96006ea0ce_html_6123ea246273624a-1.jpg\",\"contentUrl\":\"https:\\\/\\\/jesuisuncuisinier.fr\\\/wp-content\\\/uploads\\\/2022\\\/01\\\/64241f687c26158e03a18b96006ea0ce_html_6123ea246273624a-1.jpg\",\"width\":1280,\"height\":853},{\"@type\":\"BreadcrumbList\",\"@id\":\"https:\\\/\\\/jesuisuncuisinier.fr\\\/fr\\\/adoptez-le-verre-en-plastique-lors-de-vos-fetes\\\/#breadcrumb\",\"itemListElement\":[{\"@type\":\"ListItem\",\"position\":1,\"name\":\"Portada\",\"item\":\"https:\\\/\\\/jesuisuncuisinier.fr\\\/fr\\\/\"},{\"@type\":\"ListItem\",\"position\":2,\"name\":\"Adoptez le verre en plastique lors de vos f\u00eates\"}]},{\"@type\":\"WebSite\",\"@id\":\"https:\\\/\\\/jesuisuncuisinier.fr\\\/fr\\\/#website\",\"url\":\"https:\\\/\\\/jesuisuncuisinier.fr\\\/fr\\\/\",\"name\":\"Je suis un cuisinier - Recettes faciles\",\"description\":\"Recettes de cuisine faciles pour tous les jours. Cuisine fran\u00e7aise, espagnole et d&#039;ailleurs.\",\"publisher\":{\"@id\":\"https:\\\/\\\/jesuisuncuisinier.fr\\\/fr\\\/#\\\/schema\\\/person\\\/04d97b7b1ae2f60e14cd96fc10a341aa\"},\"potentialAction\":[{\"@type\":\"SearchAction\",\"target\":{\"@type\":\"EntryPoint\",\"urlTemplate\":\"https:\\\/\\\/jesuisuncuisinier.fr\\\/fr\\\/?s={search_term_string}\"},\"query-input\":{\"@type\":\"PropertyValueSpecification\",\"valueRequired\":true,\"valueName\":\"search_term_string\"}}],\"inLanguage\":\"fr-FR\"},{\"@type\":[\"Person\",\"Organization\"],\"@id\":\"https:\\\/\\\/jesuisuncuisinier.fr\\\/fr\\\/#\\\/schema\\\/person\\\/04d97b7b1ae2f60e14cd96fc10a341aa\",\"name\":\"Dami\u00e1n Serrano\",\"image\":{\"@type\":\"ImageObject\",\"inLanguage\":\"fr-FR\",\"@id\":\"https:\\\/\\\/jesuisuncuisinier.fr\\\/wp-content\\\/uploads\\\/2019\\\/11\\\/avatar.jpg\",\"url\":\"https:\\\/\\\/jesuisuncuisinier.fr\\\/wp-content\\\/uploads\\\/2019\\\/11\\\/avatar.jpg\",\"contentUrl\":\"https:\\\/\\\/jesuisuncuisinier.fr\\\/wp-content\\\/uploads\\\/2019\\\/11\\\/avatar.jpg\",\"width\":200,\"height\":200,\"caption\":\"Dami\u00e1n Serrano\"},\"logo\":{\"@id\":\"https:\\\/\\\/jesuisuncuisinier.fr\\\/wp-content\\\/uploads\\\/2019\\\/11\\\/avatar.jpg\"}},{\"@type\":\"Person\",\"@id\":\"https:\\\/\\\/jesuisuncuisinier.fr\\\/fr\\\/#\\\/schema\\\/person\\\/c2da7696f2784cce34698e48f989cb2a\",\"name\":\"Dami\u00e1n\",\"sameAs\":[\"http:\\\/\\\/jesuisuncuisinier.fr\",\"https:\\\/\\\/x.com\\\/unptitcuisinier\"]}]}<\/script>\n<!-- \/ Yoast SEO plugin. -->","yoast_head_json":{"title":"Verre en plastique : un choix innovant pour une f\u00eate \u00e9blouissante","description":"Verre en plastique : Voici pourquoi opter pour ce verre, si vous souhaitez une f\u00eate r\u00e9ussie en toute \u00e9cologie","robots":{"index":"index","follow":"follow","max-snippet":"max-snippet:-1","max-image-preview":"max-image-preview:large","max-video-preview":"max-video-preview:-1"},"canonical":"https:\/\/jesuisuncuisinier.fr\/fr\/adoptez-le-verre-en-plastique-lors-de-vos-fetes\/","og_locale":"fr_FR","og_type":"article","og_title":"Verre en plastique : un choix innovant pour une f\u00eate \u00e9blouissante","og_description":"Verre en plastique : Voici pourquoi opter pour ce verre, si vous souhaitez une f\u00eate r\u00e9ussie en toute \u00e9cologie","og_url":"https:\/\/jesuisuncuisinier.fr\/fr\/adoptez-le-verre-en-plastique-lors-de-vos-fetes\/","og_site_name":"Je suis un cuisinier - Recettes faciles","article_published_time":"2022-01-24T18:43:37+00:00","article_modified_time":"2022-03-03T09:20:59+00:00","og_image":[{"width":1280,"height":853,"url":"https:\/\/jesuisuncuisinier.fr\/wp-content\/uploads\/2022\/01\/64241f687c26158e03a18b96006ea0ce_html_6123ea246273624a-1.jpg","type":"image\/jpeg"}],"author":"Dami\u00e1n","twitter_card":"summary_large_image","twitter_creator":"@unptitcuisinier","twitter_site":"@unptitcuisinier","twitter_misc":{"\u00c9crit par":"Dami\u00e1n","Dur\u00e9e de lecture estim\u00e9e":"4 minutes"},"schema":{"@context":"https:\/\/schema.org","@graph":[{"@type":"Article","@id":"https:\/\/jesuisuncuisinier.fr\/fr\/adoptez-le-verre-en-plastique-lors-de-vos-fetes\/#article","isPartOf":{"@id":"https:\/\/jesuisuncuisinier.fr\/fr\/adoptez-le-verre-en-plastique-lors-de-vos-fetes\/"},"author":{"name":"Dami\u00e1n","@id":"https:\/\/jesuisuncuisinier.fr\/fr\/#\/schema\/person\/c2da7696f2784cce34698e48f989cb2a"},"headline":"Adoptez le verre en plastique lors de vos f\u00eates","datePublished":"2022-01-24T18:43:37+00:00","dateModified":"2022-03-03T09:20:59+00:00","mainEntityOfPage":{"@id":"https:\/\/jesuisuncuisinier.fr\/fr\/adoptez-le-verre-en-plastique-lors-de-vos-fetes\/"},"wordCount":829,"commentCount":0,"publisher":{"@id":"https:\/\/jesuisuncuisinier.fr\/fr\/#\/schema\/person\/04d97b7b1ae2f60e14cd96fc10a341aa"},"image":{"@id":"https:\/\/jesuisuncuisinier.fr\/fr\/adoptez-le-verre-en-plastique-lors-de-vos-fetes\/#primaryimage"},"thumbnailUrl":"https:\/\/jesuisuncuisinier.fr\/wp-content\/uploads\/2022\/01\/64241f687c26158e03a18b96006ea0ce_html_6123ea246273624a-1.jpg","articleSection":["Un peu de tout","Cocktail"],"inLanguage":"fr-FR","potentialAction":[{"@type":"CommentAction","name":"Comment","target":["https:\/\/jesuisuncuisinier.fr\/fr\/adoptez-le-verre-en-plastique-lors-de-vos-fetes\/#respond"]}]},{"@type":"WebPage","@id":"https:\/\/jesuisuncuisinier.fr\/fr\/adoptez-le-verre-en-plastique-lors-de-vos-fetes\/","url":"https:\/\/jesuisuncuisinier.fr\/fr\/adoptez-le-verre-en-plastique-lors-de-vos-fetes\/","name":"Verre en plastique : un choix innovant pour une f\u00eate \u00e9blouissante","isPartOf":{"@id":"https:\/\/jesuisuncuisinier.fr\/fr\/#website"},"primaryImageOfPage":{"@id":"https:\/\/jesuisuncuisinier.fr\/fr\/adoptez-le-verre-en-plastique-lors-de-vos-fetes\/#primaryimage"},"image":{"@id":"https:\/\/jesuisuncuisinier.fr\/fr\/adoptez-le-verre-en-plastique-lors-de-vos-fetes\/#primaryimage"},"thumbnailUrl":"https:\/\/jesuisuncuisinier.fr\/wp-content\/uploads\/2022\/01\/64241f687c26158e03a18b96006ea0ce_html_6123ea246273624a-1.jpg","datePublished":"2022-01-24T18:43:37+00:00","dateModified":"2022-03-03T09:20:59+00:00","description":"Verre en plastique : Voici pourquoi opter pour ce verre, si vous souhaitez une f\u00eate r\u00e9ussie en toute \u00e9cologie","breadcrumb":{"@id":"https:\/\/jesuisuncuisinier.fr\/fr\/adoptez-le-verre-en-plastique-lors-de-vos-fetes\/#breadcrumb"},"inLanguage":"fr-FR","potentialAction":[{"@type":"ReadAction","target":["https:\/\/jesuisuncuisinier.fr\/fr\/adoptez-le-verre-en-plastique-lors-de-vos-fetes\/"]}]},{"@type":"ImageObject","inLanguage":"fr-FR","@id":"https:\/\/jesuisuncuisinier.fr\/fr\/adoptez-le-verre-en-plastique-lors-de-vos-fetes\/#primaryimage","url":"https:\/\/jesuisuncuisinier.fr\/wp-content\/uploads\/2022\/01\/64241f687c26158e03a18b96006ea0ce_html_6123ea246273624a-1.jpg","contentUrl":"https:\/\/jesuisuncuisinier.fr\/wp-content\/uploads\/2022\/01\/64241f687c26158e03a18b96006ea0ce_html_6123ea246273624a-1.jpg","width":1280,"height":853},{"@type":"BreadcrumbList","@id":"https:\/\/jesuisuncuisinier.fr\/fr\/adoptez-le-verre-en-plastique-lors-de-vos-fetes\/#breadcrumb","itemListElement":[{"@type":"ListItem","position":1,"name":"Portada","item":"https:\/\/jesuisuncuisinier.fr\/fr\/"},{"@type":"ListItem","position":2,"name":"Adoptez le verre en plastique lors de vos f\u00eates"}]},{"@type":"WebSite","@id":"https:\/\/jesuisuncuisinier.fr\/fr\/#website","url":"https:\/\/jesuisuncuisinier.fr\/fr\/","name":"Je suis un cuisinier - Recettes faciles","description":"Recettes de cuisine faciles pour tous les jours. Cuisine fran\u00e7aise, espagnole et d&#039;ailleurs.","publisher":{"@id":"https:\/\/jesuisuncuisinier.fr\/fr\/#\/schema\/person\/04d97b7b1ae2f60e14cd96fc10a341aa"},"potentialAction":[{"@type":"SearchAction","target":{"@type":"EntryPoint","urlTemplate":"https:\/\/jesuisuncuisinier.fr\/fr\/?s={search_term_string}"},"query-input":{"@type":"PropertyValueSpecification","valueRequired":true,"valueName":"search_term_string"}}],"inLanguage":"fr-FR"},{"@type":["Person","Organization"],"@id":"https:\/\/jesuisuncuisinier.fr\/fr\/#\/schema\/person\/04d97b7b1ae2f60e14cd96fc10a341aa","name":"Dami\u00e1n Serrano","image":{"@type":"ImageObject","inLanguage":"fr-FR","@id":"https:\/\/jesuisuncuisinier.fr\/wp-content\/uploads\/2019\/11\/avatar.jpg","url":"https:\/\/jesuisuncuisinier.fr\/wp-content\/uploads\/2019\/11\/avatar.jpg","contentUrl":"https:\/\/jesuisuncuisinier.fr\/wp-content\/uploads\/2019\/11\/avatar.jpg","width":200,"height":200,"caption":"Dami\u00e1n Serrano"},"logo":{"@id":"https:\/\/jesuisuncuisinier.fr\/wp-content\/uploads\/2019\/11\/avatar.jpg"}},{"@type":"Person","@id":"https:\/\/jesuisuncuisinier.fr\/fr\/#\/schema\/person\/c2da7696f2784cce34698e48f989cb2a","name":"Dami\u00e1n","sameAs":["http:\/\/jesuisuncuisinier.fr","https:\/\/x.com\/unptitcuisinier"]}]}},"amp_enabled":true,"_links":{"self":[{"href":"https:\/\/jesuisuncuisinier.fr\/fr\/wp-json\/wp\/v2\/posts\/14429","targetHints":{"allow":["GET"]}}],"collection":[{"href":"https:\/\/jesuisuncuisinier.fr\/fr\/wp-json\/wp\/v2\/posts"}],"about":[{"href":"https:\/\/jesuisuncuisinier.fr\/fr\/wp-json\/wp\/v2\/types\/post"}],"author":[{"embeddable":true,"href":"https:\/\/jesuisuncuisinier.fr\/fr\/wp-json\/wp\/v2\/users\/1"}],"replies":[{"embeddable":true,"href":"https:\/\/jesuisuncuisinier.fr\/fr\/wp-json\/wp\/v2\/comments?post=14429"}],"version-history":[{"count":2,"href":"https:\/\/jesuisuncuisinier.fr\/fr\/wp-json\/wp\/v2\/posts\/14429\/revisions"}],"predecessor-version":[{"id":14442,"href":"https:\/\/jesuisuncuisinier.fr\/fr\/wp-json\/wp\/v2\/posts\/14429\/revisions\/14442"}],"wp:featuredmedia":[{"embeddable":true,"href":"https:\/\/jesuisuncuisinier.fr\/fr\/wp-json\/wp\/v2\/media\/14440"}],"wp:attachment":[{"href":"https:\/\/jesuisuncuisinier.fr\/fr\/wp-json\/wp\/v2\/media?parent=14429"}],"wp:term":[{"taxonomy":"category","embeddable":true,"href":"https:\/\/jesuisuncuisinier.fr\/fr\/wp-json\/wp\/v2\/categories?post=14429"},{"taxonomy":"post_tag","embeddable":true,"href":"https:\/\/jesuisuncuisinier.fr\/fr\/wp-json\/wp\/v2\/tags?post=14429"}],"curies":[{"name":"wp","href":"https:\/\/api.w.org\/{rel}","templated":true}]}}