{"id":14345,"date":"2021-12-25T14:16:53","date_gmt":"2021-12-25T13:16:53","guid":{"rendered":"https:\/\/jesuisuncuisinier.fr\/fr\/?p=14345"},"modified":"2022-03-03T10:25:27","modified_gmt":"2022-03-03T09:25:27","slug":"une-alternative-ecoresponsable","status":"publish","type":"post","link":"https:\/\/jesuisuncuisinier.fr\/fr\/une-alternative-ecoresponsable\/","title":{"rendered":"Une alternative \u00e9coresponsable"},"content":{"rendered":"<p>Id\u00e9ales <i>pour l\u2019anniversaire\u00a0<\/i>ou tout autre \u00e9v\u00e8nement, les <i>verres personnalis\u00e9s et r\u00e9utilisables\u00a0<\/i>pour servir<i>\u00a0<\/i>vos <i>boissons<\/i> sont \u00e0 la fois tendance et \u00e9cologiques. Concr\u00e8tement, vous aurez effectivement l\u2019opportunit\u00e9 de s\u00e9lectionner des <i>assiettes jetables, des\u00a0<\/i>couverts et des <i>gobelets en carton\u00a0<\/i>d\u00e9clin\u00e9s selon votre th\u00e9matique et le coloris de votre choix.<i>\u00a0<\/i>Cette d\u00e9marche vous permettra ainsi d\u2019harmoniser l\u2019ensemble avec votre <i>d\u00e9coration de table,\u00a0<\/i>ce qui n\u2019est pas toujours faisable avec des<i> gobelets en verre,\u00a0<\/i>tout en r\u00e9duisant votre <i>impact environnemental.\u00a0<\/i>En effet<i>,\u00a0<\/i>l\u2018utilisation des <i>vaisselles jetables,\u00a0<\/i>des <i>gobelets biod\u00e9gradables<\/i> \u00e0 la place des <i>gobelets en plastique<\/i> constitue un grand pas <i>pour l\u2019environnement.<\/i><\/p>\n<h2>Des pratiques respectueuses de l\u2019environnement<\/h2>\n<p>Les consommateurs veillent dor\u00e9navant au grain en pointant du doigt les entreprises qui utilisent encore des <i>emballages alimentaires<\/i> en <i>plastique \u00e0 usage unique.\u00a0<\/i>A savoir\u00a0:<\/p>\n<ul>\n<li>v<i>aisselle en plastique,<\/i><\/li>\n<li><i>verre en plastique,<\/i><\/li>\n<li><i>sacs en plastique,<\/i><\/li>\n<li><i>pailles\u00a0<\/i>en<i> plastique rigide\u2026<\/i><\/li>\n<\/ul>\n<p>Raison pour laquelle, les <i>professionnels de la vente<\/i> vous conseillent d\u2019investir en <i><b>gobelet carton pas cher\u00a0<\/b><\/i>en choisissant une <i>vaisselle jetable personnalisable\u00a0<\/i>et <i>biod\u00e9gradable.\u00a0<\/i>Ainsi,vous vous inscrivez dans une d\u00e9marche \u00e9coresponsable en<i>\u00a0<\/i>limitant votre<i>\u00a0<\/i>impact <i>environnemental.<\/i><\/p>\n<h3>Des contenants recyclables<\/h3>\n<p>Dans la <i>restauration rapide,\u00a0<\/i>les prestataires<i>\u00a0<\/i>proposent g\u00e9n\u00e9ralement de la <i>vente \u00e0 emporter<\/i> en pr\u00e9voyant un <i>conditionnement \u00e0<\/i> <i>usage unique.<\/i> Pour ce faire, ils choisissent des <i>gobelets plastiques\u00a0<\/i>qui sont fabriqu\u00e9s avec des mati\u00e8res <i>Pla ou en polypropyl\u00e8ne<\/i> et qui ne sont pas <i>compostables.\u00a0<\/i>C\u2019est pourquoi, il est plut\u00f4t recommand\u00e9 de s\u00e9lectionner des <i>gobelets personnalis\u00e9s\u00a0<\/i>et \u00e0 la fois <i>recyclables,<\/i> afin de mieux pr\u00e9server l\u2019environnement tout en r\u00e9alisant des \u00e9conomies. En effet, ces <i>emballages personnalisables\u00a0<\/i>seront par la suite <i>recycl\u00e9s,<\/i> ce qui permet de r\u00e9duire consid\u00e9rablement les volumes de <i>d\u00e9chet plastic.<\/i> En plus, vous ne perdrez pas de temps \u00e0 faire le <i>lavage\u00a0<\/i>des <i>plateaux, fl\u00fbte \u00e0 champagne\u00a0<\/i>en<i> verres en plastique ou des verres de vin.\u00a0<\/i>Il vous suffit effectivement de faire votre livraison dans un <i>porte-gobelet\u00a0<\/i>pour transporter facilement le <i>gobelet de caf\u00e9,\u00a0<\/i>puis de rajouter des<i> serviettes en papier\u00a0<\/i>et des <i>assiettes jetables.<\/i><\/p>\n<h3>Des contenants adapt\u00e9s \u00e0 tous vos besoins<\/h3>\n<p>Les<i> gobelets r\u00e9utilisables\u00a0<\/i>sont effectivement con\u00e7us pour contenir des <i>boissons froides\u00a0<\/i>ou des <i>boissons chaudes\u00a0<\/i>telles que<i> caf\u00e9s expresso<\/i>, selon la commande des restaurateurs. Pour ce faire, une <i>large gamme<\/i> de<i> gobelet\u00a0<\/i>\u00e0 <i>recycler <\/i>compos\u00e9e de <i><b>gobelet carton\u00a0<\/b><\/i>ou de <i>vaisselle r\u00e9utilisable\u00a0<\/i>est disponible aupr\u00e8s des <i>distributeurs.\u00a0<\/i>Dans cette optique, vous aurez droit \u00e0 des <i>gobelets jetables\u00a0<\/i>muni de<i> couvercle\u00a0<\/i>avec <i>double paroi\u00a0<\/i>ou<i>\u00a0<\/i>en forme de t<i>asses\u00a0<\/i>ou de <i>mugs.\u00a0<\/i>En effet, ce genre de <i>gobelet jetable\u00a0<\/i>a \u00e9t\u00e9 sp\u00e9cialement fabriqu\u00e9 <i>pour les professionnels,<\/i> afin de leur permettre de proposer diff\u00e9rents types de c<i>ontenance<\/i> aupr\u00e8s de leurs clients. De ce fait, qu\u2019ils choisissent des boissons <i>chaudes<\/i> ou <i>froides,<\/i> ils auront droit \u00e0 un <i>gobelet personnalis\u00e9<\/i> <i>compostable <\/i>model\u00e9 dans un <i>carton jetable et recyclable<\/i>. Des solutions parfaitement<i> \u00e9cologiques,\u00a0<\/i>\u00e0 l\u2019oppos\u00e9 du concept de <i>gobelet en plastique\u00a0<\/i>qui ne peut pas \u00eatre <i>recycl\u00e9\u00a0<\/i>en <i>compostage domestique.<\/i><\/p>\n<h2>Les avantages des gobelets en carton<\/h2>\n<p>Si vous souhaitez d\u00e9couvrir les autres b\u00e9n\u00e9fices de l\u2019utilisation du <i>gobelet en carton,\u00a0<\/i>vous pouvez<i> <\/i><u><a href=\"https:\/\/www.ecolomique.com\/35-gobelet-carton\">voir ici<\/a><\/u> des informations utiles. A commencer par le choix de mati\u00e8res biod\u00e9gradables qui peuvent \u00eatre envoy\u00e9es en <i>compostage<\/i> telles que <i>bambou, canne \u00e0 sucre ou amidon de ma\u00efs\u00a0<\/i>pour la fabrication du <i>gobelet r\u00e9utilisable.<\/i> Certes, ce ne seront pas des <i>couverts jetables en plastique transparent\u00a0<\/i>en forme de <i>verre de vin\u00a0<\/i>ou de<i> fl\u00fbte en plastique blanc<\/i>. Mais, vous aurez la satisfaction de contribuer \u00e0 la <i>croissance verte<\/i> en vous servant de <i>gobelets recyclables, barquettes\u00a0<\/i>ou<i> mug\u00a0<\/i>en <i>carton blanc.\u00a0<\/i><\/p>\n<p>En d\u2019autres termes, il est pr\u00e9f\u00e9rable de renoncer aux <i>assiettes en plastique transparent<\/i> ou <i>gobelet en verre<\/i>, pour \u00e9viter de polluer davantage notre environnement. A ce titre, un <i><b>gobelet carton pas cher<\/b><\/i> reste la meilleure alternative, car il a l\u2019avantage de favoriser le <i>recyclage\u00a0<\/i>tout en vous permettant de personnaliser vos couverts.<\/p>\n","protected":false},"excerpt":{"rendered":"<p>Gobelet carton : Miser sur une pratique citoyenne en faveur de l\u2019environnement<\/p>\n","protected":false},"author":1,"featured_media":14359,"comment_status":"open","ping_status":"open","sticky":false,"template":"","format":"standard","meta":{"_yoast_wpseo_focuskw":"","_yoast_wpseo_metadesc":"Gobelet carton : Miser sur une pratique citoyenne en faveur de l\u2019environnement","footnotes":""},"categories":[1455,851],"tags":[],"class_list":["post-14345","post","type-post","status-publish","format-standard","has-post-thumbnail","hentry","category-un-peu-de-tout","category-amuse-geules"],"yoast_head":"<!-- This site is optimized with the Yoast SEO plugin v27.5 - https:\/\/yoast.com\/product\/yoast-seo-wordpress\/ -->\n<title>Gobelet carton pas cher : Une solution \u00e9cologique \u00e0 petit prix<\/title>\n<meta name=\"description\" content=\"Gobelet carton : Miser sur une pratique citoyenne en faveur de l\u2019environnement\" \/>\n<meta name=\"robots\" content=\"index, follow, max-snippet:-1, max-image-preview:large, max-video-preview:-1\" \/>\n<link rel=\"canonical\" href=\"https:\/\/jesuisuncuisinier.fr\/fr\/une-alternative-ecoresponsable\/\" \/>\n<meta property=\"og:locale\" content=\"fr_FR\" \/>\n<meta property=\"og:type\" content=\"article\" \/>\n<meta property=\"og:title\" content=\"Gobelet carton pas cher : Une solution \u00e9cologique \u00e0 petit prix\" \/>\n<meta property=\"og:description\" content=\"Gobelet carton : Miser sur une pratique citoyenne en faveur de l\u2019environnement\" \/>\n<meta property=\"og:url\" content=\"https:\/\/jesuisuncuisinier.fr\/fr\/une-alternative-ecoresponsable\/\" \/>\n<meta property=\"og:site_name\" content=\"Je suis un cuisinier - Recettes faciles\" \/>\n<meta property=\"article:published_time\" content=\"2021-12-25T13:16:53+00:00\" \/>\n<meta property=\"article:modified_time\" content=\"2022-03-03T09:25:27+00:00\" \/>\n<meta property=\"og:image\" content=\"https:\/\/jesuisuncuisinier.fr\/wp-content\/uploads\/2021\/12\/b2dc37d2b74e0387918517a0228e5dee_html_bc9df7a42c41f4cc-1.jpg\" \/>\n\t<meta property=\"og:image:width\" content=\"1280\" \/>\n\t<meta property=\"og:image:height\" content=\"920\" \/>\n\t<meta property=\"og:image:type\" content=\"image\/jpeg\" \/>\n<meta name=\"author\" content=\"Dami\u00e1n\" \/>\n<meta name=\"twitter:card\" content=\"summary_large_image\" \/>\n<meta name=\"twitter:creator\" content=\"@unptitcuisinier\" \/>\n<meta name=\"twitter:site\" content=\"@unptitcuisinier\" \/>\n<meta name=\"twitter:label1\" content=\"\u00c9crit par\" \/>\n\t<meta name=\"twitter:data1\" content=\"Dami\u00e1n\" \/>\n\t<meta name=\"twitter:label2\" content=\"Dur\u00e9e de lecture estim\u00e9e\" \/>\n\t<meta name=\"twitter:data2\" content=\"3 minutes\" \/>\n<script type=\"application\/ld+json\" class=\"yoast-schema-graph\">{\"@context\":\"https:\\\/\\\/schema.org\",\"@graph\":[{\"@type\":\"Article\",\"@id\":\"https:\\\/\\\/jesuisuncuisinier.fr\\\/fr\\\/une-alternative-ecoresponsable\\\/#article\",\"isPartOf\":{\"@id\":\"https:\\\/\\\/jesuisuncuisinier.fr\\\/fr\\\/une-alternative-ecoresponsable\\\/\"},\"author\":{\"name\":\"Dami\u00e1n\",\"@id\":\"https:\\\/\\\/jesuisuncuisinier.fr\\\/fr\\\/#\\\/schema\\\/person\\\/c2da7696f2784cce34698e48f989cb2a\"},\"headline\":\"Une alternative \u00e9coresponsable\",\"datePublished\":\"2021-12-25T13:16:53+00:00\",\"dateModified\":\"2022-03-03T09:25:27+00:00\",\"mainEntityOfPage\":{\"@id\":\"https:\\\/\\\/jesuisuncuisinier.fr\\\/fr\\\/une-alternative-ecoresponsable\\\/\"},\"wordCount\":693,\"commentCount\":1,\"publisher\":{\"@id\":\"https:\\\/\\\/jesuisuncuisinier.fr\\\/fr\\\/#\\\/schema\\\/person\\\/04d97b7b1ae2f60e14cd96fc10a341aa\"},\"image\":{\"@id\":\"https:\\\/\\\/jesuisuncuisinier.fr\\\/fr\\\/une-alternative-ecoresponsable\\\/#primaryimage\"},\"thumbnailUrl\":\"https:\\\/\\\/jesuisuncuisinier.fr\\\/wp-content\\\/uploads\\\/2021\\\/12\\\/b2dc37d2b74e0387918517a0228e5dee_html_bc9df7a42c41f4cc-1.jpg\",\"articleSection\":[\"Un peu de tout\",\"Amuse-geules\"],\"inLanguage\":\"fr-FR\",\"potentialAction\":[{\"@type\":\"CommentAction\",\"name\":\"Comment\",\"target\":[\"https:\\\/\\\/jesuisuncuisinier.fr\\\/fr\\\/une-alternative-ecoresponsable\\\/#respond\"]}]},{\"@type\":\"WebPage\",\"@id\":\"https:\\\/\\\/jesuisuncuisinier.fr\\\/fr\\\/une-alternative-ecoresponsable\\\/\",\"url\":\"https:\\\/\\\/jesuisuncuisinier.fr\\\/fr\\\/une-alternative-ecoresponsable\\\/\",\"name\":\"Gobelet carton pas cher : Une solution \u00e9cologique \u00e0 petit prix\",\"isPartOf\":{\"@id\":\"https:\\\/\\\/jesuisuncuisinier.fr\\\/fr\\\/#website\"},\"primaryImageOfPage\":{\"@id\":\"https:\\\/\\\/jesuisuncuisinier.fr\\\/fr\\\/une-alternative-ecoresponsable\\\/#primaryimage\"},\"image\":{\"@id\":\"https:\\\/\\\/jesuisuncuisinier.fr\\\/fr\\\/une-alternative-ecoresponsable\\\/#primaryimage\"},\"thumbnailUrl\":\"https:\\\/\\\/jesuisuncuisinier.fr\\\/wp-content\\\/uploads\\\/2021\\\/12\\\/b2dc37d2b74e0387918517a0228e5dee_html_bc9df7a42c41f4cc-1.jpg\",\"datePublished\":\"2021-12-25T13:16:53+00:00\",\"dateModified\":\"2022-03-03T09:25:27+00:00\",\"description\":\"Gobelet carton : Miser sur une pratique citoyenne en faveur de l\u2019environnement\",\"breadcrumb\":{\"@id\":\"https:\\\/\\\/jesuisuncuisinier.fr\\\/fr\\\/une-alternative-ecoresponsable\\\/#breadcrumb\"},\"inLanguage\":\"fr-FR\",\"potentialAction\":[{\"@type\":\"ReadAction\",\"target\":[\"https:\\\/\\\/jesuisuncuisinier.fr\\\/fr\\\/une-alternative-ecoresponsable\\\/\"]}]},{\"@type\":\"ImageObject\",\"inLanguage\":\"fr-FR\",\"@id\":\"https:\\\/\\\/jesuisuncuisinier.fr\\\/fr\\\/une-alternative-ecoresponsable\\\/#primaryimage\",\"url\":\"https:\\\/\\\/jesuisuncuisinier.fr\\\/wp-content\\\/uploads\\\/2021\\\/12\\\/b2dc37d2b74e0387918517a0228e5dee_html_bc9df7a42c41f4cc-1.jpg\",\"contentUrl\":\"https:\\\/\\\/jesuisuncuisinier.fr\\\/wp-content\\\/uploads\\\/2021\\\/12\\\/b2dc37d2b74e0387918517a0228e5dee_html_bc9df7a42c41f4cc-1.jpg\",\"width\":1280,\"height\":920},{\"@type\":\"BreadcrumbList\",\"@id\":\"https:\\\/\\\/jesuisuncuisinier.fr\\\/fr\\\/une-alternative-ecoresponsable\\\/#breadcrumb\",\"itemListElement\":[{\"@type\":\"ListItem\",\"position\":1,\"name\":\"Portada\",\"item\":\"https:\\\/\\\/jesuisuncuisinier.fr\\\/fr\\\/\"},{\"@type\":\"ListItem\",\"position\":2,\"name\":\"Une alternative \u00e9coresponsable\"}]},{\"@type\":\"WebSite\",\"@id\":\"https:\\\/\\\/jesuisuncuisinier.fr\\\/fr\\\/#website\",\"url\":\"https:\\\/\\\/jesuisuncuisinier.fr\\\/fr\\\/\",\"name\":\"Je suis un cuisinier - Recettes faciles\",\"description\":\"Recettes de cuisine faciles pour tous les jours. Cuisine fran\u00e7aise, espagnole et d&#039;ailleurs.\",\"publisher\":{\"@id\":\"https:\\\/\\\/jesuisuncuisinier.fr\\\/fr\\\/#\\\/schema\\\/person\\\/04d97b7b1ae2f60e14cd96fc10a341aa\"},\"potentialAction\":[{\"@type\":\"SearchAction\",\"target\":{\"@type\":\"EntryPoint\",\"urlTemplate\":\"https:\\\/\\\/jesuisuncuisinier.fr\\\/fr\\\/?s={search_term_string}\"},\"query-input\":{\"@type\":\"PropertyValueSpecification\",\"valueRequired\":true,\"valueName\":\"search_term_string\"}}],\"inLanguage\":\"fr-FR\"},{\"@type\":[\"Person\",\"Organization\"],\"@id\":\"https:\\\/\\\/jesuisuncuisinier.fr\\\/fr\\\/#\\\/schema\\\/person\\\/04d97b7b1ae2f60e14cd96fc10a341aa\",\"name\":\"Dami\u00e1n Serrano\",\"image\":{\"@type\":\"ImageObject\",\"inLanguage\":\"fr-FR\",\"@id\":\"https:\\\/\\\/jesuisuncuisinier.fr\\\/wp-content\\\/uploads\\\/2019\\\/11\\\/avatar.jpg\",\"url\":\"https:\\\/\\\/jesuisuncuisinier.fr\\\/wp-content\\\/uploads\\\/2019\\\/11\\\/avatar.jpg\",\"contentUrl\":\"https:\\\/\\\/jesuisuncuisinier.fr\\\/wp-content\\\/uploads\\\/2019\\\/11\\\/avatar.jpg\",\"width\":200,\"height\":200,\"caption\":\"Dami\u00e1n Serrano\"},\"logo\":{\"@id\":\"https:\\\/\\\/jesuisuncuisinier.fr\\\/wp-content\\\/uploads\\\/2019\\\/11\\\/avatar.jpg\"}},{\"@type\":\"Person\",\"@id\":\"https:\\\/\\\/jesuisuncuisinier.fr\\\/fr\\\/#\\\/schema\\\/person\\\/c2da7696f2784cce34698e48f989cb2a\",\"name\":\"Dami\u00e1n\",\"sameAs\":[\"http:\\\/\\\/jesuisuncuisinier.fr\",\"https:\\\/\\\/x.com\\\/unptitcuisinier\"]}]}<\/script>\n<!-- \/ Yoast SEO plugin. -->","yoast_head_json":{"title":"Gobelet carton pas cher : Une solution \u00e9cologique \u00e0 petit prix","description":"Gobelet carton : Miser sur une pratique citoyenne en faveur de l\u2019environnement","robots":{"index":"index","follow":"follow","max-snippet":"max-snippet:-1","max-image-preview":"max-image-preview:large","max-video-preview":"max-video-preview:-1"},"canonical":"https:\/\/jesuisuncuisinier.fr\/fr\/une-alternative-ecoresponsable\/","og_locale":"fr_FR","og_type":"article","og_title":"Gobelet carton pas cher : Une solution \u00e9cologique \u00e0 petit prix","og_description":"Gobelet carton : Miser sur une pratique citoyenne en faveur de l\u2019environnement","og_url":"https:\/\/jesuisuncuisinier.fr\/fr\/une-alternative-ecoresponsable\/","og_site_name":"Je suis un cuisinier - Recettes faciles","article_published_time":"2021-12-25T13:16:53+00:00","article_modified_time":"2022-03-03T09:25:27+00:00","og_image":[{"width":1280,"height":920,"url":"https:\/\/jesuisuncuisinier.fr\/wp-content\/uploads\/2021\/12\/b2dc37d2b74e0387918517a0228e5dee_html_bc9df7a42c41f4cc-1.jpg","type":"image\/jpeg"}],"author":"Dami\u00e1n","twitter_card":"summary_large_image","twitter_creator":"@unptitcuisinier","twitter_site":"@unptitcuisinier","twitter_misc":{"\u00c9crit par":"Dami\u00e1n","Dur\u00e9e de lecture estim\u00e9e":"3 minutes"},"schema":{"@context":"https:\/\/schema.org","@graph":[{"@type":"Article","@id":"https:\/\/jesuisuncuisinier.fr\/fr\/une-alternative-ecoresponsable\/#article","isPartOf":{"@id":"https:\/\/jesuisuncuisinier.fr\/fr\/une-alternative-ecoresponsable\/"},"author":{"name":"Dami\u00e1n","@id":"https:\/\/jesuisuncuisinier.fr\/fr\/#\/schema\/person\/c2da7696f2784cce34698e48f989cb2a"},"headline":"Une alternative \u00e9coresponsable","datePublished":"2021-12-25T13:16:53+00:00","dateModified":"2022-03-03T09:25:27+00:00","mainEntityOfPage":{"@id":"https:\/\/jesuisuncuisinier.fr\/fr\/une-alternative-ecoresponsable\/"},"wordCount":693,"commentCount":1,"publisher":{"@id":"https:\/\/jesuisuncuisinier.fr\/fr\/#\/schema\/person\/04d97b7b1ae2f60e14cd96fc10a341aa"},"image":{"@id":"https:\/\/jesuisuncuisinier.fr\/fr\/une-alternative-ecoresponsable\/#primaryimage"},"thumbnailUrl":"https:\/\/jesuisuncuisinier.fr\/wp-content\/uploads\/2021\/12\/b2dc37d2b74e0387918517a0228e5dee_html_bc9df7a42c41f4cc-1.jpg","articleSection":["Un peu de tout","Amuse-geules"],"inLanguage":"fr-FR","potentialAction":[{"@type":"CommentAction","name":"Comment","target":["https:\/\/jesuisuncuisinier.fr\/fr\/une-alternative-ecoresponsable\/#respond"]}]},{"@type":"WebPage","@id":"https:\/\/jesuisuncuisinier.fr\/fr\/une-alternative-ecoresponsable\/","url":"https:\/\/jesuisuncuisinier.fr\/fr\/une-alternative-ecoresponsable\/","name":"Gobelet carton pas cher : Une solution \u00e9cologique \u00e0 petit prix","isPartOf":{"@id":"https:\/\/jesuisuncuisinier.fr\/fr\/#website"},"primaryImageOfPage":{"@id":"https:\/\/jesuisuncuisinier.fr\/fr\/une-alternative-ecoresponsable\/#primaryimage"},"image":{"@id":"https:\/\/jesuisuncuisinier.fr\/fr\/une-alternative-ecoresponsable\/#primaryimage"},"thumbnailUrl":"https:\/\/jesuisuncuisinier.fr\/wp-content\/uploads\/2021\/12\/b2dc37d2b74e0387918517a0228e5dee_html_bc9df7a42c41f4cc-1.jpg","datePublished":"2021-12-25T13:16:53+00:00","dateModified":"2022-03-03T09:25:27+00:00","description":"Gobelet carton : Miser sur une pratique citoyenne en faveur de l\u2019environnement","breadcrumb":{"@id":"https:\/\/jesuisuncuisinier.fr\/fr\/une-alternative-ecoresponsable\/#breadcrumb"},"inLanguage":"fr-FR","potentialAction":[{"@type":"ReadAction","target":["https:\/\/jesuisuncuisinier.fr\/fr\/une-alternative-ecoresponsable\/"]}]},{"@type":"ImageObject","inLanguage":"fr-FR","@id":"https:\/\/jesuisuncuisinier.fr\/fr\/une-alternative-ecoresponsable\/#primaryimage","url":"https:\/\/jesuisuncuisinier.fr\/wp-content\/uploads\/2021\/12\/b2dc37d2b74e0387918517a0228e5dee_html_bc9df7a42c41f4cc-1.jpg","contentUrl":"https:\/\/jesuisuncuisinier.fr\/wp-content\/uploads\/2021\/12\/b2dc37d2b74e0387918517a0228e5dee_html_bc9df7a42c41f4cc-1.jpg","width":1280,"height":920},{"@type":"BreadcrumbList","@id":"https:\/\/jesuisuncuisinier.fr\/fr\/une-alternative-ecoresponsable\/#breadcrumb","itemListElement":[{"@type":"ListItem","position":1,"name":"Portada","item":"https:\/\/jesuisuncuisinier.fr\/fr\/"},{"@type":"ListItem","position":2,"name":"Une alternative \u00e9coresponsable"}]},{"@type":"WebSite","@id":"https:\/\/jesuisuncuisinier.fr\/fr\/#website","url":"https:\/\/jesuisuncuisinier.fr\/fr\/","name":"Je suis un cuisinier - Recettes faciles","description":"Recettes de cuisine faciles pour tous les jours. Cuisine fran\u00e7aise, espagnole et d&#039;ailleurs.","publisher":{"@id":"https:\/\/jesuisuncuisinier.fr\/fr\/#\/schema\/person\/04d97b7b1ae2f60e14cd96fc10a341aa"},"potentialAction":[{"@type":"SearchAction","target":{"@type":"EntryPoint","urlTemplate":"https:\/\/jesuisuncuisinier.fr\/fr\/?s={search_term_string}"},"query-input":{"@type":"PropertyValueSpecification","valueRequired":true,"valueName":"search_term_string"}}],"inLanguage":"fr-FR"},{"@type":["Person","Organization"],"@id":"https:\/\/jesuisuncuisinier.fr\/fr\/#\/schema\/person\/04d97b7b1ae2f60e14cd96fc10a341aa","name":"Dami\u00e1n Serrano","image":{"@type":"ImageObject","inLanguage":"fr-FR","@id":"https:\/\/jesuisuncuisinier.fr\/wp-content\/uploads\/2019\/11\/avatar.jpg","url":"https:\/\/jesuisuncuisinier.fr\/wp-content\/uploads\/2019\/11\/avatar.jpg","contentUrl":"https:\/\/jesuisuncuisinier.fr\/wp-content\/uploads\/2019\/11\/avatar.jpg","width":200,"height":200,"caption":"Dami\u00e1n Serrano"},"logo":{"@id":"https:\/\/jesuisuncuisinier.fr\/wp-content\/uploads\/2019\/11\/avatar.jpg"}},{"@type":"Person","@id":"https:\/\/jesuisuncuisinier.fr\/fr\/#\/schema\/person\/c2da7696f2784cce34698e48f989cb2a","name":"Dami\u00e1n","sameAs":["http:\/\/jesuisuncuisinier.fr","https:\/\/x.com\/unptitcuisinier"]}]}},"amp_enabled":true,"_links":{"self":[{"href":"https:\/\/jesuisuncuisinier.fr\/fr\/wp-json\/wp\/v2\/posts\/14345","targetHints":{"allow":["GET"]}}],"collection":[{"href":"https:\/\/jesuisuncuisinier.fr\/fr\/wp-json\/wp\/v2\/posts"}],"about":[{"href":"https:\/\/jesuisuncuisinier.fr\/fr\/wp-json\/wp\/v2\/types\/post"}],"author":[{"embeddable":true,"href":"https:\/\/jesuisuncuisinier.fr\/fr\/wp-json\/wp\/v2\/users\/1"}],"replies":[{"embeddable":true,"href":"https:\/\/jesuisuncuisinier.fr\/fr\/wp-json\/wp\/v2\/comments?post=14345"}],"version-history":[{"count":2,"href":"https:\/\/jesuisuncuisinier.fr\/fr\/wp-json\/wp\/v2\/posts\/14345\/revisions"}],"predecessor-version":[{"id":14394,"href":"https:\/\/jesuisuncuisinier.fr\/fr\/wp-json\/wp\/v2\/posts\/14345\/revisions\/14394"}],"wp:featuredmedia":[{"embeddable":true,"href":"https:\/\/jesuisuncuisinier.fr\/fr\/wp-json\/wp\/v2\/media\/14359"}],"wp:attachment":[{"href":"https:\/\/jesuisuncuisinier.fr\/fr\/wp-json\/wp\/v2\/media?parent=14345"}],"wp:term":[{"taxonomy":"category","embeddable":true,"href":"https:\/\/jesuisuncuisinier.fr\/fr\/wp-json\/wp\/v2\/categories?post=14345"},{"taxonomy":"post_tag","embeddable":true,"href":"https:\/\/jesuisuncuisinier.fr\/fr\/wp-json\/wp\/v2\/tags?post=14345"}],"curies":[{"name":"wp","href":"https:\/\/api.w.org\/{rel}","templated":true}]}}