{"id":13809,"date":"2021-02-14T11:41:23","date_gmt":"2021-02-14T10:41:23","guid":{"rendered":"https:\/\/jesuisuncuisinier.fr\/fr\/?p=13809"},"modified":"2021-03-28T22:46:43","modified_gmt":"2021-03-28T20:46:43","slug":"recette-de-tarte-feuilletee-aux-fruits-et-creme-patissiere","status":"publish","type":"post","link":"https:\/\/jesuisuncuisinier.fr\/fr\/recette-de-tarte-feuilletee-aux-fruits-et-creme-patissiere\/","title":{"rendered":"Recette de tarte feuillet\u00e9e aux fruits et cr\u00e8me p\u00e2tissi\u00e8re"},"content":{"rendered":"<\/p>\n<p>Bonjour\u2009! Aujourd\u2019hui, je vous propose un d\u00e9licieux dessert, tr\u00e8s populaire et assez facile \u00e0 pr\u00e9parer. Et c\u2019est super beau\u2009! Du moins, je suis tr\u00e8s impressionn\u00e9 par cette\u00a0<strong>tarte feuillet\u00e9e aux fruits et cr\u00e8me p\u00e2tissi\u00e8re<\/strong>\u00a0avec une pr\u00e9sentation comme celle-ci, ordonn\u00e9e par couleur.<\/p>\n<p><script async src=\"\/\/pagead2.googlesyndication.com\/pagead\/js\/adsbygoogle.js\"><\/script><ins class=\"adsbygoogle\"style=\"display:block\"data-ad-client=\"ca-pub-7750789452383743\"data-ad-slot=\"9252856116\"data-ad-format=\"auto\"><\/ins><script>(adsbygoogle = window.adsbygoogle || []).push({});<\/script><amp-ad width=\"100vw\" height=320 type=\"adsense\" data-ad-client=\"ca-pub-7750789452383743\" data-ad-slot=\"7340373828\" data-auto-format=\"rspv\" data-full-width><div overflow><\/div><\/amp-ad><div class=\"cleaner\" style=\"margin: 10px\"><\/div><\/p>\n<h2>Vous voulez savoir comment faire tarte feuillet\u00e9e aux fruits et cr\u00e8me p\u00e2tissi\u00e8re ?<\/h2>\n<p>La pr\u00e9paration de cette\u00a0<strong>bande de p\u00e2te feuillet\u00e9e<\/strong>\u00a0est assez simple. La premi\u00e8re chose que nous ferons est de\u00a0<a href=\"https:\/\/jesuisuncuisinier.fr\/fr\/creme-patissiere\/\" target=\"_blank\" rel=\"noopener\"><strong>pr\u00e9parer la cr\u00e8me p\u00e2tissi\u00e8re \u00e0 la vanille<\/strong><\/a>. Ensuite, pendant que la cr\u00e8me refroidit, nous nous occuperons de la p\u00e2te feuillet\u00e9e et finalement les fruits.<\/p>\n<p>Nous allons utiliser pour cette\u00a0<strong>tarte une feuille de p\u00e2te feuillet\u00e9e<\/strong>, que nous allons \u00e9tirer un peu pour la rendre plus fine, puis nous la faisons cuire. Le reste consiste simplement \u00e0 \u00e9taler de la cr\u00e8me sur la p\u00e2te feuillet\u00e9e et \u00e0\u00a0<strong>placer les fruits sur le dessus<\/strong>. Pour donner un air encore plus frais, dans la recette, je vous dis\u00a0<strong>comment faire une couche de nappage brillante<\/strong>.<\/p>\n<p><img loading=\"lazy\" decoding=\"async\" src=\"https:\/\/jesuisuncuisinier.fr\/wp-content\/uploads\/2021\/02\/kiwi-fraise-banane.jpg\" data-src=\"https:\/\/jesuisuncuisinier.fr\/wp-content\/uploads\/2021\/02\/kiwi-fraise-banane.jpg\" alt=\"Kiwi fraise banane\" width=\"1280\" height=\"720\" class=\"aligncenter size-full wp-image-13479 lazyloaded\" data-srcset=\"https:\/\/jesuisuncuisinier.fr\/wp-content\/uploads\/2021\/02\/kiwi-fraise-banane.jpg 1280w, https:\/\/jesuisuncuisinier.fr\/wp-content\/uploads\/2021\/02\/kiwi-fraise-banane-768x432.jpg 768w, https:\/\/jesuisuncuisinier.fr\/wp-content\/uploads\/2021\/02\/kiwi-fraise-banane-320x180.jpg 320w\" data-sizes=\"(max-width: 1280px) 100vw, 1280px\" sizes=\"auto, (max-width: 1280px) 100vw, 1280px\" srcset=\"https:\/\/jesuisuncuisinier.fr\/wp-content\/uploads\/2021\/02\/kiwi-fraise-banane.jpg 1280w, https:\/\/jesuisuncuisinier.fr\/wp-content\/uploads\/2021\/02\/kiwi-fraise-banane-768x432.jpg 768w, https:\/\/jesuisuncuisinier.fr\/wp-content\/uploads\/2021\/02\/kiwi-fraise-banane-320x180.jpg 320w\" \/><\/p>\n<p>Sur le blog, vous trouverez d\u2019autres\u00a0<strong>recettes de p\u00e2te feuillet\u00e9e<\/strong>, \u00e0 la fois sucr\u00e9e et sal\u00e9e. Je vous recommande d\u2019essayer aussi la\u00a0<a href=\"https:\/\/jesuisuncuisinier.fr\/fr\/tarte-fine-aux-pommes-et-confiture-dabricot\/\" target=\"_blank\" rel=\"noopener\"><strong>tarte fine aux pommes et la confiture d\u2019abricots<\/strong><\/a>. Vous avez \u00e9galement\u00a0<a href=\"https:\/\/jesuisuncuisinier.fr\/fr\/tarte-aux-fraises\/\" target=\"_blank\" rel=\"noopener\"><strong>la traditionnelle tarte aux fraises et cr\u00e8me\u00a0<\/strong><b>p\u00e2tissi\u00e8re<\/b><\/a>, tr\u00e8s similaire \u00e0 la recette d\u2019aujourd\u2019hui, mais avec une base de p\u00e2te bris\u00e9e. Si vous aimez les fraises, bien s\u00fbr vous devrez essayer la\u00a0<a href=\"https:\/\/jesuisuncuisinier.fr\/fr\/charlotte-aux-fraises\/\" target=\"_blank\" rel=\"noopener\"><strong>charlotte aux fraises<\/strong><\/a>, fait avec des biscuits \u00e0 la cuill\u00e8re ou\u00a0<a href=\"https:\/\/jesuisuncuisinier.fr\/fr\/fraisier\/\" target=\"_blank\" rel=\"noopener\"><strong>le fameux fraisier<\/strong><\/a>.<\/p>\n<p>Voici la recette\u00a0:<\/p>\n<p>\n<ins class=\"adsbygoogle\"style=\"display:block\"data-ad-client=\"ca-pub-7750789452383743\"data-ad-slot=\"4190110340\"data-ad-format=\"auto\"data-full-width-responsive=\"true\"><\/ins><script>(adsbygoogle = window.adsbygoogle || []).push({});<\/script> <amp-ad width=\"100vw\" height=320 type=\"adsense\" data-ad-client=\"ca-pub-7750789452383743\" data-ad-slot=\"4190110340\" data-auto-format=\"rspv\" data-full-width><div overflow><\/div><\/amp-ad><div class=\"cleaner\" style=\"margin: 10px\"><\/div><div itemscope itemtype=\"http:\/\/schema.org\/Recipe\">\n<div align=\"justify\" style=\"border-style:solid; border-width: 1px;padding: 10px 10px 10px 10px;\">\n<img loading=\"lazy\" decoding=\"async\" width=\"128\" height=\"85\" src=\"https:\/\/jesuisuncuisinier.fr\/wp-content\/uploads\/2021\/02\/tarte-feuilletee-aux-fruits-et-creme-patissiere.jpg\" class=\"attachment-thumbnail size-thumbnail wp-post-image\" alt=\"Tarte feuillet\u00e9e aux fruits et cr\u00e8me p\u00e2tissi\u00e8re\" style=\"float:left; padding: 10px 10px 10px 10px\" srcset=\"https:\/\/jesuisuncuisinier.fr\/wp-content\/uploads\/2021\/02\/tarte-feuilletee-aux-fruits-et-creme-patissiere.jpg 1200w, https:\/\/jesuisuncuisinier.fr\/wp-content\/uploads\/2021\/02\/tarte-feuilletee-aux-fruits-et-creme-patissiere-768x510.jpg 768w, https:\/\/jesuisuncuisinier.fr\/wp-content\/uploads\/2021\/02\/tarte-feuilletee-aux-fruits-et-creme-patissiere-320x213.jpg 320w, https:\/\/jesuisuncuisinier.fr\/wp-content\/uploads\/2021\/02\/tarte-feuilletee-aux-fruits-et-creme-patissiere-300x200.jpg 300w\" sizes=\"auto, (max-width: 128px) 100vw, 128px\" \/>\n<div itemprop=\"image\" itemscope itemtype=\"https:\/\/schema.org\/ImageObject\">\t\n<meta itemprop=\"url\" content=\"https:\/\/jesuisuncuisinier.fr\/wp-content\/uploads\/2021\/02\/tarte-feuilletee-aux-fruits-et-creme-patissiere.jpg\">\n<meta itemprop=\"width\" content=\"140\">\n<meta itemprop=\"height\" content=\"85\">\n<\/div>\n<a href=\"https:\/\/jesuisuncuisinier.fr\/fr\/recette-de-tarte-feuilletee-aux-fruits-et-creme-patissiere\/print\/\" rel=\"nofollow\" title=\"Imprimer\"><img decoding=\"async\" src=\"https:\/\/jesuisuncuisinier.fr\/wp-content\/plugins\/wp-print\/images\/printer_famfamfam.gif\" align=\"right\" alt=\"Imprimir\"><\/a>\n<h2 itemprop=\"name\" style=\"padding: 10px 10px 0px 10px\">Recette de tarte feuillet\u00e9e aux fruits et cr\u00e8me p\u00e2tissi\u00e8re<\/h2>\n<span id=\"post-ratings-13809\" class=\"post-ratings\" data-nonce=\"8830ab9ba7\"><div align=\"center\">Votez pour cette !<\/div>\r\n<div align=\"center\"><img decoding=\"async\" id=\"rating_13809_1\" src=\"https:\/\/jesuisuncuisinier.fr\/wp-content\/plugins\/wp-postratings\/images\/stars_crystal\/rating_on.gif\" alt=\"1 Star\" title=\"1 Star\" onmouseover=\"current_rating(13809, 1, '1 Star');\" onmouseout=\"ratings_off(3.9, 4, 0);\" onclick=\"rate_post();\" onkeypress=\"rate_post();\" style=\"cursor: pointer; border: 0px;\" \/><img decoding=\"async\" id=\"rating_13809_2\" src=\"https:\/\/jesuisuncuisinier.fr\/wp-content\/plugins\/wp-postratings\/images\/stars_crystal\/rating_on.gif\" alt=\"2 Stars\" title=\"2 Stars\" onmouseover=\"current_rating(13809, 2, '2 Stars');\" onmouseout=\"ratings_off(3.9, 4, 0);\" onclick=\"rate_post();\" onkeypress=\"rate_post();\" style=\"cursor: pointer; border: 0px;\" \/><img decoding=\"async\" id=\"rating_13809_3\" src=\"https:\/\/jesuisuncuisinier.fr\/wp-content\/plugins\/wp-postratings\/images\/stars_crystal\/rating_on.gif\" alt=\"3 Stars\" title=\"3 Stars\" onmouseover=\"current_rating(13809, 3, '3 Stars');\" onmouseout=\"ratings_off(3.9, 4, 0);\" onclick=\"rate_post();\" onkeypress=\"rate_post();\" style=\"cursor: pointer; border: 0px;\" \/><img decoding=\"async\" id=\"rating_13809_4\" src=\"https:\/\/jesuisuncuisinier.fr\/wp-content\/plugins\/wp-postratings\/images\/stars_crystal\/rating_half.gif\" alt=\"4 Stars\" title=\"4 Stars\" onmouseover=\"current_rating(13809, 4, '4 Stars');\" onmouseout=\"ratings_off(3.9, 4, 0);\" onclick=\"rate_post();\" onkeypress=\"rate_post();\" style=\"cursor: pointer; border: 0px;\" \/><img decoding=\"async\" id=\"rating_13809_5\" src=\"https:\/\/jesuisuncuisinier.fr\/wp-content\/plugins\/wp-postratings\/images\/stars_crystal\/rating_off.gif\" alt=\"5 Stars\" title=\"5 Stars\" onmouseover=\"current_rating(13809, 5, '5 Stars');\" onmouseout=\"ratings_off(3.9, 4, 0);\" onclick=\"rate_post();\" onkeypress=\"rate_post();\" style=\"cursor: pointer; border: 0px;\" \/><\/div>\r\n<div align=\"center\">Note: 3,90 \/ 5. Votes: 10<\/div><\/span><span id=\"post-ratings-13809-loading\" class=\"post-ratings-loading\"><img loading=\"lazy\" decoding=\"async\" src=\"https:\/\/jesuisuncuisinier.fr\/wp-content\/plugins\/wp-postratings\/images\/loading.gif\" width=\"16\" height=\"16\" class=\"post-ratings-image\" \/>Loading...<\/span><div><\/br><span itemprop=\"author\" itemscope itemtype=\"http:\/\/schema.org\/Person\">   <span itemprop=\"name\" content=\"Damian Serrano\"><\/span> <\/span>\n<b>Personnes:<\/b> <span itemprop=\"recipeYield\">4<\/span>   <b>Temps:<\/b> <time itemprop=\"totalTime\" datetime=PT1H>1 h<\/time>   <b>Difficult\u00e9:<\/b> Facile<\/div><div class=\"cleaner\" style=\"margin: 10px\"><\/div><time itemprop=\"dateModified\" datetime=\"2021-03-28\"><\/time> \n<span itemprop=\"description\" content=\"Comment faire une tarte feuillet\u00e9e aux fruits et cr\u00e8me p\u00e2tissi\u00e8re. Recette facile. Apprenez \u00e0 pr\u00e9parer cette bande de p\u00e2te feuillet\u00e9e id\u00e9ale pour d\u00e9guster en famille.\" ><\/span>\n<span itemprop=\"recipeCuisine\" content=\"Unknown\" ><\/span>\n<span itemprop=\"recipeCategory\" content=\"Unknown\" ><\/span>\n<span itemprop=\"keywords\" content=\"Unknown\" ><\/span>\n<div class=\"note-wrapper\"><div class=\"note-top\"><\/div><div class=\"note-content\"><h3 style=\"padding-left: 10px; margin-bottom: 10px;\">Ingr\u00e9dients<\/h3>\n<ul>\n<li itemprop=\"recipeIngredient\">230 g de p\u00e2te feuillet\u00e9e au beurre<\/li>\n<li itemprop=\"recipeIngredient\">7 ou 8 fraises coup\u00e9es en deux<\/li>\n<li itemprop=\"recipeIngredient\">3 ou 4 mandarines<\/li>\n<li itemprop=\"recipeIngredient\">3 ou 4 kiwis pel\u00e9s et coup\u00e9s en rondelles<\/li>\n<li itemprop=\"recipeIngredient\">2 ou 3 bananes coup\u00e9es en rondelles<\/li>\n<li itemprop=\"recipeIngredient\">1 poign\u00e9e de myrtilles (facultatif)<\/li>\n<li itemprop=\"recipeIngredient\">1 \u0153uf battu<\/li>\n<\/ul><b>Pour la cr\u00e8me p\u00e2tissi\u00e8re :<\/b><ul>\n<li itemprop=\"recipeIngredient\">5 jaunes d\u2019\u0153ufs<\/li>\n<li itemprop=\"recipeIngredient\">45 g de f\u00e9cule de ma\u00efs<\/li>\n<li itemprop=\"recipeIngredient\">500 ml de lait<\/li>\n<li itemprop=\"recipeIngredient\">100 g de sucre<\/li>\n<li itemprop=\"recipeIngredient\">\u00bd demi-gousse de vanille<\/li>\n<li itemprop=\"recipeIngredient\">50 g de beurre (facultatif)<\/li>\n<\/ul><b>Pour la d\u00e9coration (facultatif) :<\/b><ul>\n<li itemprop=\"recipeIngredient\">3 g de g\u00e9latine en poudre (ou 1 feuille)<\/li>\n<li itemprop=\"recipeIngredient\">150 ml d\u2019eau<\/li>\n<li itemprop=\"recipeIngredient\">30 g de sucre<\/li>\n<\/ul>\n<br \/><\/div><div class=\"note-bottom\"><\/div>\n<\/div> <!-- \/ #ingredients -->\n<div align=\"justify\" class=\"directions-wrapper\"><h3>\u00c9laboration<\/h3><div class=\"directions-content instructions\" >\n<\/p>\n<ol>\n<li itemprop=\"recipeInstructions\"><strong>Pr\u00e9parer la cr\u00e8me p\u00e2tissi\u00e8re<\/strong>\u00a0:\n<ol>\n<li itemprop=\"recipeInstructions\">Couper la gousse de vanille en deux. Grattez les graines avec la pointe d\u2019un couteau.<\/li>\n<li itemprop=\"recipeInstructions\">Mettez le lait dans une casserole avec la gousse de vanille et les graines. Chauffer \u00e0 feu moyen en remuant. D\u00e8s l\u2019\u00e9bullition, retirez du feu, couvrez et laissez reposer pendant 10 minutes.<\/li>\n<li itemprop=\"recipeInstructions\">M\u00e9langez la moiti\u00e9 du sucre avec le lait.<\/li>\n<li itemprop=\"recipeInstructions\">Dans un grand bol, battez les jaunes d\u2019\u0153ufs avec l\u2019autre moiti\u00e9 du sucre et la f\u00e9cule de ma\u00efs.<\/li>\n<li itemprop=\"recipeInstructions\">Ajoutez progressivement le lait aux \u0153ufs tout en battant.<\/li>\n<li itemprop=\"recipeInstructions\">Remettez dans la casserole et faites chauffer \u00e0 feu moyen en remuant presque constamment. Lorsqu\u2019il \u00e9paissit, retirez du feu.<\/li>\n<li itemprop=\"recipeInstructions\">En option, lorsque la cr\u00e8me a baiss\u00e9 de temp\u00e9rature, encore chaude, mais non br\u00fblante, ajoutez le beurre en cubes et bien m\u00e9langer pour le faire fondre.<\/li>\n<\/ol>\n<\/li>\n<li itemprop=\"recipeInstructions\">Graisser la surface de la cr\u00e8me avec du beurre, la couvrir et la mettre au r\u00e9frig\u00e9rateur pour qu\u2019elle refroidisse et prenne corps.<\/li>\n<li itemprop=\"recipeInstructions\">Graisser et fariner la plaque du four. \u00c9taler la p\u00e2te sur une surface l\u00e9g\u00e8rement farin\u00e9e jusqu\u2019\u00e0 ce qu\u2019elle soit de la m\u00eame taille que le plateau et la placer \u00e0 l\u2019int\u00e9rieur.<\/li>\n<li itemprop=\"recipeInstructions\">Badigeonner la p\u00e2te feuillet\u00e9e avec de l\u2019\u0153uf battu, laisser au r\u00e9frig\u00e9rateur pendant 10 minutes. Badigeonner \u00e0 nouveau. Piquez la p\u00e2te feuillet\u00e9e avec une fourchette pour \u00e9viter qu\u2019elle gonfle pendant la cuisson. Remettre au r\u00e9frig\u00e9rateur.<\/li>\n<li itemprop=\"recipeInstructions\">Pr\u00e9chauffez le four \u00e0 170 \u00baC. Lorsqu\u2019il est chaud, faites-la cuire pendant 15 \u00e0 20 minutes, jusqu\u2019\u00e0 ce qu\u2019elle soit dor\u00e9e. Laissez refroidir.<\/li>\n<li itemprop=\"recipeInstructions\">\u00c9tendre la cr\u00e8me p\u00e2tissi\u00e8re sur la p\u00e2te feuillet\u00e9e en laissant un centim\u00e8tre sur les bords.<\/li>\n<li itemprop=\"recipeInstructions\">Poser les fruits sur la cr\u00e8me p\u00e2tissi\u00e8re. Vous pouvez le faire en rang\u00e9es ou les distribuer comme vous le souhaitez.<\/li>\n<li itemprop=\"recipeInstructions\">D\u00e9corez avec des myrtilles.<\/li>\n<li itemprop=\"recipeInstructions\">Pr\u00e9parer le gla\u00e7age \u00e0 la g\u00e9latine. Hydrater la g\u00e9latine, selon qu\u2019elle est sous forme de poudre ou de feuilles, en suivant les instructions du fabricant. Faites chauffer la moiti\u00e9 de l\u2019eau jusqu\u2019\u00e0 \u00e9bullition. \u00c9teignez.<\/li>\n<li itemprop=\"recipeInstructions\">M\u00e9langez la g\u00e9latine et le sucre \u00e0 l\u2019eau chaude. Ajoutez l\u2019eau froide. Laissez refroidir.<\/li>\n<li itemprop=\"recipeInstructions\">Quand le nappage est presque froid et commence \u00e0 \u00e9paissir, badigeonner les fruits.<\/li>\n<li itemprop=\"recipeInstructions\">C\u2019est tout. Conservez-la au r\u00e9frig\u00e9rateur jusqu\u2019au moment de la manger. Bonne d\u00e9gustation\u2009!<\/li>\n<\/ol>\n<p><\/div><div class=\"cleaner\" style=\"padding-bottom: 10px;\">&nbsp;<\/div><\/div> <!-- \/# directions -->\n<script async src=\"https:\/\/pagead2.googlesyndication.com\/pagead\/js\/adsbygoogle.js\"><\/script><ins class=\"adsbygoogle\"style=\"display:block\"data-ad-client=\"ca-pub-7750789452383743\"data-ad-slot=\"3064891712\"data-ad-format=\"auto\"><\/ins><script async>(adsbygoogle = window.adsbygoogle || []).push({});<\/script> <amp-ad width=\"100vw\" height=320 type=\"adsense\" data-ad-client=\"ca-pub-7750789452383743\" data-ad-slot=\"1189241592\" data-auto-format=\"rspv\" data-full-width><div overflow><\/div><\/amp-ad><div align=\"justify\" class=\"hints-wrapper\" ><h3>Conseils et astuces<\/h3><div class=\"hints-content hints\"><\/p>\n<ul>\n<li>Cette\u00a0<strong>tarte de p\u00e2te feuillet\u00e9e aux fruits et cr\u00e8me\u00a0<\/strong><b>p\u00e2tissi\u00e8re<\/b>\u00a0peut \u00eatre pr\u00e9par\u00e9e du jour au lendemain, mais il est conseill\u00e9 de la consommer rapidement, car la p\u00e2te feuillet\u00e9e devient molle.<\/li>\n<li>Utilisez toujours une\u00a0<strong>p\u00e2te feuillet\u00e9e au beurre<\/strong>, vous aurez un meilleur go\u00fbt.<\/li>\n<li>Vous pouvez \u00e9galement\u00a0<strong>aromatiser la cr\u00e8me p\u00e2tissi\u00e8re avec un zeste de citron et de la cannelle<\/strong>.<\/li>\n<li>Pr\u00e9f\u00e9rez\u00a0<strong>une p\u00e2te feuillet\u00e9e rectangulaire<\/strong>, bien que si elle est ronde, vous pouvez aussi la faire parfaitement.<\/li>\n<li>Vous pouvez utiliser\u00a0<strong>la combinaison de fruits que vous aimez<\/strong>. Ainsi que des framboises, du raisin, de l\u2019ananas\u2026<\/li>\n<\/ul>\n<p><\/div><\/div> <!-- \/# hints --><\/div><div class=\"cleaner\" style=\"padding-bottom: 10px;\">&nbsp;<\/div><\/div><!-- \/ #recipe --> \n<\/p>\n<h3>Maintenant, vous savez comment faire tarte feuillet\u00e9e aux fruits et cr\u00e8me p\u00e2tissi\u00e8re<\/h3>\n<p>Vous avez aim\u00e9 la recette\u2009? J\u2019esp\u00e8re vous avoir encourag\u00e9 \u00e0 la pr\u00e9parer. Vous pouvez voir que c\u2019est une\u00a0<strong>recette tr\u00e8s facile<\/strong>\u00a0et pr\u00eate en un instant.<\/p>\n<p>Votre avis m\u2019int\u00e9resse beaucoup. N\u2019h\u00e9sitez pas \u00e0\u00a0<a href=\"https:\/\/jesuisuncuisinier.fr\/fr\/recette-de-tarte-feuilletee-aux-fruits-et-creme-patissiere\/#comments\"><strong>me dire ce que vous avez pens\u00e9<\/strong><\/a>\u00a0de cette tarte, \u00e0 me faire part de vos suggestions ou \u00e0 me poser toutes les questions que vous pourriez avoir.<\/p>\n<p>Enfin, si vous \u00eates un\u00a0<strong>fan des desserts<\/strong>, je vous invite \u00e0 donner votre vote de confiance au blog avec un \u00ab\u00a0like\u00a0\u00bb et \u00e0 partager sur les r\u00e9seaux sociaux cette d\u00e9licieuse\u00a0<strong>tarte feuillet\u00e9e aux fruits et cr\u00e8me p\u00e2tissi\u00e8re<\/strong>.<\/p>\n\n<p>\u00c0 bient\u00f4t\u2009!<\/p>\n<p><\/p>\n","protected":false},"excerpt":{"rendered":"<p>Comment faire une tarte feuillet\u00e9e aux fruits et cr\u00e8me p\u00e2tissi\u00e8re. Recette facile. Apprenez \u00e0 pr\u00e9parer cette bande de p\u00e2te feuillet\u00e9e id\u00e9ale pour d\u00e9guster en famille.<\/p>\n","protected":false},"author":1,"featured_media":13812,"comment_status":"open","ping_status":"open","sticky":false,"template":"","format":"standard","meta":{"_yoast_wpseo_focuskw":"tarte aux fruits","_yoast_wpseo_metadesc":"Comment faire une tarte feuillet\u00e9e aux fruits et cr\u00e8me p\u00e2tissi\u00e8re. Recette facile. Apprenez \u00e0 pr\u00e9parer cette bande de p\u00e2te feuillet\u00e9e.","footnotes":""},"categories":[848,20],"tags":[397,1030,1046,1421,1422,1423],"class_list":["post-13809","post","type-post","status-publish","format-standard","has-post-thumbnail","hentry","category-desserts","category-recette","tag-feuilletee","tag-banane","tag-pate-feuilletee","tag-fraise","tag-kiwi","tag-mandarine"],"yoast_head":"<!-- This site is optimized with the Yoast SEO plugin v27.5 - https:\/\/yoast.com\/product\/yoast-seo-wordpress\/ -->\n<title>Recette de tarte feuillet\u00e9e aux fruits et cr\u00e8me p\u00e2tissi\u00e8re<\/title>\n<meta name=\"description\" content=\"Comment faire une tarte feuillet\u00e9e aux fruits et cr\u00e8me p\u00e2tissi\u00e8re. Recette facile. Apprenez \u00e0 pr\u00e9parer cette bande de p\u00e2te feuillet\u00e9e.\" \/>\n<meta name=\"robots\" content=\"index, follow, max-snippet:-1, max-image-preview:large, max-video-preview:-1\" \/>\n<link rel=\"canonical\" href=\"https:\/\/jesuisuncuisinier.fr\/fr\/recette-de-tarte-feuilletee-aux-fruits-et-creme-patissiere\/\" \/>\n<meta property=\"og:locale\" content=\"fr_FR\" \/>\n<meta property=\"og:type\" content=\"article\" \/>\n<meta property=\"og:title\" content=\"Recette de tarte feuillet\u00e9e aux fruits et cr\u00e8me p\u00e2tissi\u00e8re\" \/>\n<meta property=\"og:description\" content=\"Comment faire une tarte feuillet\u00e9e aux fruits et cr\u00e8me p\u00e2tissi\u00e8re. Recette facile. Apprenez \u00e0 pr\u00e9parer cette bande de p\u00e2te feuillet\u00e9e.\" \/>\n<meta property=\"og:url\" content=\"https:\/\/jesuisuncuisinier.fr\/fr\/recette-de-tarte-feuilletee-aux-fruits-et-creme-patissiere\/\" \/>\n<meta property=\"og:site_name\" content=\"Je suis un cuisinier - Recettes faciles\" \/>\n<meta property=\"article:published_time\" content=\"2021-02-14T10:41:23+00:00\" \/>\n<meta property=\"article:modified_time\" content=\"2021-03-28T20:46:43+00:00\" \/>\n<meta property=\"og:image\" content=\"https:\/\/jesuisuncuisinier.fr\/wp-content\/uploads\/2021\/02\/tarte-feuilletee-aux-fruits-et-creme-patissiere.jpg\" \/>\n\t<meta property=\"og:image:width\" content=\"1200\" \/>\n\t<meta property=\"og:image:height\" content=\"797\" \/>\n\t<meta property=\"og:image:type\" content=\"image\/jpeg\" \/>\n<meta name=\"author\" content=\"Dami\u00e1n\" \/>\n<meta name=\"twitter:card\" content=\"summary_large_image\" \/>\n<meta name=\"twitter:creator\" content=\"@unptitcuisinier\" \/>\n<meta name=\"twitter:site\" content=\"@unptitcuisinier\" \/>\n<meta name=\"twitter:label1\" content=\"\u00c9crit par\" \/>\n\t<meta name=\"twitter:data1\" content=\"Dami\u00e1n\" \/>\n\t<meta name=\"twitter:label2\" content=\"Dur\u00e9e de lecture estim\u00e9e\" \/>\n\t<meta name=\"twitter:data2\" content=\"5 minutes\" \/>\n<script type=\"application\/ld+json\" class=\"yoast-schema-graph\">{\"@context\":\"https:\\\/\\\/schema.org\",\"@graph\":[{\"@type\":\"Article\",\"@id\":\"https:\\\/\\\/jesuisuncuisinier.fr\\\/fr\\\/recette-de-tarte-feuilletee-aux-fruits-et-creme-patissiere\\\/#article\",\"isPartOf\":{\"@id\":\"https:\\\/\\\/jesuisuncuisinier.fr\\\/fr\\\/recette-de-tarte-feuilletee-aux-fruits-et-creme-patissiere\\\/\"},\"author\":{\"name\":\"Dami\u00e1n\",\"@id\":\"https:\\\/\\\/jesuisuncuisinier.fr\\\/fr\\\/#\\\/schema\\\/person\\\/c2da7696f2784cce34698e48f989cb2a\"},\"headline\":\"Recette de tarte feuillet\u00e9e aux fruits et cr\u00e8me p\u00e2tissi\u00e8re\",\"datePublished\":\"2021-02-14T10:41:23+00:00\",\"dateModified\":\"2021-03-28T20:46:43+00:00\",\"mainEntityOfPage\":{\"@id\":\"https:\\\/\\\/jesuisuncuisinier.fr\\\/fr\\\/recette-de-tarte-feuilletee-aux-fruits-et-creme-patissiere\\\/\"},\"wordCount\":1058,\"commentCount\":0,\"publisher\":{\"@id\":\"https:\\\/\\\/jesuisuncuisinier.fr\\\/fr\\\/#\\\/schema\\\/person\\\/04d97b7b1ae2f60e14cd96fc10a341aa\"},\"image\":{\"@id\":\"https:\\\/\\\/jesuisuncuisinier.fr\\\/fr\\\/recette-de-tarte-feuilletee-aux-fruits-et-creme-patissiere\\\/#primaryimage\"},\"thumbnailUrl\":\"https:\\\/\\\/jesuisuncuisinier.fr\\\/wp-content\\\/uploads\\\/2021\\\/02\\\/tarte-feuilletee-aux-fruits-et-creme-patissiere.jpg\",\"keywords\":[\"feuillet\u00e9e\",\"banane\",\"p\u00e2te feuillet\u00e9e\",\"fraise\",\"kiwi\",\"mandarine\"],\"articleSection\":[\"Desserts\",\"recette\"],\"inLanguage\":\"fr-FR\",\"potentialAction\":[{\"@type\":\"CommentAction\",\"name\":\"Comment\",\"target\":[\"https:\\\/\\\/jesuisuncuisinier.fr\\\/fr\\\/recette-de-tarte-feuilletee-aux-fruits-et-creme-patissiere\\\/#respond\"]}]},{\"@type\":\"WebPage\",\"@id\":\"https:\\\/\\\/jesuisuncuisinier.fr\\\/fr\\\/recette-de-tarte-feuilletee-aux-fruits-et-creme-patissiere\\\/\",\"url\":\"https:\\\/\\\/jesuisuncuisinier.fr\\\/fr\\\/recette-de-tarte-feuilletee-aux-fruits-et-creme-patissiere\\\/\",\"name\":\"Recette de tarte feuillet\u00e9e aux fruits et cr\u00e8me p\u00e2tissi\u00e8re\",\"isPartOf\":{\"@id\":\"https:\\\/\\\/jesuisuncuisinier.fr\\\/fr\\\/#website\"},\"primaryImageOfPage\":{\"@id\":\"https:\\\/\\\/jesuisuncuisinier.fr\\\/fr\\\/recette-de-tarte-feuilletee-aux-fruits-et-creme-patissiere\\\/#primaryimage\"},\"image\":{\"@id\":\"https:\\\/\\\/jesuisuncuisinier.fr\\\/fr\\\/recette-de-tarte-feuilletee-aux-fruits-et-creme-patissiere\\\/#primaryimage\"},\"thumbnailUrl\":\"https:\\\/\\\/jesuisuncuisinier.fr\\\/wp-content\\\/uploads\\\/2021\\\/02\\\/tarte-feuilletee-aux-fruits-et-creme-patissiere.jpg\",\"datePublished\":\"2021-02-14T10:41:23+00:00\",\"dateModified\":\"2021-03-28T20:46:43+00:00\",\"description\":\"Comment faire une tarte feuillet\u00e9e aux fruits et cr\u00e8me p\u00e2tissi\u00e8re. Recette facile. Apprenez \u00e0 pr\u00e9parer cette bande de p\u00e2te feuillet\u00e9e.\",\"breadcrumb\":{\"@id\":\"https:\\\/\\\/jesuisuncuisinier.fr\\\/fr\\\/recette-de-tarte-feuilletee-aux-fruits-et-creme-patissiere\\\/#breadcrumb\"},\"inLanguage\":\"fr-FR\",\"potentialAction\":[{\"@type\":\"ReadAction\",\"target\":[\"https:\\\/\\\/jesuisuncuisinier.fr\\\/fr\\\/recette-de-tarte-feuilletee-aux-fruits-et-creme-patissiere\\\/\"]}]},{\"@type\":\"ImageObject\",\"inLanguage\":\"fr-FR\",\"@id\":\"https:\\\/\\\/jesuisuncuisinier.fr\\\/fr\\\/recette-de-tarte-feuilletee-aux-fruits-et-creme-patissiere\\\/#primaryimage\",\"url\":\"https:\\\/\\\/jesuisuncuisinier.fr\\\/wp-content\\\/uploads\\\/2021\\\/02\\\/tarte-feuilletee-aux-fruits-et-creme-patissiere.jpg\",\"contentUrl\":\"https:\\\/\\\/jesuisuncuisinier.fr\\\/wp-content\\\/uploads\\\/2021\\\/02\\\/tarte-feuilletee-aux-fruits-et-creme-patissiere.jpg\",\"width\":1200,\"height\":797,\"caption\":\"Tarte feuillet\u00e9e aux fruits et cr\u00e8me p\u00e2tissi\u00e8re\"},{\"@type\":\"BreadcrumbList\",\"@id\":\"https:\\\/\\\/jesuisuncuisinier.fr\\\/fr\\\/recette-de-tarte-feuilletee-aux-fruits-et-creme-patissiere\\\/#breadcrumb\",\"itemListElement\":[{\"@type\":\"ListItem\",\"position\":1,\"name\":\"Portada\",\"item\":\"https:\\\/\\\/jesuisuncuisinier.fr\\\/fr\\\/\"},{\"@type\":\"ListItem\",\"position\":2,\"name\":\"Recette de tarte feuillet\u00e9e aux fruits et cr\u00e8me p\u00e2tissi\u00e8re\"}]},{\"@type\":\"WebSite\",\"@id\":\"https:\\\/\\\/jesuisuncuisinier.fr\\\/fr\\\/#website\",\"url\":\"https:\\\/\\\/jesuisuncuisinier.fr\\\/fr\\\/\",\"name\":\"Je suis un cuisinier - Recettes faciles\",\"description\":\"Recettes de cuisine faciles pour tous les jours. Cuisine fran\u00e7aise, espagnole et d&#039;ailleurs.\",\"publisher\":{\"@id\":\"https:\\\/\\\/jesuisuncuisinier.fr\\\/fr\\\/#\\\/schema\\\/person\\\/04d97b7b1ae2f60e14cd96fc10a341aa\"},\"potentialAction\":[{\"@type\":\"SearchAction\",\"target\":{\"@type\":\"EntryPoint\",\"urlTemplate\":\"https:\\\/\\\/jesuisuncuisinier.fr\\\/fr\\\/?s={search_term_string}\"},\"query-input\":{\"@type\":\"PropertyValueSpecification\",\"valueRequired\":true,\"valueName\":\"search_term_string\"}}],\"inLanguage\":\"fr-FR\"},{\"@type\":[\"Person\",\"Organization\"],\"@id\":\"https:\\\/\\\/jesuisuncuisinier.fr\\\/fr\\\/#\\\/schema\\\/person\\\/04d97b7b1ae2f60e14cd96fc10a341aa\",\"name\":\"Dami\u00e1n Serrano\",\"image\":{\"@type\":\"ImageObject\",\"inLanguage\":\"fr-FR\",\"@id\":\"https:\\\/\\\/jesuisuncuisinier.fr\\\/wp-content\\\/uploads\\\/2019\\\/11\\\/avatar.jpg\",\"url\":\"https:\\\/\\\/jesuisuncuisinier.fr\\\/wp-content\\\/uploads\\\/2019\\\/11\\\/avatar.jpg\",\"contentUrl\":\"https:\\\/\\\/jesuisuncuisinier.fr\\\/wp-content\\\/uploads\\\/2019\\\/11\\\/avatar.jpg\",\"width\":200,\"height\":200,\"caption\":\"Dami\u00e1n Serrano\"},\"logo\":{\"@id\":\"https:\\\/\\\/jesuisuncuisinier.fr\\\/wp-content\\\/uploads\\\/2019\\\/11\\\/avatar.jpg\"}},{\"@type\":\"Person\",\"@id\":\"https:\\\/\\\/jesuisuncuisinier.fr\\\/fr\\\/#\\\/schema\\\/person\\\/c2da7696f2784cce34698e48f989cb2a\",\"name\":\"Dami\u00e1n\",\"sameAs\":[\"http:\\\/\\\/jesuisuncuisinier.fr\",\"https:\\\/\\\/x.com\\\/unptitcuisinier\"]}]}<\/script>\n<!-- \/ Yoast SEO plugin. -->","yoast_head_json":{"title":"Recette de tarte feuillet\u00e9e aux fruits et cr\u00e8me p\u00e2tissi\u00e8re","description":"Comment faire une tarte feuillet\u00e9e aux fruits et cr\u00e8me p\u00e2tissi\u00e8re. Recette facile. Apprenez \u00e0 pr\u00e9parer cette bande de p\u00e2te feuillet\u00e9e.","robots":{"index":"index","follow":"follow","max-snippet":"max-snippet:-1","max-image-preview":"max-image-preview:large","max-video-preview":"max-video-preview:-1"},"canonical":"https:\/\/jesuisuncuisinier.fr\/fr\/recette-de-tarte-feuilletee-aux-fruits-et-creme-patissiere\/","og_locale":"fr_FR","og_type":"article","og_title":"Recette de tarte feuillet\u00e9e aux fruits et cr\u00e8me p\u00e2tissi\u00e8re","og_description":"Comment faire une tarte feuillet\u00e9e aux fruits et cr\u00e8me p\u00e2tissi\u00e8re. Recette facile. Apprenez \u00e0 pr\u00e9parer cette bande de p\u00e2te feuillet\u00e9e.","og_url":"https:\/\/jesuisuncuisinier.fr\/fr\/recette-de-tarte-feuilletee-aux-fruits-et-creme-patissiere\/","og_site_name":"Je suis un cuisinier - Recettes faciles","article_published_time":"2021-02-14T10:41:23+00:00","article_modified_time":"2021-03-28T20:46:43+00:00","og_image":[{"width":1200,"height":797,"url":"https:\/\/jesuisuncuisinier.fr\/wp-content\/uploads\/2021\/02\/tarte-feuilletee-aux-fruits-et-creme-patissiere.jpg","type":"image\/jpeg"}],"author":"Dami\u00e1n","twitter_card":"summary_large_image","twitter_creator":"@unptitcuisinier","twitter_site":"@unptitcuisinier","twitter_misc":{"\u00c9crit par":"Dami\u00e1n","Dur\u00e9e de lecture estim\u00e9e":"5 minutes"},"schema":{"@context":"https:\/\/schema.org","@graph":[{"@type":"Article","@id":"https:\/\/jesuisuncuisinier.fr\/fr\/recette-de-tarte-feuilletee-aux-fruits-et-creme-patissiere\/#article","isPartOf":{"@id":"https:\/\/jesuisuncuisinier.fr\/fr\/recette-de-tarte-feuilletee-aux-fruits-et-creme-patissiere\/"},"author":{"name":"Dami\u00e1n","@id":"https:\/\/jesuisuncuisinier.fr\/fr\/#\/schema\/person\/c2da7696f2784cce34698e48f989cb2a"},"headline":"Recette de tarte feuillet\u00e9e aux fruits et cr\u00e8me p\u00e2tissi\u00e8re","datePublished":"2021-02-14T10:41:23+00:00","dateModified":"2021-03-28T20:46:43+00:00","mainEntityOfPage":{"@id":"https:\/\/jesuisuncuisinier.fr\/fr\/recette-de-tarte-feuilletee-aux-fruits-et-creme-patissiere\/"},"wordCount":1058,"commentCount":0,"publisher":{"@id":"https:\/\/jesuisuncuisinier.fr\/fr\/#\/schema\/person\/04d97b7b1ae2f60e14cd96fc10a341aa"},"image":{"@id":"https:\/\/jesuisuncuisinier.fr\/fr\/recette-de-tarte-feuilletee-aux-fruits-et-creme-patissiere\/#primaryimage"},"thumbnailUrl":"https:\/\/jesuisuncuisinier.fr\/wp-content\/uploads\/2021\/02\/tarte-feuilletee-aux-fruits-et-creme-patissiere.jpg","keywords":["feuillet\u00e9e","banane","p\u00e2te feuillet\u00e9e","fraise","kiwi","mandarine"],"articleSection":["Desserts","recette"],"inLanguage":"fr-FR","potentialAction":[{"@type":"CommentAction","name":"Comment","target":["https:\/\/jesuisuncuisinier.fr\/fr\/recette-de-tarte-feuilletee-aux-fruits-et-creme-patissiere\/#respond"]}]},{"@type":"WebPage","@id":"https:\/\/jesuisuncuisinier.fr\/fr\/recette-de-tarte-feuilletee-aux-fruits-et-creme-patissiere\/","url":"https:\/\/jesuisuncuisinier.fr\/fr\/recette-de-tarte-feuilletee-aux-fruits-et-creme-patissiere\/","name":"Recette de tarte feuillet\u00e9e aux fruits et cr\u00e8me p\u00e2tissi\u00e8re","isPartOf":{"@id":"https:\/\/jesuisuncuisinier.fr\/fr\/#website"},"primaryImageOfPage":{"@id":"https:\/\/jesuisuncuisinier.fr\/fr\/recette-de-tarte-feuilletee-aux-fruits-et-creme-patissiere\/#primaryimage"},"image":{"@id":"https:\/\/jesuisuncuisinier.fr\/fr\/recette-de-tarte-feuilletee-aux-fruits-et-creme-patissiere\/#primaryimage"},"thumbnailUrl":"https:\/\/jesuisuncuisinier.fr\/wp-content\/uploads\/2021\/02\/tarte-feuilletee-aux-fruits-et-creme-patissiere.jpg","datePublished":"2021-02-14T10:41:23+00:00","dateModified":"2021-03-28T20:46:43+00:00","description":"Comment faire une tarte feuillet\u00e9e aux fruits et cr\u00e8me p\u00e2tissi\u00e8re. Recette facile. Apprenez \u00e0 pr\u00e9parer cette bande de p\u00e2te feuillet\u00e9e.","breadcrumb":{"@id":"https:\/\/jesuisuncuisinier.fr\/fr\/recette-de-tarte-feuilletee-aux-fruits-et-creme-patissiere\/#breadcrumb"},"inLanguage":"fr-FR","potentialAction":[{"@type":"ReadAction","target":["https:\/\/jesuisuncuisinier.fr\/fr\/recette-de-tarte-feuilletee-aux-fruits-et-creme-patissiere\/"]}]},{"@type":"ImageObject","inLanguage":"fr-FR","@id":"https:\/\/jesuisuncuisinier.fr\/fr\/recette-de-tarte-feuilletee-aux-fruits-et-creme-patissiere\/#primaryimage","url":"https:\/\/jesuisuncuisinier.fr\/wp-content\/uploads\/2021\/02\/tarte-feuilletee-aux-fruits-et-creme-patissiere.jpg","contentUrl":"https:\/\/jesuisuncuisinier.fr\/wp-content\/uploads\/2021\/02\/tarte-feuilletee-aux-fruits-et-creme-patissiere.jpg","width":1200,"height":797,"caption":"Tarte feuillet\u00e9e aux fruits et cr\u00e8me p\u00e2tissi\u00e8re"},{"@type":"BreadcrumbList","@id":"https:\/\/jesuisuncuisinier.fr\/fr\/recette-de-tarte-feuilletee-aux-fruits-et-creme-patissiere\/#breadcrumb","itemListElement":[{"@type":"ListItem","position":1,"name":"Portada","item":"https:\/\/jesuisuncuisinier.fr\/fr\/"},{"@type":"ListItem","position":2,"name":"Recette de tarte feuillet\u00e9e aux fruits et cr\u00e8me p\u00e2tissi\u00e8re"}]},{"@type":"WebSite","@id":"https:\/\/jesuisuncuisinier.fr\/fr\/#website","url":"https:\/\/jesuisuncuisinier.fr\/fr\/","name":"Je suis un cuisinier - Recettes faciles","description":"Recettes de cuisine faciles pour tous les jours. Cuisine fran\u00e7aise, espagnole et d&#039;ailleurs.","publisher":{"@id":"https:\/\/jesuisuncuisinier.fr\/fr\/#\/schema\/person\/04d97b7b1ae2f60e14cd96fc10a341aa"},"potentialAction":[{"@type":"SearchAction","target":{"@type":"EntryPoint","urlTemplate":"https:\/\/jesuisuncuisinier.fr\/fr\/?s={search_term_string}"},"query-input":{"@type":"PropertyValueSpecification","valueRequired":true,"valueName":"search_term_string"}}],"inLanguage":"fr-FR"},{"@type":["Person","Organization"],"@id":"https:\/\/jesuisuncuisinier.fr\/fr\/#\/schema\/person\/04d97b7b1ae2f60e14cd96fc10a341aa","name":"Dami\u00e1n Serrano","image":{"@type":"ImageObject","inLanguage":"fr-FR","@id":"https:\/\/jesuisuncuisinier.fr\/wp-content\/uploads\/2019\/11\/avatar.jpg","url":"https:\/\/jesuisuncuisinier.fr\/wp-content\/uploads\/2019\/11\/avatar.jpg","contentUrl":"https:\/\/jesuisuncuisinier.fr\/wp-content\/uploads\/2019\/11\/avatar.jpg","width":200,"height":200,"caption":"Dami\u00e1n Serrano"},"logo":{"@id":"https:\/\/jesuisuncuisinier.fr\/wp-content\/uploads\/2019\/11\/avatar.jpg"}},{"@type":"Person","@id":"https:\/\/jesuisuncuisinier.fr\/fr\/#\/schema\/person\/c2da7696f2784cce34698e48f989cb2a","name":"Dami\u00e1n","sameAs":["http:\/\/jesuisuncuisinier.fr","https:\/\/x.com\/unptitcuisinier"]}]}},"amp_enabled":true,"_links":{"self":[{"href":"https:\/\/jesuisuncuisinier.fr\/fr\/wp-json\/wp\/v2\/posts\/13809","targetHints":{"allow":["GET"]}}],"collection":[{"href":"https:\/\/jesuisuncuisinier.fr\/fr\/wp-json\/wp\/v2\/posts"}],"about":[{"href":"https:\/\/jesuisuncuisinier.fr\/fr\/wp-json\/wp\/v2\/types\/post"}],"author":[{"embeddable":true,"href":"https:\/\/jesuisuncuisinier.fr\/fr\/wp-json\/wp\/v2\/users\/1"}],"replies":[{"embeddable":true,"href":"https:\/\/jesuisuncuisinier.fr\/fr\/wp-json\/wp\/v2\/comments?post=13809"}],"version-history":[{"count":3,"href":"https:\/\/jesuisuncuisinier.fr\/fr\/wp-json\/wp\/v2\/posts\/13809\/revisions"}],"predecessor-version":[{"id":13814,"href":"https:\/\/jesuisuncuisinier.fr\/fr\/wp-json\/wp\/v2\/posts\/13809\/revisions\/13814"}],"wp:featuredmedia":[{"embeddable":true,"href":"https:\/\/jesuisuncuisinier.fr\/fr\/wp-json\/wp\/v2\/media\/13812"}],"wp:attachment":[{"href":"https:\/\/jesuisuncuisinier.fr\/fr\/wp-json\/wp\/v2\/media?parent=13809"}],"wp:term":[{"taxonomy":"category","embeddable":true,"href":"https:\/\/jesuisuncuisinier.fr\/fr\/wp-json\/wp\/v2\/categories?post=13809"},{"taxonomy":"post_tag","embeddable":true,"href":"https:\/\/jesuisuncuisinier.fr\/fr\/wp-json\/wp\/v2\/tags?post=13809"}],"curies":[{"name":"wp","href":"https:\/\/api.w.org\/{rel}","templated":true}]}}