{"id":13583,"date":"2021-03-24T11:20:08","date_gmt":"2021-03-24T10:20:08","guid":{"rendered":"https:\/\/jesuisuncuisinier.fr\/fr\/?p=13583"},"modified":"2023-04-22T12:12:55","modified_gmt":"2023-04-22T10:12:55","slug":"recette-du-feuilletee-au-fromage-oignon-et-poitrine","status":"publish","type":"post","link":"https:\/\/jesuisuncuisinier.fr\/fr\/recette-du-feuilletee-au-fromage-oignon-et-poitrine\/","title":{"rendered":"Recette de tarte fine feuillet\u00e9e au fromage, oignon et poitrine"},"content":{"rendered":"\n<p>Bonjour\u2009! Aujourd&rsquo;hui, c&rsquo;est le moment de se r\u00e9galer\u2009! Et qui ne le ferait pas avec cette <strong>tarte fine feuillet\u00e9e au fromage, oignon et poitrine<\/strong>\u2009? De plus, je l&rsquo;ai assaisonn\u00e9e avec des herbes de Provence qui lui donnent une touche tr\u00e8s savoureuse. C&rsquo;est juste d\u00e9licieux\u2009! En v\u00e9rit\u00e9, j&rsquo;aime vraiment les <strong>recettes sal\u00e9es avec de la p\u00e2te feuillet\u00e9e<\/strong>. Tant pour la texture que pour la combinaison de saveurs.<\/p>\n<script async src=\"\/\/pagead2.googlesyndication.com\/pagead\/js\/adsbygoogle.js\"><\/script><ins class=\"adsbygoogle\"style=\"display:block\"data-ad-client=\"ca-pub-7750789452383743\"data-ad-slot=\"9252856116\"data-ad-format=\"auto\"><\/ins><script>(adsbygoogle = window.adsbygoogle || []).push({});<\/script><amp-ad width=\"100vw\" height=320 type=\"adsense\" data-ad-client=\"ca-pub-7750789452383743\" data-ad-slot=\"7340373828\" data-auto-format=\"rspv\" data-full-width><div overflow><\/div><\/amp-ad><div class=\"cleaner\" style=\"margin: 10px\"><\/div>\n<h2>Voulez-vous savoir comment faire ma tarte fine feuillet\u00e9e au fromage, oignon et poitrine\u2009?<\/h2>\n<p>Pour r\u00e9aliser cette<strong> tarte fine feuillet\u00e9e au fromage, oignon et poitrine<\/strong>, rien de plus facile que d&rsquo;\u00e9taler la p\u00e2te feuillet\u00e9e, de mettre la garniture sur le dessus et de la mettre directement au four. Bien que, pour la rendre plus savoureuse, j&rsquo;ai mis une couche de fromage blanc sur la base et l&rsquo;oignon en grande quantit\u00e9, presque confit.<\/p>\n<p>Cette fois, j&rsquo;ai utilis\u00e9 une <strong>b\u00fbche de fromage de vache<\/strong>. Cependant, vous n&rsquo;\u00eates pas oblig\u00e9 d&rsquo;utiliser ce fromage. Une autre vari\u00e9t\u00e9 comme le ch\u00e8vre, le brie, la mozzarella ou un autre qui fond bien comme un bleu par exemple serait parfait ici. Quel fromage utiliseriez-vous\u2009? N&rsquo;h\u00e9sitez pas \u00e0 m&rsquo;en parler\u2009!<\/p>\n<p><img loading=\"lazy\" decoding=\"async\" src=\"https:\/\/jesuisuncuisinier.fr\/wp-content\/uploads\/2021\/03\/ingredients-tarte-fine-feuilletee-au-fromage-oignon-et-poitrine.jpg\" alt=\"Ingr\u00e9dients pour tarte fine feuillet\u00e9e au fromage, oignon et poitrine\" width=\"1200\" height=\"797\" class=\"aligncenter size-full wp-image-13593\" srcset=\"https:\/\/jesuisuncuisinier.fr\/wp-content\/uploads\/2021\/03\/ingredients-tarte-fine-feuilletee-au-fromage-oignon-et-poitrine.jpg 1200w, https:\/\/jesuisuncuisinier.fr\/wp-content\/uploads\/2021\/03\/ingredients-tarte-fine-feuilletee-au-fromage-oignon-et-poitrine-768x510.jpg 768w, https:\/\/jesuisuncuisinier.fr\/wp-content\/uploads\/2021\/03\/ingredients-tarte-fine-feuilletee-au-fromage-oignon-et-poitrine-320x213.jpg 320w, https:\/\/jesuisuncuisinier.fr\/wp-content\/uploads\/2021\/03\/ingredients-tarte-fine-feuilletee-au-fromage-oignon-et-poitrine-300x200.jpg 300w\" sizes=\"auto, (max-width: 1200px) 100vw, 1200px\" \/><\/p>\n<p>Sur le blog, vous trouverez d&rsquo;autres d\u00e9licieuses recettes \u00e0 base de p\u00e2te feuillet\u00e9e. Vous devez essayer <a href=\"https:\/\/jesuisuncuisinier.fr\/fr\/filet-mignon-de-porc-facon-wellington\/\" target=\"_blank\" rel=\"noopener\"><strong>le filet de porc Wellington<\/strong><\/a>, le <a href=\"https:\/\/jesuisuncuisinier.fr\/fr\/feuilletes-a-la-chistorra-ou-au-chorizo\/\" target=\"_blank\" rel=\"noopener\"><strong>feuillet\u00e9 au chorizo<\/strong><\/a> ou cette <a href=\"https:\/\/jesuisuncuisinier.fr\/fr\/tourte-poulet-champignons\/\" target=\"_blank\" rel=\"noopener\"><strong>tourte au poulet et aux champignons \u00e0 la p\u00e2te feuillet\u00e9e<\/strong><\/a> qui est d\u00e9licieuse. Dans la m\u00eame ligne, n&rsquo;h\u00e9sitez pas \u00e0 essayer la <a href=\"https:\/\/jesuisuncuisinier.fr\/fr\/tarte-fine-chevre-epinards\/\" target=\"_blank\" rel=\"noopener\"><strong>tarte fine ch\u00e8vre \u00e9pinards<\/strong><\/a>. Vous allez vous r\u00e9galer !<\/p>\n<p><ins class=\"adsbygoogle\"style=\"display:block\"data-ad-client=\"ca-pub-7750789452383743\"data-ad-slot=\"4190110340\"data-ad-format=\"auto\"data-full-width-responsive=\"true\"><\/ins><script>(adsbygoogle = window.adsbygoogle || []).push({});<\/script> <amp-ad width=\"100vw\" height=320 type=\"adsense\" data-ad-client=\"ca-pub-7750789452383743\" data-ad-slot=\"4190110340\" data-auto-format=\"rspv\" data-full-width><div overflow><\/div><\/amp-ad><div class=\"cleaner\" style=\"margin: 10px\"><\/div><div itemscope itemtype=\"http:\/\/schema.org\/Recipe\">\n<div align=\"justify\" style=\"border-style:solid; border-width: 1px;padding: 10px 10px 10px 10px;\">\n<img loading=\"lazy\" decoding=\"async\" width=\"128\" height=\"85\" src=\"https:\/\/jesuisuncuisinier.fr\/wp-content\/uploads\/2021\/03\/tarte-fine-feuilletee-au-fromage-oignon-et-poitrine.jpg\" class=\"attachment-thumbnail size-thumbnail wp-post-image\" alt=\"Tarte fine feuillet\u00e9e au fromage, oignon et poitrine\" style=\"float:left; padding: 10px 10px 10px 10px\" srcset=\"https:\/\/jesuisuncuisinier.fr\/wp-content\/uploads\/2021\/03\/tarte-fine-feuilletee-au-fromage-oignon-et-poitrine.jpg 1200w, https:\/\/jesuisuncuisinier.fr\/wp-content\/uploads\/2021\/03\/tarte-fine-feuilletee-au-fromage-oignon-et-poitrine-768x510.jpg 768w, https:\/\/jesuisuncuisinier.fr\/wp-content\/uploads\/2021\/03\/tarte-fine-feuilletee-au-fromage-oignon-et-poitrine-320x213.jpg 320w, https:\/\/jesuisuncuisinier.fr\/wp-content\/uploads\/2021\/03\/tarte-fine-feuilletee-au-fromage-oignon-et-poitrine-300x200.jpg 300w\" sizes=\"auto, (max-width: 128px) 100vw, 128px\" \/>\n<div itemprop=\"image\" itemscope itemtype=\"https:\/\/schema.org\/ImageObject\">\t\n<meta itemprop=\"url\" content=\"https:\/\/jesuisuncuisinier.fr\/wp-content\/uploads\/2021\/03\/tarte-fine-feuilletee-au-fromage-oignon-et-poitrine.jpg\">\n<meta itemprop=\"width\" content=\"140\">\n<meta itemprop=\"height\" content=\"85\">\n<\/div>\n<a href=\"https:\/\/jesuisuncuisinier.fr\/fr\/recette-du-feuilletee-au-fromage-oignon-et-poitrine\/print\/\" rel=\"nofollow\" title=\"Imprimer\"><img decoding=\"async\" src=\"https:\/\/jesuisuncuisinier.fr\/wp-content\/plugins\/wp-print\/images\/printer_famfamfam.gif\" align=\"right\" alt=\"Imprimir\"><\/a>\n<h2 itemprop=\"name\" style=\"padding: 10px 10px 0px 10px\">Recette de tarte fine feuillet\u00e9e au fromage, oignon et poitrine<\/h2>\n<span id=\"post-ratings-13583\" class=\"post-ratings\" data-nonce=\"c2ef72127d\"><div align=\"center\">Votez pour cette !<\/div>\r\n<div align=\"center\"><img decoding=\"async\" id=\"rating_13583_1\" src=\"https:\/\/jesuisuncuisinier.fr\/wp-content\/plugins\/wp-postratings\/images\/stars_crystal\/rating_on.gif\" alt=\"1 Star\" title=\"1 Star\" onmouseover=\"current_rating(13583, 1, '1 Star');\" onmouseout=\"ratings_off(4.5, 5, 0);\" onclick=\"rate_post();\" onkeypress=\"rate_post();\" style=\"cursor: pointer; border: 0px;\" \/><img decoding=\"async\" id=\"rating_13583_2\" src=\"https:\/\/jesuisuncuisinier.fr\/wp-content\/plugins\/wp-postratings\/images\/stars_crystal\/rating_on.gif\" alt=\"2 Stars\" title=\"2 Stars\" onmouseover=\"current_rating(13583, 2, '2 Stars');\" onmouseout=\"ratings_off(4.5, 5, 0);\" onclick=\"rate_post();\" onkeypress=\"rate_post();\" style=\"cursor: pointer; border: 0px;\" \/><img decoding=\"async\" id=\"rating_13583_3\" src=\"https:\/\/jesuisuncuisinier.fr\/wp-content\/plugins\/wp-postratings\/images\/stars_crystal\/rating_on.gif\" alt=\"3 Stars\" title=\"3 Stars\" onmouseover=\"current_rating(13583, 3, '3 Stars');\" onmouseout=\"ratings_off(4.5, 5, 0);\" onclick=\"rate_post();\" onkeypress=\"rate_post();\" style=\"cursor: pointer; border: 0px;\" \/><img decoding=\"async\" id=\"rating_13583_4\" src=\"https:\/\/jesuisuncuisinier.fr\/wp-content\/plugins\/wp-postratings\/images\/stars_crystal\/rating_on.gif\" alt=\"4 Stars\" title=\"4 Stars\" onmouseover=\"current_rating(13583, 4, '4 Stars');\" onmouseout=\"ratings_off(4.5, 5, 0);\" onclick=\"rate_post();\" onkeypress=\"rate_post();\" style=\"cursor: pointer; border: 0px;\" \/><img decoding=\"async\" id=\"rating_13583_5\" src=\"https:\/\/jesuisuncuisinier.fr\/wp-content\/plugins\/wp-postratings\/images\/stars_crystal\/rating_half.gif\" alt=\"5 Stars\" title=\"5 Stars\" onmouseover=\"current_rating(13583, 5, '5 Stars');\" onmouseout=\"ratings_off(4.5, 5, 0);\" onclick=\"rate_post();\" onkeypress=\"rate_post();\" style=\"cursor: pointer; border: 0px;\" \/><\/div>\r\n<div align=\"center\">Note: 4,50 \/ 5. Votes: 2<\/div><\/span><span id=\"post-ratings-13583-loading\" class=\"post-ratings-loading\"><img loading=\"lazy\" decoding=\"async\" src=\"https:\/\/jesuisuncuisinier.fr\/wp-content\/plugins\/wp-postratings\/images\/loading.gif\" width=\"16\" height=\"16\" class=\"post-ratings-image\" \/>Loading...<\/span><div><\/br><span itemprop=\"author\" itemscope itemtype=\"http:\/\/schema.org\/Person\">   <span itemprop=\"name\" content=\"Damian Serrano\"><\/span> <\/span>\n<b>Personnes:<\/b> <span itemprop=\"recipeYield\">4<\/span>   <b>Temps:<\/b> <time itemprop=\"totalTime\" datetime=PT30M>30 m<\/time>   <b>Difficult\u00e9:<\/b> Facile<\/div><div class=\"cleaner\" style=\"margin: 10px\"><\/div><time itemprop=\"dateModified\" datetime=\"2023-04-22\"><\/time> \n<span itemprop=\"description\" content=\"Comment faire une tarte fine feuillet\u00e9e au fromage, oignon et poitrine. Recette facile. Apprenez \u00e0 r\u00e9aliser cette savoureuse tarte pour l'ap\u00e9ro ou m\u00eame un repas. Vous allez vous en l\u00e9cher les babines\u2009!\" ><\/span>\n<span itemprop=\"recipeCuisine\" content=\"Unknown\" ><\/span>\n<span itemprop=\"recipeCategory\" content=\"Unknown\" ><\/span>\n<span itemprop=\"keywords\" content=\"Unknown\" ><\/span>\n<div class=\"note-wrapper\"><div class=\"note-top\"><\/div><div class=\"note-content\"><h3 style=\"padding-left: 10px; margin-bottom: 10px;\">Ingr\u00e9dients<\/h3>\n<ul>\n<li itemprop=\"recipeIngredient\">1 p\u00e2te feuillet\u00e9e pur beurre<\/li>\n<li itemprop=\"recipeIngredient\">150 g de fromage blanc<\/li>\n<li itemprop=\"recipeIngredient\">1 kg d&rsquo;oignon \u00e9minc\u00e9<\/li>\n<li itemprop=\"recipeIngredient\">1 b\u00fbche de fromage de vache en tranches<\/li>\n<li itemprop=\"recipeIngredient\">6 tranches de poitrine<\/li>\n<li itemprop=\"recipeIngredient\">Herbes de Provence<\/li>\n<li itemprop=\"recipeIngredient\">Huile d&rsquo;olive<\/li>\n<li itemprop=\"recipeIngredient\">Sel et poivre<\/li>\n<\/ul>\n<br \/><\/div><div class=\"note-bottom\"><\/div>\n<\/div> <!-- \/ #ingredients -->\n <div align=\"justify\" class=\"directions-wrapper\"><h3>\u00c9laboration<\/h3><div class=\"directions-content instructions\" >\n<\/p>\n<ol>\n<li itemprop=\"recipeInstructions\">Pr\u00e9chauffez le four \u00e0 220 \u00b0C.<\/li>\n<li itemprop=\"recipeInstructions\">Faites revenir l&rsquo;oignon \u00e0 feu tr\u00e8s doux avec un filet d&rsquo;huile jusqu&rsquo;\u00e0 ce qu&rsquo;il soit tr\u00e8s tendre. Remuez fr\u00e9quemment. Assaisonnez avec du sel et du poivre.<br \/>\n<img loading=\"lazy\" decoding=\"async\" src=\"https:\/\/jesuisuncuisinier.fr\/wp-content\/uploads\/2021\/03\/oignon-pour-feuilletee-au-fromage.jpg\" alt=\"Oignon pour feuillet\u00e9e au fromage\" width=\"300\" height=\"199\" class=\"alignnone wp-image-13592\" srcset=\"https:\/\/jesuisuncuisinier.fr\/wp-content\/uploads\/2021\/03\/oignon-pour-feuilletee-au-fromage.jpg 1200w, https:\/\/jesuisuncuisinier.fr\/wp-content\/uploads\/2021\/03\/oignon-pour-feuilletee-au-fromage-768x510.jpg 768w, https:\/\/jesuisuncuisinier.fr\/wp-content\/uploads\/2021\/03\/oignon-pour-feuilletee-au-fromage-320x213.jpg 320w, https:\/\/jesuisuncuisinier.fr\/wp-content\/uploads\/2021\/03\/oignon-pour-feuilletee-au-fromage-300x200.jpg 300w\" sizes=\"auto, (max-width: 300px) 100vw, 300px\" \/><\/li>\n<li itemprop=\"recipeInstructions\">\u00c9taler sur la feuille de p\u00e2te feuillet\u00e9e le fromage blanc sans atteindre les bords.<\/li>\n<li itemprop=\"recipeInstructions\">Placez sur le dessus l&rsquo;oignon, les tranches de bacon et enfin les rondelles de b\u00fbche de vache.<br \/>\n<img loading=\"lazy\" decoding=\"async\" src=\"https:\/\/jesuisuncuisinier.fr\/wp-content\/uploads\/2021\/03\/comment-faire-tarte-fine-feuilletee-au-fromage-oignon-et-poitrine.jpg\" alt=\"Comment faire tarte fine feuillet\u00e9e au fromage, oignon et poitrine\" width=\"1200\" height=\"797\" class=\"aligncenter size-full wp-image-13594\" srcset=\"https:\/\/jesuisuncuisinier.fr\/wp-content\/uploads\/2021\/03\/comment-faire-tarte-fine-feuilletee-au-fromage-oignon-et-poitrine.jpg 1200w, https:\/\/jesuisuncuisinier.fr\/wp-content\/uploads\/2021\/03\/comment-faire-tarte-fine-feuilletee-au-fromage-oignon-et-poitrine-768x510.jpg 768w, https:\/\/jesuisuncuisinier.fr\/wp-content\/uploads\/2021\/03\/comment-faire-tarte-fine-feuilletee-au-fromage-oignon-et-poitrine-320x213.jpg 320w, https:\/\/jesuisuncuisinier.fr\/wp-content\/uploads\/2021\/03\/comment-faire-tarte-fine-feuilletee-au-fromage-oignon-et-poitrine-300x200.jpg 300w\" sizes=\"auto, (max-width: 1200px) 100vw, 1200px\" \/><\/li>\n<li itemprop=\"recipeInstructions\">Mettez au four, baissez la temp\u00e9rature \u00e0 200 \u00b0C et faites cuire pendant 10 \u00e0 15 minutes, jusqu&rsquo;\u00e0 ce que la p\u00e2te feuillet\u00e9e soit dor\u00e9e sur les bords.<\/li>\n<li itemprop=\"recipeInstructions\">C&rsquo;est tout\u2009! Pour servir, saupoudrer d&rsquo;herbes de Provence et d\u00e9guster\u2009!<\/li>\n<\/ol>\n<p><\/div><div class=\"cleaner\" style=\"padding-bottom: 10px;\">&nbsp;<\/div><\/div> <!-- \/# directions -->\n<script async src=\"https:\/\/pagead2.googlesyndication.com\/pagead\/js\/adsbygoogle.js\"><\/script><ins class=\"adsbygoogle\"style=\"display:block\"data-ad-client=\"ca-pub-7750789452383743\"data-ad-slot=\"3064891712\"data-ad-format=\"auto\"><\/ins><script async>(adsbygoogle = window.adsbygoogle || []).push({});<\/script> <amp-ad width=\"100vw\" height=320 type=\"adsense\" data-ad-client=\"ca-pub-7750789452383743\" data-ad-slot=\"1189241592\" data-auto-format=\"rspv\" data-full-width><div overflow><\/div><\/amp-ad><div align=\"justify\" class=\"hints-wrapper\" ><h3>Conseils et astuces<\/h3><div class=\"hints-content hints\"><\/p>\n<ul>\n<li>Utilisez toute <strong>vari\u00e9t\u00e9 de fromage<\/strong> que vous aimez et qui fond bien.<\/li>\n<li>Assurez-vous que la <strong>p\u00e2te feuillet\u00e9e soit de bonne qualit\u00e9<\/strong>. Veillez \u00e0 ce qu&rsquo;elle soit pur beurre et ne contienne pas d&rsquo;autres mauvaises graisses comme de l&rsquo;huile de palme.<\/li>\n<li>Vous pouvez aussi utiliser du <a href=\"https:\/\/jesuisuncuisinier.fr\/fr\/oignon-caramelise\/\" target=\"_blank\" rel=\"noopener\"><strong>confit d&rsquo;oignon<\/strong><\/a>, suivez le lien pour voir une recette facile o\u00f9 je vous explique tous les trucs et astuces pour le pr\u00e9parer.<\/li>\n<li>On peut remplacer la poitrine par des <strong>lardons<\/strong>.<\/li>\n<li>Je vous ai propos\u00e9 une <strong>tarte fine feuillet\u00e9e au fromage, oignon et poitrine<\/strong>, mais vous pouvez la pr\u00e9parer sous forme de gros chausson. Pour ce faire, il suffit de poser une autre p\u00e2te feuillet\u00e9e sur le dessus. Pour la cuisson, badigeonnez-la d&rsquo;\u0153uf battu et faites un petit trou au milieu pour \u00e9vacuer la vapeur dans le four.<\/li>\n<\/ul>\n<p><\/div><\/div> <!-- \/# hints --><\/div><div class=\"cleaner\" style=\"padding-bottom: 10px;\">&nbsp;<\/div><\/div><!-- \/ #recipe --> \n <\/p>\n<p><img loading=\"lazy\" decoding=\"async\" src=\"https:\/\/jesuisuncuisinier.fr\/wp-content\/uploads\/2021\/03\/recette-tarte-fine-feuilletee-au-fromage-oignon-et-poitrine.jpg\" alt=\"Recette tarte fine feuillet\u00e9e au fromage, oignon et poitrine\" width=\"1200\" height=\"797\" class=\"aligncenter size-full wp-image-13595\" srcset=\"https:\/\/jesuisuncuisinier.fr\/wp-content\/uploads\/2021\/03\/recette-tarte-fine-feuilletee-au-fromage-oignon-et-poitrine.jpg 1200w, https:\/\/jesuisuncuisinier.fr\/wp-content\/uploads\/2021\/03\/recette-tarte-fine-feuilletee-au-fromage-oignon-et-poitrine-768x510.jpg 768w, https:\/\/jesuisuncuisinier.fr\/wp-content\/uploads\/2021\/03\/recette-tarte-fine-feuilletee-au-fromage-oignon-et-poitrine-320x213.jpg 320w, https:\/\/jesuisuncuisinier.fr\/wp-content\/uploads\/2021\/03\/recette-tarte-fine-feuilletee-au-fromage-oignon-et-poitrine-300x200.jpg 300w\" sizes=\"auto, (max-width: 1200px) 100vw, 1200px\" \/><\/p>\n<h2>Vous savez maintenant comment faire tarte fine au fromage, oignon et poitrine<\/h2>\n<p>La recette vous a plu\u2009? J&rsquo;esp\u00e8re vous avoir encourag\u00e9 \u00e0 la pr\u00e9parer. Vous pouvez voir que, \u00e0 l&rsquo;exception de l&rsquo;oignon, qui doit \u00eatre cuit dans une po\u00eale, le reste consiste \u00e0 tout mettre sur la p\u00e2te feuillet\u00e9e et \u00e0 la mettre au four.<\/p>\n<p>Je suis int\u00e9ress\u00e9 par votre opinion. Laissez-moi <a href=\"#comments\"><strong>un commentaire ci-dessous<\/strong><\/a> pour me dire ce que vous avez pens\u00e9 de cette recette, si vous avez des suggestions pour lui donner votre touche personnelle ou si vous avez des doutes sur la pr\u00e9paration, je serai heureux de vous aider\u2009!<\/p>\n<p>Enfin, si vous \u00eates un fan des <strong>recettes sal\u00e9es \u00e0 base de p\u00e2te feuillet\u00e9e<\/strong>, je vous encourage \u00e0 donner votre vote de confiance au blog avec un \u00ab\u00a0j&rsquo;aime\u00a0\u00bb et \u00e0 partager sur les r\u00e9seaux sociaux cette d\u00e9licieuse tarte fine feuillet\u00e9 au fromage, oignon et poitrine. Merci beaucoup\u2009!<\/p>\n\n<p>\u00c0 bient\u00f4t\u2009!<\/p>\n<p><\/p>\n","protected":false},"excerpt":{"rendered":"<p>Comment faire une tarte fine feuillet\u00e9e au fromage, oignon et poitrine. Recette facile. Apprenez \u00e0 r\u00e9aliser cette savoureuse tarte pour l&rsquo;ap\u00e9ro ou m\u00eame un repas. Vous allez vous en l\u00e9cher les babines\u2009!<\/p>\n","protected":false},"author":1,"featured_media":13587,"comment_status":"open","ping_status":"open","sticky":false,"template":"","format":"standard","meta":{"_yoast_wpseo_focuskw":"feuillet\u00e9e au fromage","_yoast_wpseo_metadesc":"Comment faire une tarte fine feuillet\u00e9e au fromage, oignon et poitrine. Recette facile. \u00c0 cuisiner pour l'ap\u00e9ro ou m\u00eame un repas.","footnotes":""},"categories":[20,842,854,851],"tags":[864,899,397,1046,1166],"class_list":["post-13583","post","type-post","status-publish","format-standard","has-post-thumbnail","hentry","category-recette","category-viande-et-volaille","category-pizzas-et-quiches","category-amuse-geules","tag-fromage","tag-oignon","tag-feuilletee","tag-pate-feuilletee","tag-poitrine"],"yoast_head":"<!-- This site is optimized with the Yoast SEO plugin v27.5 - https:\/\/yoast.com\/product\/yoast-seo-wordpress\/ -->\n<title>Recette de tarte fine feuillet\u00e9e au fromage, oignon et poitrine<\/title>\n<meta name=\"description\" content=\"Comment faire une tarte fine feuillet\u00e9e au fromage, oignon et poitrine. Recette facile. \u00c0 cuisiner pour l&#039;ap\u00e9ro ou m\u00eame un repas.\" \/>\n<meta name=\"robots\" content=\"index, follow, max-snippet:-1, max-image-preview:large, max-video-preview:-1\" \/>\n<link rel=\"canonical\" href=\"https:\/\/jesuisuncuisinier.fr\/fr\/recette-du-feuilletee-au-fromage-oignon-et-poitrine\/\" \/>\n<meta property=\"og:locale\" content=\"fr_FR\" \/>\n<meta property=\"og:type\" content=\"article\" \/>\n<meta property=\"og:title\" content=\"Recette de tarte fine feuillet\u00e9e au fromage, oignon et poitrine\" \/>\n<meta property=\"og:description\" content=\"Comment faire une tarte fine feuillet\u00e9e au fromage, oignon et poitrine. Recette facile. \u00c0 cuisiner pour l&#039;ap\u00e9ro ou m\u00eame un repas.\" \/>\n<meta property=\"og:url\" content=\"https:\/\/jesuisuncuisinier.fr\/fr\/recette-du-feuilletee-au-fromage-oignon-et-poitrine\/\" \/>\n<meta property=\"og:site_name\" content=\"Je suis un cuisinier - Recettes faciles\" \/>\n<meta property=\"article:published_time\" content=\"2021-03-24T10:20:08+00:00\" \/>\n<meta property=\"article:modified_time\" content=\"2023-04-22T10:12:55+00:00\" \/>\n<meta property=\"og:image\" content=\"https:\/\/jesuisuncuisinier.fr\/wp-content\/uploads\/2021\/03\/tarte-fine-feuilletee-au-fromage-oignon-et-poitrine.jpg\" \/>\n\t<meta property=\"og:image:width\" content=\"1200\" \/>\n\t<meta property=\"og:image:height\" content=\"797\" \/>\n\t<meta property=\"og:image:type\" content=\"image\/jpeg\" \/>\n<meta name=\"author\" content=\"Dami\u00e1n\" \/>\n<meta name=\"twitter:card\" content=\"summary_large_image\" \/>\n<meta name=\"twitter:creator\" content=\"@unptitcuisinier\" \/>\n<meta name=\"twitter:site\" content=\"@unptitcuisinier\" \/>\n<meta name=\"twitter:label1\" content=\"\u00c9crit par\" \/>\n\t<meta name=\"twitter:data1\" content=\"Dami\u00e1n\" \/>\n\t<meta name=\"twitter:label2\" content=\"Dur\u00e9e de lecture estim\u00e9e\" \/>\n\t<meta name=\"twitter:data2\" content=\"5 minutes\" \/>\n<script type=\"application\/ld+json\" class=\"yoast-schema-graph\">{\"@context\":\"https:\\\/\\\/schema.org\",\"@graph\":[{\"@type\":\"Article\",\"@id\":\"https:\\\/\\\/jesuisuncuisinier.fr\\\/fr\\\/recette-du-feuilletee-au-fromage-oignon-et-poitrine\\\/#article\",\"isPartOf\":{\"@id\":\"https:\\\/\\\/jesuisuncuisinier.fr\\\/fr\\\/recette-du-feuilletee-au-fromage-oignon-et-poitrine\\\/\"},\"author\":{\"name\":\"Dami\u00e1n\",\"@id\":\"https:\\\/\\\/jesuisuncuisinier.fr\\\/fr\\\/#\\\/schema\\\/person\\\/c2da7696f2784cce34698e48f989cb2a\"},\"headline\":\"Recette de tarte fine feuillet\u00e9e au fromage, oignon et poitrine\",\"datePublished\":\"2021-03-24T10:20:08+00:00\",\"dateModified\":\"2023-04-22T10:12:55+00:00\",\"mainEntityOfPage\":{\"@id\":\"https:\\\/\\\/jesuisuncuisinier.fr\\\/fr\\\/recette-du-feuilletee-au-fromage-oignon-et-poitrine\\\/\"},\"wordCount\":767,\"commentCount\":0,\"publisher\":{\"@id\":\"https:\\\/\\\/jesuisuncuisinier.fr\\\/fr\\\/#\\\/schema\\\/person\\\/04d97b7b1ae2f60e14cd96fc10a341aa\"},\"image\":{\"@id\":\"https:\\\/\\\/jesuisuncuisinier.fr\\\/fr\\\/recette-du-feuilletee-au-fromage-oignon-et-poitrine\\\/#primaryimage\"},\"thumbnailUrl\":\"https:\\\/\\\/jesuisuncuisinier.fr\\\/wp-content\\\/uploads\\\/2021\\\/03\\\/tarte-fine-feuilletee-au-fromage-oignon-et-poitrine.jpg\",\"keywords\":[\"fromage\",\"oignon\",\"feuillet\u00e9e\",\"p\u00e2te feuillet\u00e9e\",\"poitrine\"],\"articleSection\":[\"recette\",\"Viande et Volaille\",\"Pizzas et Quiches\",\"Amuse-geules\"],\"inLanguage\":\"fr-FR\",\"potentialAction\":[{\"@type\":\"CommentAction\",\"name\":\"Comment\",\"target\":[\"https:\\\/\\\/jesuisuncuisinier.fr\\\/fr\\\/recette-du-feuilletee-au-fromage-oignon-et-poitrine\\\/#respond\"]}]},{\"@type\":\"WebPage\",\"@id\":\"https:\\\/\\\/jesuisuncuisinier.fr\\\/fr\\\/recette-du-feuilletee-au-fromage-oignon-et-poitrine\\\/\",\"url\":\"https:\\\/\\\/jesuisuncuisinier.fr\\\/fr\\\/recette-du-feuilletee-au-fromage-oignon-et-poitrine\\\/\",\"name\":\"Recette de tarte fine feuillet\u00e9e au fromage, oignon et poitrine\",\"isPartOf\":{\"@id\":\"https:\\\/\\\/jesuisuncuisinier.fr\\\/fr\\\/#website\"},\"primaryImageOfPage\":{\"@id\":\"https:\\\/\\\/jesuisuncuisinier.fr\\\/fr\\\/recette-du-feuilletee-au-fromage-oignon-et-poitrine\\\/#primaryimage\"},\"image\":{\"@id\":\"https:\\\/\\\/jesuisuncuisinier.fr\\\/fr\\\/recette-du-feuilletee-au-fromage-oignon-et-poitrine\\\/#primaryimage\"},\"thumbnailUrl\":\"https:\\\/\\\/jesuisuncuisinier.fr\\\/wp-content\\\/uploads\\\/2021\\\/03\\\/tarte-fine-feuilletee-au-fromage-oignon-et-poitrine.jpg\",\"datePublished\":\"2021-03-24T10:20:08+00:00\",\"dateModified\":\"2023-04-22T10:12:55+00:00\",\"description\":\"Comment faire une tarte fine feuillet\u00e9e au fromage, oignon et poitrine. Recette facile. \u00c0 cuisiner pour l'ap\u00e9ro ou m\u00eame un repas.\",\"breadcrumb\":{\"@id\":\"https:\\\/\\\/jesuisuncuisinier.fr\\\/fr\\\/recette-du-feuilletee-au-fromage-oignon-et-poitrine\\\/#breadcrumb\"},\"inLanguage\":\"fr-FR\",\"potentialAction\":[{\"@type\":\"ReadAction\",\"target\":[\"https:\\\/\\\/jesuisuncuisinier.fr\\\/fr\\\/recette-du-feuilletee-au-fromage-oignon-et-poitrine\\\/\"]}]},{\"@type\":\"ImageObject\",\"inLanguage\":\"fr-FR\",\"@id\":\"https:\\\/\\\/jesuisuncuisinier.fr\\\/fr\\\/recette-du-feuilletee-au-fromage-oignon-et-poitrine\\\/#primaryimage\",\"url\":\"https:\\\/\\\/jesuisuncuisinier.fr\\\/wp-content\\\/uploads\\\/2021\\\/03\\\/tarte-fine-feuilletee-au-fromage-oignon-et-poitrine.jpg\",\"contentUrl\":\"https:\\\/\\\/jesuisuncuisinier.fr\\\/wp-content\\\/uploads\\\/2021\\\/03\\\/tarte-fine-feuilletee-au-fromage-oignon-et-poitrine.jpg\",\"width\":1200,\"height\":797,\"caption\":\"Tarte fine feuillet\u00e9e au fromage, oignon et poitrine\"},{\"@type\":\"BreadcrumbList\",\"@id\":\"https:\\\/\\\/jesuisuncuisinier.fr\\\/fr\\\/recette-du-feuilletee-au-fromage-oignon-et-poitrine\\\/#breadcrumb\",\"itemListElement\":[{\"@type\":\"ListItem\",\"position\":1,\"name\":\"Portada\",\"item\":\"https:\\\/\\\/jesuisuncuisinier.fr\\\/fr\\\/\"},{\"@type\":\"ListItem\",\"position\":2,\"name\":\"Recette de tarte fine feuillet\u00e9e au fromage, oignon et poitrine\"}]},{\"@type\":\"WebSite\",\"@id\":\"https:\\\/\\\/jesuisuncuisinier.fr\\\/fr\\\/#website\",\"url\":\"https:\\\/\\\/jesuisuncuisinier.fr\\\/fr\\\/\",\"name\":\"Je suis un cuisinier - Recettes faciles\",\"description\":\"Recettes de cuisine faciles pour tous les jours. Cuisine fran\u00e7aise, espagnole et d&#039;ailleurs.\",\"publisher\":{\"@id\":\"https:\\\/\\\/jesuisuncuisinier.fr\\\/fr\\\/#\\\/schema\\\/person\\\/04d97b7b1ae2f60e14cd96fc10a341aa\"},\"potentialAction\":[{\"@type\":\"SearchAction\",\"target\":{\"@type\":\"EntryPoint\",\"urlTemplate\":\"https:\\\/\\\/jesuisuncuisinier.fr\\\/fr\\\/?s={search_term_string}\"},\"query-input\":{\"@type\":\"PropertyValueSpecification\",\"valueRequired\":true,\"valueName\":\"search_term_string\"}}],\"inLanguage\":\"fr-FR\"},{\"@type\":[\"Person\",\"Organization\"],\"@id\":\"https:\\\/\\\/jesuisuncuisinier.fr\\\/fr\\\/#\\\/schema\\\/person\\\/04d97b7b1ae2f60e14cd96fc10a341aa\",\"name\":\"Dami\u00e1n Serrano\",\"image\":{\"@type\":\"ImageObject\",\"inLanguage\":\"fr-FR\",\"@id\":\"https:\\\/\\\/jesuisuncuisinier.fr\\\/wp-content\\\/uploads\\\/2019\\\/11\\\/avatar.jpg\",\"url\":\"https:\\\/\\\/jesuisuncuisinier.fr\\\/wp-content\\\/uploads\\\/2019\\\/11\\\/avatar.jpg\",\"contentUrl\":\"https:\\\/\\\/jesuisuncuisinier.fr\\\/wp-content\\\/uploads\\\/2019\\\/11\\\/avatar.jpg\",\"width\":200,\"height\":200,\"caption\":\"Dami\u00e1n Serrano\"},\"logo\":{\"@id\":\"https:\\\/\\\/jesuisuncuisinier.fr\\\/wp-content\\\/uploads\\\/2019\\\/11\\\/avatar.jpg\"}},{\"@type\":\"Person\",\"@id\":\"https:\\\/\\\/jesuisuncuisinier.fr\\\/fr\\\/#\\\/schema\\\/person\\\/c2da7696f2784cce34698e48f989cb2a\",\"name\":\"Dami\u00e1n\",\"sameAs\":[\"http:\\\/\\\/jesuisuncuisinier.fr\",\"https:\\\/\\\/x.com\\\/unptitcuisinier\"]}]}<\/script>\n<!-- \/ Yoast SEO plugin. -->","yoast_head_json":{"title":"Recette de tarte fine feuillet\u00e9e au fromage, oignon et poitrine","description":"Comment faire une tarte fine feuillet\u00e9e au fromage, oignon et poitrine. Recette facile. \u00c0 cuisiner pour l'ap\u00e9ro ou m\u00eame un repas.","robots":{"index":"index","follow":"follow","max-snippet":"max-snippet:-1","max-image-preview":"max-image-preview:large","max-video-preview":"max-video-preview:-1"},"canonical":"https:\/\/jesuisuncuisinier.fr\/fr\/recette-du-feuilletee-au-fromage-oignon-et-poitrine\/","og_locale":"fr_FR","og_type":"article","og_title":"Recette de tarte fine feuillet\u00e9e au fromage, oignon et poitrine","og_description":"Comment faire une tarte fine feuillet\u00e9e au fromage, oignon et poitrine. Recette facile. \u00c0 cuisiner pour l'ap\u00e9ro ou m\u00eame un repas.","og_url":"https:\/\/jesuisuncuisinier.fr\/fr\/recette-du-feuilletee-au-fromage-oignon-et-poitrine\/","og_site_name":"Je suis un cuisinier - Recettes faciles","article_published_time":"2021-03-24T10:20:08+00:00","article_modified_time":"2023-04-22T10:12:55+00:00","og_image":[{"width":1200,"height":797,"url":"https:\/\/jesuisuncuisinier.fr\/wp-content\/uploads\/2021\/03\/tarte-fine-feuilletee-au-fromage-oignon-et-poitrine.jpg","type":"image\/jpeg"}],"author":"Dami\u00e1n","twitter_card":"summary_large_image","twitter_creator":"@unptitcuisinier","twitter_site":"@unptitcuisinier","twitter_misc":{"\u00c9crit par":"Dami\u00e1n","Dur\u00e9e de lecture estim\u00e9e":"5 minutes"},"schema":{"@context":"https:\/\/schema.org","@graph":[{"@type":"Article","@id":"https:\/\/jesuisuncuisinier.fr\/fr\/recette-du-feuilletee-au-fromage-oignon-et-poitrine\/#article","isPartOf":{"@id":"https:\/\/jesuisuncuisinier.fr\/fr\/recette-du-feuilletee-au-fromage-oignon-et-poitrine\/"},"author":{"name":"Dami\u00e1n","@id":"https:\/\/jesuisuncuisinier.fr\/fr\/#\/schema\/person\/c2da7696f2784cce34698e48f989cb2a"},"headline":"Recette de tarte fine feuillet\u00e9e au fromage, oignon et poitrine","datePublished":"2021-03-24T10:20:08+00:00","dateModified":"2023-04-22T10:12:55+00:00","mainEntityOfPage":{"@id":"https:\/\/jesuisuncuisinier.fr\/fr\/recette-du-feuilletee-au-fromage-oignon-et-poitrine\/"},"wordCount":767,"commentCount":0,"publisher":{"@id":"https:\/\/jesuisuncuisinier.fr\/fr\/#\/schema\/person\/04d97b7b1ae2f60e14cd96fc10a341aa"},"image":{"@id":"https:\/\/jesuisuncuisinier.fr\/fr\/recette-du-feuilletee-au-fromage-oignon-et-poitrine\/#primaryimage"},"thumbnailUrl":"https:\/\/jesuisuncuisinier.fr\/wp-content\/uploads\/2021\/03\/tarte-fine-feuilletee-au-fromage-oignon-et-poitrine.jpg","keywords":["fromage","oignon","feuillet\u00e9e","p\u00e2te feuillet\u00e9e","poitrine"],"articleSection":["recette","Viande et Volaille","Pizzas et Quiches","Amuse-geules"],"inLanguage":"fr-FR","potentialAction":[{"@type":"CommentAction","name":"Comment","target":["https:\/\/jesuisuncuisinier.fr\/fr\/recette-du-feuilletee-au-fromage-oignon-et-poitrine\/#respond"]}]},{"@type":"WebPage","@id":"https:\/\/jesuisuncuisinier.fr\/fr\/recette-du-feuilletee-au-fromage-oignon-et-poitrine\/","url":"https:\/\/jesuisuncuisinier.fr\/fr\/recette-du-feuilletee-au-fromage-oignon-et-poitrine\/","name":"Recette de tarte fine feuillet\u00e9e au fromage, oignon et poitrine","isPartOf":{"@id":"https:\/\/jesuisuncuisinier.fr\/fr\/#website"},"primaryImageOfPage":{"@id":"https:\/\/jesuisuncuisinier.fr\/fr\/recette-du-feuilletee-au-fromage-oignon-et-poitrine\/#primaryimage"},"image":{"@id":"https:\/\/jesuisuncuisinier.fr\/fr\/recette-du-feuilletee-au-fromage-oignon-et-poitrine\/#primaryimage"},"thumbnailUrl":"https:\/\/jesuisuncuisinier.fr\/wp-content\/uploads\/2021\/03\/tarte-fine-feuilletee-au-fromage-oignon-et-poitrine.jpg","datePublished":"2021-03-24T10:20:08+00:00","dateModified":"2023-04-22T10:12:55+00:00","description":"Comment faire une tarte fine feuillet\u00e9e au fromage, oignon et poitrine. Recette facile. \u00c0 cuisiner pour l'ap\u00e9ro ou m\u00eame un repas.","breadcrumb":{"@id":"https:\/\/jesuisuncuisinier.fr\/fr\/recette-du-feuilletee-au-fromage-oignon-et-poitrine\/#breadcrumb"},"inLanguage":"fr-FR","potentialAction":[{"@type":"ReadAction","target":["https:\/\/jesuisuncuisinier.fr\/fr\/recette-du-feuilletee-au-fromage-oignon-et-poitrine\/"]}]},{"@type":"ImageObject","inLanguage":"fr-FR","@id":"https:\/\/jesuisuncuisinier.fr\/fr\/recette-du-feuilletee-au-fromage-oignon-et-poitrine\/#primaryimage","url":"https:\/\/jesuisuncuisinier.fr\/wp-content\/uploads\/2021\/03\/tarte-fine-feuilletee-au-fromage-oignon-et-poitrine.jpg","contentUrl":"https:\/\/jesuisuncuisinier.fr\/wp-content\/uploads\/2021\/03\/tarte-fine-feuilletee-au-fromage-oignon-et-poitrine.jpg","width":1200,"height":797,"caption":"Tarte fine feuillet\u00e9e au fromage, oignon et poitrine"},{"@type":"BreadcrumbList","@id":"https:\/\/jesuisuncuisinier.fr\/fr\/recette-du-feuilletee-au-fromage-oignon-et-poitrine\/#breadcrumb","itemListElement":[{"@type":"ListItem","position":1,"name":"Portada","item":"https:\/\/jesuisuncuisinier.fr\/fr\/"},{"@type":"ListItem","position":2,"name":"Recette de tarte fine feuillet\u00e9e au fromage, oignon et poitrine"}]},{"@type":"WebSite","@id":"https:\/\/jesuisuncuisinier.fr\/fr\/#website","url":"https:\/\/jesuisuncuisinier.fr\/fr\/","name":"Je suis un cuisinier - Recettes faciles","description":"Recettes de cuisine faciles pour tous les jours. Cuisine fran\u00e7aise, espagnole et d&#039;ailleurs.","publisher":{"@id":"https:\/\/jesuisuncuisinier.fr\/fr\/#\/schema\/person\/04d97b7b1ae2f60e14cd96fc10a341aa"},"potentialAction":[{"@type":"SearchAction","target":{"@type":"EntryPoint","urlTemplate":"https:\/\/jesuisuncuisinier.fr\/fr\/?s={search_term_string}"},"query-input":{"@type":"PropertyValueSpecification","valueRequired":true,"valueName":"search_term_string"}}],"inLanguage":"fr-FR"},{"@type":["Person","Organization"],"@id":"https:\/\/jesuisuncuisinier.fr\/fr\/#\/schema\/person\/04d97b7b1ae2f60e14cd96fc10a341aa","name":"Dami\u00e1n Serrano","image":{"@type":"ImageObject","inLanguage":"fr-FR","@id":"https:\/\/jesuisuncuisinier.fr\/wp-content\/uploads\/2019\/11\/avatar.jpg","url":"https:\/\/jesuisuncuisinier.fr\/wp-content\/uploads\/2019\/11\/avatar.jpg","contentUrl":"https:\/\/jesuisuncuisinier.fr\/wp-content\/uploads\/2019\/11\/avatar.jpg","width":200,"height":200,"caption":"Dami\u00e1n Serrano"},"logo":{"@id":"https:\/\/jesuisuncuisinier.fr\/wp-content\/uploads\/2019\/11\/avatar.jpg"}},{"@type":"Person","@id":"https:\/\/jesuisuncuisinier.fr\/fr\/#\/schema\/person\/c2da7696f2784cce34698e48f989cb2a","name":"Dami\u00e1n","sameAs":["http:\/\/jesuisuncuisinier.fr","https:\/\/x.com\/unptitcuisinier"]}]}},"amp_enabled":true,"_links":{"self":[{"href":"https:\/\/jesuisuncuisinier.fr\/fr\/wp-json\/wp\/v2\/posts\/13583","targetHints":{"allow":["GET"]}}],"collection":[{"href":"https:\/\/jesuisuncuisinier.fr\/fr\/wp-json\/wp\/v2\/posts"}],"about":[{"href":"https:\/\/jesuisuncuisinier.fr\/fr\/wp-json\/wp\/v2\/types\/post"}],"author":[{"embeddable":true,"href":"https:\/\/jesuisuncuisinier.fr\/fr\/wp-json\/wp\/v2\/users\/1"}],"replies":[{"embeddable":true,"href":"https:\/\/jesuisuncuisinier.fr\/fr\/wp-json\/wp\/v2\/comments?post=13583"}],"version-history":[{"count":10,"href":"https:\/\/jesuisuncuisinier.fr\/fr\/wp-json\/wp\/v2\/posts\/13583\/revisions"}],"predecessor-version":[{"id":15657,"href":"https:\/\/jesuisuncuisinier.fr\/fr\/wp-json\/wp\/v2\/posts\/13583\/revisions\/15657"}],"wp:featuredmedia":[{"embeddable":true,"href":"https:\/\/jesuisuncuisinier.fr\/fr\/wp-json\/wp\/v2\/media\/13587"}],"wp:attachment":[{"href":"https:\/\/jesuisuncuisinier.fr\/fr\/wp-json\/wp\/v2\/media?parent=13583"}],"wp:term":[{"taxonomy":"category","embeddable":true,"href":"https:\/\/jesuisuncuisinier.fr\/fr\/wp-json\/wp\/v2\/categories?post=13583"},{"taxonomy":"post_tag","embeddable":true,"href":"https:\/\/jesuisuncuisinier.fr\/fr\/wp-json\/wp\/v2\/tags?post=13583"}],"curies":[{"name":"wp","href":"https:\/\/api.w.org\/{rel}","templated":true}]}}