{"id":13562,"date":"2021-03-03T11:34:41","date_gmt":"2021-03-03T10:34:41","guid":{"rendered":"https:\/\/jesuisuncuisinier.fr\/fr\/?p=13562"},"modified":"2021-03-22T19:24:19","modified_gmt":"2021-03-22T18:24:19","slug":"recette-de-salade-de-pommes-de-terre-aux-sardines-et-fenouil","status":"publish","type":"post","link":"https:\/\/jesuisuncuisinier.fr\/fr\/recette-de-salade-de-pommes-de-terre-aux-sardines-et-fenouil\/","title":{"rendered":"Recette de salade de pommes de terre aux sardines et fenouil"},"content":{"rendered":"<\/p>\n<p>Bonjour !\u00a0 J\u2019aime beaucoup pr\u00e9parer des\u00a0<a href=\"https:\/\/jesuisuncuisinier.fr\/fr\/sardines-marinees\/\" target=\"_blank\" rel=\"noopener\"><strong>sardines marin\u00e9es \u00e0 l\u2019huile comme dans les bo\u00eetes<\/strong><\/a>, si vous n\u2019avez jamais essay\u00e9, vous avez d\u00e9j\u00e0 perdu trop de temps. C\u2019est excellent, car lorsqu\u2019on utilise une huile d\u2019olive de qualit\u00e9, le r\u00e9sultat est beaucoup plus savoureux. Avec, je fais habituellement, entre autres, cette\u00a0<strong>salade de pommes de terre aux sardines<\/strong>\u00a0\u00e0 laquelle, lorsqu\u2019il est de saison, j\u2019ajoute habituellement un peu de fenouil dont la saveur anis\u00e9e avec les sardines est d\u00e9licieuse.<\/p>\n<p><script async src=\"\/\/pagead2.googlesyndication.com\/pagead\/js\/adsbygoogle.js\"><\/script><ins class=\"adsbygoogle\"style=\"display:block\"data-ad-client=\"ca-pub-7750789452383743\"data-ad-slot=\"9252856116\"data-ad-format=\"auto\"><\/ins><script>(adsbygoogle = window.adsbygoogle || []).push({});<\/script><amp-ad width=\"100vw\" height=320 type=\"adsense\" data-ad-client=\"ca-pub-7750789452383743\" data-ad-slot=\"7340373828\" data-auto-format=\"rspv\" data-full-width><div overflow><\/div><\/amp-ad><div class=\"cleaner\" style=\"margin: 10px\"><\/div><\/p>\n<h2>Vous voulez savoir comment pr\u00e9parer une salade de pommes de terre aux sardines ?<\/h2>\n<p>La\u00a0<strong>salade de pommes de terre aux sardines<\/strong>\u00a0que je vous pr\u00e9sente ici contient, en plus du fenouil, des betteraves cuites, des carottes, des poivrons rouges et verts, du ma\u00efs, un peu d\u2019oignon rouge, du persil hach\u00e9 et de la ciboulette verte. Il existe de nombreux ingr\u00e9dients que vous pouvez combiner quand ils sont de saison.<\/p>\n<p>L\u2019alli\u00e9 de cette\u00a0<strong>salade de pommes de terre aux sardines<\/strong>\u00a0est une vinaigrette \u00e0 la moutarde. Toujours avec une bonne huile d\u2019olive extra vierge. Le reste des ingr\u00e9dients sont du vinaigre, de la moutarde de Dijon, du sel et du poivre.<\/p>\n<p><img loading=\"lazy\" decoding=\"async\" src=\"https:\/\/jesuisuncuisinier.fr\/wp-content\/uploads\/2021\/03\/sardines-a-l-huile.jpg\" data-src=\"https:\/\/jesuisuncuisinier.fr\/wp-content\/uploads\/2021\/03\/sardines-a-l-huile.jpg\" alt=\"Sardines \u00e0 l'huile\" width=\"1280\" height=\"853\" class=\"aligncenter size-full wp-image-13651 lazyloaded\" data-srcset=\"https:\/\/jesuisuncuisinier.fr\/wp-content\/uploads\/2021\/03\/sardines-a-l-huile.jpg 1280w, https:\/\/jesuisuncuisinier.fr\/wp-content\/uploads\/2021\/03\/sardines-a-l-huile-768x512.jpg 768w, https:\/\/jesuisuncuisinier.fr\/wp-content\/uploads\/2021\/03\/sardines-a-l-huile-320x213.jpg 320w, https:\/\/jesuisuncuisinier.fr\/wp-content\/uploads\/2021\/03\/sardines-a-l-huile-300x200.jpg 300w\" data-sizes=\"(max-width: 1280px) 100vw, 1280px\" sizes=\"auto, (max-width: 1280px) 100vw, 1280px\" srcset=\"https:\/\/jesuisuncuisinier.fr\/wp-content\/uploads\/2021\/03\/sardines-a-l-huile.jpg 1280w, https:\/\/jesuisuncuisinier.fr\/wp-content\/uploads\/2021\/03\/sardines-a-l-huile-768x512.jpg 768w, https:\/\/jesuisuncuisinier.fr\/wp-content\/uploads\/2021\/03\/sardines-a-l-huile-320x213.jpg 320w, https:\/\/jesuisuncuisinier.fr\/wp-content\/uploads\/2021\/03\/sardines-a-l-huile-300x200.jpg 300w\" \/><\/p>\n<p>Sur le blog, vous trouverez de nombreuses autres\u00a0<strong>recettes \u00e0 base de sardines \u00e0 l\u2019huile<\/strong>. N\u2019oubliez pas d\u2019essayer la\u00a0<a href=\"https:\/\/jesuisuncuisinier.fr\/fr\/recette-de-salade-de-pois-chiches-sardines-et-poivrons\/\" target=\"_blank\" rel=\"noopener\"><strong>salade de pois chiches avec des sardines<\/strong><\/a>, j\u2019adore\u2009! Mais vous pouvez aussi essayer cette recette de\u00a0<strong>sardines au four aux herbes de Provence<\/strong>, qui est vraiment savoureuse. Et si vous voulez le meilleur du meilleur, ces\u00a0<a href=\"https:\/\/jesuisuncuisinier.fr\/fr\/rillettes-de-sardines\/\" target=\"_blank\" rel=\"noopener\"><strong>rillettes de sardines<\/strong><\/a>\u00a0au\u00a0<strong><a href=\"https:\/\/jesuisuncuisinier.fr\/fr\/pain-a-l-ail\/\" target=\"_blank\" rel=\"noopener\">pain \u00e0 l\u2019ail<\/a><\/strong>.<\/p>\n<p>\n<ins class=\"adsbygoogle\"style=\"display:block\"data-ad-client=\"ca-pub-7750789452383743\"data-ad-slot=\"4190110340\"data-ad-format=\"auto\"data-full-width-responsive=\"true\"><\/ins><script>(adsbygoogle = window.adsbygoogle || []).push({});<\/script> <amp-ad width=\"100vw\" height=320 type=\"adsense\" data-ad-client=\"ca-pub-7750789452383743\" data-ad-slot=\"4190110340\" data-auto-format=\"rspv\" data-full-width><div overflow><\/div><\/amp-ad><div class=\"cleaner\" style=\"margin: 10px\"><\/div><div itemscope itemtype=\"http:\/\/schema.org\/Recipe\">\n<div align=\"justify\" style=\"border-style:solid; border-width: 1px;padding: 10px 10px 10px 10px;\">\n<img loading=\"lazy\" decoding=\"async\" width=\"128\" height=\"85\" src=\"https:\/\/jesuisuncuisinier.fr\/wp-content\/uploads\/2021\/03\/salade-de-pommes-de-terre-aux-sardines-et-fenouil.jpg\" class=\"attachment-thumbnail size-thumbnail wp-post-image\" alt=\"Salade de pommes de terre aux sardines et fenouil\" style=\"float:left; padding: 10px 10px 10px 10px\" srcset=\"https:\/\/jesuisuncuisinier.fr\/wp-content\/uploads\/2021\/03\/salade-de-pommes-de-terre-aux-sardines-et-fenouil.jpg 1200w, https:\/\/jesuisuncuisinier.fr\/wp-content\/uploads\/2021\/03\/salade-de-pommes-de-terre-aux-sardines-et-fenouil-768x510.jpg 768w, https:\/\/jesuisuncuisinier.fr\/wp-content\/uploads\/2021\/03\/salade-de-pommes-de-terre-aux-sardines-et-fenouil-320x213.jpg 320w, https:\/\/jesuisuncuisinier.fr\/wp-content\/uploads\/2021\/03\/salade-de-pommes-de-terre-aux-sardines-et-fenouil-300x200.jpg 300w\" sizes=\"auto, (max-width: 128px) 100vw, 128px\" \/>\n<div itemprop=\"image\" itemscope itemtype=\"https:\/\/schema.org\/ImageObject\">\t\n<meta itemprop=\"url\" content=\"https:\/\/jesuisuncuisinier.fr\/wp-content\/uploads\/2021\/03\/salade-de-pommes-de-terre-aux-sardines-et-fenouil.jpg\">\n<meta itemprop=\"width\" content=\"140\">\n<meta itemprop=\"height\" content=\"85\">\n<\/div>\n<a href=\"https:\/\/jesuisuncuisinier.fr\/fr\/recette-de-salade-de-pommes-de-terre-aux-sardines-et-fenouil\/print\/\" rel=\"nofollow\" title=\"Imprimer\"><img decoding=\"async\" src=\"https:\/\/jesuisuncuisinier.fr\/wp-content\/plugins\/wp-print\/images\/printer_famfamfam.gif\" align=\"right\" alt=\"Imprimir\"><\/a>\n<h2 itemprop=\"name\" style=\"padding: 10px 10px 0px 10px\">Recette de salade de pommes de terre aux sardines et fenouil<\/h2>\n<span id=\"post-ratings-13562\" class=\"post-ratings\" data-nonce=\"28842d8828\"><div align=\"center\">Votez pour cette !<\/div>\r\n<div align=\"center\"><img decoding=\"async\" id=\"rating_13562_1\" src=\"https:\/\/jesuisuncuisinier.fr\/wp-content\/plugins\/wp-postratings\/images\/stars_crystal\/rating_on.gif\" alt=\"1 Star\" title=\"1 Star\" onmouseover=\"current_rating(13562, 1, '1 Star');\" onmouseout=\"ratings_off(5, 0, 0);\" onclick=\"rate_post();\" onkeypress=\"rate_post();\" style=\"cursor: pointer; border: 0px;\" \/><img decoding=\"async\" id=\"rating_13562_2\" src=\"https:\/\/jesuisuncuisinier.fr\/wp-content\/plugins\/wp-postratings\/images\/stars_crystal\/rating_on.gif\" alt=\"2 Stars\" title=\"2 Stars\" onmouseover=\"current_rating(13562, 2, '2 Stars');\" onmouseout=\"ratings_off(5, 0, 0);\" onclick=\"rate_post();\" onkeypress=\"rate_post();\" style=\"cursor: pointer; border: 0px;\" \/><img decoding=\"async\" id=\"rating_13562_3\" src=\"https:\/\/jesuisuncuisinier.fr\/wp-content\/plugins\/wp-postratings\/images\/stars_crystal\/rating_on.gif\" alt=\"3 Stars\" title=\"3 Stars\" onmouseover=\"current_rating(13562, 3, '3 Stars');\" onmouseout=\"ratings_off(5, 0, 0);\" onclick=\"rate_post();\" onkeypress=\"rate_post();\" style=\"cursor: pointer; border: 0px;\" \/><img decoding=\"async\" id=\"rating_13562_4\" src=\"https:\/\/jesuisuncuisinier.fr\/wp-content\/plugins\/wp-postratings\/images\/stars_crystal\/rating_on.gif\" alt=\"4 Stars\" title=\"4 Stars\" onmouseover=\"current_rating(13562, 4, '4 Stars');\" onmouseout=\"ratings_off(5, 0, 0);\" onclick=\"rate_post();\" onkeypress=\"rate_post();\" style=\"cursor: pointer; border: 0px;\" \/><img decoding=\"async\" id=\"rating_13562_5\" src=\"https:\/\/jesuisuncuisinier.fr\/wp-content\/plugins\/wp-postratings\/images\/stars_crystal\/rating_on.gif\" alt=\"5 Stars\" title=\"5 Stars\" onmouseover=\"current_rating(13562, 5, '5 Stars');\" onmouseout=\"ratings_off(5, 0, 0);\" onclick=\"rate_post();\" onkeypress=\"rate_post();\" style=\"cursor: pointer; border: 0px;\" \/><\/div>\r\n<div align=\"center\">Note: 5,00 \/ 5. Votes: 1<\/div><\/span><span id=\"post-ratings-13562-loading\" class=\"post-ratings-loading\"><img loading=\"lazy\" decoding=\"async\" src=\"https:\/\/jesuisuncuisinier.fr\/wp-content\/plugins\/wp-postratings\/images\/loading.gif\" width=\"16\" height=\"16\" class=\"post-ratings-image\" \/>Loading...<\/span><div><\/br><span itemprop=\"author\" itemscope itemtype=\"http:\/\/schema.org\/Person\">   <span itemprop=\"name\" content=\"Damian Serrano\"><\/span> <\/span>\n<b>Personnes:<\/b> <span itemprop=\"recipeYield\">4<\/span>   <b>Temps:<\/b> <time itemprop=\"totalTime\" datetime=PT30M>30 m<\/time>   <b>Difficult\u00e9:<\/b> Facile<\/div><div class=\"cleaner\" style=\"margin: 10px\"><\/div><time itemprop=\"dateModified\" datetime=\"2021-03-22\"><\/time> \n<span itemprop=\"description\" content=\"Comment faire une salade de pommes de terre aux sardines. Recette facile. Apprenez \u00e0 pr\u00e9parer cette salade savoureuse avec une touche de fenouil.\" ><\/span>\n<span itemprop=\"recipeCuisine\" content=\"Unknown\" ><\/span>\n<span itemprop=\"recipeCategory\" content=\"Unknown\" ><\/span>\n<span itemprop=\"keywords\" content=\"Unknown\" ><\/span>\n<div class=\"note-wrapper\"><div class=\"note-top\"><\/div><div class=\"note-content\"><h3 style=\"padding-left: 10px; margin-bottom: 10px;\">Ingr\u00e9dients<\/h3>\n<ul>\n<li itemprop=\"recipeIngredient\">600 g de pommes de terre<\/li>\n<li itemprop=\"recipeIngredient\">200 g de sardines \u00e0 l\u2019huile (poids \u00e9goutt\u00e9)<\/li>\n<li itemprop=\"recipeIngredient\">1 poivron rouge<\/li>\n<li itemprop=\"recipeIngredient\">1 poivron vert<\/li>\n<li itemprop=\"recipeIngredient\">1\/2 fenouil<\/li>\n<li itemprop=\"recipeIngredient\">1 carotte<\/li>\n<li itemprop=\"recipeIngredient\">1 betterave<\/li>\n<li itemprop=\"recipeIngredient\">4 cuill\u00e8res \u00e0 soupe de ma\u00efs sucr\u00e9<\/li>\n<li itemprop=\"recipeIngredient\">1\/2 oignon rouge<\/li>\n<li itemprop=\"recipeIngredient\">Ciboulette verte<\/li>\n<li itemprop=\"recipeIngredient\">Persil hach\u00e9<\/li>\n<li itemprop=\"recipeIngredient\">Pour la vinaigrette<\/li>\n<li itemprop=\"recipeIngredient\">100 ml d\u2019huile d\u2019olive extra vierge<\/li>\n<li itemprop=\"recipeIngredient\">2 ou 3 cuill\u00e8res \u00e0 soupe de vinaigre de x\u00e9r\u00e8s (ou votre vinaigre pr\u00e9f\u00e9r\u00e9)<\/li>\n<li itemprop=\"recipeIngredient\">1 ou 2 cuill\u00e8res \u00e0 caf\u00e9 de moutarde de Dijon (facultatif)<\/li>\n<li itemprop=\"recipeIngredient\">Sel et poivre noir moulu<\/li>\n<\/ul>\n<br \/><\/div><div class=\"note-bottom\"><\/div>\n<\/div> <!-- \/ #ingredients -->\n<div align=\"justify\" class=\"directions-wrapper\"><h3>\u00c9laboration<\/h3><div class=\"directions-content instructions\" >\n<\/p>\n<ol>\n<li itemprop=\"recipeInstructions\">Faites bouillir les pommes de terre. Nettoyez bien l\u2019ext\u00e9rieur des pommes de terre. Mettez-les dans une casserole ou un pot et couvrez-les d\u2019eau. Salez g\u00e9n\u00e9reusement l\u2019eau. Mettez la casserole sur le feu et portez \u00e0 \u00e9bullition.<\/li>\n<li itemprop=\"recipeInstructions\">A \u00e9bullition, baissez un peu le feu et laissez cuire les pommes de terre. Si elles sont de taille moyenne, elles seront pr\u00eates en 20 \u00e0 30 minutes. La meilleure chose \u00e0 faire est de toujours v\u00e9rifier la cuisson en piquant chaque pomme de terre avec un couteau. Si elle est tendre quand vous la piquez, elle est pr\u00eate.<\/li>\n<li itemprop=\"recipeInstructions\">\u00c9gouttez les pommes de terre et laissez-les refroidir un peu jusqu\u2019\u00e0 ce qu\u2019elles puissent \u00eatre manipul\u00e9es sans se br\u00fbler. Si vous le souhaitez, vous pouvez les peler ou les manger dans leur peau. Coupez les pommes de terre en petits morceaux.<\/li>\n<li itemprop=\"recipeInstructions\">\u00c9miettez les sardines. Enlever l\u2019ar\u00eate centrale.<\/li>\n<li itemprop=\"recipeInstructions\">Lavez et \u00e9pluchez les l\u00e9gumes. Coupez les poivrons, l\u2019oignon rouge et la betterave en petits morceaux. Coupez le fenouil en fines juliennes et r\u00e2pez grossi\u00e8rement la carotte.<\/li>\n<li itemprop=\"recipeInstructions\">Hachez le persil, la partie verte de l\u2019oignon de printemps et les feuilles de fenouil si vous en avez.<\/li>\n<li itemprop=\"recipeInstructions\">Dans un saladier, m\u00e9langez les pommes de terre avec les sardines et les l\u00e9gumes. Ajoutez les herbes.<\/li>\n<li itemprop=\"recipeInstructions\">Conserver au r\u00e9frig\u00e9rateur jusqu\u2019au moment de la consommation. Id\u00e9alement, au moins 2 heures pour que ce soit bien r\u00e9frig\u00e9r\u00e9.<\/li>\n<li itemprop=\"recipeInstructions\">C\u2019est tout\u2009! Vous voyez comme c\u2019est facile\u2009? Bon app\u00e9tit\u2009!<\/li>\n<\/ol>\n<p><\/div><div class=\"cleaner\" style=\"padding-bottom: 10px;\">&nbsp;<\/div><\/div> <!-- \/# directions -->\n<script async src=\"https:\/\/pagead2.googlesyndication.com\/pagead\/js\/adsbygoogle.js\"><\/script><ins class=\"adsbygoogle\"style=\"display:block\"data-ad-client=\"ca-pub-7750789452383743\"data-ad-slot=\"3064891712\"data-ad-format=\"auto\"><\/ins><script async>(adsbygoogle = window.adsbygoogle || []).push({});<\/script> <amp-ad width=\"100vw\" height=320 type=\"adsense\" data-ad-client=\"ca-pub-7750789452383743\" data-ad-slot=\"1189241592\" data-auto-format=\"rspv\" data-full-width><div overflow><\/div><\/amp-ad><div align=\"justify\" class=\"hints-wrapper\" ><h3>Conseils et astuces<\/h3><div class=\"hints-content hints\"><\/p>\n<ul>\n<li>Pour\u00a0<strong>pr\u00e9parer la vinaigrette<\/strong>, vous pouvez utiliser l\u2019huile des sardines.<\/li>\n<li>Adaptez les\u00a0<strong>l\u00e9gumes en fonction de la saison<\/strong>.<\/li>\n<li>Les\u00a0<strong>olives vertes ou noires<\/strong>\u00a0sont bonnes.<\/li>\n<li>Les\u00a0<strong>c\u00e2pres<\/strong>\u00a0s\u2019accordent aussi tr\u00e8s bien avec cette\u00a0<strong>salade de pommes de terre aux sardines<\/strong>.<\/li>\n<li><strong>Ajoutez de l\u2019\u0153uf dur<\/strong>, si vous voulez la rendre plus compl\u00e8te.<\/li>\n<li>La\u00a0<strong>qualit\u00e9 des pommes de terre<\/strong>\u00a0est importante. Il doit s\u2019agir de pommes de terre d\u2019une vari\u00e9t\u00e9 sp\u00e9ciale pour la cuisson et elles doivent \u00e9galement \u00eatre de taille moyenne et homog\u00e8ne. De cette fa\u00e7on, elles seront toutes cuites dans le m\u00eame temps.<\/li>\n<li>N\u2019oubliez jamais de\u00a0<strong>v\u00e9rifier que les pommes de terre soient cuites<\/strong>.<\/li>\n<\/ul>\n<p><\/div><\/div> <!-- \/# hints --><\/div><div class=\"cleaner\" style=\"padding-bottom: 10px;\">&nbsp;<\/div><\/div><!-- \/ #recipe --> \n<\/p>\n<\/p>\n<p><img loading=\"lazy\" decoding=\"async\" src=\"https:\/\/jesuisuncuisinier.fr\/wp-content\/uploads\/2021\/03\/pommes-de-terre-pour-salade.jpg\" data-src=\"https:\/\/jesuisuncuisinier.fr\/wp-content\/uploads\/2021\/03\/pommes-de-terre-pour-salade.jpg\" alt=\"Pommes de terre pour salade\" width=\"1280\" height=\"960\" class=\"aligncenter size-full wp-image-13652 lazyloaded\" data-srcset=\"https:\/\/jesuisuncuisinier.fr\/wp-content\/uploads\/2021\/03\/pommes-de-terre-pour-salade.jpg 1280w, https:\/\/jesuisuncuisinier.fr\/wp-content\/uploads\/2021\/03\/pommes-de-terre-pour-salade-768x576.jpg 768w, https:\/\/jesuisuncuisinier.fr\/wp-content\/uploads\/2021\/03\/pommes-de-terre-pour-salade-284x213.jpg 284w\" data-sizes=\"(max-width: 1280px) 100vw, 1280px\" sizes=\"auto, (max-width: 1280px) 100vw, 1280px\" srcset=\"https:\/\/jesuisuncuisinier.fr\/wp-content\/uploads\/2021\/03\/pommes-de-terre-pour-salade.jpg 1280w, https:\/\/jesuisuncuisinier.fr\/wp-content\/uploads\/2021\/03\/pommes-de-terre-pour-salade-768x576.jpg 768w, https:\/\/jesuisuncuisinier.fr\/wp-content\/uploads\/2021\/03\/pommes-de-terre-pour-salade-284x213.jpg 284w\" \/><\/p>\n<h2>Maintenant, vous savez comment pr\u00e9parer une salade de pommes de terre aux sardines.<\/h2>\n<p>Vous avez aim\u00e9 la recette\u2009? J\u2019esp\u00e8re vous avoir encourag\u00e9 \u00e0 la pr\u00e9parer. En fait, j\u2019adore les\u00a0<strong>sardines en salade avec des pommes de terre<\/strong>\u00a0et je veux que vous les go\u00fbtiez aussi parce que je suis s\u00fbr que vous les aimerez avec la touche de fenouil\u2009!<\/p>\n<p>N\u2019h\u00e9sitez pas \u00e0\u00a0<a href=\"https:\/\/jesuisuncuisinier.fr\/fr\/recette-de-salade-de-pommes-de-terre-aux-sardines-et-fenouil\/#comments\"><strong>me laisser un commentaire<\/strong><\/a>\u00a0pour me faire part de vos suggestions sur les autres choses savoureuses que vous pouvez ajouter \u00e0 cette salade ou si vous avez des questions sur la pr\u00e9paration. Votre avis m\u2019int\u00e9resse, que vous l\u2019ayez appr\u00e9ci\u00e9 ou non, faites-le-moi savoir\u2009!<\/p>\n<p>Enfin, si vous \u00eates fan de\u00a0<strong>recettes de salade de pommes de terre<\/strong>, je vous encourage \u00e0 laisser votre vote de soutien \u00e0 mon travail et \u00e0 aider le blog \u00e0 \u00ab\u00a0aimer\u00a0\u00bb et \u00e0 partager cette d\u00e9licieuse\u00a0<strong>salade de pommes de terre aux sardines et fenouil<\/strong>\u00a0sur vos r\u00e9seaux sociaux.<\/p>\n<p><\/p>\n<p>\u00c0 bient\u00f4t\u2009!<\/p>\n<p>\n","protected":false},"excerpt":{"rendered":"<p>Comment faire une salade de pommes de terre aux sardines. Recette facile. Apprenez \u00e0 pr\u00e9parer cette salade savoureuse avec une touche de fenouil.<\/p>\n","protected":false},"author":1,"featured_media":13564,"comment_status":"open","ping_status":"open","sticky":false,"template":"","format":"standard","meta":{"_yoast_wpseo_focuskw":"salade de pommes de terre aux sardines","_yoast_wpseo_metadesc":"Comment faire une salade de pommes de terre aux sardines. Recette facile. Apprenez \u00e0 pr\u00e9parer cette salade avec une touche de fenouil.","footnotes":""},"categories":[845,20,843,849],"tags":[93,5,1006,1410,1411],"class_list":["post-13562","post","type-post","status-publish","format-standard","has-post-thumbnail","hentry","category-legumes","category-recette","category-poisson-et-fruits-de-mer","category-salades","tag-salade","tag-pommes-de-terre","tag-sardines","tag-fenouil","tag-salade-de-pommes-de-terre"],"yoast_head":"<!-- This site is optimized with the Yoast SEO plugin v27.4 - https:\/\/yoast.com\/product\/yoast-seo-wordpress\/ -->\n<title>Recette de salade de pommes de terre aux sardines et fenouil<\/title>\n<meta name=\"description\" content=\"Comment faire une salade de pommes de terre aux sardines. Recette facile. Apprenez \u00e0 pr\u00e9parer cette salade avec une touche de fenouil.\" \/>\n<meta name=\"robots\" content=\"index, follow, max-snippet:-1, max-image-preview:large, max-video-preview:-1\" \/>\n<link rel=\"canonical\" href=\"https:\/\/jesuisuncuisinier.fr\/fr\/recette-de-salade-de-pommes-de-terre-aux-sardines-et-fenouil\/\" \/>\n<meta property=\"og:locale\" content=\"fr_FR\" \/>\n<meta property=\"og:type\" content=\"article\" \/>\n<meta property=\"og:title\" content=\"Recette de salade de pommes de terre aux sardines et fenouil\" \/>\n<meta property=\"og:description\" content=\"Comment faire une salade de pommes de terre aux sardines. Recette facile. Apprenez \u00e0 pr\u00e9parer cette salade avec une touche de fenouil.\" \/>\n<meta property=\"og:url\" content=\"https:\/\/jesuisuncuisinier.fr\/fr\/recette-de-salade-de-pommes-de-terre-aux-sardines-et-fenouil\/\" \/>\n<meta property=\"og:site_name\" content=\"Je suis un cuisinier - Recettes faciles\" \/>\n<meta property=\"article:published_time\" content=\"2021-03-03T10:34:41+00:00\" \/>\n<meta property=\"article:modified_time\" content=\"2021-03-22T18:24:19+00:00\" \/>\n<meta property=\"og:image\" content=\"https:\/\/jesuisuncuisinier.fr\/wp-content\/uploads\/2021\/03\/salade-de-pommes-de-terre-aux-sardines-et-fenouil.jpg\" \/>\n\t<meta property=\"og:image:width\" content=\"1200\" \/>\n\t<meta property=\"og:image:height\" content=\"797\" \/>\n\t<meta property=\"og:image:type\" content=\"image\/jpeg\" \/>\n<meta name=\"author\" content=\"Dami\u00e1n\" \/>\n<meta name=\"twitter:card\" content=\"summary_large_image\" \/>\n<meta name=\"twitter:creator\" content=\"@unptitcuisinier\" \/>\n<meta name=\"twitter:site\" content=\"@unptitcuisinier\" \/>\n<meta name=\"twitter:label1\" content=\"\u00c9crit par\" \/>\n\t<meta name=\"twitter:data1\" content=\"Dami\u00e1n\" \/>\n\t<meta name=\"twitter:label2\" content=\"Dur\u00e9e de lecture estim\u00e9e\" \/>\n\t<meta name=\"twitter:data2\" content=\"5 minutes\" \/>\n<script type=\"application\/ld+json\" class=\"yoast-schema-graph\">{\"@context\":\"https:\\\/\\\/schema.org\",\"@graph\":[{\"@type\":\"Article\",\"@id\":\"https:\\\/\\\/jesuisuncuisinier.fr\\\/fr\\\/recette-de-salade-de-pommes-de-terre-aux-sardines-et-fenouil\\\/#article\",\"isPartOf\":{\"@id\":\"https:\\\/\\\/jesuisuncuisinier.fr\\\/fr\\\/recette-de-salade-de-pommes-de-terre-aux-sardines-et-fenouil\\\/\"},\"author\":{\"name\":\"Dami\u00e1n\",\"@id\":\"https:\\\/\\\/jesuisuncuisinier.fr\\\/fr\\\/#\\\/schema\\\/person\\\/c2da7696f2784cce34698e48f989cb2a\"},\"headline\":\"Recette de salade de pommes de terre aux sardines et fenouil\",\"datePublished\":\"2021-03-03T10:34:41+00:00\",\"dateModified\":\"2021-03-22T18:24:19+00:00\",\"mainEntityOfPage\":{\"@id\":\"https:\\\/\\\/jesuisuncuisinier.fr\\\/fr\\\/recette-de-salade-de-pommes-de-terre-aux-sardines-et-fenouil\\\/\"},\"wordCount\":916,\"commentCount\":0,\"publisher\":{\"@id\":\"https:\\\/\\\/jesuisuncuisinier.fr\\\/fr\\\/#\\\/schema\\\/person\\\/04d97b7b1ae2f60e14cd96fc10a341aa\"},\"image\":{\"@id\":\"https:\\\/\\\/jesuisuncuisinier.fr\\\/fr\\\/recette-de-salade-de-pommes-de-terre-aux-sardines-et-fenouil\\\/#primaryimage\"},\"thumbnailUrl\":\"https:\\\/\\\/jesuisuncuisinier.fr\\\/wp-content\\\/uploads\\\/2021\\\/03\\\/salade-de-pommes-de-terre-aux-sardines-et-fenouil.jpg\",\"keywords\":[\"salade\",\"pommes de terre\",\"sardines\",\"fenouil\",\"salade de pommes de terre\"],\"articleSection\":[\"L\u00e9gumes\",\"recette\",\"Recettes de poisson et fruits de mer\",\"Salades\"],\"inLanguage\":\"fr-FR\",\"potentialAction\":[{\"@type\":\"CommentAction\",\"name\":\"Comment\",\"target\":[\"https:\\\/\\\/jesuisuncuisinier.fr\\\/fr\\\/recette-de-salade-de-pommes-de-terre-aux-sardines-et-fenouil\\\/#respond\"]}]},{\"@type\":\"WebPage\",\"@id\":\"https:\\\/\\\/jesuisuncuisinier.fr\\\/fr\\\/recette-de-salade-de-pommes-de-terre-aux-sardines-et-fenouil\\\/\",\"url\":\"https:\\\/\\\/jesuisuncuisinier.fr\\\/fr\\\/recette-de-salade-de-pommes-de-terre-aux-sardines-et-fenouil\\\/\",\"name\":\"Recette de salade de pommes de terre aux sardines et fenouil\",\"isPartOf\":{\"@id\":\"https:\\\/\\\/jesuisuncuisinier.fr\\\/fr\\\/#website\"},\"primaryImageOfPage\":{\"@id\":\"https:\\\/\\\/jesuisuncuisinier.fr\\\/fr\\\/recette-de-salade-de-pommes-de-terre-aux-sardines-et-fenouil\\\/#primaryimage\"},\"image\":{\"@id\":\"https:\\\/\\\/jesuisuncuisinier.fr\\\/fr\\\/recette-de-salade-de-pommes-de-terre-aux-sardines-et-fenouil\\\/#primaryimage\"},\"thumbnailUrl\":\"https:\\\/\\\/jesuisuncuisinier.fr\\\/wp-content\\\/uploads\\\/2021\\\/03\\\/salade-de-pommes-de-terre-aux-sardines-et-fenouil.jpg\",\"datePublished\":\"2021-03-03T10:34:41+00:00\",\"dateModified\":\"2021-03-22T18:24:19+00:00\",\"description\":\"Comment faire une salade de pommes de terre aux sardines. Recette facile. Apprenez \u00e0 pr\u00e9parer cette salade avec une touche de fenouil.\",\"breadcrumb\":{\"@id\":\"https:\\\/\\\/jesuisuncuisinier.fr\\\/fr\\\/recette-de-salade-de-pommes-de-terre-aux-sardines-et-fenouil\\\/#breadcrumb\"},\"inLanguage\":\"fr-FR\",\"potentialAction\":[{\"@type\":\"ReadAction\",\"target\":[\"https:\\\/\\\/jesuisuncuisinier.fr\\\/fr\\\/recette-de-salade-de-pommes-de-terre-aux-sardines-et-fenouil\\\/\"]}]},{\"@type\":\"ImageObject\",\"inLanguage\":\"fr-FR\",\"@id\":\"https:\\\/\\\/jesuisuncuisinier.fr\\\/fr\\\/recette-de-salade-de-pommes-de-terre-aux-sardines-et-fenouil\\\/#primaryimage\",\"url\":\"https:\\\/\\\/jesuisuncuisinier.fr\\\/wp-content\\\/uploads\\\/2021\\\/03\\\/salade-de-pommes-de-terre-aux-sardines-et-fenouil.jpg\",\"contentUrl\":\"https:\\\/\\\/jesuisuncuisinier.fr\\\/wp-content\\\/uploads\\\/2021\\\/03\\\/salade-de-pommes-de-terre-aux-sardines-et-fenouil.jpg\",\"width\":1200,\"height\":797,\"caption\":\"Salade de pommes de terre aux sardines et fenouil\"},{\"@type\":\"BreadcrumbList\",\"@id\":\"https:\\\/\\\/jesuisuncuisinier.fr\\\/fr\\\/recette-de-salade-de-pommes-de-terre-aux-sardines-et-fenouil\\\/#breadcrumb\",\"itemListElement\":[{\"@type\":\"ListItem\",\"position\":1,\"name\":\"Portada\",\"item\":\"https:\\\/\\\/jesuisuncuisinier.fr\\\/fr\\\/\"},{\"@type\":\"ListItem\",\"position\":2,\"name\":\"Recette de salade de pommes de terre aux sardines et fenouil\"}]},{\"@type\":\"WebSite\",\"@id\":\"https:\\\/\\\/jesuisuncuisinier.fr\\\/fr\\\/#website\",\"url\":\"https:\\\/\\\/jesuisuncuisinier.fr\\\/fr\\\/\",\"name\":\"Je suis un cuisinier - Recettes faciles\",\"description\":\"Recettes de cuisine faciles pour tous les jours. Cuisine fran\u00e7aise, espagnole et d&#039;ailleurs.\",\"publisher\":{\"@id\":\"https:\\\/\\\/jesuisuncuisinier.fr\\\/fr\\\/#\\\/schema\\\/person\\\/04d97b7b1ae2f60e14cd96fc10a341aa\"},\"potentialAction\":[{\"@type\":\"SearchAction\",\"target\":{\"@type\":\"EntryPoint\",\"urlTemplate\":\"https:\\\/\\\/jesuisuncuisinier.fr\\\/fr\\\/?s={search_term_string}\"},\"query-input\":{\"@type\":\"PropertyValueSpecification\",\"valueRequired\":true,\"valueName\":\"search_term_string\"}}],\"inLanguage\":\"fr-FR\"},{\"@type\":[\"Person\",\"Organization\"],\"@id\":\"https:\\\/\\\/jesuisuncuisinier.fr\\\/fr\\\/#\\\/schema\\\/person\\\/04d97b7b1ae2f60e14cd96fc10a341aa\",\"name\":\"Dami\u00e1n Serrano\",\"image\":{\"@type\":\"ImageObject\",\"inLanguage\":\"fr-FR\",\"@id\":\"https:\\\/\\\/jesuisuncuisinier.fr\\\/wp-content\\\/uploads\\\/2019\\\/11\\\/avatar.jpg\",\"url\":\"https:\\\/\\\/jesuisuncuisinier.fr\\\/wp-content\\\/uploads\\\/2019\\\/11\\\/avatar.jpg\",\"contentUrl\":\"https:\\\/\\\/jesuisuncuisinier.fr\\\/wp-content\\\/uploads\\\/2019\\\/11\\\/avatar.jpg\",\"width\":200,\"height\":200,\"caption\":\"Dami\u00e1n Serrano\"},\"logo\":{\"@id\":\"https:\\\/\\\/jesuisuncuisinier.fr\\\/wp-content\\\/uploads\\\/2019\\\/11\\\/avatar.jpg\"}},{\"@type\":\"Person\",\"@id\":\"https:\\\/\\\/jesuisuncuisinier.fr\\\/fr\\\/#\\\/schema\\\/person\\\/c2da7696f2784cce34698e48f989cb2a\",\"name\":\"Dami\u00e1n\",\"sameAs\":[\"http:\\\/\\\/jesuisuncuisinier.fr\",\"https:\\\/\\\/x.com\\\/unptitcuisinier\"]}]}<\/script>\n<!-- \/ Yoast SEO plugin. -->","yoast_head_json":{"title":"Recette de salade de pommes de terre aux sardines et fenouil","description":"Comment faire une salade de pommes de terre aux sardines. Recette facile. Apprenez \u00e0 pr\u00e9parer cette salade avec une touche de fenouil.","robots":{"index":"index","follow":"follow","max-snippet":"max-snippet:-1","max-image-preview":"max-image-preview:large","max-video-preview":"max-video-preview:-1"},"canonical":"https:\/\/jesuisuncuisinier.fr\/fr\/recette-de-salade-de-pommes-de-terre-aux-sardines-et-fenouil\/","og_locale":"fr_FR","og_type":"article","og_title":"Recette de salade de pommes de terre aux sardines et fenouil","og_description":"Comment faire une salade de pommes de terre aux sardines. Recette facile. Apprenez \u00e0 pr\u00e9parer cette salade avec une touche de fenouil.","og_url":"https:\/\/jesuisuncuisinier.fr\/fr\/recette-de-salade-de-pommes-de-terre-aux-sardines-et-fenouil\/","og_site_name":"Je suis un cuisinier - Recettes faciles","article_published_time":"2021-03-03T10:34:41+00:00","article_modified_time":"2021-03-22T18:24:19+00:00","og_image":[{"width":1200,"height":797,"url":"https:\/\/jesuisuncuisinier.fr\/wp-content\/uploads\/2021\/03\/salade-de-pommes-de-terre-aux-sardines-et-fenouil.jpg","type":"image\/jpeg"}],"author":"Dami\u00e1n","twitter_card":"summary_large_image","twitter_creator":"@unptitcuisinier","twitter_site":"@unptitcuisinier","twitter_misc":{"\u00c9crit par":"Dami\u00e1n","Dur\u00e9e de lecture estim\u00e9e":"5 minutes"},"schema":{"@context":"https:\/\/schema.org","@graph":[{"@type":"Article","@id":"https:\/\/jesuisuncuisinier.fr\/fr\/recette-de-salade-de-pommes-de-terre-aux-sardines-et-fenouil\/#article","isPartOf":{"@id":"https:\/\/jesuisuncuisinier.fr\/fr\/recette-de-salade-de-pommes-de-terre-aux-sardines-et-fenouil\/"},"author":{"name":"Dami\u00e1n","@id":"https:\/\/jesuisuncuisinier.fr\/fr\/#\/schema\/person\/c2da7696f2784cce34698e48f989cb2a"},"headline":"Recette de salade de pommes de terre aux sardines et fenouil","datePublished":"2021-03-03T10:34:41+00:00","dateModified":"2021-03-22T18:24:19+00:00","mainEntityOfPage":{"@id":"https:\/\/jesuisuncuisinier.fr\/fr\/recette-de-salade-de-pommes-de-terre-aux-sardines-et-fenouil\/"},"wordCount":916,"commentCount":0,"publisher":{"@id":"https:\/\/jesuisuncuisinier.fr\/fr\/#\/schema\/person\/04d97b7b1ae2f60e14cd96fc10a341aa"},"image":{"@id":"https:\/\/jesuisuncuisinier.fr\/fr\/recette-de-salade-de-pommes-de-terre-aux-sardines-et-fenouil\/#primaryimage"},"thumbnailUrl":"https:\/\/jesuisuncuisinier.fr\/wp-content\/uploads\/2021\/03\/salade-de-pommes-de-terre-aux-sardines-et-fenouil.jpg","keywords":["salade","pommes de terre","sardines","fenouil","salade de pommes de terre"],"articleSection":["L\u00e9gumes","recette","Recettes de poisson et fruits de mer","Salades"],"inLanguage":"fr-FR","potentialAction":[{"@type":"CommentAction","name":"Comment","target":["https:\/\/jesuisuncuisinier.fr\/fr\/recette-de-salade-de-pommes-de-terre-aux-sardines-et-fenouil\/#respond"]}]},{"@type":"WebPage","@id":"https:\/\/jesuisuncuisinier.fr\/fr\/recette-de-salade-de-pommes-de-terre-aux-sardines-et-fenouil\/","url":"https:\/\/jesuisuncuisinier.fr\/fr\/recette-de-salade-de-pommes-de-terre-aux-sardines-et-fenouil\/","name":"Recette de salade de pommes de terre aux sardines et fenouil","isPartOf":{"@id":"https:\/\/jesuisuncuisinier.fr\/fr\/#website"},"primaryImageOfPage":{"@id":"https:\/\/jesuisuncuisinier.fr\/fr\/recette-de-salade-de-pommes-de-terre-aux-sardines-et-fenouil\/#primaryimage"},"image":{"@id":"https:\/\/jesuisuncuisinier.fr\/fr\/recette-de-salade-de-pommes-de-terre-aux-sardines-et-fenouil\/#primaryimage"},"thumbnailUrl":"https:\/\/jesuisuncuisinier.fr\/wp-content\/uploads\/2021\/03\/salade-de-pommes-de-terre-aux-sardines-et-fenouil.jpg","datePublished":"2021-03-03T10:34:41+00:00","dateModified":"2021-03-22T18:24:19+00:00","description":"Comment faire une salade de pommes de terre aux sardines. Recette facile. Apprenez \u00e0 pr\u00e9parer cette salade avec une touche de fenouil.","breadcrumb":{"@id":"https:\/\/jesuisuncuisinier.fr\/fr\/recette-de-salade-de-pommes-de-terre-aux-sardines-et-fenouil\/#breadcrumb"},"inLanguage":"fr-FR","potentialAction":[{"@type":"ReadAction","target":["https:\/\/jesuisuncuisinier.fr\/fr\/recette-de-salade-de-pommes-de-terre-aux-sardines-et-fenouil\/"]}]},{"@type":"ImageObject","inLanguage":"fr-FR","@id":"https:\/\/jesuisuncuisinier.fr\/fr\/recette-de-salade-de-pommes-de-terre-aux-sardines-et-fenouil\/#primaryimage","url":"https:\/\/jesuisuncuisinier.fr\/wp-content\/uploads\/2021\/03\/salade-de-pommes-de-terre-aux-sardines-et-fenouil.jpg","contentUrl":"https:\/\/jesuisuncuisinier.fr\/wp-content\/uploads\/2021\/03\/salade-de-pommes-de-terre-aux-sardines-et-fenouil.jpg","width":1200,"height":797,"caption":"Salade de pommes de terre aux sardines et fenouil"},{"@type":"BreadcrumbList","@id":"https:\/\/jesuisuncuisinier.fr\/fr\/recette-de-salade-de-pommes-de-terre-aux-sardines-et-fenouil\/#breadcrumb","itemListElement":[{"@type":"ListItem","position":1,"name":"Portada","item":"https:\/\/jesuisuncuisinier.fr\/fr\/"},{"@type":"ListItem","position":2,"name":"Recette de salade de pommes de terre aux sardines et fenouil"}]},{"@type":"WebSite","@id":"https:\/\/jesuisuncuisinier.fr\/fr\/#website","url":"https:\/\/jesuisuncuisinier.fr\/fr\/","name":"Je suis un cuisinier - Recettes faciles","description":"Recettes de cuisine faciles pour tous les jours. Cuisine fran\u00e7aise, espagnole et d&#039;ailleurs.","publisher":{"@id":"https:\/\/jesuisuncuisinier.fr\/fr\/#\/schema\/person\/04d97b7b1ae2f60e14cd96fc10a341aa"},"potentialAction":[{"@type":"SearchAction","target":{"@type":"EntryPoint","urlTemplate":"https:\/\/jesuisuncuisinier.fr\/fr\/?s={search_term_string}"},"query-input":{"@type":"PropertyValueSpecification","valueRequired":true,"valueName":"search_term_string"}}],"inLanguage":"fr-FR"},{"@type":["Person","Organization"],"@id":"https:\/\/jesuisuncuisinier.fr\/fr\/#\/schema\/person\/04d97b7b1ae2f60e14cd96fc10a341aa","name":"Dami\u00e1n Serrano","image":{"@type":"ImageObject","inLanguage":"fr-FR","@id":"https:\/\/jesuisuncuisinier.fr\/wp-content\/uploads\/2019\/11\/avatar.jpg","url":"https:\/\/jesuisuncuisinier.fr\/wp-content\/uploads\/2019\/11\/avatar.jpg","contentUrl":"https:\/\/jesuisuncuisinier.fr\/wp-content\/uploads\/2019\/11\/avatar.jpg","width":200,"height":200,"caption":"Dami\u00e1n Serrano"},"logo":{"@id":"https:\/\/jesuisuncuisinier.fr\/wp-content\/uploads\/2019\/11\/avatar.jpg"}},{"@type":"Person","@id":"https:\/\/jesuisuncuisinier.fr\/fr\/#\/schema\/person\/c2da7696f2784cce34698e48f989cb2a","name":"Dami\u00e1n","sameAs":["http:\/\/jesuisuncuisinier.fr","https:\/\/x.com\/unptitcuisinier"]}]}},"amp_enabled":true,"_links":{"self":[{"href":"https:\/\/jesuisuncuisinier.fr\/fr\/wp-json\/wp\/v2\/posts\/13562","targetHints":{"allow":["GET"]}}],"collection":[{"href":"https:\/\/jesuisuncuisinier.fr\/fr\/wp-json\/wp\/v2\/posts"}],"about":[{"href":"https:\/\/jesuisuncuisinier.fr\/fr\/wp-json\/wp\/v2\/types\/post"}],"author":[{"embeddable":true,"href":"https:\/\/jesuisuncuisinier.fr\/fr\/wp-json\/wp\/v2\/users\/1"}],"replies":[{"embeddable":true,"href":"https:\/\/jesuisuncuisinier.fr\/fr\/wp-json\/wp\/v2\/comments?post=13562"}],"version-history":[{"count":2,"href":"https:\/\/jesuisuncuisinier.fr\/fr\/wp-json\/wp\/v2\/posts\/13562\/revisions"}],"predecessor-version":[{"id":13567,"href":"https:\/\/jesuisuncuisinier.fr\/fr\/wp-json\/wp\/v2\/posts\/13562\/revisions\/13567"}],"wp:featuredmedia":[{"embeddable":true,"href":"https:\/\/jesuisuncuisinier.fr\/fr\/wp-json\/wp\/v2\/media\/13564"}],"wp:attachment":[{"href":"https:\/\/jesuisuncuisinier.fr\/fr\/wp-json\/wp\/v2\/media?parent=13562"}],"wp:term":[{"taxonomy":"category","embeddable":true,"href":"https:\/\/jesuisuncuisinier.fr\/fr\/wp-json\/wp\/v2\/categories?post=13562"},{"taxonomy":"post_tag","embeddable":true,"href":"https:\/\/jesuisuncuisinier.fr\/fr\/wp-json\/wp\/v2\/tags?post=13562"}],"curies":[{"name":"wp","href":"https:\/\/api.w.org\/{rel}","templated":true}]}}