{"id":12791,"date":"2021-01-27T11:03:40","date_gmt":"2021-01-27T10:03:40","guid":{"rendered":"https:\/\/jesuisuncuisinier.fr\/fr\/?p=12791"},"modified":"2021-03-14T18:29:22","modified_gmt":"2021-03-14T17:29:22","slug":"recette-de-fideua-aux-fruits-de-mer-avec-aioli","status":"publish","type":"post","link":"https:\/\/jesuisuncuisinier.fr\/fr\/recette-de-fideua-aux-fruits-de-mer-avec-aioli\/","title":{"rendered":"Recette de fideu\u00e1 aux fruits de mer. Avec aioli"},"content":{"rendered":"<\/p>\n<p>Bonjour&nbsp;! Je vous pr\u00e9sente ici cette\u00a0<strong>fideu\u00e1 aux fruits de mer<\/strong>\u00a0que je suis s\u00fbr, va vous ravir\u00a0 et vos convives aussi. Je sais, c\u2019est un peu pr\u00e9tentieux, mais je parle d\u2019un plat qui me rend fou. De plus, accompagn\u00e9 d\u2019une\u00a0<strong>sauce a\u00efoli<\/strong>\u00a0c\u2019est un vrai r\u00e9gal.<\/p>\n<p><strong>La fideu\u00e1 est un plat espagnol typique de la r\u00e9gion de Valence<\/strong>. Similaire \u00e0 la\u00a0<a href=\"https:\/\/jesuisuncuisinier.fr\/fr\/paella-aux-fruits-de-mer\/\" target=\"_blank\" rel=\"noopener\"><strong>paella aux fruits de mer<\/strong><\/a>, la diff\u00e9rence principale est que l\u2019on utilise des vermicelles ou des\u00a0<strong>p\u00e2tes sp\u00e9ciales \u00e0 fideu\u00e1<\/strong>\u00a0\u00e0 la place du riz. En plus de celle aux fruits de mer, nous avons d\u2019autres versions avec de la viande et m\u00eame plein de l\u00e9gumes.<\/p>\n<p><script async src=\"\/\/pagead2.googlesyndication.com\/pagead\/js\/adsbygoogle.js\"><\/script><ins class=\"adsbygoogle\"style=\"display:block\"data-ad-client=\"ca-pub-7750789452383743\"data-ad-slot=\"9252856116\"data-ad-format=\"auto\"><\/ins><script>(adsbygoogle = window.adsbygoogle || []).push({});<\/script><amp-ad width=\"100vw\" height=320 type=\"adsense\" data-ad-client=\"ca-pub-7750789452383743\" data-ad-slot=\"7340373828\" data-auto-format=\"rspv\" data-full-width><div overflow><\/div><\/amp-ad><div class=\"cleaner\" style=\"margin: 10px\"><\/div><\/p>\n<h2>Vous voulez savoir comment faire une fideu\u00e1 aux fruits de mer&nbsp;?<\/h2>\n<p>Pr\u00e9parer une <strong>fideu\u00e1 aux fruits de mer<\/strong>\u00a0est assez facile. Comme vous l\u2019avez peut-\u00eatre devin\u00e9. La partie que vous ne devez pas oublier est de\u00a0<strong>faire colorer les p\u00e2tes au d\u00e9but de la recette<\/strong>, c\u2019est plus savoureux.<\/p>\n<p>Enfin, il est \u00e0 noter que cette fois-ci, j\u2019ai servi la\u00a0<strong>fideu\u00e1 aux fruits de mer avec une sauce a\u00efoli<\/strong>. J\u2019ai ma propre\u00a0<a href=\"https:\/\/jesuisuncuisinier.fr\/fr\/aioli-a-la-main\/\" target=\"_blank\" rel=\"noopener\"><strong>recette d\u2019a\u00efoli<\/strong><\/a>, mais vous pouvez le faire avec la recette d\u2019a\u00efoli que vous pr\u00e9f\u00e9rez. Dans la section \u00ab\u00a0conseils\u00a0\u00bb, je vous ferai savoir comment on pr\u00e9pare l\u2019a\u00efoli traditionnel.<\/p>\n<p><img loading=\"lazy\" decoding=\"async\" src=\"https:\/\/jesuisuncuisinier.fr\/wp-content\/uploads\/2021\/01\/fideua-aux-fruits-de-mer-ingredients.jpg\" data-src=\"https:\/\/jesuisuncuisinier.fr\/wp-content\/uploads\/2021\/01\/fideua-aux-fruits-de-mer-ingredients.jpg\" alt=\"Fideu\u00e1 aux fruits de mer (ingr\u00e9dients)\" width=\"1200\" height=\"797\" class=\"aligncenter size-full wp-image-13207 lazyloaded\" data-srcset=\"https:\/\/jesuisuncuisinier.fr\/wp-content\/uploads\/2021\/01\/fideua-aux-fruits-de-mer-ingredients.jpg 1200w, https:\/\/jesuisuncuisinier.fr\/wp-content\/uploads\/2021\/01\/fideua-aux-fruits-de-mer-ingredients-768x510.jpg 768w, https:\/\/jesuisuncuisinier.fr\/wp-content\/uploads\/2021\/01\/fideua-aux-fruits-de-mer-ingredients-320x213.jpg 320w, https:\/\/jesuisuncuisinier.fr\/wp-content\/uploads\/2021\/01\/fideua-aux-fruits-de-mer-ingredients-300x200.jpg 300w\" data-sizes=\"(max-width: 1200px) 100vw, 1200px\" sizes=\"auto, (max-width: 1200px) 100vw, 1200px\" srcset=\"https:\/\/jesuisuncuisinier.fr\/wp-content\/uploads\/2021\/01\/fideua-aux-fruits-de-mer-ingredients.jpg 1200w, https:\/\/jesuisuncuisinier.fr\/wp-content\/uploads\/2021\/01\/fideua-aux-fruits-de-mer-ingredients-768x510.jpg 768w, https:\/\/jesuisuncuisinier.fr\/wp-content\/uploads\/2021\/01\/fideua-aux-fruits-de-mer-ingredients-320x213.jpg 320w, https:\/\/jesuisuncuisinier.fr\/wp-content\/uploads\/2021\/01\/fideua-aux-fruits-de-mer-ingredients-300x200.jpg 300w\" \/><\/p>\n<p>Sur le blog, vous trouverez d\u2019autres\u00a0<strong>recettes \u00e0 base de fruits de mer<\/strong>. Comment pr\u00e9parer une\u00a0<a href=\"https:\/\/jesuisuncuisinier.fr\/fr\/paella-a-lencre-de-seiche-arroz-negro\/\" target=\"_blank\" rel=\"noopener\"><strong>paella \u00e0 l\u2019encre de seiche<\/strong><\/a>, un d\u00e9licieux\u00a0<a href=\"https:\/\/jesuisuncuisinier.fr\/fr\/paella-aux-crevettes-et-aux-calamars-accompagnee-d-aioli\/\" target=\"_blank\" rel=\"noopener\"><strong>riz aux calamars et crevettes<\/strong><\/a>\u00a0ou des\u00a0<a href=\"https:\/\/jesuisuncuisinier.fr\/fr\/spaghetti-frutti-di-mare\/\" target=\"_blank\" rel=\"noopener\"><strong>spaghettis aux fruits de mer<\/strong><\/a>. Essayez-les tous&nbsp;!<\/p>\n<p>Voici la recette\u00a0:<\/p>\n<p>\n<ins class=\"adsbygoogle\"style=\"display:block\"data-ad-client=\"ca-pub-7750789452383743\"data-ad-slot=\"4190110340\"data-ad-format=\"auto\"data-full-width-responsive=\"true\"><\/ins><script>(adsbygoogle = window.adsbygoogle || []).push({});<\/script> <amp-ad width=\"100vw\" height=320 type=\"adsense\" data-ad-client=\"ca-pub-7750789452383743\" data-ad-slot=\"4190110340\" data-auto-format=\"rspv\" data-full-width><div overflow><\/div><\/amp-ad><div class=\"cleaner\" style=\"margin: 10px\"><\/div><div itemscope itemtype=\"http:\/\/schema.org\/Recipe\">\n<div align=\"justify\" style=\"border-style:solid; border-width: 1px;padding: 10px 10px 10px 10px;\">\n<img loading=\"lazy\" decoding=\"async\" width=\"128\" height=\"85\" src=\"https:\/\/jesuisuncuisinier.fr\/wp-content\/uploads\/2021\/01\/fideua-aux-fruits-de-mer.jpg\" class=\"attachment-thumbnail size-thumbnail wp-post-image\" alt=\"Fideu\u00e1 aux fruits de mer\" style=\"float:left; padding: 10px 10px 10px 10px\" srcset=\"https:\/\/jesuisuncuisinier.fr\/wp-content\/uploads\/2021\/01\/fideua-aux-fruits-de-mer.jpg 1200w, https:\/\/jesuisuncuisinier.fr\/wp-content\/uploads\/2021\/01\/fideua-aux-fruits-de-mer-768x510.jpg 768w, https:\/\/jesuisuncuisinier.fr\/wp-content\/uploads\/2021\/01\/fideua-aux-fruits-de-mer-320x213.jpg 320w, https:\/\/jesuisuncuisinier.fr\/wp-content\/uploads\/2021\/01\/fideua-aux-fruits-de-mer-300x200.jpg 300w\" sizes=\"auto, (max-width: 128px) 100vw, 128px\" \/>\n<div itemprop=\"image\" itemscope itemtype=\"https:\/\/schema.org\/ImageObject\">\t\n<meta itemprop=\"url\" content=\"https:\/\/jesuisuncuisinier.fr\/wp-content\/uploads\/2021\/01\/fideua-aux-fruits-de-mer.jpg\">\n<meta itemprop=\"width\" content=\"140\">\n<meta itemprop=\"height\" content=\"85\">\n<\/div>\n<a href=\"https:\/\/jesuisuncuisinier.fr\/fr\/recette-de-fideua-aux-fruits-de-mer-avec-aioli\/print\/\" rel=\"nofollow\" title=\"Imprimer\"><img decoding=\"async\" src=\"https:\/\/jesuisuncuisinier.fr\/wp-content\/plugins\/wp-print\/images\/printer_famfamfam.gif\" align=\"right\" alt=\"Imprimir\"><\/a>\n<h2 itemprop=\"name\" style=\"padding: 10px 10px 0px 10px\">Recette de fideu\u00e1 aux fruits de mer. Avec aioli<\/h2>\n<span id=\"post-ratings-12791\" class=\"post-ratings\" data-nonce=\"b666db132b\"><div align=\"center\">Votez pour cette !<\/div>\r\n<div align=\"center\"><img decoding=\"async\" id=\"rating_12791_1\" src=\"https:\/\/jesuisuncuisinier.fr\/wp-content\/plugins\/wp-postratings\/images\/stars_crystal\/rating_on.gif\" alt=\"1 Star\" title=\"1 Star\" onmouseover=\"current_rating(12791, 1, '1 Star');\" onmouseout=\"ratings_off(3.6, 4, 0);\" onclick=\"rate_post();\" onkeypress=\"rate_post();\" style=\"cursor: pointer; border: 0px;\" \/><img decoding=\"async\" id=\"rating_12791_2\" src=\"https:\/\/jesuisuncuisinier.fr\/wp-content\/plugins\/wp-postratings\/images\/stars_crystal\/rating_on.gif\" alt=\"2 Stars\" title=\"2 Stars\" onmouseover=\"current_rating(12791, 2, '2 Stars');\" onmouseout=\"ratings_off(3.6, 4, 0);\" onclick=\"rate_post();\" onkeypress=\"rate_post();\" style=\"cursor: pointer; border: 0px;\" \/><img decoding=\"async\" id=\"rating_12791_3\" src=\"https:\/\/jesuisuncuisinier.fr\/wp-content\/plugins\/wp-postratings\/images\/stars_crystal\/rating_on.gif\" alt=\"3 Stars\" title=\"3 Stars\" onmouseover=\"current_rating(12791, 3, '3 Stars');\" onmouseout=\"ratings_off(3.6, 4, 0);\" onclick=\"rate_post();\" onkeypress=\"rate_post();\" style=\"cursor: pointer; border: 0px;\" \/><img decoding=\"async\" id=\"rating_12791_4\" src=\"https:\/\/jesuisuncuisinier.fr\/wp-content\/plugins\/wp-postratings\/images\/stars_crystal\/rating_half.gif\" alt=\"4 Stars\" title=\"4 Stars\" onmouseover=\"current_rating(12791, 4, '4 Stars');\" onmouseout=\"ratings_off(3.6, 4, 0);\" onclick=\"rate_post();\" onkeypress=\"rate_post();\" style=\"cursor: pointer; border: 0px;\" \/><img decoding=\"async\" id=\"rating_12791_5\" src=\"https:\/\/jesuisuncuisinier.fr\/wp-content\/plugins\/wp-postratings\/images\/stars_crystal\/rating_off.gif\" alt=\"5 Stars\" title=\"5 Stars\" onmouseover=\"current_rating(12791, 5, '5 Stars');\" onmouseout=\"ratings_off(3.6, 4, 0);\" onclick=\"rate_post();\" onkeypress=\"rate_post();\" style=\"cursor: pointer; border: 0px;\" \/><\/div>\r\n<div align=\"center\">Note: 3,55 \/ 5. Votes: 11<\/div><\/span><span id=\"post-ratings-12791-loading\" class=\"post-ratings-loading\"><img loading=\"lazy\" decoding=\"async\" src=\"https:\/\/jesuisuncuisinier.fr\/wp-content\/plugins\/wp-postratings\/images\/loading.gif\" width=\"16\" height=\"16\" class=\"post-ratings-image\" \/>Loading...<\/span><div><\/br><span itemprop=\"author\" itemscope itemtype=\"http:\/\/schema.org\/Person\">   <span itemprop=\"name\" content=\"Damian Serrano\"><\/span> <\/span>\n<b>Personnes:<\/b> <span itemprop=\"recipeYield\">2<\/span>   <b>Temps:<\/b> <time itemprop=\"totalTime\" datetime=PT45M>45 m<\/time>   <b>Difficult\u00e9:<\/b> Facile<\/div><div class=\"cleaner\" style=\"margin: 10px\"><\/div><time itemprop=\"dateModified\" datetime=\"2021-03-14\"><\/time> \n<span itemprop=\"description\" content=\"Comment faire une fideu\u00e1 aux fruits de mer. Recette facile. Apprenez \u00e0 pr\u00e9parer cette fideu\u00e1 de Valencia. Plat typique espagnol. D\u00e9licieux\u2009!\" ><\/span>\n<span itemprop=\"recipeCuisine\" content=\"Unknown\" ><\/span>\n<span itemprop=\"recipeCategory\" content=\"Unknown\" ><\/span>\n<span itemprop=\"keywords\" content=\"Unknown\" ><\/span>\n<div class=\"note-wrapper\"><div class=\"note-top\"><\/div><div class=\"note-content\"><h3 style=\"padding-left: 10px; margin-bottom: 10px;\">Ingr\u00e9dients<\/h3>\n<ul>\n<li itemprop=\"recipeIngredient\">200 g de vermicelles ou des p\u00e2tes \u00e0 fideu\u00e1<\/li>\n<li itemprop=\"recipeIngredient\">350 ml de bouillon de poisson<\/li>\n<li itemprop=\"recipeIngredient\">2 calamars<\/li>\n<li itemprop=\"recipeIngredient\">15 moules<\/li>\n<li itemprop=\"recipeIngredient\">8 petites crevettes<\/li>\n<li itemprop=\"recipeIngredient\">\u00bd piment rouge<\/li>\n<li itemprop=\"recipeIngredient\">1 ou 2 gousses d\u2019ail<\/li>\n<li itemprop=\"recipeIngredient\">1 tomate (ou 150 g de tomates en conserve)<\/li>\n<li itemprop=\"recipeIngredient\">\u00bd cuill\u00e8re \u00e0 caf\u00e9 de paprika doux<\/li>\n<li itemprop=\"recipeIngredient\">Huile d\u2019olive extra vierge<\/li>\n<li itemprop=\"recipeIngredient\">Persil frais hach\u00e9<\/li>\n<li itemprop=\"recipeIngredient\">Sel et poivre noir moulu<\/li>\n<\/ul><b>Pour l\u2019a\u00efoli :<\/b><ul>\n<li itemprop=\"recipeIngredient\">2 gousses d\u2019ail<\/li>\n<li itemprop=\"recipeIngredient\">150 ml d\u2019huile de tournesol<\/li>\n<li itemprop=\"recipeIngredient\">1 jaune d\u2019\u0153uf<\/li>\n<li itemprop=\"recipeIngredient\">Sel selon votre go\u00fbt<\/li>\n<\/ul>\n<br \/><\/div><div class=\"note-bottom\"><\/div>\n<\/div> <!-- \/ #ingredients -->\n<div align=\"justify\" class=\"directions-wrapper\"><h3>\u00c9laboration<\/h3><div class=\"directions-content instructions\" >\n<\/p>\n<ol>\n<li itemprop=\"recipeInstructions\"><strong>Pour pr\u00e9parer l\u2019a\u00efoli\u00a0:<\/strong>\u00a0versez le jaune et l\u2019ail dans le fond du verre pour le mixeur plongeant. Versez l\u2019huile petit \u00e0 petit pour qu\u2019elle reste sur le dessus. Battre avec le mixer jusqu\u2019\u00e0 ce que la sauce s\u2019\u00e9mulsionne. \u00c0 conserver au r\u00e9frig\u00e9rateur.<\/li>\n<li itemprop=\"recipeInstructions\">Faites cuire les moules dans une cocotte avec un peu d\u2019eau ou de vin blanc, 1 feuille de laurier et 1 tranche de citron. Couvrir et chauffer \u00e0 feu vif. Lorsque la vapeur commence \u00e0 sortir, comptez 3 minutes et retirez du feu. Laissez refroidir. Retirez les moules de leur coquille et mettez-les de c\u00f4t\u00e9.<\/li>\n<li itemprop=\"recipeInstructions\">Nettoyez le calamar. S\u00e9parez la t\u00eate et coupez les pattes \u00e0 ras des yeux. Retirez la peau du corps et s\u00e9parez les nageoires. \u00c9carter la partie dure des nageoires, puis couper en morceaux celles-ci. Nettoyez le corps \u00e0 l\u2019int\u00e9rieur en le retournant.<\/li>\n<li itemprop=\"recipeInstructions\">Retournez le corps \u00e0 nouveau et coupez-le en tranches. Mettez de c\u00f4t\u00e9.<\/li>\n<li itemprop=\"recipeInstructions\">Pelez et hachez\u00a0l\u2019ail\u00a0finement (vous pouvez enlever le germe si vous le souhaitez).<\/li>\n<li itemprop=\"recipeInstructions\">Laver le poivron, enlever la tige et les graines. Coupez en petits morceaux.<\/li>\n<li itemprop=\"recipeInstructions\">Laver la tomate, enlever la tige et faire un coulis en la mixant.<\/li>\n<li itemprop=\"recipeInstructions\">Faire dorer les p\u00e2tes dans la po\u00eale \u00e0 paella. Vous pouvez le faire sur le feu, en remuant fr\u00e9quemment, mais je pr\u00e9f\u00e8re le faire dans le four \u00e0 175 \u00b0C quelques minutes.<br \/>\n<img loading=\"lazy\" decoding=\"async\" src=\"https:\/\/jesuisuncuisinier.fr\/wp-content\/uploads\/2021\/01\/fideua-aux-fruits-de-mer-vermicelles.jpg\" data-src=\"https:\/\/jesuisuncuisinier.fr\/wp-content\/uploads\/2021\/01\/fideua-aux-fruits-de-mer-vermicelles.jpg\" alt=\"Fideu\u00e1 aux fruits de mer (vermicelles)\" width=\"1200\" height=\"797\" class=\"aligncenter size-full wp-image-13204 ls-is-cached lazyloaded\" data-srcset=\"https:\/\/jesuisuncuisinier.fr\/wp-content\/uploads\/2021\/01\/fideua-aux-fruits-de-mer-vermicelles.jpg 1200w, https:\/\/jesuisuncuisinier.fr\/wp-content\/uploads\/2021\/01\/fideua-aux-fruits-de-mer-vermicelles-768x510.jpg 768w, https:\/\/jesuisuncuisinier.fr\/wp-content\/uploads\/2021\/01\/fideua-aux-fruits-de-mer-vermicelles-320x213.jpg 320w, https:\/\/jesuisuncuisinier.fr\/wp-content\/uploads\/2021\/01\/fideua-aux-fruits-de-mer-vermicelles-300x200.jpg 300w\" data-sizes=\"(max-width: 1200px) 100vw, 1200px\" sizes=\"auto, (max-width: 1200px) 100vw, 1200px\" srcset=\"https:\/\/jesuisuncuisinier.fr\/wp-content\/uploads\/2021\/01\/fideua-aux-fruits-de-mer-vermicelles.jpg 1200w, https:\/\/jesuisuncuisinier.fr\/wp-content\/uploads\/2021\/01\/fideua-aux-fruits-de-mer-vermicelles-768x510.jpg 768w, https:\/\/jesuisuncuisinier.fr\/wp-content\/uploads\/2021\/01\/fideua-aux-fruits-de-mer-vermicelles-320x213.jpg 320w, https:\/\/jesuisuncuisinier.fr\/wp-content\/uploads\/2021\/01\/fideua-aux-fruits-de-mer-vermicelles-300x200.jpg 300w\" \/><\/li>\n<li itemprop=\"recipeInstructions\">Faites chauffer le fumet et assaisonnez-le avec du sel.<\/li>\n<li itemprop=\"recipeInstructions\">Dans la po\u00eale \u00e0 paella, faites chauffer l\u2019huile d\u2019olive et faites revenir le poivron pendant environ 5 minutes.<br \/>\n<img loading=\"lazy\" decoding=\"async\" src=\"https:\/\/jesuisuncuisinier.fr\/wp-content\/uploads\/2021\/01\/fideua-aux-fruits-de-mer-poivron.jpg\" data-src=\"https:\/\/jesuisuncuisinier.fr\/wp-content\/uploads\/2021\/01\/fideua-aux-fruits-de-mer-poivron.jpg\" alt=\"Fideu\u00e1 aux fruits de mer (poivron)\" width=\"1200\" height=\"797\" class=\"aligncenter size-full wp-image-13205 lazyloaded\" data-srcset=\"https:\/\/jesuisuncuisinier.fr\/wp-content\/uploads\/2021\/01\/fideua-aux-fruits-de-mer-poivron.jpg 1200w, https:\/\/jesuisuncuisinier.fr\/wp-content\/uploads\/2021\/01\/fideua-aux-fruits-de-mer-poivron-768x510.jpg 768w, https:\/\/jesuisuncuisinier.fr\/wp-content\/uploads\/2021\/01\/fideua-aux-fruits-de-mer-poivron-320x213.jpg 320w, https:\/\/jesuisuncuisinier.fr\/wp-content\/uploads\/2021\/01\/fideua-aux-fruits-de-mer-poivron-300x200.jpg 300w\" data-sizes=\"(max-width: 1200px) 100vw, 1200px\" sizes=\"auto, (max-width: 1200px) 100vw, 1200px\" srcset=\"https:\/\/jesuisuncuisinier.fr\/wp-content\/uploads\/2021\/01\/fideua-aux-fruits-de-mer-poivron.jpg 1200w, https:\/\/jesuisuncuisinier.fr\/wp-content\/uploads\/2021\/01\/fideua-aux-fruits-de-mer-poivron-768x510.jpg 768w, https:\/\/jesuisuncuisinier.fr\/wp-content\/uploads\/2021\/01\/fideua-aux-fruits-de-mer-poivron-320x213.jpg 320w, https:\/\/jesuisuncuisinier.fr\/wp-content\/uploads\/2021\/01\/fideua-aux-fruits-de-mer-poivron-300x200.jpg 300w\" \/><\/li>\n<li itemprop=\"recipeInstructions\">Ajoutez ensuite le calamar et faites-le sauter pendant 2 minutes.<\/li>\n<li itemprop=\"recipeInstructions\">Ajouter l\u2019ail, m\u00e9langer.<\/li>\n<li itemprop=\"recipeInstructions\">Ajouter la tomate et laisser r\u00e9duire.<br \/>\n<img loading=\"lazy\" decoding=\"async\" src=\"https:\/\/jesuisuncuisinier.fr\/wp-content\/uploads\/2021\/01\/fideua-aux-fruits-de-mer-calamars.jpg\" data-src=\"https:\/\/jesuisuncuisinier.fr\/wp-content\/uploads\/2021\/01\/fideua-aux-fruits-de-mer-calamars.jpg\" alt=\"Fideu\u00e1 aux fruits de mer (calamars)\" width=\"1200\" height=\"797\" class=\"aligncenter size-full wp-image-13209 lazyloaded\" data-srcset=\"https:\/\/jesuisuncuisinier.fr\/wp-content\/uploads\/2021\/01\/fideua-aux-fruits-de-mer-calamars.jpg 1200w, https:\/\/jesuisuncuisinier.fr\/wp-content\/uploads\/2021\/01\/fideua-aux-fruits-de-mer-calamars-768x510.jpg 768w, https:\/\/jesuisuncuisinier.fr\/wp-content\/uploads\/2021\/01\/fideua-aux-fruits-de-mer-calamars-320x213.jpg 320w, https:\/\/jesuisuncuisinier.fr\/wp-content\/uploads\/2021\/01\/fideua-aux-fruits-de-mer-calamars-300x200.jpg 300w\" data-sizes=\"(max-width: 1200px) 100vw, 1200px\" sizes=\"auto, (max-width: 1200px) 100vw, 1200px\" srcset=\"https:\/\/jesuisuncuisinier.fr\/wp-content\/uploads\/2021\/01\/fideua-aux-fruits-de-mer-calamars.jpg 1200w, https:\/\/jesuisuncuisinier.fr\/wp-content\/uploads\/2021\/01\/fideua-aux-fruits-de-mer-calamars-768x510.jpg 768w, https:\/\/jesuisuncuisinier.fr\/wp-content\/uploads\/2021\/01\/fideua-aux-fruits-de-mer-calamars-320x213.jpg 320w, https:\/\/jesuisuncuisinier.fr\/wp-content\/uploads\/2021\/01\/fideua-aux-fruits-de-mer-calamars-300x200.jpg 300w\" \/><\/li>\n<li itemprop=\"recipeInstructions\">Ajouter ensuite le paprika. M\u00e9langez bien.<\/li>\n<li itemprop=\"recipeInstructions\">R\u00e9incorporez les p\u00e2tes et m\u00e9langez-les bien.\n<p><img loading=\"lazy\" decoding=\"async\" src=\"https:\/\/jesuisuncuisinier.fr\/wp-content\/uploads\/2021\/01\/fideua-aux-fruits-de-mer-poele.jpg\" data-src=\"https:\/\/jesuisuncuisinier.fr\/wp-content\/uploads\/2021\/01\/fideua-aux-fruits-de-mer-poele.jpg\" alt=\"Fideu\u00e1 aux fruits de mer (po\u00eale)\" width=\"1200\" height=\"797\" class=\"aligncenter size-full wp-image-13206 ls-is-cached lazyloaded\" data-srcset=\"https:\/\/jesuisuncuisinier.fr\/wp-content\/uploads\/2021\/01\/fideua-aux-fruits-de-mer-poele.jpg 1200w, https:\/\/jesuisuncuisinier.fr\/wp-content\/uploads\/2021\/01\/fideua-aux-fruits-de-mer-poele-768x510.jpg 768w, https:\/\/jesuisuncuisinier.fr\/wp-content\/uploads\/2021\/01\/fideua-aux-fruits-de-mer-poele-320x213.jpg 320w, https:\/\/jesuisuncuisinier.fr\/wp-content\/uploads\/2021\/01\/fideua-aux-fruits-de-mer-poele-300x200.jpg 300w\" data-sizes=\"(max-width: 1200px) 100vw, 1200px\" sizes=\"auto, (max-width: 1200px) 100vw, 1200px\" srcset=\"https:\/\/jesuisuncuisinier.fr\/wp-content\/uploads\/2021\/01\/fideua-aux-fruits-de-mer-poele.jpg 1200w, https:\/\/jesuisuncuisinier.fr\/wp-content\/uploads\/2021\/01\/fideua-aux-fruits-de-mer-poele-768x510.jpg 768w, https:\/\/jesuisuncuisinier.fr\/wp-content\/uploads\/2021\/01\/fideua-aux-fruits-de-mer-poele-320x213.jpg 320w, https:\/\/jesuisuncuisinier.fr\/wp-content\/uploads\/2021\/01\/fideua-aux-fruits-de-mer-poele-300x200.jpg 300w\" \/><\/li>\n<li itemprop=\"recipeInstructions\">Ajoutez le reste des fruits de mer dans la po\u00eale \u00e0 paella, m\u00e9langez.\n<p><img loading=\"lazy\" decoding=\"async\" src=\"https:\/\/jesuisuncuisinier.fr\/wp-content\/uploads\/2021\/01\/comment-faire-fideua-aux-fruits-de-mer.jpg\" data-src=\"https:\/\/jesuisuncuisinier.fr\/wp-content\/uploads\/2021\/01\/comment-faire-fideua-aux-fruits-de-mer.jpg\" alt=\"Comment faire fideu\u00e1 aux fruits de mer\" width=\"1200\" height=\"797\" class=\"aligncenter size-full wp-image-13210 ls-is-cached lazyloaded\" data-srcset=\"https:\/\/jesuisuncuisinier.fr\/wp-content\/uploads\/2021\/01\/comment-faire-fideua-aux-fruits-de-mer.jpg 1200w, https:\/\/jesuisuncuisinier.fr\/wp-content\/uploads\/2021\/01\/comment-faire-fideua-aux-fruits-de-mer-768x510.jpg 768w, https:\/\/jesuisuncuisinier.fr\/wp-content\/uploads\/2021\/01\/comment-faire-fideua-aux-fruits-de-mer-320x213.jpg 320w, https:\/\/jesuisuncuisinier.fr\/wp-content\/uploads\/2021\/01\/comment-faire-fideua-aux-fruits-de-mer-300x200.jpg 300w\" data-sizes=\"(max-width: 1200px) 100vw, 1200px\" sizes=\"auto, (max-width: 1200px) 100vw, 1200px\" srcset=\"https:\/\/jesuisuncuisinier.fr\/wp-content\/uploads\/2021\/01\/comment-faire-fideua-aux-fruits-de-mer.jpg 1200w, https:\/\/jesuisuncuisinier.fr\/wp-content\/uploads\/2021\/01\/comment-faire-fideua-aux-fruits-de-mer-768x510.jpg 768w, https:\/\/jesuisuncuisinier.fr\/wp-content\/uploads\/2021\/01\/comment-faire-fideua-aux-fruits-de-mer-320x213.jpg 320w, https:\/\/jesuisuncuisinier.fr\/wp-content\/uploads\/2021\/01\/comment-faire-fideua-aux-fruits-de-mer-300x200.jpg 300w\" \/><\/li>\n<li itemprop=\"recipeInstructions\">Mouiller avec du fumet de poisson chaud.\n<p><img loading=\"lazy\" decoding=\"async\" src=\"https:\/\/jesuisuncuisinier.fr\/wp-content\/uploads\/2021\/01\/fideua-aux-fruits-de-mer-fumet.jpg\" data-src=\"https:\/\/jesuisuncuisinier.fr\/wp-content\/uploads\/2021\/01\/fideua-aux-fruits-de-mer-fumet.jpg\" alt=\"Fideu\u00e1 aux fruits de mer (fumet)\" width=\"1200\" height=\"797\" class=\"aligncenter size-full wp-image-13208 ls-is-cached lazyloaded\" data-srcset=\"https:\/\/jesuisuncuisinier.fr\/wp-content\/uploads\/2021\/01\/fideua-aux-fruits-de-mer-fumet.jpg 1200w, https:\/\/jesuisuncuisinier.fr\/wp-content\/uploads\/2021\/01\/fideua-aux-fruits-de-mer-fumet-768x510.jpg 768w, https:\/\/jesuisuncuisinier.fr\/wp-content\/uploads\/2021\/01\/fideua-aux-fruits-de-mer-fumet-320x213.jpg 320w, https:\/\/jesuisuncuisinier.fr\/wp-content\/uploads\/2021\/01\/fideua-aux-fruits-de-mer-fumet-300x200.jpg 300w\" data-sizes=\"(max-width: 1200px) 100vw, 1200px\" sizes=\"auto, (max-width: 1200px) 100vw, 1200px\" srcset=\"https:\/\/jesuisuncuisinier.fr\/wp-content\/uploads\/2021\/01\/fideua-aux-fruits-de-mer-fumet.jpg 1200w, https:\/\/jesuisuncuisinier.fr\/wp-content\/uploads\/2021\/01\/fideua-aux-fruits-de-mer-fumet-768x510.jpg 768w, https:\/\/jesuisuncuisinier.fr\/wp-content\/uploads\/2021\/01\/fideua-aux-fruits-de-mer-fumet-320x213.jpg 320w, https:\/\/jesuisuncuisinier.fr\/wp-content\/uploads\/2021\/01\/fideua-aux-fruits-de-mer-fumet-300x200.jpg 300w\" \/><\/li>\n<li itemprop=\"recipeInstructions\">Faites cuire pendant 15 minutes, jusqu\u2019\u00e0 ce que les p\u00e2tes soient bien cuites.<\/li>\n<li itemprop=\"recipeInstructions\">C\u2019est tout. Servez imm\u00e9diatement. Savourez&nbsp;!<\/li>\n<\/ol>\n<p><\/div><div class=\"cleaner\" style=\"padding-bottom: 10px;\">&nbsp;<\/div><\/div> <!-- \/# directions -->\n<script async src=\"https:\/\/pagead2.googlesyndication.com\/pagead\/js\/adsbygoogle.js\"><\/script><ins class=\"adsbygoogle\"style=\"display:block\"data-ad-client=\"ca-pub-7750789452383743\"data-ad-slot=\"3064891712\"data-ad-format=\"auto\"><\/ins><script async>(adsbygoogle = window.adsbygoogle || []).push({});<\/script> <amp-ad width=\"100vw\" height=320 type=\"adsense\" data-ad-client=\"ca-pub-7750789452383743\" data-ad-slot=\"1189241592\" data-auto-format=\"rspv\" data-full-width><div overflow><\/div><\/amp-ad><div align=\"justify\" class=\"hints-wrapper\" ><h3>Conseils et astuces<\/h3><div class=\"hints-content hints\"><\/p>\n<ul>\n<li>Ajoutez\u00a0<strong>vos fruits de mer pr\u00e9f\u00e9r\u00e9s<\/strong>. Comme les palourdes, les calamars, les coques, les seiches ou les \u00e9crevisses. Pour les coquillages, faire comme pour les moules. La seiche, comme le calamar.<\/li>\n<li>Pour\u00a0<strong>faire facilement un fumet de poissons<\/strong>\u00a0: faites sauter avec deux cuill\u00e8res \u00e0 soupe d\u2019huile quelques poissons de roche (ou des poissons \u00e0 fumet) et \u00e9ventuellement des t\u00eates et queues de crevettes. Couvrez d\u2019eau, ajoutez 1 oignon \u00e9pluch\u00e9 et coup\u00e9 en deux, 1 trait de vin blanc, 1 feuille de laurier, 1 brin de persil et laissez bouillir pendant 15 minutes. Il suffit de le filtrer et il est pr\u00eat \u00e0 l\u2019emploi.<\/li>\n<li>Obtenez des\u00a0<strong>conseils sur le poisson \u00e0 fumet<\/strong>\u00a0dans votre poissonnerie.<\/li>\n<li>Si vous utilisez un\u00a0<strong>fumet pr\u00e9par\u00e9<\/strong>, faites attention \u00e0 la quantit\u00e9 de sel, car il en contient g\u00e9n\u00e9ralement trop.<\/li>\n<li>Si elle devient s\u00e8che et que les p\u00e2tes sont dures, ajoutez\u00a0<strong>un peu plus de fumet<\/strong>, toujours chaud.<\/li>\n<li>Vous pouvez pr\u00e9parer la\u00a0<strong>version de l\u2019a\u00efoli que vous pr\u00e9f\u00e9rez<\/strong>.<\/li>\n<li><strong>Pour pr\u00e9parer l\u2019a\u00efoli traditionnel :<\/strong>\u00a0\u00e9crasez 3 ails avec une pinc\u00e9e de sel dans un mortier pour en faire une p\u00e2te. Ajoutez progressivement de l\u2019huile d\u2019olive en filet, tout en m\u00e9langeant l\u2019ail avec le pilon du mortier pour faire une \u00e9mulsion.<\/li>\n<li>Si votre feu ne peut pas couvrir tout le fond de la po\u00eale \u00e0 paella, vous pouvez finir la\u00a0<strong>fideu\u00e1 dans un four pr\u00e9chauff\u00e9 \u00e0 175 \u00b0C<\/strong>\u00a0pour obtenir une cuisson uniforme.<\/li>\n<\/ul>\n<p><\/div><\/div> <!-- \/# hints --><\/div><div class=\"cleaner\" style=\"padding-bottom: 10px;\">&nbsp;<\/div><\/div><!-- \/ #recipe --> \n<\/p>\n<\/p>\n<p><img loading=\"lazy\" decoding=\"async\" src=\"https:\/\/jesuisuncuisinier.fr\/wp-content\/uploads\/2021\/01\/recette-fideua-aux-fruits-de-mer.jpg\" data-src=\"https:\/\/jesuisuncuisinier.fr\/wp-content\/uploads\/2021\/01\/recette-fideua-aux-fruits-de-mer.jpg\" alt=\"Recette fideu\u00e1 aux fruits de mer\" width=\"1200\" height=\"797\" class=\"aligncenter size-full wp-image-13202 ls-is-cached lazyloaded\" data-srcset=\"https:\/\/jesuisuncuisinier.fr\/wp-content\/uploads\/2021\/01\/recette-fideua-aux-fruits-de-mer.jpg 1200w, https:\/\/jesuisuncuisinier.fr\/wp-content\/uploads\/2021\/01\/recette-fideua-aux-fruits-de-mer-768x510.jpg 768w, https:\/\/jesuisuncuisinier.fr\/wp-content\/uploads\/2021\/01\/recette-fideua-aux-fruits-de-mer-320x213.jpg 320w, https:\/\/jesuisuncuisinier.fr\/wp-content\/uploads\/2021\/01\/recette-fideua-aux-fruits-de-mer-300x200.jpg 300w\" data-sizes=\"(max-width: 1200px) 100vw, 1200px\" sizes=\"auto, (max-width: 1200px) 100vw, 1200px\" srcset=\"https:\/\/jesuisuncuisinier.fr\/wp-content\/uploads\/2021\/01\/recette-fideua-aux-fruits-de-mer.jpg 1200w, https:\/\/jesuisuncuisinier.fr\/wp-content\/uploads\/2021\/01\/recette-fideua-aux-fruits-de-mer-768x510.jpg 768w, https:\/\/jesuisuncuisinier.fr\/wp-content\/uploads\/2021\/01\/recette-fideua-aux-fruits-de-mer-320x213.jpg 320w, https:\/\/jesuisuncuisinier.fr\/wp-content\/uploads\/2021\/01\/recette-fideua-aux-fruits-de-mer-300x200.jpg 300w\" \/><\/p>\n<h3>Vous savez maintenant comment pr\u00e9parer la fideu\u00e1 aux fruits de mer<\/h3>\n<p>Vous avez aim\u00e9 la recette&nbsp;? J\u2019esp\u00e8re que vous oserez l\u2019essayer. Vous verrez que\u00a0<strong>la fideu\u00e1 est tr\u00e8s facile \u00e0 faire et qu\u2019elle est d\u00e9licieuse<\/strong>. Je recommande de ne pas abuser de l\u2019a\u00efoli, m\u00eame si j\u2019admets que c\u2019est difficile parce que\u00a0<strong>c\u2019est super bon avec la fideu\u00e1<\/strong>.<\/p>\n<p>Vous pouvez me\u00a0<a href=\"https:\/\/jesuisuncuisinier.fr\/fr\/recette-de-fideua-aux-fruits-de-mer-avec-aioli\/#comments\"><strong>laisser un commentaire<\/strong><\/a>\u00a0et me dire ce que vous en pensez. Que cela vous ait plu ou non, votre avis m\u2019int\u00e9resse beaucoup. Vous pouvez \u00e9galement faire part de vos suggestions ou poser toutes vos questions sur la pr\u00e9paration.<\/p>\n<p>Enfin, si vous \u00eates un\u00a0<strong>fan des plats de fruits de mer<\/strong>, je vous invite \u00e0 me laisser votre vote de confiance avec un \u00ab\u00a0j\u2019aime\u00a0\u00bb et \u00e0 partager cette d\u00e9licieuse\u00a0<strong>fideu\u00e1 aux fruits de mer et a\u00efoli<\/strong>\u00a0sur vos r\u00e9seaux sociaux.<\/p>\n<p><\/p>\n<p>\u00c0 bient\u00f4t&nbsp;!<\/p>\n<p>\n","protected":false},"excerpt":{"rendered":"<p>Comment faire une fideu\u00e1 aux fruits de mer. Recette facile. Apprenez \u00e0 pr\u00e9parer cette fideu\u00e1 de Valencia. Plat typique espagnol. D\u00e9licieux\u2009!<\/p>\n","protected":false},"author":1,"featured_media":13341,"comment_status":"open","ping_status":"closed","sticky":false,"template":"","format":"standard","meta":{"_yoast_wpseo_focuskw":"fideu\u00e1 aux fruits d emer","_yoast_wpseo_metadesc":"Comment faire une fideu\u00e1 aux fruits de mer. Recette facile. Apprenez \u00e0 pr\u00e9parer cette fideu\u00e1 de Valencia. Plat typique espagnol. D\u00e9licieux\u2009!","footnotes":""},"categories":[1049,841,20,843],"tags":[144,866,925,896,1057,1400],"class_list":["post-12791","post","type-post","status-publish","format-standard","has-post-thumbnail","hentry","category-espagnole","category-riz-et-pates","category-recette","category-poisson-et-fruits-de-mer","tag-fruits-de-mer","tag-crevettes","tag-moules","tag-calamars","tag-vermicelles","tag-fideua"],"yoast_head":"<!-- This site is optimized with the Yoast SEO plugin v27.5 - https:\/\/yoast.com\/product\/yoast-seo-wordpress\/ -->\n<title>Recette de fideu\u00e1 aux fruits de mer. Avec aioli<\/title>\n<meta name=\"description\" content=\"Comment faire une fideu\u00e1 aux fruits de mer. Recette facile. Apprenez \u00e0 pr\u00e9parer cette fideu\u00e1 de Valencia. Plat typique espagnol. D\u00e9licieux\u2009!\" \/>\n<meta name=\"robots\" content=\"index, follow, max-snippet:-1, max-image-preview:large, max-video-preview:-1\" \/>\n<link rel=\"canonical\" href=\"https:\/\/jesuisuncuisinier.fr\/fr\/recette-de-fideua-aux-fruits-de-mer-avec-aioli\/\" \/>\n<meta property=\"og:locale\" content=\"fr_FR\" \/>\n<meta property=\"og:type\" content=\"article\" \/>\n<meta property=\"og:title\" content=\"Recette de fideu\u00e1 aux fruits de mer. Avec aioli\" \/>\n<meta property=\"og:description\" content=\"Comment faire une fideu\u00e1 aux fruits de mer. Recette facile. Apprenez \u00e0 pr\u00e9parer cette fideu\u00e1 de Valencia. Plat typique espagnol. D\u00e9licieux\u2009!\" \/>\n<meta property=\"og:url\" content=\"https:\/\/jesuisuncuisinier.fr\/fr\/recette-de-fideua-aux-fruits-de-mer-avec-aioli\/\" \/>\n<meta property=\"og:site_name\" content=\"Je suis un cuisinier - Recettes faciles\" \/>\n<meta property=\"article:published_time\" content=\"2021-01-27T10:03:40+00:00\" \/>\n<meta property=\"article:modified_time\" content=\"2021-03-14T17:29:22+00:00\" \/>\n<meta property=\"og:image\" content=\"https:\/\/jesuisuncuisinier.fr\/wp-content\/uploads\/2021\/01\/fideua-aux-fruits-de-mer.jpg\" \/>\n\t<meta property=\"og:image:width\" content=\"1200\" \/>\n\t<meta property=\"og:image:height\" content=\"797\" \/>\n\t<meta property=\"og:image:type\" content=\"image\/jpeg\" \/>\n<meta name=\"author\" content=\"Dami\u00e1n\" \/>\n<meta name=\"twitter:card\" content=\"summary_large_image\" \/>\n<meta name=\"twitter:creator\" content=\"@unptitcuisinier\" \/>\n<meta name=\"twitter:site\" content=\"@unptitcuisinier\" \/>\n<meta name=\"twitter:label1\" content=\"\u00c9crit par\" \/>\n\t<meta name=\"twitter:data1\" content=\"Dami\u00e1n\" \/>\n\t<meta name=\"twitter:label2\" content=\"Dur\u00e9e de lecture estim\u00e9e\" \/>\n\t<meta name=\"twitter:data2\" content=\"7 minutes\" \/>\n<script type=\"application\/ld+json\" class=\"yoast-schema-graph\">{\"@context\":\"https:\\\/\\\/schema.org\",\"@graph\":[{\"@type\":\"Article\",\"@id\":\"https:\\\/\\\/jesuisuncuisinier.fr\\\/fr\\\/recette-de-fideua-aux-fruits-de-mer-avec-aioli\\\/#article\",\"isPartOf\":{\"@id\":\"https:\\\/\\\/jesuisuncuisinier.fr\\\/fr\\\/recette-de-fideua-aux-fruits-de-mer-avec-aioli\\\/\"},\"author\":{\"name\":\"Dami\u00e1n\",\"@id\":\"https:\\\/\\\/jesuisuncuisinier.fr\\\/fr\\\/#\\\/schema\\\/person\\\/c2da7696f2784cce34698e48f989cb2a\"},\"headline\":\"Recette de fideu\u00e1 aux fruits de mer. Avec aioli\",\"datePublished\":\"2021-01-27T10:03:40+00:00\",\"dateModified\":\"2021-03-14T17:29:22+00:00\",\"mainEntityOfPage\":{\"@id\":\"https:\\\/\\\/jesuisuncuisinier.fr\\\/fr\\\/recette-de-fideua-aux-fruits-de-mer-avec-aioli\\\/\"},\"wordCount\":1141,\"commentCount\":0,\"publisher\":{\"@id\":\"https:\\\/\\\/jesuisuncuisinier.fr\\\/fr\\\/#\\\/schema\\\/person\\\/04d97b7b1ae2f60e14cd96fc10a341aa\"},\"image\":{\"@id\":\"https:\\\/\\\/jesuisuncuisinier.fr\\\/fr\\\/recette-de-fideua-aux-fruits-de-mer-avec-aioli\\\/#primaryimage\"},\"thumbnailUrl\":\"https:\\\/\\\/jesuisuncuisinier.fr\\\/wp-content\\\/uploads\\\/2021\\\/01\\\/fideua-aux-fruits-de-mer.jpg\",\"keywords\":[\"fruits de mer\",\"Recettes de crevettes\",\"moules\",\"calamars\",\"vermicelles\",\"fideua\"],\"articleSection\":[\"Cuisine espagnole\",\"Riz et P\u00e2tes\",\"recette\",\"Recettes de poisson et fruits de mer\"],\"inLanguage\":\"fr-FR\",\"potentialAction\":[{\"@type\":\"CommentAction\",\"name\":\"Comment\",\"target\":[\"https:\\\/\\\/jesuisuncuisinier.fr\\\/fr\\\/recette-de-fideua-aux-fruits-de-mer-avec-aioli\\\/#respond\"]}]},{\"@type\":\"WebPage\",\"@id\":\"https:\\\/\\\/jesuisuncuisinier.fr\\\/fr\\\/recette-de-fideua-aux-fruits-de-mer-avec-aioli\\\/\",\"url\":\"https:\\\/\\\/jesuisuncuisinier.fr\\\/fr\\\/recette-de-fideua-aux-fruits-de-mer-avec-aioli\\\/\",\"name\":\"Recette de fideu\u00e1 aux fruits de mer. Avec aioli\",\"isPartOf\":{\"@id\":\"https:\\\/\\\/jesuisuncuisinier.fr\\\/fr\\\/#website\"},\"primaryImageOfPage\":{\"@id\":\"https:\\\/\\\/jesuisuncuisinier.fr\\\/fr\\\/recette-de-fideua-aux-fruits-de-mer-avec-aioli\\\/#primaryimage\"},\"image\":{\"@id\":\"https:\\\/\\\/jesuisuncuisinier.fr\\\/fr\\\/recette-de-fideua-aux-fruits-de-mer-avec-aioli\\\/#primaryimage\"},\"thumbnailUrl\":\"https:\\\/\\\/jesuisuncuisinier.fr\\\/wp-content\\\/uploads\\\/2021\\\/01\\\/fideua-aux-fruits-de-mer.jpg\",\"datePublished\":\"2021-01-27T10:03:40+00:00\",\"dateModified\":\"2021-03-14T17:29:22+00:00\",\"description\":\"Comment faire une fideu\u00e1 aux fruits de mer. Recette facile. Apprenez \u00e0 pr\u00e9parer cette fideu\u00e1 de Valencia. Plat typique espagnol. D\u00e9licieux\u2009!\",\"breadcrumb\":{\"@id\":\"https:\\\/\\\/jesuisuncuisinier.fr\\\/fr\\\/recette-de-fideua-aux-fruits-de-mer-avec-aioli\\\/#breadcrumb\"},\"inLanguage\":\"fr-FR\",\"potentialAction\":[{\"@type\":\"ReadAction\",\"target\":[\"https:\\\/\\\/jesuisuncuisinier.fr\\\/fr\\\/recette-de-fideua-aux-fruits-de-mer-avec-aioli\\\/\"]}]},{\"@type\":\"ImageObject\",\"inLanguage\":\"fr-FR\",\"@id\":\"https:\\\/\\\/jesuisuncuisinier.fr\\\/fr\\\/recette-de-fideua-aux-fruits-de-mer-avec-aioli\\\/#primaryimage\",\"url\":\"https:\\\/\\\/jesuisuncuisinier.fr\\\/wp-content\\\/uploads\\\/2021\\\/01\\\/fideua-aux-fruits-de-mer.jpg\",\"contentUrl\":\"https:\\\/\\\/jesuisuncuisinier.fr\\\/wp-content\\\/uploads\\\/2021\\\/01\\\/fideua-aux-fruits-de-mer.jpg\",\"width\":1200,\"height\":797,\"caption\":\"Fideu\u00e1 aux fruits de mer\"},{\"@type\":\"BreadcrumbList\",\"@id\":\"https:\\\/\\\/jesuisuncuisinier.fr\\\/fr\\\/recette-de-fideua-aux-fruits-de-mer-avec-aioli\\\/#breadcrumb\",\"itemListElement\":[{\"@type\":\"ListItem\",\"position\":1,\"name\":\"Portada\",\"item\":\"https:\\\/\\\/jesuisuncuisinier.fr\\\/fr\\\/\"},{\"@type\":\"ListItem\",\"position\":2,\"name\":\"Recette de fideu\u00e1 aux fruits de mer. Avec aioli\"}]},{\"@type\":\"WebSite\",\"@id\":\"https:\\\/\\\/jesuisuncuisinier.fr\\\/fr\\\/#website\",\"url\":\"https:\\\/\\\/jesuisuncuisinier.fr\\\/fr\\\/\",\"name\":\"Je suis un cuisinier - Recettes faciles\",\"description\":\"Recettes de cuisine faciles pour tous les jours. Cuisine fran\u00e7aise, espagnole et d&#039;ailleurs.\",\"publisher\":{\"@id\":\"https:\\\/\\\/jesuisuncuisinier.fr\\\/fr\\\/#\\\/schema\\\/person\\\/04d97b7b1ae2f60e14cd96fc10a341aa\"},\"potentialAction\":[{\"@type\":\"SearchAction\",\"target\":{\"@type\":\"EntryPoint\",\"urlTemplate\":\"https:\\\/\\\/jesuisuncuisinier.fr\\\/fr\\\/?s={search_term_string}\"},\"query-input\":{\"@type\":\"PropertyValueSpecification\",\"valueRequired\":true,\"valueName\":\"search_term_string\"}}],\"inLanguage\":\"fr-FR\"},{\"@type\":[\"Person\",\"Organization\"],\"@id\":\"https:\\\/\\\/jesuisuncuisinier.fr\\\/fr\\\/#\\\/schema\\\/person\\\/04d97b7b1ae2f60e14cd96fc10a341aa\",\"name\":\"Dami\u00e1n Serrano\",\"image\":{\"@type\":\"ImageObject\",\"inLanguage\":\"fr-FR\",\"@id\":\"https:\\\/\\\/jesuisuncuisinier.fr\\\/wp-content\\\/uploads\\\/2019\\\/11\\\/avatar.jpg\",\"url\":\"https:\\\/\\\/jesuisuncuisinier.fr\\\/wp-content\\\/uploads\\\/2019\\\/11\\\/avatar.jpg\",\"contentUrl\":\"https:\\\/\\\/jesuisuncuisinier.fr\\\/wp-content\\\/uploads\\\/2019\\\/11\\\/avatar.jpg\",\"width\":200,\"height\":200,\"caption\":\"Dami\u00e1n Serrano\"},\"logo\":{\"@id\":\"https:\\\/\\\/jesuisuncuisinier.fr\\\/wp-content\\\/uploads\\\/2019\\\/11\\\/avatar.jpg\"}},{\"@type\":\"Person\",\"@id\":\"https:\\\/\\\/jesuisuncuisinier.fr\\\/fr\\\/#\\\/schema\\\/person\\\/c2da7696f2784cce34698e48f989cb2a\",\"name\":\"Dami\u00e1n\",\"sameAs\":[\"http:\\\/\\\/jesuisuncuisinier.fr\",\"https:\\\/\\\/x.com\\\/unptitcuisinier\"]}]}<\/script>\n<!-- \/ Yoast SEO plugin. -->","yoast_head_json":{"title":"Recette de fideu\u00e1 aux fruits de mer. Avec aioli","description":"Comment faire une fideu\u00e1 aux fruits de mer. Recette facile. Apprenez \u00e0 pr\u00e9parer cette fideu\u00e1 de Valencia. Plat typique espagnol. D\u00e9licieux\u2009!","robots":{"index":"index","follow":"follow","max-snippet":"max-snippet:-1","max-image-preview":"max-image-preview:large","max-video-preview":"max-video-preview:-1"},"canonical":"https:\/\/jesuisuncuisinier.fr\/fr\/recette-de-fideua-aux-fruits-de-mer-avec-aioli\/","og_locale":"fr_FR","og_type":"article","og_title":"Recette de fideu\u00e1 aux fruits de mer. Avec aioli","og_description":"Comment faire une fideu\u00e1 aux fruits de mer. Recette facile. Apprenez \u00e0 pr\u00e9parer cette fideu\u00e1 de Valencia. Plat typique espagnol. D\u00e9licieux\u2009!","og_url":"https:\/\/jesuisuncuisinier.fr\/fr\/recette-de-fideua-aux-fruits-de-mer-avec-aioli\/","og_site_name":"Je suis un cuisinier - Recettes faciles","article_published_time":"2021-01-27T10:03:40+00:00","article_modified_time":"2021-03-14T17:29:22+00:00","og_image":[{"width":1200,"height":797,"url":"https:\/\/jesuisuncuisinier.fr\/wp-content\/uploads\/2021\/01\/fideua-aux-fruits-de-mer.jpg","type":"image\/jpeg"}],"author":"Dami\u00e1n","twitter_card":"summary_large_image","twitter_creator":"@unptitcuisinier","twitter_site":"@unptitcuisinier","twitter_misc":{"\u00c9crit par":"Dami\u00e1n","Dur\u00e9e de lecture estim\u00e9e":"7 minutes"},"schema":{"@context":"https:\/\/schema.org","@graph":[{"@type":"Article","@id":"https:\/\/jesuisuncuisinier.fr\/fr\/recette-de-fideua-aux-fruits-de-mer-avec-aioli\/#article","isPartOf":{"@id":"https:\/\/jesuisuncuisinier.fr\/fr\/recette-de-fideua-aux-fruits-de-mer-avec-aioli\/"},"author":{"name":"Dami\u00e1n","@id":"https:\/\/jesuisuncuisinier.fr\/fr\/#\/schema\/person\/c2da7696f2784cce34698e48f989cb2a"},"headline":"Recette de fideu\u00e1 aux fruits de mer. Avec aioli","datePublished":"2021-01-27T10:03:40+00:00","dateModified":"2021-03-14T17:29:22+00:00","mainEntityOfPage":{"@id":"https:\/\/jesuisuncuisinier.fr\/fr\/recette-de-fideua-aux-fruits-de-mer-avec-aioli\/"},"wordCount":1141,"commentCount":0,"publisher":{"@id":"https:\/\/jesuisuncuisinier.fr\/fr\/#\/schema\/person\/04d97b7b1ae2f60e14cd96fc10a341aa"},"image":{"@id":"https:\/\/jesuisuncuisinier.fr\/fr\/recette-de-fideua-aux-fruits-de-mer-avec-aioli\/#primaryimage"},"thumbnailUrl":"https:\/\/jesuisuncuisinier.fr\/wp-content\/uploads\/2021\/01\/fideua-aux-fruits-de-mer.jpg","keywords":["fruits de mer","Recettes de crevettes","moules","calamars","vermicelles","fideua"],"articleSection":["Cuisine espagnole","Riz et P\u00e2tes","recette","Recettes de poisson et fruits de mer"],"inLanguage":"fr-FR","potentialAction":[{"@type":"CommentAction","name":"Comment","target":["https:\/\/jesuisuncuisinier.fr\/fr\/recette-de-fideua-aux-fruits-de-mer-avec-aioli\/#respond"]}]},{"@type":"WebPage","@id":"https:\/\/jesuisuncuisinier.fr\/fr\/recette-de-fideua-aux-fruits-de-mer-avec-aioli\/","url":"https:\/\/jesuisuncuisinier.fr\/fr\/recette-de-fideua-aux-fruits-de-mer-avec-aioli\/","name":"Recette de fideu\u00e1 aux fruits de mer. Avec aioli","isPartOf":{"@id":"https:\/\/jesuisuncuisinier.fr\/fr\/#website"},"primaryImageOfPage":{"@id":"https:\/\/jesuisuncuisinier.fr\/fr\/recette-de-fideua-aux-fruits-de-mer-avec-aioli\/#primaryimage"},"image":{"@id":"https:\/\/jesuisuncuisinier.fr\/fr\/recette-de-fideua-aux-fruits-de-mer-avec-aioli\/#primaryimage"},"thumbnailUrl":"https:\/\/jesuisuncuisinier.fr\/wp-content\/uploads\/2021\/01\/fideua-aux-fruits-de-mer.jpg","datePublished":"2021-01-27T10:03:40+00:00","dateModified":"2021-03-14T17:29:22+00:00","description":"Comment faire une fideu\u00e1 aux fruits de mer. Recette facile. Apprenez \u00e0 pr\u00e9parer cette fideu\u00e1 de Valencia. Plat typique espagnol. D\u00e9licieux\u2009!","breadcrumb":{"@id":"https:\/\/jesuisuncuisinier.fr\/fr\/recette-de-fideua-aux-fruits-de-mer-avec-aioli\/#breadcrumb"},"inLanguage":"fr-FR","potentialAction":[{"@type":"ReadAction","target":["https:\/\/jesuisuncuisinier.fr\/fr\/recette-de-fideua-aux-fruits-de-mer-avec-aioli\/"]}]},{"@type":"ImageObject","inLanguage":"fr-FR","@id":"https:\/\/jesuisuncuisinier.fr\/fr\/recette-de-fideua-aux-fruits-de-mer-avec-aioli\/#primaryimage","url":"https:\/\/jesuisuncuisinier.fr\/wp-content\/uploads\/2021\/01\/fideua-aux-fruits-de-mer.jpg","contentUrl":"https:\/\/jesuisuncuisinier.fr\/wp-content\/uploads\/2021\/01\/fideua-aux-fruits-de-mer.jpg","width":1200,"height":797,"caption":"Fideu\u00e1 aux fruits de mer"},{"@type":"BreadcrumbList","@id":"https:\/\/jesuisuncuisinier.fr\/fr\/recette-de-fideua-aux-fruits-de-mer-avec-aioli\/#breadcrumb","itemListElement":[{"@type":"ListItem","position":1,"name":"Portada","item":"https:\/\/jesuisuncuisinier.fr\/fr\/"},{"@type":"ListItem","position":2,"name":"Recette de fideu\u00e1 aux fruits de mer. Avec aioli"}]},{"@type":"WebSite","@id":"https:\/\/jesuisuncuisinier.fr\/fr\/#website","url":"https:\/\/jesuisuncuisinier.fr\/fr\/","name":"Je suis un cuisinier - Recettes faciles","description":"Recettes de cuisine faciles pour tous les jours. Cuisine fran\u00e7aise, espagnole et d&#039;ailleurs.","publisher":{"@id":"https:\/\/jesuisuncuisinier.fr\/fr\/#\/schema\/person\/04d97b7b1ae2f60e14cd96fc10a341aa"},"potentialAction":[{"@type":"SearchAction","target":{"@type":"EntryPoint","urlTemplate":"https:\/\/jesuisuncuisinier.fr\/fr\/?s={search_term_string}"},"query-input":{"@type":"PropertyValueSpecification","valueRequired":true,"valueName":"search_term_string"}}],"inLanguage":"fr-FR"},{"@type":["Person","Organization"],"@id":"https:\/\/jesuisuncuisinier.fr\/fr\/#\/schema\/person\/04d97b7b1ae2f60e14cd96fc10a341aa","name":"Dami\u00e1n Serrano","image":{"@type":"ImageObject","inLanguage":"fr-FR","@id":"https:\/\/jesuisuncuisinier.fr\/wp-content\/uploads\/2019\/11\/avatar.jpg","url":"https:\/\/jesuisuncuisinier.fr\/wp-content\/uploads\/2019\/11\/avatar.jpg","contentUrl":"https:\/\/jesuisuncuisinier.fr\/wp-content\/uploads\/2019\/11\/avatar.jpg","width":200,"height":200,"caption":"Dami\u00e1n Serrano"},"logo":{"@id":"https:\/\/jesuisuncuisinier.fr\/wp-content\/uploads\/2019\/11\/avatar.jpg"}},{"@type":"Person","@id":"https:\/\/jesuisuncuisinier.fr\/fr\/#\/schema\/person\/c2da7696f2784cce34698e48f989cb2a","name":"Dami\u00e1n","sameAs":["http:\/\/jesuisuncuisinier.fr","https:\/\/x.com\/unptitcuisinier"]}]}},"amp_enabled":true,"_links":{"self":[{"href":"https:\/\/jesuisuncuisinier.fr\/fr\/wp-json\/wp\/v2\/posts\/12791","targetHints":{"allow":["GET"]}}],"collection":[{"href":"https:\/\/jesuisuncuisinier.fr\/fr\/wp-json\/wp\/v2\/posts"}],"about":[{"href":"https:\/\/jesuisuncuisinier.fr\/fr\/wp-json\/wp\/v2\/types\/post"}],"author":[{"embeddable":true,"href":"https:\/\/jesuisuncuisinier.fr\/fr\/wp-json\/wp\/v2\/users\/1"}],"replies":[{"embeddable":true,"href":"https:\/\/jesuisuncuisinier.fr\/fr\/wp-json\/wp\/v2\/comments?post=12791"}],"version-history":[{"count":4,"href":"https:\/\/jesuisuncuisinier.fr\/fr\/wp-json\/wp\/v2\/posts\/12791\/revisions"}],"predecessor-version":[{"id":13349,"href":"https:\/\/jesuisuncuisinier.fr\/fr\/wp-json\/wp\/v2\/posts\/12791\/revisions\/13349"}],"wp:featuredmedia":[{"embeddable":true,"href":"https:\/\/jesuisuncuisinier.fr\/fr\/wp-json\/wp\/v2\/media\/13341"}],"wp:attachment":[{"href":"https:\/\/jesuisuncuisinier.fr\/fr\/wp-json\/wp\/v2\/media?parent=12791"}],"wp:term":[{"taxonomy":"category","embeddable":true,"href":"https:\/\/jesuisuncuisinier.fr\/fr\/wp-json\/wp\/v2\/categories?post=12791"},{"taxonomy":"post_tag","embeddable":true,"href":"https:\/\/jesuisuncuisinier.fr\/fr\/wp-json\/wp\/v2\/tags?post=12791"}],"curies":[{"name":"wp","href":"https:\/\/api.w.org\/{rel}","templated":true}]}}