{"id":12685,"date":"2020-12-22T11:05:28","date_gmt":"2020-12-22T10:05:28","guid":{"rendered":"https:\/\/jesuisuncuisinier.fr\/fr\/?p=12685"},"modified":"2020-12-22T12:06:38","modified_gmt":"2020-12-22T11:06:38","slug":"recette-de-salade-de-pommes-de-terre-a-lorange-et-morue-cuisine-andalouse","status":"publish","type":"post","link":"https:\/\/jesuisuncuisinier.fr\/fr\/recette-de-salade-de-pommes-de-terre-a-lorange-et-morue-cuisine-andalouse\/","title":{"rendered":"Recette de salade de pommes de terre \u00e0 l&rsquo;orange et morue. Cuisine andalouse"},"content":{"rendered":"\n<p>Bonjour\u2009! Aujourd&rsquo;hui, je vous invite \u00e0 visiter Malaga avec cette belle <strong>salade de pommes de terre \u00e0 la morue et \u00e0 l&rsquo;orange<\/strong>. La combinaison de poisson et de fruits dans une salade peut sembler \u00e9trange, mais dans ce plat, elle se combine tr\u00e8s bien.<\/p>\n<p>Bien que la <strong>gastronomie de Malaga<\/strong> accorde une grande importance aux plats de fruits de mer, nous pouvons consid\u00e9rer cette salade, dont l&rsquo;origine est modeste, comme une <strong>salade avec des produits du terroir<\/strong>, y compris la morue sal\u00e9e dont la longue conservation a permis de la transporter dans des zones \u00e9loign\u00e9es du port.<\/p>\n<script async src=\"\/\/pagead2.googlesyndication.com\/pagead\/js\/adsbygoogle.js\"><\/script><ins class=\"adsbygoogle\"style=\"display:block\"data-ad-client=\"ca-pub-7750789452383743\"data-ad-slot=\"9252856116\"data-ad-format=\"auto\"><\/ins><script>(adsbygoogle = window.adsbygoogle || []).push({});<\/script><amp-ad width=\"100vw\" height=320 type=\"adsense\" data-ad-client=\"ca-pub-7750789452383743\" data-ad-slot=\"7340373828\" data-auto-format=\"rspv\" data-full-width><div overflow><\/div><\/amp-ad><div class=\"cleaner\" style=\"margin: 10px\"><\/div>\n<h2>Vous voulez savoir comment pr\u00e9parer la salade de pommes de terre \u00e0 l&rsquo;orange et morue ?<\/h2>\n<p>Pour pr\u00e9parer la <strong>salade de pommes de terre \u00e0 l&rsquo;orange et morue<\/strong>, il faut avoir un peu de temps devant soi, car il faut <strong>faire cuire les pommes de terre<\/strong> et ensuite les laisser refroidir. De plus, comme la morue a \u00e9t\u00e9 conserv\u00e9e dans du sel, nous devons le mettre \u00e0 dessaler la veille.<\/p>\n<p>Les ingr\u00e9dients de la <strong>salade de pommes de terre \u00e0 l&rsquo;orange et morue<\/strong> nous permettent de la manger en hiver, plus pr\u00e9cis\u00e9ment de la fin de l&rsquo;automne \u00e0 la fin du printemps. Tant que dure la saison des oranges.<\/p>\n<p>Sur le blog, vous trouverez d&rsquo;autres recettes de salades d&rsquo;hiver. Essayez la <a href=\"https:\/\/jesuisuncuisinier.fr\/fr\/salade-de-chicoree-pain-de-sucre\/\" target=\"_blank\" rel=\"noopener\"><strong>salade de pain de sucre aux pommes, au roquefort et aux noix<\/strong><\/a>, la <a href=\"https:\/\/jesuisuncuisinier.fr\/fr\/salade-d-endives-au-saumon\/\" target=\"_blank\" rel=\"noopener\"><strong>salade d&rsquo;endives au saumon et au fromage bleu<\/strong><\/a>, la <a href=\"https:\/\/jesuisuncuisinier.fr\/fr\/salade-de-roquette-a-la-poire-et-au-parmesan\/\" target=\"_blank\" rel=\"noopener\"><strong>salade de roquette, poire et parmesan<\/strong><\/a>, la c\u00e9l\u00e8bre <a href=\"https:\/\/jesuisuncuisinier.fr\/fr\/salade-allemande-de-pommes-de-terre-aux-saucisses\/\" target=\"_blank\" rel=\"noopener\"><strong>salade de pommes de terre allemande<\/strong><\/a> que je m\u00e9lange avec des saucisses et une \u00e9tonnante <a href=\"https:\/\/jesuisuncuisinier.fr\/fr\/salade-courge-rotie\/\" target=\"_blank\" rel=\"noopener\"><strong>salade de potiron r\u00f4ti avec des haricots rouges et de la feta<\/strong><\/a>.<\/p>\n<p>Voici la recette\u00a0:<\/p>\n<p><ins class=\"adsbygoogle\"style=\"display:block\"data-ad-client=\"ca-pub-7750789452383743\"data-ad-slot=\"4190110340\"data-ad-format=\"auto\"data-full-width-responsive=\"true\"><\/ins><script>(adsbygoogle = window.adsbygoogle || []).push({});<\/script> <amp-ad width=\"100vw\" height=320 type=\"adsense\" data-ad-client=\"ca-pub-7750789452383743\" data-ad-slot=\"4190110340\" data-auto-format=\"rspv\" data-full-width><div overflow><\/div><\/amp-ad><div class=\"cleaner\" style=\"margin: 10px\"><\/div><div itemscope itemtype=\"http:\/\/schema.org\/Recipe\">\n<div align=\"justify\" style=\"border-style:solid; border-width: 1px;padding: 10px 10px 10px 10px;\">\n<img loading=\"lazy\" decoding=\"async\" width=\"128\" height=\"85\" src=\"https:\/\/jesuisuncuisinier.fr\/wp-content\/uploads\/2020\/12\/salade-de-pommes-de-terre-morue-et-orange.jpg\" class=\"attachment-thumbnail size-thumbnail wp-post-image\" alt=\"Salade de pomme de terre, morue et orange\" style=\"float:left; padding: 10px 10px 10px 10px\" srcset=\"https:\/\/jesuisuncuisinier.fr\/wp-content\/uploads\/2020\/12\/salade-de-pommes-de-terre-morue-et-orange.jpg 1200w, https:\/\/jesuisuncuisinier.fr\/wp-content\/uploads\/2020\/12\/salade-de-pommes-de-terre-morue-et-orange-768x510.jpg 768w, https:\/\/jesuisuncuisinier.fr\/wp-content\/uploads\/2020\/12\/salade-de-pommes-de-terre-morue-et-orange-320x213.jpg 320w, https:\/\/jesuisuncuisinier.fr\/wp-content\/uploads\/2020\/12\/salade-de-pommes-de-terre-morue-et-orange-300x200.jpg 300w\" sizes=\"auto, (max-width: 128px) 100vw, 128px\" \/>\n<div itemprop=\"image\" itemscope itemtype=\"https:\/\/schema.org\/ImageObject\">\t\n<meta itemprop=\"url\" content=\"https:\/\/jesuisuncuisinier.fr\/wp-content\/uploads\/2020\/12\/salade-de-pommes-de-terre-morue-et-orange.jpg\">\n<meta itemprop=\"width\" content=\"140\">\n<meta itemprop=\"height\" content=\"85\">\n<\/div>\n<a href=\"https:\/\/jesuisuncuisinier.fr\/fr\/recette-de-salade-de-pommes-de-terre-a-lorange-et-morue-cuisine-andalouse\/print\/\" rel=\"nofollow\" title=\"Imprimer\"><img decoding=\"async\" src=\"https:\/\/jesuisuncuisinier.fr\/wp-content\/plugins\/wp-print\/images\/printer_famfamfam.gif\" align=\"right\" alt=\"Imprimir\"><\/a>\n<h2 itemprop=\"name\" style=\"padding: 10px 10px 0px 10px\">Recette de salade de pommes de terre \u00e0 l&rsquo;orange et morue. Cuisine andalouse<\/h2>\n<span id=\"post-ratings-12685\" class=\"post-ratings\" data-nonce=\"3e06f6f3a5\"><div align=\"center\">Votez pour cette !<\/div>\r\n<div align=\"center\"><img decoding=\"async\" id=\"rating_12685_1\" src=\"https:\/\/jesuisuncuisinier.fr\/wp-content\/plugins\/wp-postratings\/images\/stars_crystal\/rating_on.gif\" alt=\"1 Star\" title=\"1 Star\" onmouseover=\"current_rating(12685, 1, '1 Star');\" onmouseout=\"ratings_off(4.2, 0, 0);\" onclick=\"rate_post();\" onkeypress=\"rate_post();\" style=\"cursor: pointer; border: 0px;\" \/><img decoding=\"async\" id=\"rating_12685_2\" src=\"https:\/\/jesuisuncuisinier.fr\/wp-content\/plugins\/wp-postratings\/images\/stars_crystal\/rating_on.gif\" alt=\"2 Stars\" title=\"2 Stars\" onmouseover=\"current_rating(12685, 2, '2 Stars');\" onmouseout=\"ratings_off(4.2, 0, 0);\" onclick=\"rate_post();\" onkeypress=\"rate_post();\" style=\"cursor: pointer; border: 0px;\" \/><img decoding=\"async\" id=\"rating_12685_3\" src=\"https:\/\/jesuisuncuisinier.fr\/wp-content\/plugins\/wp-postratings\/images\/stars_crystal\/rating_on.gif\" alt=\"3 Stars\" title=\"3 Stars\" onmouseover=\"current_rating(12685, 3, '3 Stars');\" onmouseout=\"ratings_off(4.2, 0, 0);\" onclick=\"rate_post();\" onkeypress=\"rate_post();\" style=\"cursor: pointer; border: 0px;\" \/><img decoding=\"async\" id=\"rating_12685_4\" src=\"https:\/\/jesuisuncuisinier.fr\/wp-content\/plugins\/wp-postratings\/images\/stars_crystal\/rating_on.gif\" alt=\"4 Stars\" title=\"4 Stars\" onmouseover=\"current_rating(12685, 4, '4 Stars');\" onmouseout=\"ratings_off(4.2, 0, 0);\" onclick=\"rate_post();\" onkeypress=\"rate_post();\" style=\"cursor: pointer; border: 0px;\" \/><img decoding=\"async\" id=\"rating_12685_5\" src=\"https:\/\/jesuisuncuisinier.fr\/wp-content\/plugins\/wp-postratings\/images\/stars_crystal\/rating_off.gif\" alt=\"5 Stars\" title=\"5 Stars\" onmouseover=\"current_rating(12685, 5, '5 Stars');\" onmouseout=\"ratings_off(4.2, 0, 0);\" onclick=\"rate_post();\" onkeypress=\"rate_post();\" style=\"cursor: pointer; border: 0px;\" \/><\/div>\r\n<div align=\"center\">Note: 4,20 \/ 5. Votes: 5<\/div><\/span><span id=\"post-ratings-12685-loading\" class=\"post-ratings-loading\"><img loading=\"lazy\" decoding=\"async\" src=\"https:\/\/jesuisuncuisinier.fr\/wp-content\/plugins\/wp-postratings\/images\/loading.gif\" width=\"16\" height=\"16\" class=\"post-ratings-image\" \/>Loading...<\/span><div><\/br><span itemprop=\"author\" itemscope itemtype=\"http:\/\/schema.org\/Person\">   <span itemprop=\"name\" content=\"Damian Serrano\"><\/span> <\/span>\n<b>Personnes:<\/b> <span itemprop=\"recipeYield\">4<\/span>   <b>Temps:<\/b> <time itemprop=\"totalTime\" datetime=PT30M>30 m + repos<\/time>   <b>Difficult\u00e9:<\/b> Facile<\/div><div class=\"cleaner\" style=\"margin: 10px\"><\/div><time itemprop=\"dateModified\" datetime=\"2020-12-22\"><\/time> \n<span itemprop=\"description\" content=\"Comment faire une salade de pommes de terre, orange et morue. Recette facile Apprenez \u00e0 pr\u00e9parer cette salade traditionnelle de la cuisine andalouse.\" ><\/span>\n<span itemprop=\"recipeCuisine\" content=\"Unknown\" ><\/span>\n<span itemprop=\"recipeCategory\" content=\"Unknown\" ><\/span>\n<span itemprop=\"keywords\" content=\"Unknown\" ><\/span>\n<div class=\"note-wrapper\"><div class=\"note-top\"><\/div><div class=\"note-content\"><h3 style=\"padding-left: 10px; margin-bottom: 10px;\">Ingr\u00e9dients<\/h3>\n<ul>\n<li itemprop=\"recipeIngredient\">600\u00a0g de pommes de terre \u00e0 cuire (de taille moyenne et \u00e0 peu pr\u00e8s de m\u00eame taille)<\/li>\n<li itemprop=\"recipeIngredient\">2 grandes oranges<\/li>\n<li itemprop=\"recipeIngredient\">250\u00a0g de morue (les meilleurs morceaux sont les miettes ou morceaux fins)<\/li>\n<li itemprop=\"recipeIngredient\">1 ou 2 oignons doux<\/li>\n<li itemprop=\"recipeIngredient\">4 gros \u0153ufs<\/li>\n<li itemprop=\"recipeIngredient\">Olives vertes ou noires<\/li>\n<li itemprop=\"recipeIngredient\">Huile d&rsquo;olive<\/li>\n<li itemprop=\"recipeIngredient\">Sel et poivre noir moulu<\/li>\n<\/ul>\n<br \/><\/div><div class=\"note-bottom\"><\/div>\n<\/div> <!-- \/ #ingredients -->\n<div align=\"justify\" class=\"directions-wrapper\"><h3>\u00c9laboration<\/h3><div class=\"directions-content instructions\" >\n<\/p>\n<ol>\n<li itemprop=\"recipeInstructions\">La veille, dessalez la morue si n\u00e9cessaire. Lavez les morceaux pour enlever l&rsquo;exc\u00e8s de sel et faites-les tremper avec la peau vers le haut (pour que le sel tombe au fond). Conserver au r\u00e9frig\u00e9rateur pendant 24 heures et changer l&rsquo;eau 3 fois par intervalles de 6 ou 8 heures.<\/li>\n<li itemprop=\"recipeInstructions\">La veille (ou plusieurs heures avant), bien lavez les pommes de terre et mettez-les dans une casserole, couvrez-les d&rsquo;eau et ajoutez une bonne poign\u00e9e de sel. Porter \u00e0 \u00e9bullition et, lorsqu&rsquo;elle bout, la laisser cuire \u00e0 feu moyen pendant 20 \u00e0 30 minutes (selon la taille des pommes de terre). V\u00e9rifiez le point de cuisson en piquant avec un couteau. S&rsquo;il entre facilement et s&rsquo;il est tendre, c&rsquo;est cuit. \u00c9gouttez et laissez refroidir.<\/li>\n<li itemprop=\"recipeInstructions\">Mettez les \u0153ufs dans une casserole et couvrez-les d&rsquo;eau. Faites chauffer et quand elle commence \u00e0 bouillir, laissez cuire pendant 8 minutes. Refroidissez et \u00e9pluchez. Vous pouvez \u00e9galement le faire la veille et les conserver au r\u00e9frig\u00e9rateur.<\/li>\n<li itemprop=\"recipeInstructions\">Pelez les oranges et coupez-les en morceaux. Ici, l&rsquo;astuce consiste \u00e0 ne pas s\u00e9parer les quartiers, mais plut\u00f4t les couper dans leur centre pour que la peau se trouve au milieu du morceau. Cela donnera un bien meilleur go\u00fbt et une meilleure texture aux bouch\u00e9es d&rsquo;orange.<\/li>\n<li itemprop=\"recipeInstructions\">Une fois qu&rsquo;elles sont froides, \u00e9pluchez les pommes de terre et coupez-les en petits morceaux. \u00c9miettez la morue et enlevez la peau et les ar\u00eates.<\/li>\n<li itemprop=\"recipeInstructions\">Posez une couche de pommes de terre sur une assiette et assaisonnez avec du sel et du poivre. Ajoutez ensuite l&rsquo;orange, le cabillaud et l&rsquo;oignon de printemps. Terminez avec les olives et l&rsquo;\u0153uf dur. Assaisonnez \u00e0 nouveau g\u00e9n\u00e9reusement avec de l&rsquo;huile d&rsquo;olive.<\/li>\n<\/ol>\n<p><\/div><div class=\"cleaner\" style=\"padding-bottom: 10px;\">&nbsp;<\/div><\/div> <!-- \/# directions -->\n<script async src=\"https:\/\/pagead2.googlesyndication.com\/pagead\/js\/adsbygoogle.js\"><\/script><ins class=\"adsbygoogle\"style=\"display:block\"data-ad-client=\"ca-pub-7750789452383743\"data-ad-slot=\"3064891712\"data-ad-format=\"auto\"><\/ins><script async>(adsbygoogle = window.adsbygoogle || []).push({});<\/script> <amp-ad width=\"100vw\" height=320 type=\"adsense\" data-ad-client=\"ca-pub-7750789452383743\" data-ad-slot=\"1189241592\" data-auto-format=\"rspv\" data-full-width><div overflow><\/div><\/amp-ad><div align=\"justify\" class=\"hints-wrapper\" ><h3>Conseils et astuces<\/h3><div class=\"hints-content hints\"><\/p>\n<ul>\n<li>La vari\u00e9t\u00e9 d&rsquo;olives qui est habituellement utilis\u00e9e est l&rsquo;Alore\u00f1a. Mais comme il s&rsquo;agit d&rsquo;un produit r\u00e9gional, vous pouvez y <strong>mettre les olives que vous voulez<\/strong>.<\/li>\n<li>Si vous avez des <strong>morceaux de morue tr\u00e8s \u00e9pais<\/strong>, comme les longes, il faut parfois jusqu&rsquo;\u00e0 32 heures de trempage pour les dessaler.<\/li>\n<li>Il est pr\u00e9f\u00e9rable de tester la morue s\u00e9par\u00e9ment avant d&rsquo;assaisonner la salade. S&rsquo;elle reste un peu sal\u00e9, nous r\u00e9duirons la quantit\u00e9 de sel que nous mettrons sur le reste des ingr\u00e9dients.<\/li>\n<\/ul>\n<p><\/div><\/div> <!-- \/# hints --><\/div><div class=\"cleaner\" style=\"padding-bottom: 10px;\">&nbsp;<\/div><\/div><!-- \/ #recipe --> \n<\/p>\n<\/p>\n<h3>Vous savez maintenant comment pr\u00e9parer la salade de pommes de terre, morue et orange<\/h3>\n<p>Vous avez aim\u00e9 la recette\u2009? J&rsquo;esp\u00e8re que vous allez l&rsquo;essayer. Et en parlant de Malaga, l&rsquo;avez-vous d\u00e9j\u00e0 visit\u00e9e\u2009? Quelles autres choses agr\u00e9ables aimez-vous \u00e0 Malaga\u2009?<\/p>\n<p>N&rsquo;oubliez pas que vous pouvez me dire <a href=\"#comments\"><strong>ce que vous pensez de la recette avec un message ici dans la section commentaires<\/strong><\/a>. Que cela vous plaise ou non, je suis tr\u00e8s int\u00e9ress\u00e9 de savoir ce que vous en pensez. Je vous laisse \u00e9galement la possibilit\u00e9 de me faire part de vos suggestions concernant ce plat ou de vos doutes quant \u00e0 sa pr\u00e9paration.<\/p>\n<p>Enfin, si vous \u00eates un <strong>fan de la cuisine andalouse<\/strong>, n&rsquo;h\u00e9sitez pas \u00e0 soutenir le blog en cliquant sur \u00ab\u00a0j&rsquo;aime\u00a0\u00bb et en partageant cette d\u00e9licieuse <strong>salade de pommes de terre, morue et orange<\/strong> sur vos r\u00e9seaux sociaux.<\/p>\n<p><\/p>\n<p>\u00c0 bient\u00f4t\u2009!<\/p>\n<p>\n","protected":false},"excerpt":{"rendered":"<p>Comment faire une salade de pommes de terre, orange et morue. Recette facile Apprenez \u00e0 pr\u00e9parer cette salade traditionnelle de la cuisine andalouse.<\/p>\n","protected":false},"author":1,"featured_media":12689,"comment_status":"open","ping_status":"closed","sticky":false,"template":"","format":"standard","meta":{"_yoast_wpseo_focuskw":"salade de pommes de terre \u00e0 la morue","_yoast_wpseo_metadesc":"Comment faire une salade de pommes de terre, orange et morue. Recette facile Apprenez \u00e0 pr\u00e9parer cette salade traditionnelle de la cuisine andalouse.","footnotes":""},"categories":[1049,20,849],"tags":[5,919,94],"class_list":["post-12685","post","type-post","status-publish","format-standard","has-post-thumbnail","hentry","category-espagnole","category-recette","category-salades","tag-pommes-de-terre","tag-orange","tag-morue"],"yoast_head":"<!-- This site is optimized with the Yoast SEO plugin v27.5 - https:\/\/yoast.com\/product\/yoast-seo-wordpress\/ -->\n<title>Recette de salade de pommes de terre \u00e0 l&#039;orange et morue. Cuisine andalouse<\/title>\n<meta name=\"description\" content=\"Comment faire une salade de pommes de terre, orange et morue. Recette facile Apprenez \u00e0 pr\u00e9parer cette salade traditionnelle de la cuisine andalouse.\" \/>\n<meta name=\"robots\" content=\"index, follow, max-snippet:-1, max-image-preview:large, max-video-preview:-1\" \/>\n<link rel=\"canonical\" href=\"https:\/\/jesuisuncuisinier.fr\/fr\/recette-de-salade-de-pommes-de-terre-a-lorange-et-morue-cuisine-andalouse\/\" \/>\n<meta property=\"og:locale\" content=\"fr_FR\" \/>\n<meta property=\"og:type\" content=\"article\" \/>\n<meta property=\"og:title\" content=\"Recette de salade de pommes de terre \u00e0 l&#039;orange et morue. Cuisine andalouse\" \/>\n<meta property=\"og:description\" content=\"Comment faire une salade de pommes de terre, orange et morue. Recette facile Apprenez \u00e0 pr\u00e9parer cette salade traditionnelle de la cuisine andalouse.\" \/>\n<meta property=\"og:url\" content=\"https:\/\/jesuisuncuisinier.fr\/fr\/recette-de-salade-de-pommes-de-terre-a-lorange-et-morue-cuisine-andalouse\/\" \/>\n<meta property=\"og:site_name\" content=\"Je suis un cuisinier - Recettes faciles\" \/>\n<meta property=\"article:published_time\" content=\"2020-12-22T10:05:28+00:00\" \/>\n<meta property=\"article:modified_time\" content=\"2020-12-22T11:06:38+00:00\" \/>\n<meta property=\"og:image\" content=\"https:\/\/jesuisuncuisinier.fr\/wp-content\/uploads\/2020\/12\/salade-de-pommes-de-terre-morue-et-orange.jpg\" \/>\n\t<meta property=\"og:image:width\" content=\"1200\" \/>\n\t<meta property=\"og:image:height\" content=\"797\" \/>\n\t<meta property=\"og:image:type\" content=\"image\/jpeg\" \/>\n<meta name=\"author\" content=\"Dami\u00e1n\" \/>\n<meta name=\"twitter:card\" content=\"summary_large_image\" \/>\n<meta name=\"twitter:creator\" content=\"@unptitcuisinier\" \/>\n<meta name=\"twitter:site\" content=\"@unptitcuisinier\" \/>\n<meta name=\"twitter:label1\" content=\"\u00c9crit par\" \/>\n\t<meta name=\"twitter:data1\" content=\"Dami\u00e1n\" \/>\n\t<meta name=\"twitter:label2\" content=\"Dur\u00e9e de lecture estim\u00e9e\" \/>\n\t<meta name=\"twitter:data2\" content=\"4 minutes\" \/>\n<script type=\"application\/ld+json\" class=\"yoast-schema-graph\">{\"@context\":\"https:\\\/\\\/schema.org\",\"@graph\":[{\"@type\":\"Article\",\"@id\":\"https:\\\/\\\/jesuisuncuisinier.fr\\\/fr\\\/recette-de-salade-de-pommes-de-terre-a-lorange-et-morue-cuisine-andalouse\\\/#article\",\"isPartOf\":{\"@id\":\"https:\\\/\\\/jesuisuncuisinier.fr\\\/fr\\\/recette-de-salade-de-pommes-de-terre-a-lorange-et-morue-cuisine-andalouse\\\/\"},\"author\":{\"name\":\"Dami\u00e1n\",\"@id\":\"https:\\\/\\\/jesuisuncuisinier.fr\\\/fr\\\/#\\\/schema\\\/person\\\/c2da7696f2784cce34698e48f989cb2a\"},\"headline\":\"Recette de salade de pommes de terre \u00e0 l&rsquo;orange et morue. Cuisine andalouse\",\"datePublished\":\"2020-12-22T10:05:28+00:00\",\"dateModified\":\"2020-12-22T11:06:38+00:00\",\"mainEntityOfPage\":{\"@id\":\"https:\\\/\\\/jesuisuncuisinier.fr\\\/fr\\\/recette-de-salade-de-pommes-de-terre-a-lorange-et-morue-cuisine-andalouse\\\/\"},\"wordCount\":915,\"commentCount\":0,\"publisher\":{\"@id\":\"https:\\\/\\\/jesuisuncuisinier.fr\\\/fr\\\/#\\\/schema\\\/person\\\/04d97b7b1ae2f60e14cd96fc10a341aa\"},\"image\":{\"@id\":\"https:\\\/\\\/jesuisuncuisinier.fr\\\/fr\\\/recette-de-salade-de-pommes-de-terre-a-lorange-et-morue-cuisine-andalouse\\\/#primaryimage\"},\"thumbnailUrl\":\"https:\\\/\\\/jesuisuncuisinier.fr\\\/wp-content\\\/uploads\\\/2020\\\/12\\\/salade-de-pommes-de-terre-morue-et-orange.jpg\",\"keywords\":[\"pommes de terre\",\"orange\",\"morue\"],\"articleSection\":[\"Cuisine espagnole\",\"recette\",\"Salades\"],\"inLanguage\":\"fr-FR\",\"potentialAction\":[{\"@type\":\"CommentAction\",\"name\":\"Comment\",\"target\":[\"https:\\\/\\\/jesuisuncuisinier.fr\\\/fr\\\/recette-de-salade-de-pommes-de-terre-a-lorange-et-morue-cuisine-andalouse\\\/#respond\"]}]},{\"@type\":\"WebPage\",\"@id\":\"https:\\\/\\\/jesuisuncuisinier.fr\\\/fr\\\/recette-de-salade-de-pommes-de-terre-a-lorange-et-morue-cuisine-andalouse\\\/\",\"url\":\"https:\\\/\\\/jesuisuncuisinier.fr\\\/fr\\\/recette-de-salade-de-pommes-de-terre-a-lorange-et-morue-cuisine-andalouse\\\/\",\"name\":\"Recette de salade de pommes de terre \u00e0 l'orange et morue. Cuisine andalouse\",\"isPartOf\":{\"@id\":\"https:\\\/\\\/jesuisuncuisinier.fr\\\/fr\\\/#website\"},\"primaryImageOfPage\":{\"@id\":\"https:\\\/\\\/jesuisuncuisinier.fr\\\/fr\\\/recette-de-salade-de-pommes-de-terre-a-lorange-et-morue-cuisine-andalouse\\\/#primaryimage\"},\"image\":{\"@id\":\"https:\\\/\\\/jesuisuncuisinier.fr\\\/fr\\\/recette-de-salade-de-pommes-de-terre-a-lorange-et-morue-cuisine-andalouse\\\/#primaryimage\"},\"thumbnailUrl\":\"https:\\\/\\\/jesuisuncuisinier.fr\\\/wp-content\\\/uploads\\\/2020\\\/12\\\/salade-de-pommes-de-terre-morue-et-orange.jpg\",\"datePublished\":\"2020-12-22T10:05:28+00:00\",\"dateModified\":\"2020-12-22T11:06:38+00:00\",\"description\":\"Comment faire une salade de pommes de terre, orange et morue. Recette facile Apprenez \u00e0 pr\u00e9parer cette salade traditionnelle de la cuisine andalouse.\",\"breadcrumb\":{\"@id\":\"https:\\\/\\\/jesuisuncuisinier.fr\\\/fr\\\/recette-de-salade-de-pommes-de-terre-a-lorange-et-morue-cuisine-andalouse\\\/#breadcrumb\"},\"inLanguage\":\"fr-FR\",\"potentialAction\":[{\"@type\":\"ReadAction\",\"target\":[\"https:\\\/\\\/jesuisuncuisinier.fr\\\/fr\\\/recette-de-salade-de-pommes-de-terre-a-lorange-et-morue-cuisine-andalouse\\\/\"]}]},{\"@type\":\"ImageObject\",\"inLanguage\":\"fr-FR\",\"@id\":\"https:\\\/\\\/jesuisuncuisinier.fr\\\/fr\\\/recette-de-salade-de-pommes-de-terre-a-lorange-et-morue-cuisine-andalouse\\\/#primaryimage\",\"url\":\"https:\\\/\\\/jesuisuncuisinier.fr\\\/wp-content\\\/uploads\\\/2020\\\/12\\\/salade-de-pommes-de-terre-morue-et-orange.jpg\",\"contentUrl\":\"https:\\\/\\\/jesuisuncuisinier.fr\\\/wp-content\\\/uploads\\\/2020\\\/12\\\/salade-de-pommes-de-terre-morue-et-orange.jpg\",\"width\":1200,\"height\":797,\"caption\":\"Salade de pomme de terre, morue et orange\"},{\"@type\":\"BreadcrumbList\",\"@id\":\"https:\\\/\\\/jesuisuncuisinier.fr\\\/fr\\\/recette-de-salade-de-pommes-de-terre-a-lorange-et-morue-cuisine-andalouse\\\/#breadcrumb\",\"itemListElement\":[{\"@type\":\"ListItem\",\"position\":1,\"name\":\"Portada\",\"item\":\"https:\\\/\\\/jesuisuncuisinier.fr\\\/fr\\\/\"},{\"@type\":\"ListItem\",\"position\":2,\"name\":\"Recette de salade de pommes de terre \u00e0 l&rsquo;orange et morue. Cuisine andalouse\"}]},{\"@type\":\"WebSite\",\"@id\":\"https:\\\/\\\/jesuisuncuisinier.fr\\\/fr\\\/#website\",\"url\":\"https:\\\/\\\/jesuisuncuisinier.fr\\\/fr\\\/\",\"name\":\"Je suis un cuisinier - Recettes faciles\",\"description\":\"Recettes de cuisine faciles pour tous les jours. Cuisine fran\u00e7aise, espagnole et d&#039;ailleurs.\",\"publisher\":{\"@id\":\"https:\\\/\\\/jesuisuncuisinier.fr\\\/fr\\\/#\\\/schema\\\/person\\\/04d97b7b1ae2f60e14cd96fc10a341aa\"},\"potentialAction\":[{\"@type\":\"SearchAction\",\"target\":{\"@type\":\"EntryPoint\",\"urlTemplate\":\"https:\\\/\\\/jesuisuncuisinier.fr\\\/fr\\\/?s={search_term_string}\"},\"query-input\":{\"@type\":\"PropertyValueSpecification\",\"valueRequired\":true,\"valueName\":\"search_term_string\"}}],\"inLanguage\":\"fr-FR\"},{\"@type\":[\"Person\",\"Organization\"],\"@id\":\"https:\\\/\\\/jesuisuncuisinier.fr\\\/fr\\\/#\\\/schema\\\/person\\\/04d97b7b1ae2f60e14cd96fc10a341aa\",\"name\":\"Dami\u00e1n Serrano\",\"image\":{\"@type\":\"ImageObject\",\"inLanguage\":\"fr-FR\",\"@id\":\"https:\\\/\\\/jesuisuncuisinier.fr\\\/wp-content\\\/uploads\\\/2019\\\/11\\\/avatar.jpg\",\"url\":\"https:\\\/\\\/jesuisuncuisinier.fr\\\/wp-content\\\/uploads\\\/2019\\\/11\\\/avatar.jpg\",\"contentUrl\":\"https:\\\/\\\/jesuisuncuisinier.fr\\\/wp-content\\\/uploads\\\/2019\\\/11\\\/avatar.jpg\",\"width\":200,\"height\":200,\"caption\":\"Dami\u00e1n Serrano\"},\"logo\":{\"@id\":\"https:\\\/\\\/jesuisuncuisinier.fr\\\/wp-content\\\/uploads\\\/2019\\\/11\\\/avatar.jpg\"}},{\"@type\":\"Person\",\"@id\":\"https:\\\/\\\/jesuisuncuisinier.fr\\\/fr\\\/#\\\/schema\\\/person\\\/c2da7696f2784cce34698e48f989cb2a\",\"name\":\"Dami\u00e1n\",\"sameAs\":[\"http:\\\/\\\/jesuisuncuisinier.fr\",\"https:\\\/\\\/x.com\\\/unptitcuisinier\"]}]}<\/script>\n<!-- \/ Yoast SEO plugin. -->","yoast_head_json":{"title":"Recette de salade de pommes de terre \u00e0 l'orange et morue. Cuisine andalouse","description":"Comment faire une salade de pommes de terre, orange et morue. Recette facile Apprenez \u00e0 pr\u00e9parer cette salade traditionnelle de la cuisine andalouse.","robots":{"index":"index","follow":"follow","max-snippet":"max-snippet:-1","max-image-preview":"max-image-preview:large","max-video-preview":"max-video-preview:-1"},"canonical":"https:\/\/jesuisuncuisinier.fr\/fr\/recette-de-salade-de-pommes-de-terre-a-lorange-et-morue-cuisine-andalouse\/","og_locale":"fr_FR","og_type":"article","og_title":"Recette de salade de pommes de terre \u00e0 l'orange et morue. Cuisine andalouse","og_description":"Comment faire une salade de pommes de terre, orange et morue. Recette facile Apprenez \u00e0 pr\u00e9parer cette salade traditionnelle de la cuisine andalouse.","og_url":"https:\/\/jesuisuncuisinier.fr\/fr\/recette-de-salade-de-pommes-de-terre-a-lorange-et-morue-cuisine-andalouse\/","og_site_name":"Je suis un cuisinier - Recettes faciles","article_published_time":"2020-12-22T10:05:28+00:00","article_modified_time":"2020-12-22T11:06:38+00:00","og_image":[{"width":1200,"height":797,"url":"https:\/\/jesuisuncuisinier.fr\/wp-content\/uploads\/2020\/12\/salade-de-pommes-de-terre-morue-et-orange.jpg","type":"image\/jpeg"}],"author":"Dami\u00e1n","twitter_card":"summary_large_image","twitter_creator":"@unptitcuisinier","twitter_site":"@unptitcuisinier","twitter_misc":{"\u00c9crit par":"Dami\u00e1n","Dur\u00e9e de lecture estim\u00e9e":"4 minutes"},"schema":{"@context":"https:\/\/schema.org","@graph":[{"@type":"Article","@id":"https:\/\/jesuisuncuisinier.fr\/fr\/recette-de-salade-de-pommes-de-terre-a-lorange-et-morue-cuisine-andalouse\/#article","isPartOf":{"@id":"https:\/\/jesuisuncuisinier.fr\/fr\/recette-de-salade-de-pommes-de-terre-a-lorange-et-morue-cuisine-andalouse\/"},"author":{"name":"Dami\u00e1n","@id":"https:\/\/jesuisuncuisinier.fr\/fr\/#\/schema\/person\/c2da7696f2784cce34698e48f989cb2a"},"headline":"Recette de salade de pommes de terre \u00e0 l&rsquo;orange et morue. Cuisine andalouse","datePublished":"2020-12-22T10:05:28+00:00","dateModified":"2020-12-22T11:06:38+00:00","mainEntityOfPage":{"@id":"https:\/\/jesuisuncuisinier.fr\/fr\/recette-de-salade-de-pommes-de-terre-a-lorange-et-morue-cuisine-andalouse\/"},"wordCount":915,"commentCount":0,"publisher":{"@id":"https:\/\/jesuisuncuisinier.fr\/fr\/#\/schema\/person\/04d97b7b1ae2f60e14cd96fc10a341aa"},"image":{"@id":"https:\/\/jesuisuncuisinier.fr\/fr\/recette-de-salade-de-pommes-de-terre-a-lorange-et-morue-cuisine-andalouse\/#primaryimage"},"thumbnailUrl":"https:\/\/jesuisuncuisinier.fr\/wp-content\/uploads\/2020\/12\/salade-de-pommes-de-terre-morue-et-orange.jpg","keywords":["pommes de terre","orange","morue"],"articleSection":["Cuisine espagnole","recette","Salades"],"inLanguage":"fr-FR","potentialAction":[{"@type":"CommentAction","name":"Comment","target":["https:\/\/jesuisuncuisinier.fr\/fr\/recette-de-salade-de-pommes-de-terre-a-lorange-et-morue-cuisine-andalouse\/#respond"]}]},{"@type":"WebPage","@id":"https:\/\/jesuisuncuisinier.fr\/fr\/recette-de-salade-de-pommes-de-terre-a-lorange-et-morue-cuisine-andalouse\/","url":"https:\/\/jesuisuncuisinier.fr\/fr\/recette-de-salade-de-pommes-de-terre-a-lorange-et-morue-cuisine-andalouse\/","name":"Recette de salade de pommes de terre \u00e0 l'orange et morue. Cuisine andalouse","isPartOf":{"@id":"https:\/\/jesuisuncuisinier.fr\/fr\/#website"},"primaryImageOfPage":{"@id":"https:\/\/jesuisuncuisinier.fr\/fr\/recette-de-salade-de-pommes-de-terre-a-lorange-et-morue-cuisine-andalouse\/#primaryimage"},"image":{"@id":"https:\/\/jesuisuncuisinier.fr\/fr\/recette-de-salade-de-pommes-de-terre-a-lorange-et-morue-cuisine-andalouse\/#primaryimage"},"thumbnailUrl":"https:\/\/jesuisuncuisinier.fr\/wp-content\/uploads\/2020\/12\/salade-de-pommes-de-terre-morue-et-orange.jpg","datePublished":"2020-12-22T10:05:28+00:00","dateModified":"2020-12-22T11:06:38+00:00","description":"Comment faire une salade de pommes de terre, orange et morue. Recette facile Apprenez \u00e0 pr\u00e9parer cette salade traditionnelle de la cuisine andalouse.","breadcrumb":{"@id":"https:\/\/jesuisuncuisinier.fr\/fr\/recette-de-salade-de-pommes-de-terre-a-lorange-et-morue-cuisine-andalouse\/#breadcrumb"},"inLanguage":"fr-FR","potentialAction":[{"@type":"ReadAction","target":["https:\/\/jesuisuncuisinier.fr\/fr\/recette-de-salade-de-pommes-de-terre-a-lorange-et-morue-cuisine-andalouse\/"]}]},{"@type":"ImageObject","inLanguage":"fr-FR","@id":"https:\/\/jesuisuncuisinier.fr\/fr\/recette-de-salade-de-pommes-de-terre-a-lorange-et-morue-cuisine-andalouse\/#primaryimage","url":"https:\/\/jesuisuncuisinier.fr\/wp-content\/uploads\/2020\/12\/salade-de-pommes-de-terre-morue-et-orange.jpg","contentUrl":"https:\/\/jesuisuncuisinier.fr\/wp-content\/uploads\/2020\/12\/salade-de-pommes-de-terre-morue-et-orange.jpg","width":1200,"height":797,"caption":"Salade de pomme de terre, morue et orange"},{"@type":"BreadcrumbList","@id":"https:\/\/jesuisuncuisinier.fr\/fr\/recette-de-salade-de-pommes-de-terre-a-lorange-et-morue-cuisine-andalouse\/#breadcrumb","itemListElement":[{"@type":"ListItem","position":1,"name":"Portada","item":"https:\/\/jesuisuncuisinier.fr\/fr\/"},{"@type":"ListItem","position":2,"name":"Recette de salade de pommes de terre \u00e0 l&rsquo;orange et morue. Cuisine andalouse"}]},{"@type":"WebSite","@id":"https:\/\/jesuisuncuisinier.fr\/fr\/#website","url":"https:\/\/jesuisuncuisinier.fr\/fr\/","name":"Je suis un cuisinier - Recettes faciles","description":"Recettes de cuisine faciles pour tous les jours. Cuisine fran\u00e7aise, espagnole et d&#039;ailleurs.","publisher":{"@id":"https:\/\/jesuisuncuisinier.fr\/fr\/#\/schema\/person\/04d97b7b1ae2f60e14cd96fc10a341aa"},"potentialAction":[{"@type":"SearchAction","target":{"@type":"EntryPoint","urlTemplate":"https:\/\/jesuisuncuisinier.fr\/fr\/?s={search_term_string}"},"query-input":{"@type":"PropertyValueSpecification","valueRequired":true,"valueName":"search_term_string"}}],"inLanguage":"fr-FR"},{"@type":["Person","Organization"],"@id":"https:\/\/jesuisuncuisinier.fr\/fr\/#\/schema\/person\/04d97b7b1ae2f60e14cd96fc10a341aa","name":"Dami\u00e1n Serrano","image":{"@type":"ImageObject","inLanguage":"fr-FR","@id":"https:\/\/jesuisuncuisinier.fr\/wp-content\/uploads\/2019\/11\/avatar.jpg","url":"https:\/\/jesuisuncuisinier.fr\/wp-content\/uploads\/2019\/11\/avatar.jpg","contentUrl":"https:\/\/jesuisuncuisinier.fr\/wp-content\/uploads\/2019\/11\/avatar.jpg","width":200,"height":200,"caption":"Dami\u00e1n Serrano"},"logo":{"@id":"https:\/\/jesuisuncuisinier.fr\/wp-content\/uploads\/2019\/11\/avatar.jpg"}},{"@type":"Person","@id":"https:\/\/jesuisuncuisinier.fr\/fr\/#\/schema\/person\/c2da7696f2784cce34698e48f989cb2a","name":"Dami\u00e1n","sameAs":["http:\/\/jesuisuncuisinier.fr","https:\/\/x.com\/unptitcuisinier"]}]}},"amp_enabled":true,"_links":{"self":[{"href":"https:\/\/jesuisuncuisinier.fr\/fr\/wp-json\/wp\/v2\/posts\/12685","targetHints":{"allow":["GET"]}}],"collection":[{"href":"https:\/\/jesuisuncuisinier.fr\/fr\/wp-json\/wp\/v2\/posts"}],"about":[{"href":"https:\/\/jesuisuncuisinier.fr\/fr\/wp-json\/wp\/v2\/types\/post"}],"author":[{"embeddable":true,"href":"https:\/\/jesuisuncuisinier.fr\/fr\/wp-json\/wp\/v2\/users\/1"}],"replies":[{"embeddable":true,"href":"https:\/\/jesuisuncuisinier.fr\/fr\/wp-json\/wp\/v2\/comments?post=12685"}],"version-history":[{"count":0,"href":"https:\/\/jesuisuncuisinier.fr\/fr\/wp-json\/wp\/v2\/posts\/12685\/revisions"}],"wp:featuredmedia":[{"embeddable":true,"href":"https:\/\/jesuisuncuisinier.fr\/fr\/wp-json\/wp\/v2\/media\/12689"}],"wp:attachment":[{"href":"https:\/\/jesuisuncuisinier.fr\/fr\/wp-json\/wp\/v2\/media?parent=12685"}],"wp:term":[{"taxonomy":"category","embeddable":true,"href":"https:\/\/jesuisuncuisinier.fr\/fr\/wp-json\/wp\/v2\/categories?post=12685"},{"taxonomy":"post_tag","embeddable":true,"href":"https:\/\/jesuisuncuisinier.fr\/fr\/wp-json\/wp\/v2\/tags?post=12685"}],"curies":[{"name":"wp","href":"https:\/\/api.w.org\/{rel}","templated":true}]}}