{"id":12602,"date":"2020-12-15T11:31:21","date_gmt":"2020-12-15T10:31:21","guid":{"rendered":"https:\/\/jesuisuncuisinier.fr\/fr\/?p=12602"},"modified":"2020-12-15T11:32:38","modified_gmt":"2020-12-15T10:32:38","slug":"paella-a-la-dinde-et-aux-legumes","status":"publish","type":"post","link":"https:\/\/jesuisuncuisinier.fr\/fr\/paella-a-la-dinde-et-aux-legumes\/","title":{"rendered":"Recette de paella \u00e0 la dinde et aux l\u00e9gumes"},"content":{"rendered":"<\/p>\n<p>Bonjour\u2009! Mangez-vous assez de l\u00e9gumes\u2009? N&rsquo;oubliez pas d&rsquo;inclure beaucoup de <strong>l\u00e9gumes dans votre panier<\/strong>. De la carotte au brocoli, nous pouvons pr\u00e9parer de d\u00e9licieux plats, comme cette <strong>paella \u00e0 la dinde et aux l\u00e9gumes<\/strong>. C&rsquo;est parfait pour un bon repas.<\/p>\n<p><script async src=\"\/\/pagead2.googlesyndication.com\/pagead\/js\/adsbygoogle.js\"><\/script><ins class=\"adsbygoogle\"style=\"display:block\"data-ad-client=\"ca-pub-7750789452383743\"data-ad-slot=\"9252856116\"data-ad-format=\"auto\"><\/ins><script>(adsbygoogle = window.adsbygoogle || []).push({});<\/script><amp-ad width=\"100vw\" height=320 type=\"adsense\" data-ad-client=\"ca-pub-7750789452383743\" data-ad-slot=\"7340373828\" data-auto-format=\"rspv\" data-full-width><div overflow><\/div><\/amp-ad><div class=\"cleaner\" style=\"margin: 10px\"><\/div><\/p>\n<h2>Vous voulez savoir comment faire une paella \u00e0 la dinde et aux l\u00e9gumes ?<\/h2>\n<p>Pour pr\u00e9parer cette <strong>paella \u00e0 la dinde et aux l\u00e9gumes<\/strong>, nous commencerons par faire cuire la viande. Cela donnera une belle couleur \u00e0 l&rsquo;ext\u00e9rieur et un meilleur go\u00fbt.<\/p>\n<p>Les l\u00e9gumes que j&rsquo;ai choisis cette fois pour la <strong>paella \u00e0 la dinde<\/strong> sont principalement le poivron, la carotte et le brocoli, tant les fleurons que le tronc. N&rsquo;h\u00e9sitez pas \u00e0 varier et \u00e0 mettre ceux que vous pr\u00e9f\u00e9rez. \u00c0 la fin de la recette, je vous laisse quelques suggestions.<\/p>\n<p><img loading=\"lazy\" decoding=\"async\" src=\"https:\/\/jesuisuncuisinier.fr\/wp-content\/uploads\/2020\/12\/riz-pour-paella-a-la-dinde-et-legumes-scaled.jpg\" alt=\"Riz pour paella \u00e0 la dinde et aux l\u00e9gumes\" width=\"2560\" height=\"1440\" class=\"aligncenter size-full wp-image-12625\" srcset=\"https:\/\/jesuisuncuisinier.fr\/wp-content\/uploads\/2020\/12\/riz-pour-paella-a-la-dinde-et-legumes-scaled.jpg 2560w, https:\/\/jesuisuncuisinier.fr\/wp-content\/uploads\/2020\/12\/riz-pour-paella-a-la-dinde-et-legumes-768x432.jpg 768w, https:\/\/jesuisuncuisinier.fr\/wp-content\/uploads\/2020\/12\/riz-pour-paella-a-la-dinde-et-legumes-1536x864.jpg 1536w, https:\/\/jesuisuncuisinier.fr\/wp-content\/uploads\/2020\/12\/riz-pour-paella-a-la-dinde-et-legumes-2048x1152.jpg 2048w, https:\/\/jesuisuncuisinier.fr\/wp-content\/uploads\/2020\/12\/riz-pour-paella-a-la-dinde-et-legumes-320x180.jpg 320w\" sizes=\"auto, (max-width: 2560px) 100vw, 2560px\" \/><\/p>\n<p>Sur le blog, vous trouverez d&rsquo;autres d\u00e9licieuses <strong>recettes \u00e0 base de dinde<\/strong>. Vous pouvez pr\u00e9parer un d\u00e9licieux <a href=\"https:\/\/jesuisuncuisinier.fr\/fr\/recette-de-ragout-de-dinde-aux-pommes-de-terre-et-legumes\/\" target=\"_blank\" rel=\"noopener\"><strong>rago\u00fbt de dinde avec des pommes de terre et des l\u00e9gumes<\/strong><\/a> et une sauce pleine de saveur. Enfin, il faut mentionner la <a href=\"https:\/\/jesuisuncuisinier.fr\/fr\/blanquette-de-dinde\/\" target=\"_blank\" rel=\"noopener\"><strong>blanquette de dinde de grand-m\u00e8re<\/strong><\/a>, un plat mijot\u00e9 tr\u00e8s fran\u00e7ais \u00e0 la sauce blanche qui se pr\u00eate bien pour ce type de viande.<\/p>\n<p>\n<ins class=\"adsbygoogle\"style=\"display:block\"data-ad-client=\"ca-pub-7750789452383743\"data-ad-slot=\"4190110340\"data-ad-format=\"auto\"data-full-width-responsive=\"true\"><\/ins><script>(adsbygoogle = window.adsbygoogle || []).push({});<\/script> <amp-ad width=\"100vw\" height=320 type=\"adsense\" data-ad-client=\"ca-pub-7750789452383743\" data-ad-slot=\"4190110340\" data-auto-format=\"rspv\" data-full-width><div overflow><\/div><\/amp-ad><div class=\"cleaner\" style=\"margin: 10px\"><\/div><div itemscope itemtype=\"http:\/\/schema.org\/Recipe\">\n<div align=\"justify\" style=\"border-style:solid; border-width: 1px;padding: 10px 10px 10px 10px;\">\n<img loading=\"lazy\" decoding=\"async\" width=\"128\" height=\"85\" src=\"https:\/\/jesuisuncuisinier.fr\/wp-content\/uploads\/2020\/12\/paella-a-la-dinde-et-legumes.jpg\" class=\"attachment-thumbnail size-thumbnail wp-post-image\" alt=\"Paella \u00e0 la dinde et aux l\u00e9gumes\" style=\"float:left; padding: 10px 10px 10px 10px\" srcset=\"https:\/\/jesuisuncuisinier.fr\/wp-content\/uploads\/2020\/12\/paella-a-la-dinde-et-legumes.jpg 1200w, https:\/\/jesuisuncuisinier.fr\/wp-content\/uploads\/2020\/12\/paella-a-la-dinde-et-legumes-768x510.jpg 768w, https:\/\/jesuisuncuisinier.fr\/wp-content\/uploads\/2020\/12\/paella-a-la-dinde-et-legumes-320x213.jpg 320w, https:\/\/jesuisuncuisinier.fr\/wp-content\/uploads\/2020\/12\/paella-a-la-dinde-et-legumes-300x200.jpg 300w\" sizes=\"auto, (max-width: 128px) 100vw, 128px\" \/>\n<div itemprop=\"image\" itemscope itemtype=\"https:\/\/schema.org\/ImageObject\">\t\n<meta itemprop=\"url\" content=\"https:\/\/jesuisuncuisinier.fr\/wp-content\/uploads\/2020\/12\/paella-a-la-dinde-et-legumes.jpg\">\n<meta itemprop=\"width\" content=\"140\">\n<meta itemprop=\"height\" content=\"85\">\n<\/div>\n<a href=\"https:\/\/jesuisuncuisinier.fr\/fr\/paella-a-la-dinde-et-aux-legumes\/print\/\" rel=\"nofollow\" title=\"Imprimer\"><img decoding=\"async\" src=\"https:\/\/jesuisuncuisinier.fr\/wp-content\/plugins\/wp-print\/images\/printer_famfamfam.gif\" align=\"right\" alt=\"Imprimir\"><\/a>\n<h2 itemprop=\"name\" style=\"padding: 10px 10px 0px 10px\">Recette de paella \u00e0 la dinde et aux l\u00e9gumes<\/h2>\n<span id=\"post-ratings-12602\" class=\"post-ratings\" data-nonce=\"22c7ff0ee8\"><div align=\"center\">Votez pour cette !<\/div>\r\n<div align=\"center\"><img decoding=\"async\" id=\"rating_12602_1\" src=\"https:\/\/jesuisuncuisinier.fr\/wp-content\/plugins\/wp-postratings\/images\/stars_crystal\/rating_on.gif\" alt=\"1 Star\" title=\"1 Star\" onmouseover=\"current_rating(12602, 1, '1 Star');\" onmouseout=\"ratings_off(5, 0, 0);\" onclick=\"rate_post();\" onkeypress=\"rate_post();\" style=\"cursor: pointer; border: 0px;\" \/><img decoding=\"async\" id=\"rating_12602_2\" src=\"https:\/\/jesuisuncuisinier.fr\/wp-content\/plugins\/wp-postratings\/images\/stars_crystal\/rating_on.gif\" alt=\"2 Stars\" title=\"2 Stars\" onmouseover=\"current_rating(12602, 2, '2 Stars');\" onmouseout=\"ratings_off(5, 0, 0);\" onclick=\"rate_post();\" onkeypress=\"rate_post();\" style=\"cursor: pointer; border: 0px;\" \/><img decoding=\"async\" id=\"rating_12602_3\" src=\"https:\/\/jesuisuncuisinier.fr\/wp-content\/plugins\/wp-postratings\/images\/stars_crystal\/rating_on.gif\" alt=\"3 Stars\" title=\"3 Stars\" onmouseover=\"current_rating(12602, 3, '3 Stars');\" onmouseout=\"ratings_off(5, 0, 0);\" onclick=\"rate_post();\" onkeypress=\"rate_post();\" style=\"cursor: pointer; border: 0px;\" \/><img decoding=\"async\" id=\"rating_12602_4\" src=\"https:\/\/jesuisuncuisinier.fr\/wp-content\/plugins\/wp-postratings\/images\/stars_crystal\/rating_on.gif\" alt=\"4 Stars\" title=\"4 Stars\" onmouseover=\"current_rating(12602, 4, '4 Stars');\" onmouseout=\"ratings_off(5, 0, 0);\" onclick=\"rate_post();\" onkeypress=\"rate_post();\" style=\"cursor: pointer; border: 0px;\" \/><img decoding=\"async\" id=\"rating_12602_5\" src=\"https:\/\/jesuisuncuisinier.fr\/wp-content\/plugins\/wp-postratings\/images\/stars_crystal\/rating_on.gif\" alt=\"5 Stars\" title=\"5 Stars\" onmouseover=\"current_rating(12602, 5, '5 Stars');\" onmouseout=\"ratings_off(5, 0, 0);\" onclick=\"rate_post();\" onkeypress=\"rate_post();\" style=\"cursor: pointer; border: 0px;\" \/><\/div>\r\n<div align=\"center\">Note: 5,00 \/ 5. Votes: 1<\/div><\/span><span id=\"post-ratings-12602-loading\" class=\"post-ratings-loading\"><img loading=\"lazy\" decoding=\"async\" src=\"https:\/\/jesuisuncuisinier.fr\/wp-content\/plugins\/wp-postratings\/images\/loading.gif\" width=\"16\" height=\"16\" class=\"post-ratings-image\" \/>Loading...<\/span><div><\/br><span itemprop=\"author\" itemscope itemtype=\"http:\/\/schema.org\/Person\">   <span itemprop=\"name\" content=\"Damian Serrano\"><\/span> <\/span>\n<b>Personnes:<\/b> <span itemprop=\"recipeYield\">4<\/span>   <b>Temps:<\/b> <time itemprop=\"totalTime\" datetime=PT45M>45 m<\/time>   <b>Difficult\u00e9:<\/b> Facile<\/div><div class=\"cleaner\" style=\"margin: 10px\"><\/div><time itemprop=\"dateModified\" datetime=\"2020-12-15\"><\/time> \n<span itemprop=\"description\" content=\"Comment faire une paella \u00e0 la dinde et aux l\u00e9gumes. Recette facile. Apprenez \u00e0 pr\u00e9parer ce d\u00e9licieux plat de riz. La dinde est excellente avec beaucoup de l\u00e9gumes.\" ><\/span>\n<span itemprop=\"recipeCuisine\" content=\"Unknown\" ><\/span>\n<span itemprop=\"recipeCategory\" content=\"Unknown\" ><\/span>\n<span itemprop=\"keywords\" content=\"Unknown\" ><\/span>\n<div class=\"note-wrapper\"><div class=\"note-top\"><\/div><div class=\"note-content\"><h3 style=\"padding-left: 10px; margin-bottom: 10px;\">Ingr\u00e9dients<\/h3>\n<ul>\n<li itemprop=\"recipeIngredient\">400 g de riz rond<\/li>\n<li itemprop=\"recipeIngredient\">500 g de dinde, coup\u00e9e en morceaux<\/li>\n<li itemprop=\"recipeIngredient\">250 g de brocolis en fleurons (les plus gros sont hach\u00e9s)<\/li>\n<li itemprop=\"recipeIngredient\">1 tronc de brocoli, pel\u00e9 et hach\u00e9<\/li>\n<li itemprop=\"recipeIngredient\">1 carotte, hach\u00e9e<\/li>\n<li itemprop=\"recipeIngredient\">1 poivron rouge, coup\u00e9 en petits morceaux<\/li>\n<li itemprop=\"recipeIngredient\">150 g de coulis de tomates<\/li>\n<li itemprop=\"recipeIngredient\">1 cuill\u00e8re \u00e0 caf\u00e9 de paprika doux<\/li>\n<li itemprop=\"recipeIngredient\">2 ou 3 gousses d&rsquo;ail hach\u00e9es<\/li>\n<li itemprop=\"recipeIngredient\">1 l de bouillon de poulet ou de l\u00e9gumes<\/li>\n<li itemprop=\"recipeIngredient\">5 cuill\u00e8res \u00e0 soupe d&rsquo;huile d&rsquo;olive extra vierge<\/li>\n<li itemprop=\"recipeIngredient\">6 ou 7 brins de safran.<\/li>\n<li itemprop=\"recipeIngredient\">Sel et poivre<\/li>\n<\/ul>\n<br \/><\/div><div class=\"note-bottom\"><\/div>\n<\/div> <!-- \/ #ingredients -->\n<div align=\"justify\" class=\"directions-wrapper\"><h3>\u00c9laboration<\/h3><div class=\"directions-content instructions\" >\n<\/p>\n<ol>\n<li itemprop=\"recipeInstructions\">Assaisonnez g\u00e9n\u00e9reusement la dinde.<\/li>\n<li itemprop=\"recipeInstructions\">Faites chauffer l&rsquo;huile dans une grande po\u00eale ou une po\u00eale \u00e0 paella. Lorsqu&rsquo;elle est chaude, faites dorer les morceaux de dinde pendant environ 5 minutes pour qu&rsquo;ils aient une jolie couleur dor\u00e9e de tous les c\u00f4t\u00e9s. R\u00e9server.<br \/>\n<img loading=\"lazy\" decoding=\"async\" src=\"https:\/\/jesuisuncuisinier.fr\/wp-content\/uploads\/2020\/12\/ingredients-paella-a-la-dinde-et-legumes.jpg\" alt=\"Ingr\u00e9dients pour paella \u00e0 la dinde et aux l\u00e9gumes\" width=\"300\" height=\"200\" class=\"wp-image-12628 alignnone\" srcset=\"https:\/\/jesuisuncuisinier.fr\/wp-content\/uploads\/2020\/12\/ingredients-paella-a-la-dinde-et-legumes.jpg 1200w, https:\/\/jesuisuncuisinier.fr\/wp-content\/uploads\/2020\/12\/ingredients-paella-a-la-dinde-et-legumes-768x512.jpg 768w, https:\/\/jesuisuncuisinier.fr\/wp-content\/uploads\/2020\/12\/ingredients-paella-a-la-dinde-et-legumes-320x213.jpg 320w, https:\/\/jesuisuncuisinier.fr\/wp-content\/uploads\/2020\/12\/ingredients-paella-a-la-dinde-et-legumes-300x200.jpg 300w\" sizes=\"auto, (max-width: 300px) 100vw, 300px\" \/><\/li>\n<li itemprop=\"recipeInstructions\">Dans la m\u00eame huile, faites revenir le poivron avec les morceaux de tronc de brocoli pendant environ 7 minutes.<\/li>\n<li itemprop=\"recipeInstructions\">Ajouter l&rsquo;ail hach\u00e9. M\u00e9langez, retirer du feu, laisser chauffer pendant une demi-minute et ajouter le paprika.<\/li>\n<li itemprop=\"recipeInstructions\">Remettre sur le feu, ajouter la tomate et faire cuire pendant 10 \u00e0 15 minutes \u00e0 feu moyen doux jusqu&rsquo;\u00e0 ce qu&rsquo;elle ait r\u00e9duit.<\/li>\n<li itemprop=\"recipeInstructions\">Saupoudrer le riz et faire revenir dans la po\u00eale pendant 2 \u00e0 3 minutes. Ajoutez ensuite les morceaux de brocoli et de dinde.<\/li>\n<li itemprop=\"recipeInstructions\">Mouiller avec du bouillon chaud. Faites dissoudre le safran dans un peu de bouillon et l&rsquo;ajouter.<\/li>\n<li itemprop=\"recipeInstructions\">Laisser cuire le riz pendant 10 minutes \u00e0 feu moyen fort, puis pendant 6 \u00e0 7 minutes \u00e0 feu moyen doux, jusqu&rsquo;\u00e0 ce que le riz soit juste au point souhait\u00e9.<\/li>\n<li itemprop=\"recipeInstructions\">Retirer du feu, couvrir avec un linge de cuisine propre. Laissez reposer pendant 5 minutes.<\/li>\n<li itemprop=\"recipeInstructions\">Voil\u00e0\u2009! C&rsquo;est tout\u2009! Servir imm\u00e9diatement. Bonne d\u00e9gustation\u2009!<\/li>\n<\/ol>\n<p><\/div><div class=\"cleaner\" style=\"padding-bottom: 10px;\">&nbsp;<\/div><\/div> <!-- \/# directions -->\n<script async src=\"https:\/\/pagead2.googlesyndication.com\/pagead\/js\/adsbygoogle.js\"><\/script><ins class=\"adsbygoogle\"style=\"display:block\"data-ad-client=\"ca-pub-7750789452383743\"data-ad-slot=\"3064891712\"data-ad-format=\"auto\"><\/ins><script async>(adsbygoogle = window.adsbygoogle || []).push({});<\/script> <amp-ad width=\"100vw\" height=320 type=\"adsense\" data-ad-client=\"ca-pub-7750789452383743\" data-ad-slot=\"1189241592\" data-auto-format=\"rspv\" data-full-width><div overflow><\/div><\/amp-ad><div align=\"justify\" class=\"hints-wrapper\" ><h3>Conseils et astuces<\/h3><div class=\"hints-content hints\"><\/p>\n<ul>\n<li>Vous pouvez changer ou <strong>ajouter d&rsquo;autres l\u00e9gumes de saison<\/strong>. Par exemple, ajoutez du chou-fleur ou du potiron au riz en hiver. En \u00e9t\u00e9, il est bon d&rsquo;ajouter des courgettes \u00e0 la place des brocolis ou m\u00eame des haricots verts.<\/li>\n<\/ul>\n<p><\/div><\/div> <!-- \/# hints --><\/div><div class=\"cleaner\" style=\"padding-bottom: 10px;\">&nbsp;<\/div><\/div><!-- \/ #recipe --> \n<\/p>\n<p><img loading=\"lazy\" decoding=\"async\" src=\"https:\/\/jesuisuncuisinier.fr\/wp-content\/uploads\/2020\/12\/legumes-pour-paella-a-la-dinde-et-legumes.jpg\" alt=\"L\u00e9gumes pour paella \u00e0 la dinde et aux l\u00e9gumes\" width=\"1280\" height=\"853\" class=\"aligncenter size-full wp-image-12627\" srcset=\"https:\/\/jesuisuncuisinier.fr\/wp-content\/uploads\/2020\/12\/legumes-pour-paella-a-la-dinde-et-legumes.jpg 1280w, https:\/\/jesuisuncuisinier.fr\/wp-content\/uploads\/2020\/12\/legumes-pour-paella-a-la-dinde-et-legumes-768x512.jpg 768w, https:\/\/jesuisuncuisinier.fr\/wp-content\/uploads\/2020\/12\/legumes-pour-paella-a-la-dinde-et-legumes-320x213.jpg 320w, https:\/\/jesuisuncuisinier.fr\/wp-content\/uploads\/2020\/12\/legumes-pour-paella-a-la-dinde-et-legumes-300x200.jpg 300w\" sizes=\"auto, (max-width: 1280px) 100vw, 1280px\" \/><\/p>\n<h3>Maintenant, vous savez comment faire une paella \u00e0 la dinde et aux l\u00e9gumes<\/h3>\n<p>Vous avez aim\u00e9 la recette\u2009? J&rsquo;esp\u00e8re que vous oserez la faire. Vous verrez \u00e0 quel point <strong>la dinde est bonne dans le riz<\/strong>.<\/p>\n<p>Votre avis m&rsquo;int\u00e9resse beaucoup. N&rsquo;h\u00e9sitez pas \u00e0 vous arr\u00eater dans la <a href=\"#comments\"><strong>section des commentaires<\/strong><\/a> et \u00e0 me laisser un message. Vous pouvez \u00e9galement profiter de l&rsquo;occasion pour me faire part de vos suggestions pour ce plat ou pour me demander tout ce dont vous avez besoin pour r\u00e9aliser la recette. Je suis l\u00e0 pour vous aider\u2009!<\/p>\n<p>Enfin, si vous \u00eates fan de <strong>recettes \u00e0 base de dinde<\/strong>, je vous encourage \u00e0 m&rsquo;accorder votre vote de confiance avec un \u00ab\u00a0J&rsquo;aime\u00a0\u00bb et en partageant cette d\u00e9licieuse <strong>paella \u00e0 la dinde et aux l\u00e9gumes<\/strong> sur vos r\u00e9seaux sociaux. Un petit geste de votre part qui m&rsquo;aide beaucoup et me motive \u00e0 continuer \u00e0 vous apporter des recettes savoureuses.<\/p>\n\n<p>\u00c0 bient\u00f4t\u2009!<\/p>\n<p><\/p>\n","protected":false},"excerpt":{"rendered":"<p>Comment faire une paella \u00e0 la dinde et aux l\u00e9gumes. Recette facile. Apprenez \u00e0 pr\u00e9parer ce d\u00e9licieux plat de riz. La dinde est excellente avec beaucoup de l\u00e9gumes.<\/p>\n","protected":false},"author":1,"featured_media":12626,"comment_status":"open","ping_status":"closed","sticky":false,"template":"","format":"standard","meta":{"_yoast_wpseo_focuskw":"paella \u00e0 la dinde","_yoast_wpseo_metadesc":"Comment faire une paella \u00e0 la dinde et aux l\u00e9gumes. Recette facile. Apprenez \u00e0 pr\u00e9parer ce d\u00e9licieux plat de riz. C'est d\u00e9licieux !","footnotes":""},"categories":[841,20,842],"tags":[993,918,1055],"class_list":["post-12602","post","type-post","status-publish","format-standard","has-post-thumbnail","hentry","category-riz-et-pates","category-recette","category-viande-et-volaille","tag-paella","tag-legumes","tag-dinde"],"yoast_head":"<!-- This site is optimized with the Yoast SEO plugin v27.5 - https:\/\/yoast.com\/product\/yoast-seo-wordpress\/ -->\n<title>Recette de paella \u00e0 la dinde et aux l\u00e9gumes<\/title>\n<meta name=\"description\" content=\"Comment faire une paella \u00e0 la dinde et aux l\u00e9gumes. Recette facile. Apprenez \u00e0 pr\u00e9parer ce d\u00e9licieux plat de riz. C&#039;est d\u00e9licieux !\" \/>\n<meta name=\"robots\" content=\"index, follow, max-snippet:-1, max-image-preview:large, max-video-preview:-1\" \/>\n<link rel=\"canonical\" href=\"https:\/\/jesuisuncuisinier.fr\/fr\/paella-a-la-dinde-et-aux-legumes\/\" \/>\n<meta property=\"og:locale\" content=\"fr_FR\" \/>\n<meta property=\"og:type\" content=\"article\" \/>\n<meta property=\"og:title\" content=\"Recette de paella \u00e0 la dinde et aux l\u00e9gumes\" \/>\n<meta property=\"og:description\" content=\"Comment faire une paella \u00e0 la dinde et aux l\u00e9gumes. Recette facile. Apprenez \u00e0 pr\u00e9parer ce d\u00e9licieux plat de riz. C&#039;est d\u00e9licieux !\" \/>\n<meta property=\"og:url\" content=\"https:\/\/jesuisuncuisinier.fr\/fr\/paella-a-la-dinde-et-aux-legumes\/\" \/>\n<meta property=\"og:site_name\" content=\"Je suis un cuisinier - Recettes faciles\" \/>\n<meta property=\"article:published_time\" content=\"2020-12-15T10:31:21+00:00\" \/>\n<meta property=\"article:modified_time\" content=\"2020-12-15T10:32:38+00:00\" \/>\n<meta property=\"og:image\" content=\"https:\/\/jesuisuncuisinier.fr\/wp-content\/uploads\/2020\/12\/paella-a-la-dinde-et-legumes.jpg\" \/>\n\t<meta property=\"og:image:width\" content=\"1200\" \/>\n\t<meta property=\"og:image:height\" content=\"797\" \/>\n\t<meta property=\"og:image:type\" content=\"image\/jpeg\" \/>\n<meta name=\"author\" content=\"Dami\u00e1n\" \/>\n<meta name=\"twitter:card\" content=\"summary_large_image\" \/>\n<meta name=\"twitter:creator\" content=\"@unptitcuisinier\" \/>\n<meta name=\"twitter:site\" content=\"@unptitcuisinier\" \/>\n<meta name=\"twitter:label1\" content=\"\u00c9crit par\" \/>\n\t<meta name=\"twitter:data1\" content=\"Dami\u00e1n\" \/>\n\t<meta name=\"twitter:label2\" content=\"Dur\u00e9e de lecture estim\u00e9e\" \/>\n\t<meta name=\"twitter:data2\" content=\"3 minutes\" \/>\n<script type=\"application\/ld+json\" class=\"yoast-schema-graph\">{\"@context\":\"https:\\\/\\\/schema.org\",\"@graph\":[{\"@type\":\"Article\",\"@id\":\"https:\\\/\\\/jesuisuncuisinier.fr\\\/fr\\\/paella-a-la-dinde-et-aux-legumes\\\/#article\",\"isPartOf\":{\"@id\":\"https:\\\/\\\/jesuisuncuisinier.fr\\\/fr\\\/paella-a-la-dinde-et-aux-legumes\\\/\"},\"author\":{\"name\":\"Dami\u00e1n\",\"@id\":\"https:\\\/\\\/jesuisuncuisinier.fr\\\/fr\\\/#\\\/schema\\\/person\\\/c2da7696f2784cce34698e48f989cb2a\"},\"headline\":\"Recette de paella \u00e0 la dinde et aux l\u00e9gumes\",\"datePublished\":\"2020-12-15T10:31:21+00:00\",\"dateModified\":\"2020-12-15T10:32:38+00:00\",\"mainEntityOfPage\":{\"@id\":\"https:\\\/\\\/jesuisuncuisinier.fr\\\/fr\\\/paella-a-la-dinde-et-aux-legumes\\\/\"},\"wordCount\":721,\"commentCount\":1,\"publisher\":{\"@id\":\"https:\\\/\\\/jesuisuncuisinier.fr\\\/fr\\\/#\\\/schema\\\/person\\\/04d97b7b1ae2f60e14cd96fc10a341aa\"},\"image\":{\"@id\":\"https:\\\/\\\/jesuisuncuisinier.fr\\\/fr\\\/paella-a-la-dinde-et-aux-legumes\\\/#primaryimage\"},\"thumbnailUrl\":\"https:\\\/\\\/jesuisuncuisinier.fr\\\/wp-content\\\/uploads\\\/2020\\\/12\\\/paella-a-la-dinde-et-legumes.jpg\",\"keywords\":[\"paella\",\"l\u00e9gumes\",\"dinde\"],\"articleSection\":[\"Riz et P\u00e2tes\",\"recette\",\"Viande et Volaille\"],\"inLanguage\":\"fr-FR\",\"potentialAction\":[{\"@type\":\"CommentAction\",\"name\":\"Comment\",\"target\":[\"https:\\\/\\\/jesuisuncuisinier.fr\\\/fr\\\/paella-a-la-dinde-et-aux-legumes\\\/#respond\"]}]},{\"@type\":\"WebPage\",\"@id\":\"https:\\\/\\\/jesuisuncuisinier.fr\\\/fr\\\/paella-a-la-dinde-et-aux-legumes\\\/\",\"url\":\"https:\\\/\\\/jesuisuncuisinier.fr\\\/fr\\\/paella-a-la-dinde-et-aux-legumes\\\/\",\"name\":\"Recette de paella \u00e0 la dinde et aux l\u00e9gumes\",\"isPartOf\":{\"@id\":\"https:\\\/\\\/jesuisuncuisinier.fr\\\/fr\\\/#website\"},\"primaryImageOfPage\":{\"@id\":\"https:\\\/\\\/jesuisuncuisinier.fr\\\/fr\\\/paella-a-la-dinde-et-aux-legumes\\\/#primaryimage\"},\"image\":{\"@id\":\"https:\\\/\\\/jesuisuncuisinier.fr\\\/fr\\\/paella-a-la-dinde-et-aux-legumes\\\/#primaryimage\"},\"thumbnailUrl\":\"https:\\\/\\\/jesuisuncuisinier.fr\\\/wp-content\\\/uploads\\\/2020\\\/12\\\/paella-a-la-dinde-et-legumes.jpg\",\"datePublished\":\"2020-12-15T10:31:21+00:00\",\"dateModified\":\"2020-12-15T10:32:38+00:00\",\"description\":\"Comment faire une paella \u00e0 la dinde et aux l\u00e9gumes. Recette facile. Apprenez \u00e0 pr\u00e9parer ce d\u00e9licieux plat de riz. C'est d\u00e9licieux !\",\"breadcrumb\":{\"@id\":\"https:\\\/\\\/jesuisuncuisinier.fr\\\/fr\\\/paella-a-la-dinde-et-aux-legumes\\\/#breadcrumb\"},\"inLanguage\":\"fr-FR\",\"potentialAction\":[{\"@type\":\"ReadAction\",\"target\":[\"https:\\\/\\\/jesuisuncuisinier.fr\\\/fr\\\/paella-a-la-dinde-et-aux-legumes\\\/\"]}]},{\"@type\":\"ImageObject\",\"inLanguage\":\"fr-FR\",\"@id\":\"https:\\\/\\\/jesuisuncuisinier.fr\\\/fr\\\/paella-a-la-dinde-et-aux-legumes\\\/#primaryimage\",\"url\":\"https:\\\/\\\/jesuisuncuisinier.fr\\\/wp-content\\\/uploads\\\/2020\\\/12\\\/paella-a-la-dinde-et-legumes.jpg\",\"contentUrl\":\"https:\\\/\\\/jesuisuncuisinier.fr\\\/wp-content\\\/uploads\\\/2020\\\/12\\\/paella-a-la-dinde-et-legumes.jpg\",\"width\":1200,\"height\":797,\"caption\":\"Paella \u00e0 la dinde et aux l\u00e9gumes\"},{\"@type\":\"BreadcrumbList\",\"@id\":\"https:\\\/\\\/jesuisuncuisinier.fr\\\/fr\\\/paella-a-la-dinde-et-aux-legumes\\\/#breadcrumb\",\"itemListElement\":[{\"@type\":\"ListItem\",\"position\":1,\"name\":\"Portada\",\"item\":\"https:\\\/\\\/jesuisuncuisinier.fr\\\/fr\\\/\"},{\"@type\":\"ListItem\",\"position\":2,\"name\":\"Recette de paella \u00e0 la dinde et aux l\u00e9gumes\"}]},{\"@type\":\"WebSite\",\"@id\":\"https:\\\/\\\/jesuisuncuisinier.fr\\\/fr\\\/#website\",\"url\":\"https:\\\/\\\/jesuisuncuisinier.fr\\\/fr\\\/\",\"name\":\"Je suis un cuisinier - Recettes faciles\",\"description\":\"Recettes de cuisine faciles pour tous les jours. Cuisine fran\u00e7aise, espagnole et d&#039;ailleurs.\",\"publisher\":{\"@id\":\"https:\\\/\\\/jesuisuncuisinier.fr\\\/fr\\\/#\\\/schema\\\/person\\\/04d97b7b1ae2f60e14cd96fc10a341aa\"},\"potentialAction\":[{\"@type\":\"SearchAction\",\"target\":{\"@type\":\"EntryPoint\",\"urlTemplate\":\"https:\\\/\\\/jesuisuncuisinier.fr\\\/fr\\\/?s={search_term_string}\"},\"query-input\":{\"@type\":\"PropertyValueSpecification\",\"valueRequired\":true,\"valueName\":\"search_term_string\"}}],\"inLanguage\":\"fr-FR\"},{\"@type\":[\"Person\",\"Organization\"],\"@id\":\"https:\\\/\\\/jesuisuncuisinier.fr\\\/fr\\\/#\\\/schema\\\/person\\\/04d97b7b1ae2f60e14cd96fc10a341aa\",\"name\":\"Dami\u00e1n Serrano\",\"image\":{\"@type\":\"ImageObject\",\"inLanguage\":\"fr-FR\",\"@id\":\"https:\\\/\\\/jesuisuncuisinier.fr\\\/wp-content\\\/uploads\\\/2019\\\/11\\\/avatar.jpg\",\"url\":\"https:\\\/\\\/jesuisuncuisinier.fr\\\/wp-content\\\/uploads\\\/2019\\\/11\\\/avatar.jpg\",\"contentUrl\":\"https:\\\/\\\/jesuisuncuisinier.fr\\\/wp-content\\\/uploads\\\/2019\\\/11\\\/avatar.jpg\",\"width\":200,\"height\":200,\"caption\":\"Dami\u00e1n Serrano\"},\"logo\":{\"@id\":\"https:\\\/\\\/jesuisuncuisinier.fr\\\/wp-content\\\/uploads\\\/2019\\\/11\\\/avatar.jpg\"}},{\"@type\":\"Person\",\"@id\":\"https:\\\/\\\/jesuisuncuisinier.fr\\\/fr\\\/#\\\/schema\\\/person\\\/c2da7696f2784cce34698e48f989cb2a\",\"name\":\"Dami\u00e1n\",\"sameAs\":[\"http:\\\/\\\/jesuisuncuisinier.fr\",\"https:\\\/\\\/x.com\\\/unptitcuisinier\"]}]}<\/script>\n<!-- \/ Yoast SEO plugin. -->","yoast_head_json":{"title":"Recette de paella \u00e0 la dinde et aux l\u00e9gumes","description":"Comment faire une paella \u00e0 la dinde et aux l\u00e9gumes. Recette facile. Apprenez \u00e0 pr\u00e9parer ce d\u00e9licieux plat de riz. C'est d\u00e9licieux !","robots":{"index":"index","follow":"follow","max-snippet":"max-snippet:-1","max-image-preview":"max-image-preview:large","max-video-preview":"max-video-preview:-1"},"canonical":"https:\/\/jesuisuncuisinier.fr\/fr\/paella-a-la-dinde-et-aux-legumes\/","og_locale":"fr_FR","og_type":"article","og_title":"Recette de paella \u00e0 la dinde et aux l\u00e9gumes","og_description":"Comment faire une paella \u00e0 la dinde et aux l\u00e9gumes. Recette facile. Apprenez \u00e0 pr\u00e9parer ce d\u00e9licieux plat de riz. C'est d\u00e9licieux !","og_url":"https:\/\/jesuisuncuisinier.fr\/fr\/paella-a-la-dinde-et-aux-legumes\/","og_site_name":"Je suis un cuisinier - Recettes faciles","article_published_time":"2020-12-15T10:31:21+00:00","article_modified_time":"2020-12-15T10:32:38+00:00","og_image":[{"width":1200,"height":797,"url":"https:\/\/jesuisuncuisinier.fr\/wp-content\/uploads\/2020\/12\/paella-a-la-dinde-et-legumes.jpg","type":"image\/jpeg"}],"author":"Dami\u00e1n","twitter_card":"summary_large_image","twitter_creator":"@unptitcuisinier","twitter_site":"@unptitcuisinier","twitter_misc":{"\u00c9crit par":"Dami\u00e1n","Dur\u00e9e de lecture estim\u00e9e":"3 minutes"},"schema":{"@context":"https:\/\/schema.org","@graph":[{"@type":"Article","@id":"https:\/\/jesuisuncuisinier.fr\/fr\/paella-a-la-dinde-et-aux-legumes\/#article","isPartOf":{"@id":"https:\/\/jesuisuncuisinier.fr\/fr\/paella-a-la-dinde-et-aux-legumes\/"},"author":{"name":"Dami\u00e1n","@id":"https:\/\/jesuisuncuisinier.fr\/fr\/#\/schema\/person\/c2da7696f2784cce34698e48f989cb2a"},"headline":"Recette de paella \u00e0 la dinde et aux l\u00e9gumes","datePublished":"2020-12-15T10:31:21+00:00","dateModified":"2020-12-15T10:32:38+00:00","mainEntityOfPage":{"@id":"https:\/\/jesuisuncuisinier.fr\/fr\/paella-a-la-dinde-et-aux-legumes\/"},"wordCount":721,"commentCount":1,"publisher":{"@id":"https:\/\/jesuisuncuisinier.fr\/fr\/#\/schema\/person\/04d97b7b1ae2f60e14cd96fc10a341aa"},"image":{"@id":"https:\/\/jesuisuncuisinier.fr\/fr\/paella-a-la-dinde-et-aux-legumes\/#primaryimage"},"thumbnailUrl":"https:\/\/jesuisuncuisinier.fr\/wp-content\/uploads\/2020\/12\/paella-a-la-dinde-et-legumes.jpg","keywords":["paella","l\u00e9gumes","dinde"],"articleSection":["Riz et P\u00e2tes","recette","Viande et Volaille"],"inLanguage":"fr-FR","potentialAction":[{"@type":"CommentAction","name":"Comment","target":["https:\/\/jesuisuncuisinier.fr\/fr\/paella-a-la-dinde-et-aux-legumes\/#respond"]}]},{"@type":"WebPage","@id":"https:\/\/jesuisuncuisinier.fr\/fr\/paella-a-la-dinde-et-aux-legumes\/","url":"https:\/\/jesuisuncuisinier.fr\/fr\/paella-a-la-dinde-et-aux-legumes\/","name":"Recette de paella \u00e0 la dinde et aux l\u00e9gumes","isPartOf":{"@id":"https:\/\/jesuisuncuisinier.fr\/fr\/#website"},"primaryImageOfPage":{"@id":"https:\/\/jesuisuncuisinier.fr\/fr\/paella-a-la-dinde-et-aux-legumes\/#primaryimage"},"image":{"@id":"https:\/\/jesuisuncuisinier.fr\/fr\/paella-a-la-dinde-et-aux-legumes\/#primaryimage"},"thumbnailUrl":"https:\/\/jesuisuncuisinier.fr\/wp-content\/uploads\/2020\/12\/paella-a-la-dinde-et-legumes.jpg","datePublished":"2020-12-15T10:31:21+00:00","dateModified":"2020-12-15T10:32:38+00:00","description":"Comment faire une paella \u00e0 la dinde et aux l\u00e9gumes. Recette facile. Apprenez \u00e0 pr\u00e9parer ce d\u00e9licieux plat de riz. C'est d\u00e9licieux !","breadcrumb":{"@id":"https:\/\/jesuisuncuisinier.fr\/fr\/paella-a-la-dinde-et-aux-legumes\/#breadcrumb"},"inLanguage":"fr-FR","potentialAction":[{"@type":"ReadAction","target":["https:\/\/jesuisuncuisinier.fr\/fr\/paella-a-la-dinde-et-aux-legumes\/"]}]},{"@type":"ImageObject","inLanguage":"fr-FR","@id":"https:\/\/jesuisuncuisinier.fr\/fr\/paella-a-la-dinde-et-aux-legumes\/#primaryimage","url":"https:\/\/jesuisuncuisinier.fr\/wp-content\/uploads\/2020\/12\/paella-a-la-dinde-et-legumes.jpg","contentUrl":"https:\/\/jesuisuncuisinier.fr\/wp-content\/uploads\/2020\/12\/paella-a-la-dinde-et-legumes.jpg","width":1200,"height":797,"caption":"Paella \u00e0 la dinde et aux l\u00e9gumes"},{"@type":"BreadcrumbList","@id":"https:\/\/jesuisuncuisinier.fr\/fr\/paella-a-la-dinde-et-aux-legumes\/#breadcrumb","itemListElement":[{"@type":"ListItem","position":1,"name":"Portada","item":"https:\/\/jesuisuncuisinier.fr\/fr\/"},{"@type":"ListItem","position":2,"name":"Recette de paella \u00e0 la dinde et aux l\u00e9gumes"}]},{"@type":"WebSite","@id":"https:\/\/jesuisuncuisinier.fr\/fr\/#website","url":"https:\/\/jesuisuncuisinier.fr\/fr\/","name":"Je suis un cuisinier - Recettes faciles","description":"Recettes de cuisine faciles pour tous les jours. Cuisine fran\u00e7aise, espagnole et d&#039;ailleurs.","publisher":{"@id":"https:\/\/jesuisuncuisinier.fr\/fr\/#\/schema\/person\/04d97b7b1ae2f60e14cd96fc10a341aa"},"potentialAction":[{"@type":"SearchAction","target":{"@type":"EntryPoint","urlTemplate":"https:\/\/jesuisuncuisinier.fr\/fr\/?s={search_term_string}"},"query-input":{"@type":"PropertyValueSpecification","valueRequired":true,"valueName":"search_term_string"}}],"inLanguage":"fr-FR"},{"@type":["Person","Organization"],"@id":"https:\/\/jesuisuncuisinier.fr\/fr\/#\/schema\/person\/04d97b7b1ae2f60e14cd96fc10a341aa","name":"Dami\u00e1n Serrano","image":{"@type":"ImageObject","inLanguage":"fr-FR","@id":"https:\/\/jesuisuncuisinier.fr\/wp-content\/uploads\/2019\/11\/avatar.jpg","url":"https:\/\/jesuisuncuisinier.fr\/wp-content\/uploads\/2019\/11\/avatar.jpg","contentUrl":"https:\/\/jesuisuncuisinier.fr\/wp-content\/uploads\/2019\/11\/avatar.jpg","width":200,"height":200,"caption":"Dami\u00e1n Serrano"},"logo":{"@id":"https:\/\/jesuisuncuisinier.fr\/wp-content\/uploads\/2019\/11\/avatar.jpg"}},{"@type":"Person","@id":"https:\/\/jesuisuncuisinier.fr\/fr\/#\/schema\/person\/c2da7696f2784cce34698e48f989cb2a","name":"Dami\u00e1n","sameAs":["http:\/\/jesuisuncuisinier.fr","https:\/\/x.com\/unptitcuisinier"]}]}},"amp_enabled":true,"_links":{"self":[{"href":"https:\/\/jesuisuncuisinier.fr\/fr\/wp-json\/wp\/v2\/posts\/12602","targetHints":{"allow":["GET"]}}],"collection":[{"href":"https:\/\/jesuisuncuisinier.fr\/fr\/wp-json\/wp\/v2\/posts"}],"about":[{"href":"https:\/\/jesuisuncuisinier.fr\/fr\/wp-json\/wp\/v2\/types\/post"}],"author":[{"embeddable":true,"href":"https:\/\/jesuisuncuisinier.fr\/fr\/wp-json\/wp\/v2\/users\/1"}],"replies":[{"embeddable":true,"href":"https:\/\/jesuisuncuisinier.fr\/fr\/wp-json\/wp\/v2\/comments?post=12602"}],"version-history":[{"count":0,"href":"https:\/\/jesuisuncuisinier.fr\/fr\/wp-json\/wp\/v2\/posts\/12602\/revisions"}],"wp:featuredmedia":[{"embeddable":true,"href":"https:\/\/jesuisuncuisinier.fr\/fr\/wp-json\/wp\/v2\/media\/12626"}],"wp:attachment":[{"href":"https:\/\/jesuisuncuisinier.fr\/fr\/wp-json\/wp\/v2\/media?parent=12602"}],"wp:term":[{"taxonomy":"category","embeddable":true,"href":"https:\/\/jesuisuncuisinier.fr\/fr\/wp-json\/wp\/v2\/categories?post=12602"},{"taxonomy":"post_tag","embeddable":true,"href":"https:\/\/jesuisuncuisinier.fr\/fr\/wp-json\/wp\/v2\/tags?post=12602"}],"curies":[{"name":"wp","href":"https:\/\/api.w.org\/{rel}","templated":true}]}}