{"id":12443,"date":"2020-12-01T11:46:09","date_gmt":"2020-12-01T10:46:09","guid":{"rendered":"https:\/\/jesuisuncuisinier.fr\/fr\/?p=12443"},"modified":"2020-12-01T11:55:05","modified_gmt":"2020-12-01T10:55:05","slug":"paella-aux-crevettes-et-aux-calamars-accompagnee-d-aioli","status":"publish","type":"post","link":"https:\/\/jesuisuncuisinier.fr\/fr\/paella-aux-crevettes-et-aux-calamars-accompagnee-d-aioli\/","title":{"rendered":"Recette de paella aux crevettes et aux calamars, accompagn\u00e9e d&rsquo;a\u00efoli"},"content":{"rendered":"<\/p>\n<p>Bonjour\u2009! Comment allez-vous\u2009? Pour \u00e9gayer votre journ\u00e9e, voici un peu de r\u00e9confort pour le palais. Cette <strong>paella aux crevettes et aux calamars<\/strong> est scandaleusement bonne.<\/p>\n<p><script async src=\"\/\/pagead2.googlesyndication.com\/pagead\/js\/adsbygoogle.js\"><\/script><ins class=\"adsbygoogle\"style=\"display:block\"data-ad-client=\"ca-pub-7750789452383743\"data-ad-slot=\"9252856116\"data-ad-format=\"auto\"><\/ins><script>(adsbygoogle = window.adsbygoogle || []).push({});<\/script><amp-ad width=\"100vw\" height=320 type=\"adsense\" data-ad-client=\"ca-pub-7750789452383743\" data-ad-slot=\"7340373828\" data-auto-format=\"rspv\" data-full-width><div overflow><\/div><\/amp-ad><div class=\"cleaner\" style=\"margin: 10px\"><\/div><\/p>\n<h2>Vous voulez savoir comment faire une paella aux crevettes et aux calamars ?<\/h2>\n<p>Ce qui est primordial pour faire cette <strong>paella aux crevettes et aux calamars<\/strong>, c\u2019est un bon <strong>bouillon de poisson et de fruits de mer<\/strong>, avec beaucoup de saveur. Je vais vous expliquer comment je le pr\u00e9pare \u00e0 la maison, au cas o\u00f9 vous voudriez le faire, mais vous pouvez aussi utiliser un <strong>fumet de poisson du commerce<\/strong>.<\/p>\n<p>Comme toute paella, nous <strong>commencerons la pr\u00e9paration par un \u201csofrito\u201d<\/strong>, une petite sauce \u00e0 base d\u2019ail, de poivron et de tomates. Nous mettrons <strong>les calamars dans la po\u00eale \u00e0 paella<\/strong> d\u00e8s le d\u00e9but pour qu&rsquo;ils soient bien cuits et tendres. <strong>Les crevettes ont besoin de beaucoup moins de cuisson<\/strong> pour ne pas devenir dures. Au fait, j&rsquo;ajoute les t\u00eates et les coquilles dans le bouillon.<\/p>\n<p><img loading=\"lazy\" decoding=\"async\" src=\"https:\/\/jesuisuncuisinier.fr\/wp-content\/uploads\/2020\/12\/crevettes-pour-paella.jpg\" alt=\"Crevettes pour paella\" width=\"640\" height=\"426\" class=\"aligncenter size-full wp-image-12449\" srcset=\"https:\/\/jesuisuncuisinier.fr\/wp-content\/uploads\/2020\/12\/crevettes-pour-paella.jpg 640w, https:\/\/jesuisuncuisinier.fr\/wp-content\/uploads\/2020\/12\/crevettes-pour-paella-320x213.jpg 320w, https:\/\/jesuisuncuisinier.fr\/wp-content\/uploads\/2020\/12\/crevettes-pour-paella-300x200.jpg 300w\" sizes=\"auto, (max-width: 640px) 100vw, 640px\" \/><\/p>\n<p>Sur le blog, vous trouverez d&rsquo;autres d\u00e9licieuses <strong>recettes de paella<\/strong>. Je vous recommande d&rsquo;essayer ma <a href=\"https:\/\/jesuisuncuisinier.fr\/fr\/paella-aux-fruits-de-mer\/\" target=\"_blank\" rel=\"noopener noreferrer\"><strong>paella aux fruits de mer<\/strong><\/a> ou cette d\u00e9licieuse <a href=\"https:\/\/jesuisuncuisinier.fr\/fr\/paella-aux-boulettes-et-legumes\/\" target=\"_blank\" rel=\"noopener noreferrer\"><strong>paella aux boulettes<\/strong><\/a>. Les autres plats que je vous recommande sont le <a href=\"https:\/\/jesuisuncuisinier.fr\/fr\/paella-a-lencre-de-seiche-arroz-negro\/\" target=\"_blank\" rel=\"noopener noreferrer\"><strong>riz noir \u00e0 la seiche<\/strong><\/a> et le <a href=\"https:\/\/jesuisuncuisinier.fr\/fr\/riz-a-la-morue-cuisine-espagnole\/\" target=\"_blank\" rel=\"noopener noreferrer\"><strong>riz \u00e0 la morue<\/strong><\/a>.<\/p>\n<p>\n<ins class=\"adsbygoogle\"style=\"display:block\"data-ad-client=\"ca-pub-7750789452383743\"data-ad-slot=\"4190110340\"data-ad-format=\"auto\"data-full-width-responsive=\"true\"><\/ins><script>(adsbygoogle = window.adsbygoogle || []).push({});<\/script> <amp-ad width=\"100vw\" height=320 type=\"adsense\" data-ad-client=\"ca-pub-7750789452383743\" data-ad-slot=\"4190110340\" data-auto-format=\"rspv\" data-full-width><div overflow><\/div><\/amp-ad><div class=\"cleaner\" style=\"margin: 10px\"><\/div><div itemscope itemtype=\"http:\/\/schema.org\/Recipe\">\n<div align=\"justify\" style=\"border-style:solid; border-width: 1px;padding: 10px 10px 10px 10px;\">\n<img loading=\"lazy\" decoding=\"async\" width=\"128\" height=\"85\" src=\"https:\/\/jesuisuncuisinier.fr\/wp-content\/uploads\/2020\/12\/paella-aux-calamars-et-aux-crevettes.jpg\" class=\"attachment-thumbnail size-thumbnail wp-post-image\" alt=\"Paella aux calamars et aux crevettes\" style=\"float:left; padding: 10px 10px 10px 10px\" srcset=\"https:\/\/jesuisuncuisinier.fr\/wp-content\/uploads\/2020\/12\/paella-aux-calamars-et-aux-crevettes.jpg 1200w, https:\/\/jesuisuncuisinier.fr\/wp-content\/uploads\/2020\/12\/paella-aux-calamars-et-aux-crevettes-768x510.jpg 768w, https:\/\/jesuisuncuisinier.fr\/wp-content\/uploads\/2020\/12\/paella-aux-calamars-et-aux-crevettes-320x213.jpg 320w, https:\/\/jesuisuncuisinier.fr\/wp-content\/uploads\/2020\/12\/paella-aux-calamars-et-aux-crevettes-300x200.jpg 300w\" sizes=\"auto, (max-width: 128px) 100vw, 128px\" \/>\n<div itemprop=\"image\" itemscope itemtype=\"https:\/\/schema.org\/ImageObject\">\t\n<meta itemprop=\"url\" content=\"https:\/\/jesuisuncuisinier.fr\/wp-content\/uploads\/2020\/12\/paella-aux-calamars-et-aux-crevettes.jpg\">\n<meta itemprop=\"width\" content=\"140\">\n<meta itemprop=\"height\" content=\"85\">\n<\/div>\n<a href=\"https:\/\/jesuisuncuisinier.fr\/fr\/paella-aux-crevettes-et-aux-calamars-accompagnee-d-aioli\/print\/\" rel=\"nofollow\" title=\"Imprimer\"><img decoding=\"async\" src=\"https:\/\/jesuisuncuisinier.fr\/wp-content\/plugins\/wp-print\/images\/printer_famfamfam.gif\" align=\"right\" alt=\"Imprimir\"><\/a>\n<h2 itemprop=\"name\" style=\"padding: 10px 10px 0px 10px\">Recette de paella aux crevettes et aux calamars, accompagn\u00e9e d&rsquo;a\u00efoli<\/h2>\n<span id=\"post-ratings-12443\" class=\"post-ratings\" data-nonce=\"9e3c09a2d5\"><div align=\"center\">Votez pour cette !<\/div>\r\n<div align=\"center\"><img decoding=\"async\" id=\"rating_12443_1\" src=\"https:\/\/jesuisuncuisinier.fr\/wp-content\/plugins\/wp-postratings\/images\/stars_crystal\/rating_on.gif\" alt=\"1 Star\" title=\"1 Star\" onmouseover=\"current_rating(12443, 1, '1 Star');\" onmouseout=\"ratings_off(5, 0, 0);\" onclick=\"rate_post();\" onkeypress=\"rate_post();\" style=\"cursor: pointer; border: 0px;\" \/><img decoding=\"async\" id=\"rating_12443_2\" src=\"https:\/\/jesuisuncuisinier.fr\/wp-content\/plugins\/wp-postratings\/images\/stars_crystal\/rating_on.gif\" alt=\"2 Stars\" title=\"2 Stars\" onmouseover=\"current_rating(12443, 2, '2 Stars');\" onmouseout=\"ratings_off(5, 0, 0);\" onclick=\"rate_post();\" onkeypress=\"rate_post();\" style=\"cursor: pointer; border: 0px;\" \/><img decoding=\"async\" id=\"rating_12443_3\" src=\"https:\/\/jesuisuncuisinier.fr\/wp-content\/plugins\/wp-postratings\/images\/stars_crystal\/rating_on.gif\" alt=\"3 Stars\" title=\"3 Stars\" onmouseover=\"current_rating(12443, 3, '3 Stars');\" onmouseout=\"ratings_off(5, 0, 0);\" onclick=\"rate_post();\" onkeypress=\"rate_post();\" style=\"cursor: pointer; border: 0px;\" \/><img decoding=\"async\" id=\"rating_12443_4\" src=\"https:\/\/jesuisuncuisinier.fr\/wp-content\/plugins\/wp-postratings\/images\/stars_crystal\/rating_on.gif\" alt=\"4 Stars\" title=\"4 Stars\" onmouseover=\"current_rating(12443, 4, '4 Stars');\" onmouseout=\"ratings_off(5, 0, 0);\" onclick=\"rate_post();\" onkeypress=\"rate_post();\" style=\"cursor: pointer; border: 0px;\" \/><img decoding=\"async\" id=\"rating_12443_5\" src=\"https:\/\/jesuisuncuisinier.fr\/wp-content\/plugins\/wp-postratings\/images\/stars_crystal\/rating_on.gif\" alt=\"5 Stars\" title=\"5 Stars\" onmouseover=\"current_rating(12443, 5, '5 Stars');\" onmouseout=\"ratings_off(5, 0, 0);\" onclick=\"rate_post();\" onkeypress=\"rate_post();\" style=\"cursor: pointer; border: 0px;\" \/><\/div>\r\n<div align=\"center\">Note: 5,00 \/ 5. Votes: 1<\/div><\/span><span id=\"post-ratings-12443-loading\" class=\"post-ratings-loading\"><img loading=\"lazy\" decoding=\"async\" src=\"https:\/\/jesuisuncuisinier.fr\/wp-content\/plugins\/wp-postratings\/images\/loading.gif\" width=\"16\" height=\"16\" class=\"post-ratings-image\" \/>Loading...<\/span><div><\/br><span itemprop=\"author\" itemscope itemtype=\"http:\/\/schema.org\/Person\">   <span itemprop=\"name\" content=\"Damian Serrano\"><\/span> <\/span>\n<b>Personnes:<\/b> <span itemprop=\"recipeYield\">4<\/span>   <b>Temps:<\/b> <time itemprop=\"totalTime\" datetime=PT30M>30 m<\/time>   <b>Difficult\u00e9:<\/b> Facile<\/div><div class=\"cleaner\" style=\"margin: 10px\"><\/div><time itemprop=\"dateModified\" datetime=\"2020-12-01\"><\/time> \n<span itemprop=\"description\" content=\"Comment faire une paella aux crevettes et aux calamars. Recette facile. Apprenez \u00e0 pr\u00e9parer ce d\u00e9licieux plat de riz, tr\u00e8s savoureux avec un a\u00efoli.\" ><\/span>\n<span itemprop=\"recipeCuisine\" content=\"Unknown\" ><\/span>\n<span itemprop=\"recipeCategory\" content=\"Unknown\" ><\/span>\n<span itemprop=\"keywords\" content=\"Unknown\" ><\/span>\n<div class=\"note-wrapper\"><div class=\"note-top\"><\/div><div class=\"note-content\"><h3 style=\"padding-left: 10px; margin-bottom: 10px;\">Ingr\u00e9dients<\/h3>\n<ul>\n<li itemprop=\"recipeIngredient\">400 g de riz rond<\/li>\n<li itemprop=\"recipeIngredient\">250 g d&rsquo;anneaux de calamar<\/li>\n<li itemprop=\"recipeIngredient\">200 g de crevettes d\u00e9cortiqu\u00e9es<\/li>\n<li itemprop=\"recipeIngredient\">1 l de fumet de poisson<\/li>\n<li itemprop=\"recipeIngredient\">1 poivron rouge en morceaux<\/li>\n<li itemprop=\"recipeIngredient\">150 g de coulis de tomates<\/li>\n<li itemprop=\"recipeIngredient\">2 gousses d&rsquo;ail hach\u00e9<\/li>\n<li itemprop=\"recipeIngredient\">1 cuill\u00e8re \u00e0 caf\u00e9 de paprika doux<\/li>\n<li itemprop=\"recipeIngredient\">6 ou 7 brins de safran<\/li>\n<li itemprop=\"recipeIngredient\">Huile d&rsquo;olive vierge extra<\/li>\n<li itemprop=\"recipeIngredient\">Sel et poivre<\/li>\n<\/ul><b>Pour l\u2019a\u00efoli :<\/b><ul>\n<li itemprop=\"recipeIngredient\">1 \u0153uf \u00e0 temp\u00e9rature ambiante<\/li>\n<li itemprop=\"recipeIngredient\">2 gousses d&rsquo;ail pel\u00e9es<\/li>\n<li itemprop=\"recipeIngredient\">200 ml d&rsquo;huile de tournesol<\/li>\n<li itemprop=\"recipeIngredient\">1 trait de jus de citron<\/li>\n<\/ul><b>Pour servir :<\/b><ul>\n<li itemprop=\"recipeIngredient\">Lani\u00e8res de poivrons du piquillo en conserve<\/li>\n<li itemprop=\"recipeIngredient\">Persil hach\u00e9<\/li>\n<\/ul><b>Pour le fumet :<\/b><ul>\n<li itemprop=\"recipeIngredient\">Les carapaces et les t\u00eates des crevettes<\/li>\n<li itemprop=\"recipeIngredient\">Parures de poisson (1 t\u00eate et des ar\u00eates de poisson pour le bouillon)<\/li>\n<li itemprop=\"recipeIngredient\">300 g de poisson de roche (facultatif)<\/li>\n<li itemprop=\"recipeIngredient\">1 feuille de laurier<\/li>\n<li itemprop=\"recipeIngredient\">1 oignon<\/li>\n<li itemprop=\"recipeIngredient\">1 morceau de poireau<\/li>\n<li itemprop=\"recipeIngredient\">1 carotte<\/li>\n<li itemprop=\"recipeIngredient\">Thym (facultatif)<\/li>\n<li itemprop=\"recipeIngredient\">5 ou 6 grains de poivre (facultatif)<\/li>\n<li itemprop=\"recipeIngredient\">1 cuill\u00e8re \u00e0 caf\u00e9 d&rsquo;huile d&rsquo;olive<\/li>\n<\/ul>\n<br \/><\/div><div class=\"note-bottom\"><\/div>\n<\/div> <!-- \/ #ingredients -->\n<div align=\"justify\" class=\"directions-wrapper\"><h3>\u00c9laboration<\/h3><div class=\"directions-content instructions\" >\n<\/p>\n<ol>\n<li itemprop=\"recipeInstructions\">\n<h4>Pr\u00e9parez le fumet de poisson.<\/h4>\n<ol>\n<li itemprop=\"recipeInstructions\">Faire sauter les coquilles de crevettes avec un peu d&rsquo;huile d&rsquo;olive \u00e0 feu moyen pendant 2 ou 3 minutes.<\/li>\n<li itemprop=\"recipeInstructions\">Ensuite, ajouter le reste du poisson, le laurier, l&rsquo;oignon pel\u00e9 et coup\u00e9 en deux, le morceau de poireau propre, la carotte pel\u00e9e et coup\u00e9e en tranches, le thym et les grains de poivre.<\/li>\n<li itemprop=\"recipeInstructions\">Faire sauter encore 2 \u00e0 3 minutes.<\/li>\n<li itemprop=\"recipeInstructions\">Couvrir avec 1 litre d&rsquo;eau, porter \u00e0 \u00e9bullition et laisser cuire \u00e0 feu moyen pendant environ 20 minutes.<\/li>\n<li itemprop=\"recipeInstructions\">Pendant la cuisson, enlever la mousse qui se forme \u00e0 la surface.<\/li>\n<li itemprop=\"recipeInstructions\">Une fois cuit, filtrer avec une passoire en poussant avec le dos d\u2019une louche pour extraire le jus du poisson.<\/li>\n<\/ol>\n<\/li>\n<li itemprop=\"recipeInstructions\">Dans la po\u00eale \u00e0 paella, faire chauffer 2 cuill\u00e8res \u00e0 soupe d&rsquo;huile d&rsquo;olive. Faire sauter les crevettes pendant 1 minute. Mettre de c\u00f4t\u00e9. Dans la m\u00eame huile, ajouter les anneaux et le poivron. Faire revenir pendant environ 5 minutes.<\/li>\n<li itemprop=\"recipeInstructions\">Ajouter l&rsquo;ail. Retirer du feu, laisser reposer pendant 30 secondes. Saupoudrer de paprika. Remuer. Ajouter la tomate, remettre \u00e0 nouveau sur le feu et laisser r\u00e9duire pendant 20 minutes.<\/li>\n<li itemprop=\"recipeInstructions\">M\u00e9langer le riz et faire sauter pendant 2 minutes. Mouiller avec le fumet et faire cuire \u00e0 feu vif. Saler et poivrer. Faire dissoudre les brins de safran avec un peu de bouillon dans le mortier et le remettre dans la po\u00eale.<\/li>\n<li itemprop=\"recipeInstructions\">Faire cuire \u00e0 feu vif pendant 8 minutes. Ensuite, \u00e0 feu moyen doux pendant 8 minutes ou jusqu&rsquo;\u00e0 ce que le riz soit juste \u00e0 point. 2 minutes avant de retirer du feu, r\u00e9partir les crevettes et les lani\u00e8res de poivron.<\/li>\n<li itemprop=\"recipeInstructions\">Couvrez avec un torchon propre et laissez la paella aux crevettes et aux calamars reposer pendant 5 minutes.<\/li>\n<li itemprop=\"recipeInstructions\">Pr\u00e9parez l&rsquo;a\u00efoli. Mettre le jaune d&rsquo;\u0153uf dans le verre du mixeur avec l&rsquo;ail, une pinc\u00e9e de sel. Battre tout en ajoutant l&rsquo;huile en filet sans arr\u00eater de mixer. Ajouter le jus de citron.<\/li>\n<li itemprop=\"recipeInstructions\">Et c&rsquo;est tout\u2009! Servir saupoudr\u00e9 de persil et accompagn\u00e9 d\u2019a\u00efoli.<\/li>\n<\/ol>\n<p><\/div><div class=\"cleaner\" style=\"padding-bottom: 10px;\">&nbsp;<\/div><\/div> <!-- \/# directions -->\n<script async src=\"https:\/\/pagead2.googlesyndication.com\/pagead\/js\/adsbygoogle.js\"><\/script><ins class=\"adsbygoogle\"style=\"display:block\"data-ad-client=\"ca-pub-7750789452383743\"data-ad-slot=\"3064891712\"data-ad-format=\"auto\"><\/ins><script async>(adsbygoogle = window.adsbygoogle || []).push({});<\/script> <amp-ad width=\"100vw\" height=320 type=\"adsense\" data-ad-client=\"ca-pub-7750789452383743\" data-ad-slot=\"1189241592\" data-auto-format=\"rspv\" data-full-width><div overflow><\/div><\/amp-ad><div align=\"justify\" class=\"hints-wrapper\" ><h3>Conseils et astuces<\/h3><div class=\"hints-content hints\"><\/p>\n<ul>\n<li>Conservez l&rsquo;a\u00efoli au r\u00e9frig\u00e9rateur et, pour des raisons de s\u00e9curit\u00e9, il est pr\u00e9f\u00e9rable de le consommer dans les 24 heures qui suivent.<\/li>\n<li>Vous pouvez \u00e9galement le servir avec une version traditionnelle de l&rsquo;a\u00efoli, dans un mortier vous faites une p\u00e2te avec de l&rsquo;ail et un peu de sel et vous ajoutez l&rsquo;huile en filet sans arr\u00eater de remuer. C&rsquo;est beaucoup plus difficile \u00e0 pr\u00e9parer et j&rsquo;aime donc faire la version de l&rsquo;a\u00efoli avec le jaune d\u2019\u0153uf dans un mixeur.<\/li>\n<\/ul>\n<p><\/div><\/div> <!-- \/# hints --><\/div><div class=\"cleaner\" style=\"padding-bottom: 10px;\">&nbsp;<\/div><\/div><!-- \/ #recipe --> \n<\/p>\n<p><img loading=\"lazy\" decoding=\"async\" src=\"https:\/\/jesuisuncuisinier.fr\/wp-content\/uploads\/2020\/12\/calamars-pour-paella.jpg\" alt=\"Calamars pour paella\" width=\"640\" height=\"426\" class=\"aligncenter size-full wp-image-12450\" srcset=\"https:\/\/jesuisuncuisinier.fr\/wp-content\/uploads\/2020\/12\/calamars-pour-paella.jpg 640w, https:\/\/jesuisuncuisinier.fr\/wp-content\/uploads\/2020\/12\/calamars-pour-paella-320x213.jpg 320w, https:\/\/jesuisuncuisinier.fr\/wp-content\/uploads\/2020\/12\/calamars-pour-paella-300x200.jpg 300w\" sizes=\"auto, (max-width: 640px) 100vw, 640px\" \/><\/p>\n<h2>Maintenant, vous savez comment faire une paella aux calamars et crevettes<\/h2>\n<p>Avez-vous aim\u00e9 la recette\u2009? J&rsquo;esp\u00e8re que vous oserez l&rsquo;essayer parce que je suis s\u00fbr que vous l&rsquo;aimerez. A la maison, on a \u00e9t\u00e9 <strong>tr\u00e8s satisfait du r\u00e9sultat<\/strong>.<\/p>\n<p>Une suggestion\u2009? Une question\u2009? Vous voulez me donner votre avis\u2009? Bien s\u00fbr\u2009! J&rsquo;aimerais lire tout ce que vous avez \u00e0 dire. Laissez-moi <a href=\"#comments\"><strong>un commentaire ici dans la section qui lui est consacr\u00e9e<\/strong><\/a>.<\/p>\n<p>Enfin, si vous \u00eates fan des <strong>recettes \u00e0 base de calamars et de crevettes<\/strong>, je vous encourage \u00e0 laisser votre vote de confiance au blog. Pour cela, j&rsquo;ai juste besoin de votre \u00ab\u00a0j&rsquo;aime\u00a0\u00bb et si vous partagez aussi cette merveilleuse <strong>paella aux calamars et crevettes<\/strong> sur vos r\u00e9seaux sociaux, \u00e7a m&rsquo;aide beaucoup.<\/p>\n\n<p>A bient\u00f4t\u2009!<\/p>\n","protected":false},"excerpt":{"rendered":"<p>Comment faire une paella aux crevettes et aux calamars. Recette facile. Apprenez \u00e0 pr\u00e9parer ce d\u00e9licieux plat de riz, tr\u00e8s savoureux avec un a\u00efoli.<\/p>\n","protected":false},"author":1,"featured_media":12444,"comment_status":"open","ping_status":"open","sticky":false,"template":"","format":"standard","meta":{"_yoast_wpseo_focuskw":"paella aux crevettes et aux calamars","_yoast_wpseo_metadesc":"Comment faire une paella aux crevettes et aux calamars. Recette facile. Apprenez \u00e0 pr\u00e9parer ce plat de riz tr\u00e8s savoureux avec un a\u00efoli.","footnotes":""},"categories":[1049,841,20],"tags":[865,866,896,993,1071,1283],"class_list":["post-12443","post","type-post","status-publish","format-standard","has-post-thumbnail","hentry","category-espagnole","category-riz-et-pates","category-recette","tag-riz","tag-crevettes","tag-calamars","tag-paella","tag-espagnole","tag-crevette"],"yoast_head":"<!-- This site is optimized with the Yoast SEO plugin v27.5 - https:\/\/yoast.com\/product\/yoast-seo-wordpress\/ -->\n<title>Recette de paella aux crevettes et aux calamars, accompagn\u00e9e d&#039;a\u00efoli<\/title>\n<meta name=\"description\" content=\"Comment faire une paella aux crevettes et aux calamars. Recette facile. Apprenez \u00e0 pr\u00e9parer ce plat de riz tr\u00e8s savoureux avec un a\u00efoli.\" \/>\n<meta name=\"robots\" content=\"index, follow, max-snippet:-1, max-image-preview:large, max-video-preview:-1\" \/>\n<link rel=\"canonical\" href=\"https:\/\/jesuisuncuisinier.fr\/fr\/paella-aux-crevettes-et-aux-calamars-accompagnee-d-aioli\/\" \/>\n<meta property=\"og:locale\" content=\"fr_FR\" \/>\n<meta property=\"og:type\" content=\"article\" \/>\n<meta property=\"og:title\" content=\"Recette de paella aux crevettes et aux calamars, accompagn\u00e9e d&#039;a\u00efoli\" \/>\n<meta property=\"og:description\" content=\"Comment faire une paella aux crevettes et aux calamars. Recette facile. Apprenez \u00e0 pr\u00e9parer ce plat de riz tr\u00e8s savoureux avec un a\u00efoli.\" \/>\n<meta property=\"og:url\" content=\"https:\/\/jesuisuncuisinier.fr\/fr\/paella-aux-crevettes-et-aux-calamars-accompagnee-d-aioli\/\" \/>\n<meta property=\"og:site_name\" content=\"Je suis un cuisinier - Recettes faciles\" \/>\n<meta property=\"article:published_time\" content=\"2020-12-01T10:46:09+00:00\" \/>\n<meta property=\"article:modified_time\" content=\"2020-12-01T10:55:05+00:00\" \/>\n<meta property=\"og:image\" content=\"https:\/\/jesuisuncuisinier.fr\/wp-content\/uploads\/2020\/12\/paella-aux-calamars-et-aux-crevettes.jpg\" \/>\n\t<meta property=\"og:image:width\" content=\"1200\" \/>\n\t<meta property=\"og:image:height\" content=\"797\" \/>\n\t<meta property=\"og:image:type\" content=\"image\/jpeg\" \/>\n<meta name=\"author\" content=\"Dami\u00e1n\" \/>\n<meta name=\"twitter:card\" content=\"summary_large_image\" \/>\n<meta name=\"twitter:creator\" content=\"@unptitcuisinier\" \/>\n<meta name=\"twitter:site\" content=\"@unptitcuisinier\" \/>\n<meta name=\"twitter:label1\" content=\"\u00c9crit par\" \/>\n\t<meta name=\"twitter:data1\" content=\"Dami\u00e1n\" \/>\n\t<meta name=\"twitter:label2\" content=\"Dur\u00e9e de lecture estim\u00e9e\" \/>\n\t<meta name=\"twitter:data2\" content=\"4 minutes\" \/>\n<script type=\"application\/ld+json\" class=\"yoast-schema-graph\">{\"@context\":\"https:\\\/\\\/schema.org\",\"@graph\":[{\"@type\":\"Article\",\"@id\":\"https:\\\/\\\/jesuisuncuisinier.fr\\\/fr\\\/paella-aux-crevettes-et-aux-calamars-accompagnee-d-aioli\\\/#article\",\"isPartOf\":{\"@id\":\"https:\\\/\\\/jesuisuncuisinier.fr\\\/fr\\\/paella-aux-crevettes-et-aux-calamars-accompagnee-d-aioli\\\/\"},\"author\":{\"name\":\"Dami\u00e1n\",\"@id\":\"https:\\\/\\\/jesuisuncuisinier.fr\\\/fr\\\/#\\\/schema\\\/person\\\/c2da7696f2784cce34698e48f989cb2a\"},\"headline\":\"Recette de paella aux crevettes et aux calamars, accompagn\u00e9e d&rsquo;a\u00efoli\",\"datePublished\":\"2020-12-01T10:46:09+00:00\",\"dateModified\":\"2020-12-01T10:55:05+00:00\",\"mainEntityOfPage\":{\"@id\":\"https:\\\/\\\/jesuisuncuisinier.fr\\\/fr\\\/paella-aux-crevettes-et-aux-calamars-accompagnee-d-aioli\\\/\"},\"wordCount\":947,\"commentCount\":0,\"publisher\":{\"@id\":\"https:\\\/\\\/jesuisuncuisinier.fr\\\/fr\\\/#\\\/schema\\\/person\\\/04d97b7b1ae2f60e14cd96fc10a341aa\"},\"image\":{\"@id\":\"https:\\\/\\\/jesuisuncuisinier.fr\\\/fr\\\/paella-aux-crevettes-et-aux-calamars-accompagnee-d-aioli\\\/#primaryimage\"},\"thumbnailUrl\":\"https:\\\/\\\/jesuisuncuisinier.fr\\\/wp-content\\\/uploads\\\/2020\\\/12\\\/paella-aux-calamars-et-aux-crevettes.jpg\",\"keywords\":[\"riz\",\"Recettes de crevettes\",\"calamars\",\"paella\",\"espagnole\",\"crevette\"],\"articleSection\":[\"Cuisine espagnole\",\"Riz et P\u00e2tes\",\"recette\"],\"inLanguage\":\"fr-FR\",\"potentialAction\":[{\"@type\":\"CommentAction\",\"name\":\"Comment\",\"target\":[\"https:\\\/\\\/jesuisuncuisinier.fr\\\/fr\\\/paella-aux-crevettes-et-aux-calamars-accompagnee-d-aioli\\\/#respond\"]}]},{\"@type\":\"WebPage\",\"@id\":\"https:\\\/\\\/jesuisuncuisinier.fr\\\/fr\\\/paella-aux-crevettes-et-aux-calamars-accompagnee-d-aioli\\\/\",\"url\":\"https:\\\/\\\/jesuisuncuisinier.fr\\\/fr\\\/paella-aux-crevettes-et-aux-calamars-accompagnee-d-aioli\\\/\",\"name\":\"Recette de paella aux crevettes et aux calamars, accompagn\u00e9e d'a\u00efoli\",\"isPartOf\":{\"@id\":\"https:\\\/\\\/jesuisuncuisinier.fr\\\/fr\\\/#website\"},\"primaryImageOfPage\":{\"@id\":\"https:\\\/\\\/jesuisuncuisinier.fr\\\/fr\\\/paella-aux-crevettes-et-aux-calamars-accompagnee-d-aioli\\\/#primaryimage\"},\"image\":{\"@id\":\"https:\\\/\\\/jesuisuncuisinier.fr\\\/fr\\\/paella-aux-crevettes-et-aux-calamars-accompagnee-d-aioli\\\/#primaryimage\"},\"thumbnailUrl\":\"https:\\\/\\\/jesuisuncuisinier.fr\\\/wp-content\\\/uploads\\\/2020\\\/12\\\/paella-aux-calamars-et-aux-crevettes.jpg\",\"datePublished\":\"2020-12-01T10:46:09+00:00\",\"dateModified\":\"2020-12-01T10:55:05+00:00\",\"description\":\"Comment faire une paella aux crevettes et aux calamars. Recette facile. Apprenez \u00e0 pr\u00e9parer ce plat de riz tr\u00e8s savoureux avec un a\u00efoli.\",\"breadcrumb\":{\"@id\":\"https:\\\/\\\/jesuisuncuisinier.fr\\\/fr\\\/paella-aux-crevettes-et-aux-calamars-accompagnee-d-aioli\\\/#breadcrumb\"},\"inLanguage\":\"fr-FR\",\"potentialAction\":[{\"@type\":\"ReadAction\",\"target\":[\"https:\\\/\\\/jesuisuncuisinier.fr\\\/fr\\\/paella-aux-crevettes-et-aux-calamars-accompagnee-d-aioli\\\/\"]}]},{\"@type\":\"ImageObject\",\"inLanguage\":\"fr-FR\",\"@id\":\"https:\\\/\\\/jesuisuncuisinier.fr\\\/fr\\\/paella-aux-crevettes-et-aux-calamars-accompagnee-d-aioli\\\/#primaryimage\",\"url\":\"https:\\\/\\\/jesuisuncuisinier.fr\\\/wp-content\\\/uploads\\\/2020\\\/12\\\/paella-aux-calamars-et-aux-crevettes.jpg\",\"contentUrl\":\"https:\\\/\\\/jesuisuncuisinier.fr\\\/wp-content\\\/uploads\\\/2020\\\/12\\\/paella-aux-calamars-et-aux-crevettes.jpg\",\"width\":1200,\"height\":797,\"caption\":\"Paella aux calamars et aux crevettes\"},{\"@type\":\"BreadcrumbList\",\"@id\":\"https:\\\/\\\/jesuisuncuisinier.fr\\\/fr\\\/paella-aux-crevettes-et-aux-calamars-accompagnee-d-aioli\\\/#breadcrumb\",\"itemListElement\":[{\"@type\":\"ListItem\",\"position\":1,\"name\":\"Portada\",\"item\":\"https:\\\/\\\/jesuisuncuisinier.fr\\\/fr\\\/\"},{\"@type\":\"ListItem\",\"position\":2,\"name\":\"Recette de paella aux crevettes et aux calamars, accompagn\u00e9e d&rsquo;a\u00efoli\"}]},{\"@type\":\"WebSite\",\"@id\":\"https:\\\/\\\/jesuisuncuisinier.fr\\\/fr\\\/#website\",\"url\":\"https:\\\/\\\/jesuisuncuisinier.fr\\\/fr\\\/\",\"name\":\"Je suis un cuisinier - Recettes faciles\",\"description\":\"Recettes de cuisine faciles pour tous les jours. Cuisine fran\u00e7aise, espagnole et d&#039;ailleurs.\",\"publisher\":{\"@id\":\"https:\\\/\\\/jesuisuncuisinier.fr\\\/fr\\\/#\\\/schema\\\/person\\\/04d97b7b1ae2f60e14cd96fc10a341aa\"},\"potentialAction\":[{\"@type\":\"SearchAction\",\"target\":{\"@type\":\"EntryPoint\",\"urlTemplate\":\"https:\\\/\\\/jesuisuncuisinier.fr\\\/fr\\\/?s={search_term_string}\"},\"query-input\":{\"@type\":\"PropertyValueSpecification\",\"valueRequired\":true,\"valueName\":\"search_term_string\"}}],\"inLanguage\":\"fr-FR\"},{\"@type\":[\"Person\",\"Organization\"],\"@id\":\"https:\\\/\\\/jesuisuncuisinier.fr\\\/fr\\\/#\\\/schema\\\/person\\\/04d97b7b1ae2f60e14cd96fc10a341aa\",\"name\":\"Dami\u00e1n Serrano\",\"image\":{\"@type\":\"ImageObject\",\"inLanguage\":\"fr-FR\",\"@id\":\"https:\\\/\\\/jesuisuncuisinier.fr\\\/wp-content\\\/uploads\\\/2019\\\/11\\\/avatar.jpg\",\"url\":\"https:\\\/\\\/jesuisuncuisinier.fr\\\/wp-content\\\/uploads\\\/2019\\\/11\\\/avatar.jpg\",\"contentUrl\":\"https:\\\/\\\/jesuisuncuisinier.fr\\\/wp-content\\\/uploads\\\/2019\\\/11\\\/avatar.jpg\",\"width\":200,\"height\":200,\"caption\":\"Dami\u00e1n Serrano\"},\"logo\":{\"@id\":\"https:\\\/\\\/jesuisuncuisinier.fr\\\/wp-content\\\/uploads\\\/2019\\\/11\\\/avatar.jpg\"}},{\"@type\":\"Person\",\"@id\":\"https:\\\/\\\/jesuisuncuisinier.fr\\\/fr\\\/#\\\/schema\\\/person\\\/c2da7696f2784cce34698e48f989cb2a\",\"name\":\"Dami\u00e1n\",\"sameAs\":[\"http:\\\/\\\/jesuisuncuisinier.fr\",\"https:\\\/\\\/x.com\\\/unptitcuisinier\"]}]}<\/script>\n<!-- \/ Yoast SEO plugin. -->","yoast_head_json":{"title":"Recette de paella aux crevettes et aux calamars, accompagn\u00e9e d'a\u00efoli","description":"Comment faire une paella aux crevettes et aux calamars. Recette facile. Apprenez \u00e0 pr\u00e9parer ce plat de riz tr\u00e8s savoureux avec un a\u00efoli.","robots":{"index":"index","follow":"follow","max-snippet":"max-snippet:-1","max-image-preview":"max-image-preview:large","max-video-preview":"max-video-preview:-1"},"canonical":"https:\/\/jesuisuncuisinier.fr\/fr\/paella-aux-crevettes-et-aux-calamars-accompagnee-d-aioli\/","og_locale":"fr_FR","og_type":"article","og_title":"Recette de paella aux crevettes et aux calamars, accompagn\u00e9e d'a\u00efoli","og_description":"Comment faire une paella aux crevettes et aux calamars. Recette facile. Apprenez \u00e0 pr\u00e9parer ce plat de riz tr\u00e8s savoureux avec un a\u00efoli.","og_url":"https:\/\/jesuisuncuisinier.fr\/fr\/paella-aux-crevettes-et-aux-calamars-accompagnee-d-aioli\/","og_site_name":"Je suis un cuisinier - Recettes faciles","article_published_time":"2020-12-01T10:46:09+00:00","article_modified_time":"2020-12-01T10:55:05+00:00","og_image":[{"width":1200,"height":797,"url":"https:\/\/jesuisuncuisinier.fr\/wp-content\/uploads\/2020\/12\/paella-aux-calamars-et-aux-crevettes.jpg","type":"image\/jpeg"}],"author":"Dami\u00e1n","twitter_card":"summary_large_image","twitter_creator":"@unptitcuisinier","twitter_site":"@unptitcuisinier","twitter_misc":{"\u00c9crit par":"Dami\u00e1n","Dur\u00e9e de lecture estim\u00e9e":"4 minutes"},"schema":{"@context":"https:\/\/schema.org","@graph":[{"@type":"Article","@id":"https:\/\/jesuisuncuisinier.fr\/fr\/paella-aux-crevettes-et-aux-calamars-accompagnee-d-aioli\/#article","isPartOf":{"@id":"https:\/\/jesuisuncuisinier.fr\/fr\/paella-aux-crevettes-et-aux-calamars-accompagnee-d-aioli\/"},"author":{"name":"Dami\u00e1n","@id":"https:\/\/jesuisuncuisinier.fr\/fr\/#\/schema\/person\/c2da7696f2784cce34698e48f989cb2a"},"headline":"Recette de paella aux crevettes et aux calamars, accompagn\u00e9e d&rsquo;a\u00efoli","datePublished":"2020-12-01T10:46:09+00:00","dateModified":"2020-12-01T10:55:05+00:00","mainEntityOfPage":{"@id":"https:\/\/jesuisuncuisinier.fr\/fr\/paella-aux-crevettes-et-aux-calamars-accompagnee-d-aioli\/"},"wordCount":947,"commentCount":0,"publisher":{"@id":"https:\/\/jesuisuncuisinier.fr\/fr\/#\/schema\/person\/04d97b7b1ae2f60e14cd96fc10a341aa"},"image":{"@id":"https:\/\/jesuisuncuisinier.fr\/fr\/paella-aux-crevettes-et-aux-calamars-accompagnee-d-aioli\/#primaryimage"},"thumbnailUrl":"https:\/\/jesuisuncuisinier.fr\/wp-content\/uploads\/2020\/12\/paella-aux-calamars-et-aux-crevettes.jpg","keywords":["riz","Recettes de crevettes","calamars","paella","espagnole","crevette"],"articleSection":["Cuisine espagnole","Riz et P\u00e2tes","recette"],"inLanguage":"fr-FR","potentialAction":[{"@type":"CommentAction","name":"Comment","target":["https:\/\/jesuisuncuisinier.fr\/fr\/paella-aux-crevettes-et-aux-calamars-accompagnee-d-aioli\/#respond"]}]},{"@type":"WebPage","@id":"https:\/\/jesuisuncuisinier.fr\/fr\/paella-aux-crevettes-et-aux-calamars-accompagnee-d-aioli\/","url":"https:\/\/jesuisuncuisinier.fr\/fr\/paella-aux-crevettes-et-aux-calamars-accompagnee-d-aioli\/","name":"Recette de paella aux crevettes et aux calamars, accompagn\u00e9e d'a\u00efoli","isPartOf":{"@id":"https:\/\/jesuisuncuisinier.fr\/fr\/#website"},"primaryImageOfPage":{"@id":"https:\/\/jesuisuncuisinier.fr\/fr\/paella-aux-crevettes-et-aux-calamars-accompagnee-d-aioli\/#primaryimage"},"image":{"@id":"https:\/\/jesuisuncuisinier.fr\/fr\/paella-aux-crevettes-et-aux-calamars-accompagnee-d-aioli\/#primaryimage"},"thumbnailUrl":"https:\/\/jesuisuncuisinier.fr\/wp-content\/uploads\/2020\/12\/paella-aux-calamars-et-aux-crevettes.jpg","datePublished":"2020-12-01T10:46:09+00:00","dateModified":"2020-12-01T10:55:05+00:00","description":"Comment faire une paella aux crevettes et aux calamars. Recette facile. Apprenez \u00e0 pr\u00e9parer ce plat de riz tr\u00e8s savoureux avec un a\u00efoli.","breadcrumb":{"@id":"https:\/\/jesuisuncuisinier.fr\/fr\/paella-aux-crevettes-et-aux-calamars-accompagnee-d-aioli\/#breadcrumb"},"inLanguage":"fr-FR","potentialAction":[{"@type":"ReadAction","target":["https:\/\/jesuisuncuisinier.fr\/fr\/paella-aux-crevettes-et-aux-calamars-accompagnee-d-aioli\/"]}]},{"@type":"ImageObject","inLanguage":"fr-FR","@id":"https:\/\/jesuisuncuisinier.fr\/fr\/paella-aux-crevettes-et-aux-calamars-accompagnee-d-aioli\/#primaryimage","url":"https:\/\/jesuisuncuisinier.fr\/wp-content\/uploads\/2020\/12\/paella-aux-calamars-et-aux-crevettes.jpg","contentUrl":"https:\/\/jesuisuncuisinier.fr\/wp-content\/uploads\/2020\/12\/paella-aux-calamars-et-aux-crevettes.jpg","width":1200,"height":797,"caption":"Paella aux calamars et aux crevettes"},{"@type":"BreadcrumbList","@id":"https:\/\/jesuisuncuisinier.fr\/fr\/paella-aux-crevettes-et-aux-calamars-accompagnee-d-aioli\/#breadcrumb","itemListElement":[{"@type":"ListItem","position":1,"name":"Portada","item":"https:\/\/jesuisuncuisinier.fr\/fr\/"},{"@type":"ListItem","position":2,"name":"Recette de paella aux crevettes et aux calamars, accompagn\u00e9e d&rsquo;a\u00efoli"}]},{"@type":"WebSite","@id":"https:\/\/jesuisuncuisinier.fr\/fr\/#website","url":"https:\/\/jesuisuncuisinier.fr\/fr\/","name":"Je suis un cuisinier - Recettes faciles","description":"Recettes de cuisine faciles pour tous les jours. Cuisine fran\u00e7aise, espagnole et d&#039;ailleurs.","publisher":{"@id":"https:\/\/jesuisuncuisinier.fr\/fr\/#\/schema\/person\/04d97b7b1ae2f60e14cd96fc10a341aa"},"potentialAction":[{"@type":"SearchAction","target":{"@type":"EntryPoint","urlTemplate":"https:\/\/jesuisuncuisinier.fr\/fr\/?s={search_term_string}"},"query-input":{"@type":"PropertyValueSpecification","valueRequired":true,"valueName":"search_term_string"}}],"inLanguage":"fr-FR"},{"@type":["Person","Organization"],"@id":"https:\/\/jesuisuncuisinier.fr\/fr\/#\/schema\/person\/04d97b7b1ae2f60e14cd96fc10a341aa","name":"Dami\u00e1n Serrano","image":{"@type":"ImageObject","inLanguage":"fr-FR","@id":"https:\/\/jesuisuncuisinier.fr\/wp-content\/uploads\/2019\/11\/avatar.jpg","url":"https:\/\/jesuisuncuisinier.fr\/wp-content\/uploads\/2019\/11\/avatar.jpg","contentUrl":"https:\/\/jesuisuncuisinier.fr\/wp-content\/uploads\/2019\/11\/avatar.jpg","width":200,"height":200,"caption":"Dami\u00e1n Serrano"},"logo":{"@id":"https:\/\/jesuisuncuisinier.fr\/wp-content\/uploads\/2019\/11\/avatar.jpg"}},{"@type":"Person","@id":"https:\/\/jesuisuncuisinier.fr\/fr\/#\/schema\/person\/c2da7696f2784cce34698e48f989cb2a","name":"Dami\u00e1n","sameAs":["http:\/\/jesuisuncuisinier.fr","https:\/\/x.com\/unptitcuisinier"]}]}},"amp_enabled":true,"_links":{"self":[{"href":"https:\/\/jesuisuncuisinier.fr\/fr\/wp-json\/wp\/v2\/posts\/12443","targetHints":{"allow":["GET"]}}],"collection":[{"href":"https:\/\/jesuisuncuisinier.fr\/fr\/wp-json\/wp\/v2\/posts"}],"about":[{"href":"https:\/\/jesuisuncuisinier.fr\/fr\/wp-json\/wp\/v2\/types\/post"}],"author":[{"embeddable":true,"href":"https:\/\/jesuisuncuisinier.fr\/fr\/wp-json\/wp\/v2\/users\/1"}],"replies":[{"embeddable":true,"href":"https:\/\/jesuisuncuisinier.fr\/fr\/wp-json\/wp\/v2\/comments?post=12443"}],"version-history":[{"count":0,"href":"https:\/\/jesuisuncuisinier.fr\/fr\/wp-json\/wp\/v2\/posts\/12443\/revisions"}],"wp:featuredmedia":[{"embeddable":true,"href":"https:\/\/jesuisuncuisinier.fr\/fr\/wp-json\/wp\/v2\/media\/12444"}],"wp:attachment":[{"href":"https:\/\/jesuisuncuisinier.fr\/fr\/wp-json\/wp\/v2\/media?parent=12443"}],"wp:term":[{"taxonomy":"category","embeddable":true,"href":"https:\/\/jesuisuncuisinier.fr\/fr\/wp-json\/wp\/v2\/categories?post=12443"},{"taxonomy":"post_tag","embeddable":true,"href":"https:\/\/jesuisuncuisinier.fr\/fr\/wp-json\/wp\/v2\/tags?post=12443"}],"curies":[{"name":"wp","href":"https:\/\/api.w.org\/{rel}","templated":true}]}}