{"id":12023,"date":"2020-08-12T20:32:56","date_gmt":"2020-08-12T18:32:56","guid":{"rendered":"https:\/\/jesuisuncuisinier.fr\/fr\/?p=12023"},"modified":"2020-08-12T20:32:56","modified_gmt":"2020-08-12T18:32:56","slug":"quiche-aux-fanes-de-carotte","status":"publish","type":"post","link":"https:\/\/jesuisuncuisinier.fr\/fr\/quiche-aux-fanes-de-carotte\/","title":{"rendered":"Recette de quiche aux fanes de carotte. D\u00e9licieuse et tr\u00e8s color\u00e9e."},"content":{"rendered":"<\/p>\n<p>Vous avez vu la photo ? Vous avez vu comme c\u2019est joli ? J\u2019adore le contraste orange et vert ! Cette <strong>quiche aux fanes de carottes<\/strong> est un autre exemple de la <strong>cuisine anti-gaspi<\/strong>. \u00ab Rien ne se jette ici \u00bb. Oserez-vous essayer ?<\/p>\n<p>Si vous me suivez depuis un certain temps, sinon, je vous le dis maintenant, vous savez s\u00fbrement que j\u2019aime tirer le meilleur de mes l\u00e9gumes et, surtout, faire de <strong>d\u00e9licieuses recettes avec les parties qui sont g\u00e9n\u00e9ralement \u00e9cart\u00e9es<\/strong> bien qu\u2019elles sont tout \u00e0 fait comestibles.<\/p>\n<p><script async src=\"\/\/pagead2.googlesyndication.com\/pagead\/js\/adsbygoogle.js\"><\/script><ins class=\"adsbygoogle\"style=\"display:block\"data-ad-client=\"ca-pub-7750789452383743\"data-ad-slot=\"9252856116\"data-ad-format=\"auto\"><\/ins><script>(adsbygoogle = window.adsbygoogle || []).push({});<\/script><amp-ad width=\"100vw\" height=320 type=\"adsense\" data-ad-client=\"ca-pub-7750789452383743\" data-ad-slot=\"7340373828\" data-auto-format=\"rspv\" data-full-width><div overflow><\/div><\/amp-ad><div class=\"cleaner\" style=\"margin: 10px\"><\/div><\/p>\n<h2>Voulez-vous savoir comment faire une quiche aux fanes de carotte ?<\/h2>\n<p>Pour faire une <strong>quiche aux fanes de carottes<\/strong>, faisons d\u2019abord la p\u00e2te \u00e0 tarte. Depuis peu, je la fais avec de la farine de bl\u00e9 complet et de l\u2019huile d\u2019olive. Cependant, vous pouvez sauter cette \u00e9tape si vous utilisez une p\u00e2te bris\u00e9e pr\u00eate \u00e0 l\u2019emploi.<\/p>\n<p>Avec cette p\u00e2te, nous allons foncer un moule et le remplir avec l\u2019appareil traditionnel de quiche \u00e0 base d\u2019\u0153ufs, que j\u2019aime bien assaisonner avec de la muscade. Dans ce m\u00e9lange, nous mettrons <strong>les fanes de carottes<\/strong> pr\u00e9alablement blanchies et quelques carottes r\u00e2p\u00e9es pour compl\u00e9ter le go\u00fbt et aussi pour la couleur. Op ! Dans le four et c\u2019est pr\u00eat.<\/p>\n<p><img loading=\"lazy\" decoding=\"async\" src=\"https:\/\/jesuisuncuisinier.fr\/wp-content\/uploads\/2020\/08\/quiche-aux-fanes-de-carotte-ingredients.jpg\" alt=\"quiche aux fanes de carotte (ingr\u00e9dients)\" width=\"640\" height=\"425\" class=\"aligncenter size-full wp-image-12033\" srcset=\"https:\/\/jesuisuncuisinier.fr\/wp-content\/uploads\/2020\/08\/quiche-aux-fanes-de-carotte-ingredients.jpg 640w, https:\/\/jesuisuncuisinier.fr\/wp-content\/uploads\/2020\/08\/quiche-aux-fanes-de-carotte-ingredients-320x213.jpg 320w, https:\/\/jesuisuncuisinier.fr\/wp-content\/uploads\/2020\/08\/quiche-aux-fanes-de-carotte-ingredients-300x200.jpg 300w\" sizes=\"auto, (max-width: 640px) 100vw, 640px\" \/><\/p>\n<p>Sur le blog, vous trouverez d\u2019autres <strong>recettes de quiches et de tartes sal\u00e9es<\/strong>. Vous devez essayer <a href=\"https:\/\/jesuisuncuisinier.fr\/fr\/quiche-lorraine\/\" target=\"_blank\" rel=\"noopener noreferrer\">ma recette de la c\u00e9l\u00e8bre quiche lorraine<\/a>. Je vous propose \u00e9galement une <a href=\"https:\/\/jesuisuncuisinier.fr\/fr\/quiche-au-chou-fleur\/\" target=\"_blank\" rel=\"noopener noreferrer\"><strong>quiche originale au chou-fleur<\/strong><\/a> ou cette autre <a href=\"https:\/\/jesuisuncuisinier.fr\/fr\/quiche-au-brocoli-et-mimolette\/\" target=\"_blank\" rel=\"noopener noreferrer\"><strong>quiche aux brocoli et mimolette<\/strong><\/a>.<\/p>\n<p>\n<ins class=\"adsbygoogle\"style=\"display:block\"data-ad-client=\"ca-pub-7750789452383743\"data-ad-slot=\"4190110340\"data-ad-format=\"auto\"data-full-width-responsive=\"true\"><\/ins><script>(adsbygoogle = window.adsbygoogle || []).push({});<\/script> <amp-ad width=\"100vw\" height=320 type=\"adsense\" data-ad-client=\"ca-pub-7750789452383743\" data-ad-slot=\"4190110340\" data-auto-format=\"rspv\" data-full-width><div overflow><\/div><\/amp-ad><div class=\"cleaner\" style=\"margin: 10px\"><\/div><div itemscope itemtype=\"http:\/\/schema.org\/Recipe\">\n<div align=\"justify\" style=\"border-style:solid; border-width: 1px;padding: 10px 10px 10px 10px;\">\n<img loading=\"lazy\" decoding=\"async\" width=\"128\" height=\"85\" src=\"https:\/\/jesuisuncuisinier.fr\/wp-content\/uploads\/2020\/08\/portion-de-quiche-aux-fanes-de-carotte.jpg\" class=\"attachment-thumbnail size-thumbnail wp-post-image\" alt=\"Portion de quiche aux fanes de carotte\" style=\"float:left; padding: 10px 10px 10px 10px\" srcset=\"https:\/\/jesuisuncuisinier.fr\/wp-content\/uploads\/2020\/08\/portion-de-quiche-aux-fanes-de-carotte.jpg 1200w, https:\/\/jesuisuncuisinier.fr\/wp-content\/uploads\/2020\/08\/portion-de-quiche-aux-fanes-de-carotte-768x510.jpg 768w, https:\/\/jesuisuncuisinier.fr\/wp-content\/uploads\/2020\/08\/portion-de-quiche-aux-fanes-de-carotte-320x213.jpg 320w, https:\/\/jesuisuncuisinier.fr\/wp-content\/uploads\/2020\/08\/portion-de-quiche-aux-fanes-de-carotte-300x200.jpg 300w\" sizes=\"auto, (max-width: 128px) 100vw, 128px\" \/>\n<div itemprop=\"image\" itemscope itemtype=\"https:\/\/schema.org\/ImageObject\">\t\n<meta itemprop=\"url\" content=\"https:\/\/jesuisuncuisinier.fr\/wp-content\/uploads\/2020\/08\/portion-de-quiche-aux-fanes-de-carotte.jpg\">\n<meta itemprop=\"width\" content=\"140\">\n<meta itemprop=\"height\" content=\"85\">\n<\/div>\n<a href=\"https:\/\/jesuisuncuisinier.fr\/fr\/quiche-aux-fanes-de-carotte\/print\/\" rel=\"nofollow\" title=\"Imprimer\"><img decoding=\"async\" src=\"https:\/\/jesuisuncuisinier.fr\/wp-content\/plugins\/wp-print\/images\/printer_famfamfam.gif\" align=\"right\" alt=\"Imprimir\"><\/a>\n<h2 itemprop=\"name\" style=\"padding: 10px 10px 0px 10px\">Recette de quiche aux fanes de carotte. D\u00e9licieuse et tr\u00e8s color\u00e9e.<\/h2>\n<span id=\"post-ratings-12023\" class=\"post-ratings\" data-nonce=\"c104c3de32\"><div align=\"center\">Votez pour cette !<\/div>\r\n<div align=\"center\"><img decoding=\"async\" id=\"rating_12023_1\" src=\"https:\/\/jesuisuncuisinier.fr\/wp-content\/plugins\/wp-postratings\/images\/stars_crystal\/rating_on.gif\" alt=\"1 Star\" title=\"1 Star\" onmouseover=\"current_rating(12023, 1, '1 Star');\" onmouseout=\"ratings_off(4, 0, 0);\" onclick=\"rate_post();\" onkeypress=\"rate_post();\" style=\"cursor: pointer; border: 0px;\" \/><img decoding=\"async\" id=\"rating_12023_2\" src=\"https:\/\/jesuisuncuisinier.fr\/wp-content\/plugins\/wp-postratings\/images\/stars_crystal\/rating_on.gif\" alt=\"2 Stars\" title=\"2 Stars\" onmouseover=\"current_rating(12023, 2, '2 Stars');\" onmouseout=\"ratings_off(4, 0, 0);\" onclick=\"rate_post();\" onkeypress=\"rate_post();\" style=\"cursor: pointer; border: 0px;\" \/><img decoding=\"async\" id=\"rating_12023_3\" src=\"https:\/\/jesuisuncuisinier.fr\/wp-content\/plugins\/wp-postratings\/images\/stars_crystal\/rating_on.gif\" alt=\"3 Stars\" title=\"3 Stars\" onmouseover=\"current_rating(12023, 3, '3 Stars');\" onmouseout=\"ratings_off(4, 0, 0);\" onclick=\"rate_post();\" onkeypress=\"rate_post();\" style=\"cursor: pointer; border: 0px;\" \/><img decoding=\"async\" id=\"rating_12023_4\" src=\"https:\/\/jesuisuncuisinier.fr\/wp-content\/plugins\/wp-postratings\/images\/stars_crystal\/rating_on.gif\" alt=\"4 Stars\" title=\"4 Stars\" onmouseover=\"current_rating(12023, 4, '4 Stars');\" onmouseout=\"ratings_off(4, 0, 0);\" onclick=\"rate_post();\" onkeypress=\"rate_post();\" style=\"cursor: pointer; border: 0px;\" \/><img decoding=\"async\" id=\"rating_12023_5\" src=\"https:\/\/jesuisuncuisinier.fr\/wp-content\/plugins\/wp-postratings\/images\/stars_crystal\/rating_off.gif\" alt=\"5 Stars\" title=\"5 Stars\" onmouseover=\"current_rating(12023, 5, '5 Stars');\" onmouseout=\"ratings_off(4, 0, 0);\" onclick=\"rate_post();\" onkeypress=\"rate_post();\" style=\"cursor: pointer; border: 0px;\" \/><\/div>\r\n<div align=\"center\">Note: 4,00 \/ 5. Votes: 8<\/div><\/span><span id=\"post-ratings-12023-loading\" class=\"post-ratings-loading\"><img loading=\"lazy\" decoding=\"async\" src=\"https:\/\/jesuisuncuisinier.fr\/wp-content\/plugins\/wp-postratings\/images\/loading.gif\" width=\"16\" height=\"16\" class=\"post-ratings-image\" \/>Loading...<\/span><div><\/br><span itemprop=\"author\" itemscope itemtype=\"http:\/\/schema.org\/Person\">   <span itemprop=\"name\" content=\"Damian Serrano\"><\/span> <\/span>\n<b>Personnes:<\/b> <span itemprop=\"recipeYield\">4<\/span>   <b>Temps:<\/b> <time itemprop=\"totalTime\" datetime=PT1H>1 h<\/time>   <b>Difficult\u00e9:<\/b> Facile<\/div><div class=\"cleaner\" style=\"margin: 10px\"><\/div><time itemprop=\"dateModified\" datetime=\"2020-08-12\"><\/time> \n<span itemprop=\"description\" content=\"Comment faire une quiche aux fanes de carotte. Recette facile. Une d\u00e9licieuse tarte sal\u00e9e anti-gaspi pour profiter des fanes de carottes. C\u2019est magnifique !\" ><\/span>\n<span itemprop=\"recipeCuisine\" content=\"Unknown\" ><\/span>\n<span itemprop=\"recipeCategory\" content=\"Unknown\" ><\/span>\n<span itemprop=\"keywords\" content=\"Unknown\" ><\/span>\n<div class=\"note-wrapper\"><div class=\"note-top\"><\/div><div class=\"note-content\"><h3 style=\"padding-left: 10px; margin-bottom: 10px;\">Ingr\u00e9dients<\/h3>\n<ul>\n<li itemprop=\"recipeIngredient\">Les fanes de 1 botte de carottes<\/li>\n<li itemprop=\"recipeIngredient\">3 ou 4 carottes<\/li>\n<li itemprop=\"recipeIngredient\">3 \u0153ufs de poules plein air<\/li>\n<li itemprop=\"recipeIngredient\">150 ml de lait entier<\/li>\n<li itemprop=\"recipeIngredient\">150 ml de cr\u00e8me liquide<\/li>\n<li itemprop=\"recipeIngredient\">100 g d\u2019emmental r\u00e2p\u00e9<\/li>\n<li itemprop=\"recipeIngredient\">Noix de muscade<\/li>\n<li itemprop=\"recipeIngredient\">Sel et poivre<\/li>\n<\/ul><b>Pour la p\u00e2te maison (on peut aussi utiliser celle du commerce) :<\/b><ul>\n<li itemprop=\"recipeIngredient\">150 g de farine de bl\u00e9 ou d\u2019\u00e9peautre (normale ou compl\u00e8te)<\/li>\n<li itemprop=\"recipeIngredient\">50 ml d\u2019huile d\u2019olive (ou 75 g de beurre froid)<\/li>\n<li itemprop=\"recipeIngredient\">1 \u0153uf de poules \u00e9lev\u00e9es en plein air<\/li>\n<li itemprop=\"recipeIngredient\">1 peu de lait ou d\u2019eau<\/li>\n<li itemprop=\"recipeIngredient\">Sel et poivre<\/li>\n<\/ul><b>Mat\u00e9riel :<\/b><ul>\n<li itemprop=\"recipeIngredient\">Moule \u00e0 quiche de 26 cm de diam\u00e8tre<\/li>\n<li itemprop=\"recipeIngredient\">Papier de cuisson<\/li>\n<li itemprop=\"recipeIngredient\">L\u00e9gumes secs ou billes de cuisson<\/li>\n<\/ul>\n<br \/><\/div><div class=\"note-bottom\"><\/div>\n<\/div> <!-- \/ #ingredients -->\n<div align=\"justify\" class=\"directions-wrapper\"><h3>\u00c9laboration<\/h3><div class=\"directions-content instructions\" >\n<\/p>\n<ol>\n<li itemprop=\"recipeInstructions\">Pr\u00e9parer la p\u00e2te bris\u00e9e. M\u00e9langer la farine avec l\u2019huile d\u2019olive ou le beurre jusqu\u2019\u00e0 ce qu\u2019elle ait une consistance sableuse. Saler et poivrer, ajouter l\u2019\u0153uf et p\u00e9trir.<\/li>\n<li itemprop=\"recipeInstructions\">Ajouter un peu de lait (ou d\u2019eau) pour homog\u00e9n\u00e9iser (il me faut g\u00e9n\u00e9ralement environ 4 cuill\u00e8res \u00e0 soupe si j\u2019utilise de l\u2019huile ou 1 cuill\u00e8re \u00e0 soupe si j\u2019utilise du beurre).<\/li>\n<li itemprop=\"recipeInstructions\">Ne pas trop p\u00e9trir, juste assez pour int\u00e9grer. Conserver au r\u00e9frig\u00e9rateur pendant au moins 30 minutes ou mieux 2 heures.<\/li>\n<li itemprop=\"recipeInstructions\">\u00c9plucher et r\u00e2per les carottes.<br \/>\n<img loading=\"lazy\" decoding=\"async\" src=\"https:\/\/jesuisuncuisinier.fr\/wp-content\/uploads\/2020\/08\/quiche-aux-fanes-de-carotte-raper-la-carotte.jpg\" alt=\"quiche aux fanes de carotte (raper la carotte)\" width=\"640\" height=\"425\" class=\"aligncenter size-full wp-image-12032\" srcset=\"https:\/\/jesuisuncuisinier.fr\/wp-content\/uploads\/2020\/08\/quiche-aux-fanes-de-carotte-raper-la-carotte.jpg 640w, https:\/\/jesuisuncuisinier.fr\/wp-content\/uploads\/2020\/08\/quiche-aux-fanes-de-carotte-raper-la-carotte-320x213.jpg 320w, https:\/\/jesuisuncuisinier.fr\/wp-content\/uploads\/2020\/08\/quiche-aux-fanes-de-carotte-raper-la-carotte-300x200.jpg 300w\" sizes=\"auto, (max-width: 640px) 100vw, 640px\" \/><\/li>\n<li itemprop=\"recipeInstructions\">Retirer la partie dure des tiges des fanes. Blanchir les fanes pendant 5 minutes dans de l\u2019eau bouillante, les \u00e9goutter, les laisser refroidir et les hacher.<br \/>\n<img loading=\"lazy\" decoding=\"async\" src=\"https:\/\/jesuisuncuisinier.fr\/wp-content\/uploads\/2020\/08\/quiche-aux-fanes-de-carotte-blanchir-les-fanes.jpg\" alt=\"Quiche aux fanes de carotte (blanchir les fanes)\" width=\"640\" height=\"425\" class=\"aligncenter size-full wp-image-12030\" srcset=\"https:\/\/jesuisuncuisinier.fr\/wp-content\/uploads\/2020\/08\/quiche-aux-fanes-de-carotte-blanchir-les-fanes.jpg 640w, https:\/\/jesuisuncuisinier.fr\/wp-content\/uploads\/2020\/08\/quiche-aux-fanes-de-carotte-blanchir-les-fanes-320x213.jpg 320w, https:\/\/jesuisuncuisinier.fr\/wp-content\/uploads\/2020\/08\/quiche-aux-fanes-de-carotte-blanchir-les-fanes-300x200.jpg 300w\" sizes=\"auto, (max-width: 640px) 100vw, 640px\" \/><\/li>\n<li itemprop=\"recipeInstructions\">Pr\u00e9chauffer le four \u00e0 175 \u00b0 C. \u00c9taler la p\u00e2te sur une surface farin\u00e9e et foncer le moule. Piquer la base avec une fourchette pour \u00e9viter qu\u2019elle gonfle pendant la cuisson.<\/li>\n<li itemprop=\"recipeInstructions\">Placer le papier sulfuris\u00e9 et remplir de l\u00e9gumes secs ou de billes. Faire cuire pendant 15 minutes \u00e0 hauteur moyenne.<\/li>\n<li itemprop=\"recipeInstructions\">Battre les \u0153ufs dans un bol et ajouter le lait, la cr\u00e8me, le fromage, la carotte r\u00e2p\u00e9e et les fanes. Assaisonner de sel, de poivre et de noix de muscade.<\/li>\n<li itemprop=\"recipeInstructions\">Sortir la base du four, retirer le poid et le papier. Transf\u00e9rer la garniture et faites cuire pendant 30 \u00e0 35 minutes. Pour v\u00e9rifier, piquer au centre avec un couteau. S\u2019il sort sec, la cuisson est finie.<br \/>\n<img loading=\"lazy\" decoding=\"async\" src=\"https:\/\/jesuisuncuisinier.fr\/wp-content\/uploads\/2020\/08\/quiche-aux-fanes-de-carotte-cuisson.jpg\" alt=\"Quiche aux fanes de carotte (cuisson)\" width=\"640\" height=\"425\" class=\"aligncenter size-full wp-image-12029\" srcset=\"https:\/\/jesuisuncuisinier.fr\/wp-content\/uploads\/2020\/08\/quiche-aux-fanes-de-carotte-cuisson.jpg 640w, https:\/\/jesuisuncuisinier.fr\/wp-content\/uploads\/2020\/08\/quiche-aux-fanes-de-carotte-cuisson-320x213.jpg 320w, https:\/\/jesuisuncuisinier.fr\/wp-content\/uploads\/2020\/08\/quiche-aux-fanes-de-carotte-cuisson-300x200.jpg 300w\" sizes=\"auto, (max-width: 640px) 100vw, 640px\" \/><\/li>\n<li itemprop=\"recipeInstructions\">C\u2019est pr\u00eat ! Sortir du four et laisser ti\u00e9dir ou refroidir compl\u00e8tement avant de d\u00e9guster. R\u00e9galez-vous !<\/li>\n<\/ol>\n<p><\/div><div class=\"cleaner\" style=\"padding-bottom: 10px;\">&nbsp;<\/div><\/div> <!-- \/# directions -->\n<script async src=\"https:\/\/pagead2.googlesyndication.com\/pagead\/js\/adsbygoogle.js\"><\/script><ins class=\"adsbygoogle\"style=\"display:block\"data-ad-client=\"ca-pub-7750789452383743\"data-ad-slot=\"3064891712\"data-ad-format=\"auto\"><\/ins><script async>(adsbygoogle = window.adsbygoogle || []).push({});<\/script> <amp-ad width=\"100vw\" height=320 type=\"adsense\" data-ad-client=\"ca-pub-7750789452383743\" data-ad-slot=\"1189241592\" data-auto-format=\"rspv\" data-full-width><div overflow><\/div><\/amp-ad><div align=\"justify\" class=\"hints-wrapper\" ><h3>Conseils et astuces<\/h3><div class=\"hints-content hints\"><\/p>\n<ul>\n<li>Cette <strong>quiche aux fanes de carottes<\/strong> peut \u00eatre consomm\u00e9e en entr\u00e9e ou en plat principal au d\u00eener, accompagn\u00e9e d\u2019une bonne salade.<\/li>\n<li>Au lieu d\u2019ajouter des <strong>carottes r\u00e2p\u00e9es<\/strong>, vous pouvez augmenter la quantit\u00e9 de fanes.<\/li>\n<li>Si vous utilisez des l\u00e9gumes secs comme poids pour la cuisson de la p\u00e2te, ils ne sont plus bons pour la cuisine, mais vous pouvez les <strong>conserver pour votre prochaine quiche<\/strong>.<br \/>\n<img loading=\"lazy\" decoding=\"async\" src=\"https:\/\/jesuisuncuisinier.fr\/wp-content\/uploads\/2020\/08\/quiche-aux-fanes-de-carotte.jpg\" alt=\"Quiche aux fanes de carotte\" width=\"1200\" height=\"797\" class=\"aligncenter size-full wp-image-12028\" srcset=\"https:\/\/jesuisuncuisinier.fr\/wp-content\/uploads\/2020\/08\/quiche-aux-fanes-de-carotte.jpg 1200w, https:\/\/jesuisuncuisinier.fr\/wp-content\/uploads\/2020\/08\/quiche-aux-fanes-de-carotte-768x510.jpg 768w, https:\/\/jesuisuncuisinier.fr\/wp-content\/uploads\/2020\/08\/quiche-aux-fanes-de-carotte-320x213.jpg 320w, https:\/\/jesuisuncuisinier.fr\/wp-content\/uploads\/2020\/08\/quiche-aux-fanes-de-carotte-300x200.jpg 300w\" sizes=\"auto, (max-width: 1200px) 100vw, 1200px\" \/><\/li>\n<li>Lorsque vous faites cuire des fanes de carottes, l\u2019id\u00e9al est d\u2019utiliser des <strong>produits issus de l\u2019agriculture biologique<\/strong>, car comme ils ne sont g\u00e9n\u00e9ralement pas utilis\u00e9s en cuisine, ceux <strong>issus de l\u2019agriculture intensive<\/strong> peuvent <strong>contenir des substances ind\u00e9sirables<\/strong> pour la consommation.<\/li>\n<\/ul>\n<p><\/div><\/div> <!-- \/# hints --><\/div><div class=\"cleaner\" style=\"padding-bottom: 10px;\">&nbsp;<\/div><\/div><!-- \/ #recipe --> \n <\/p>\n<img loading=\"lazy\" decoding=\"async\" src=\"https:\/\/jesuisuncuisinier.fr\/wp-content\/uploads\/2020\/08\/recette-quiche-aux-fanes-de-carotte.jpg\" alt=\"Recette de quiche aux fanes de carotte\" width=\"1200\" height=\"797\" class=\"aligncenter size-full wp-image-12027\" srcset=\"https:\/\/jesuisuncuisinier.fr\/wp-content\/uploads\/2020\/08\/recette-quiche-aux-fanes-de-carotte.jpg 1200w, https:\/\/jesuisuncuisinier.fr\/wp-content\/uploads\/2020\/08\/recette-quiche-aux-fanes-de-carotte-768x510.jpg 768w, https:\/\/jesuisuncuisinier.fr\/wp-content\/uploads\/2020\/08\/recette-quiche-aux-fanes-de-carotte-320x213.jpg 320w, https:\/\/jesuisuncuisinier.fr\/wp-content\/uploads\/2020\/08\/recette-quiche-aux-fanes-de-carotte-300x200.jpg 300w\" sizes=\"auto, (max-width: 1200px) 100vw, 1200px\" \/>\n<h3>Vous savez maintenant comment faire une quiche aux fanes de carottes<\/h3>\n<p>J\u2019esp\u00e8re que vous avez aim\u00e9 la recette. Osez la faire ? Essayez, vous ne serez pas d\u00e9\u00e7us.<\/p>\n<p>Si vous avez quelque chose \u00e0 communiquer, n\u2019oubliez pas que <a href=\"#comments\"><strong>vous pouvez laisser un commentaire ci-dessous<\/strong><\/a>. Je suis tr\u00e8s int\u00e9ress\u00e9 par votre avis, qu\u2019il soit positif ou que vous me donniez des critiques constructives pour m\u2019aider \u00e0 m\u2019am\u00e9liorer.<\/p>\n<p>N\u2019h\u00e9sitez pas \u00e0 poser vos questions sur la pr\u00e9paration, je vous r\u00e9ponds toujours. Et si vous avez des suggestions pour faire <strong>une d\u00e9licieuse quiche aux fanes de carottes<\/strong> ou d\u2019autres id\u00e9es pour les cuisiner, n\u2019h\u00e9sitez pas \u00e0 me les communiquer.<\/p>\n<p>Enfin, si vous \u00eates <strong>fan des recettes anti-gaspi<\/strong>, je vous invite \u00e0 laisser votre vote de confiance au blog avec un \u00ab j\u2019aime \u00bb et \u00e0 partager cette d\u00e9licieuse et color\u00e9e <strong>quiche aux fanes de carotte<\/strong> sur vos r\u00e9seaux sociaux.<\/p>\n\n<p>A bient\u00f4t !<\/p>\n<p>[\/donotprint]<\/p>\n","protected":false},"excerpt":{"rendered":"<p>Comment faire une quiche aux fanes de carotte. Recette facile. Une d\u00e9licieuse tarte sal\u00e9e anti-gaspi pour profiter des fanes de carottes. C\u2019est magnifique !<\/p>\n","protected":false},"author":1,"featured_media":12031,"comment_status":"open","ping_status":"open","sticky":false,"template":"","format":"standard","meta":{"_yoast_wpseo_focuskw":"quiche aux fanes de carrote","_yoast_wpseo_metadesc":"Comment faire une quiche aux fanes de carotte. Recette facile. Une d\u00e9licieuse tarte sal\u00e9e anti-gaspi pour profiter des fanes de carottes. C\u2019est magnifique !","footnotes":""},"categories":[845,20,854],"tags":[170,56,1211],"class_list":["post-12023","post","type-post","status-publish","format-standard","has-post-thumbnail","hentry","category-legumes","category-recette","category-pizzas-et-quiches","tag-carotte","tag-quiche","tag-fanes"],"yoast_head":"<!-- This site is optimized with the Yoast SEO plugin v27.5 - https:\/\/yoast.com\/product\/yoast-seo-wordpress\/ -->\n<title>Recette de quiche aux fanes de carotte. D\u00e9licieuse et tr\u00e8s color\u00e9e.<\/title>\n<meta name=\"description\" content=\"Comment faire une quiche aux fanes de carotte. Recette facile. Une d\u00e9licieuse tarte sal\u00e9e anti-gaspi pour profiter des fanes de carottes. C\u2019est magnifique !\" \/>\n<meta name=\"robots\" content=\"index, follow, max-snippet:-1, max-image-preview:large, max-video-preview:-1\" \/>\n<link rel=\"canonical\" href=\"https:\/\/jesuisuncuisinier.fr\/fr\/quiche-aux-fanes-de-carotte\/\" \/>\n<meta property=\"og:locale\" content=\"fr_FR\" \/>\n<meta property=\"og:type\" content=\"article\" \/>\n<meta property=\"og:title\" content=\"Recette de quiche aux fanes de carotte. D\u00e9licieuse et tr\u00e8s color\u00e9e.\" \/>\n<meta property=\"og:description\" content=\"Comment faire une quiche aux fanes de carotte. Recette facile. Une d\u00e9licieuse tarte sal\u00e9e anti-gaspi pour profiter des fanes de carottes. C\u2019est magnifique !\" \/>\n<meta property=\"og:url\" content=\"https:\/\/jesuisuncuisinier.fr\/fr\/quiche-aux-fanes-de-carotte\/\" \/>\n<meta property=\"og:site_name\" content=\"Je suis un cuisinier - Recettes faciles\" \/>\n<meta property=\"article:published_time\" content=\"2020-08-12T18:32:56+00:00\" \/>\n<meta property=\"og:image\" content=\"https:\/\/jesuisuncuisinier.fr\/wp-content\/uploads\/2020\/08\/portion-de-quiche-aux-fanes-de-carotte.jpg\" \/>\n\t<meta property=\"og:image:width\" content=\"1200\" \/>\n\t<meta property=\"og:image:height\" content=\"797\" \/>\n\t<meta property=\"og:image:type\" content=\"image\/jpeg\" \/>\n<meta name=\"author\" content=\"Dami\u00e1n\" \/>\n<meta name=\"twitter:card\" content=\"summary_large_image\" \/>\n<meta name=\"twitter:creator\" content=\"@unptitcuisinier\" \/>\n<meta name=\"twitter:site\" content=\"@unptitcuisinier\" \/>\n<meta name=\"twitter:label1\" content=\"\u00c9crit par\" \/>\n\t<meta name=\"twitter:data1\" content=\"Dami\u00e1n\" \/>\n\t<meta name=\"twitter:label2\" content=\"Dur\u00e9e de lecture estim\u00e9e\" \/>\n\t<meta name=\"twitter:data2\" content=\"5 minutes\" \/>\n<script type=\"application\/ld+json\" class=\"yoast-schema-graph\">{\"@context\":\"https:\\\/\\\/schema.org\",\"@graph\":[{\"@type\":\"Article\",\"@id\":\"https:\\\/\\\/jesuisuncuisinier.fr\\\/fr\\\/quiche-aux-fanes-de-carotte\\\/#article\",\"isPartOf\":{\"@id\":\"https:\\\/\\\/jesuisuncuisinier.fr\\\/fr\\\/quiche-aux-fanes-de-carotte\\\/\"},\"author\":{\"name\":\"Dami\u00e1n\",\"@id\":\"https:\\\/\\\/jesuisuncuisinier.fr\\\/fr\\\/#\\\/schema\\\/person\\\/c2da7696f2784cce34698e48f989cb2a\"},\"headline\":\"Recette de quiche aux fanes de carotte. D\u00e9licieuse et tr\u00e8s color\u00e9e.\",\"datePublished\":\"2020-08-12T18:32:56+00:00\",\"mainEntityOfPage\":{\"@id\":\"https:\\\/\\\/jesuisuncuisinier.fr\\\/fr\\\/quiche-aux-fanes-de-carotte\\\/\"},\"wordCount\":969,\"commentCount\":1,\"publisher\":{\"@id\":\"https:\\\/\\\/jesuisuncuisinier.fr\\\/fr\\\/#\\\/schema\\\/person\\\/04d97b7b1ae2f60e14cd96fc10a341aa\"},\"image\":{\"@id\":\"https:\\\/\\\/jesuisuncuisinier.fr\\\/fr\\\/quiche-aux-fanes-de-carotte\\\/#primaryimage\"},\"thumbnailUrl\":\"https:\\\/\\\/jesuisuncuisinier.fr\\\/wp-content\\\/uploads\\\/2020\\\/08\\\/portion-de-quiche-aux-fanes-de-carotte.jpg\",\"keywords\":[\"carotte\",\"quiche\",\"fanes\"],\"articleSection\":[\"L\u00e9gumes\",\"recette\",\"Pizzas et Quiches\"],\"inLanguage\":\"fr-FR\",\"potentialAction\":[{\"@type\":\"CommentAction\",\"name\":\"Comment\",\"target\":[\"https:\\\/\\\/jesuisuncuisinier.fr\\\/fr\\\/quiche-aux-fanes-de-carotte\\\/#respond\"]}]},{\"@type\":\"WebPage\",\"@id\":\"https:\\\/\\\/jesuisuncuisinier.fr\\\/fr\\\/quiche-aux-fanes-de-carotte\\\/\",\"url\":\"https:\\\/\\\/jesuisuncuisinier.fr\\\/fr\\\/quiche-aux-fanes-de-carotte\\\/\",\"name\":\"Recette de quiche aux fanes de carotte. D\u00e9licieuse et tr\u00e8s color\u00e9e.\",\"isPartOf\":{\"@id\":\"https:\\\/\\\/jesuisuncuisinier.fr\\\/fr\\\/#website\"},\"primaryImageOfPage\":{\"@id\":\"https:\\\/\\\/jesuisuncuisinier.fr\\\/fr\\\/quiche-aux-fanes-de-carotte\\\/#primaryimage\"},\"image\":{\"@id\":\"https:\\\/\\\/jesuisuncuisinier.fr\\\/fr\\\/quiche-aux-fanes-de-carotte\\\/#primaryimage\"},\"thumbnailUrl\":\"https:\\\/\\\/jesuisuncuisinier.fr\\\/wp-content\\\/uploads\\\/2020\\\/08\\\/portion-de-quiche-aux-fanes-de-carotte.jpg\",\"datePublished\":\"2020-08-12T18:32:56+00:00\",\"description\":\"Comment faire une quiche aux fanes de carotte. Recette facile. Une d\u00e9licieuse tarte sal\u00e9e anti-gaspi pour profiter des fanes de carottes. C\u2019est magnifique !\",\"breadcrumb\":{\"@id\":\"https:\\\/\\\/jesuisuncuisinier.fr\\\/fr\\\/quiche-aux-fanes-de-carotte\\\/#breadcrumb\"},\"inLanguage\":\"fr-FR\",\"potentialAction\":[{\"@type\":\"ReadAction\",\"target\":[\"https:\\\/\\\/jesuisuncuisinier.fr\\\/fr\\\/quiche-aux-fanes-de-carotte\\\/\"]}]},{\"@type\":\"ImageObject\",\"inLanguage\":\"fr-FR\",\"@id\":\"https:\\\/\\\/jesuisuncuisinier.fr\\\/fr\\\/quiche-aux-fanes-de-carotte\\\/#primaryimage\",\"url\":\"https:\\\/\\\/jesuisuncuisinier.fr\\\/wp-content\\\/uploads\\\/2020\\\/08\\\/portion-de-quiche-aux-fanes-de-carotte.jpg\",\"contentUrl\":\"https:\\\/\\\/jesuisuncuisinier.fr\\\/wp-content\\\/uploads\\\/2020\\\/08\\\/portion-de-quiche-aux-fanes-de-carotte.jpg\",\"width\":1200,\"height\":797,\"caption\":\"Portion de quiche aux fanes de carotte\"},{\"@type\":\"BreadcrumbList\",\"@id\":\"https:\\\/\\\/jesuisuncuisinier.fr\\\/fr\\\/quiche-aux-fanes-de-carotte\\\/#breadcrumb\",\"itemListElement\":[{\"@type\":\"ListItem\",\"position\":1,\"name\":\"Portada\",\"item\":\"https:\\\/\\\/jesuisuncuisinier.fr\\\/fr\\\/\"},{\"@type\":\"ListItem\",\"position\":2,\"name\":\"Recette de quiche aux fanes de carotte. D\u00e9licieuse et tr\u00e8s color\u00e9e.\"}]},{\"@type\":\"WebSite\",\"@id\":\"https:\\\/\\\/jesuisuncuisinier.fr\\\/fr\\\/#website\",\"url\":\"https:\\\/\\\/jesuisuncuisinier.fr\\\/fr\\\/\",\"name\":\"Je suis un cuisinier - Recettes faciles\",\"description\":\"Recettes de cuisine faciles pour tous les jours. Cuisine fran\u00e7aise, espagnole et d&#039;ailleurs.\",\"publisher\":{\"@id\":\"https:\\\/\\\/jesuisuncuisinier.fr\\\/fr\\\/#\\\/schema\\\/person\\\/04d97b7b1ae2f60e14cd96fc10a341aa\"},\"potentialAction\":[{\"@type\":\"SearchAction\",\"target\":{\"@type\":\"EntryPoint\",\"urlTemplate\":\"https:\\\/\\\/jesuisuncuisinier.fr\\\/fr\\\/?s={search_term_string}\"},\"query-input\":{\"@type\":\"PropertyValueSpecification\",\"valueRequired\":true,\"valueName\":\"search_term_string\"}}],\"inLanguage\":\"fr-FR\"},{\"@type\":[\"Person\",\"Organization\"],\"@id\":\"https:\\\/\\\/jesuisuncuisinier.fr\\\/fr\\\/#\\\/schema\\\/person\\\/04d97b7b1ae2f60e14cd96fc10a341aa\",\"name\":\"Dami\u00e1n Serrano\",\"image\":{\"@type\":\"ImageObject\",\"inLanguage\":\"fr-FR\",\"@id\":\"https:\\\/\\\/jesuisuncuisinier.fr\\\/wp-content\\\/uploads\\\/2019\\\/11\\\/avatar.jpg\",\"url\":\"https:\\\/\\\/jesuisuncuisinier.fr\\\/wp-content\\\/uploads\\\/2019\\\/11\\\/avatar.jpg\",\"contentUrl\":\"https:\\\/\\\/jesuisuncuisinier.fr\\\/wp-content\\\/uploads\\\/2019\\\/11\\\/avatar.jpg\",\"width\":200,\"height\":200,\"caption\":\"Dami\u00e1n Serrano\"},\"logo\":{\"@id\":\"https:\\\/\\\/jesuisuncuisinier.fr\\\/wp-content\\\/uploads\\\/2019\\\/11\\\/avatar.jpg\"}},{\"@type\":\"Person\",\"@id\":\"https:\\\/\\\/jesuisuncuisinier.fr\\\/fr\\\/#\\\/schema\\\/person\\\/c2da7696f2784cce34698e48f989cb2a\",\"name\":\"Dami\u00e1n\",\"sameAs\":[\"http:\\\/\\\/jesuisuncuisinier.fr\",\"https:\\\/\\\/x.com\\\/unptitcuisinier\"]}]}<\/script>\n<!-- \/ Yoast SEO plugin. -->","yoast_head_json":{"title":"Recette de quiche aux fanes de carotte. D\u00e9licieuse et tr\u00e8s color\u00e9e.","description":"Comment faire une quiche aux fanes de carotte. Recette facile. Une d\u00e9licieuse tarte sal\u00e9e anti-gaspi pour profiter des fanes de carottes. C\u2019est magnifique !","robots":{"index":"index","follow":"follow","max-snippet":"max-snippet:-1","max-image-preview":"max-image-preview:large","max-video-preview":"max-video-preview:-1"},"canonical":"https:\/\/jesuisuncuisinier.fr\/fr\/quiche-aux-fanes-de-carotte\/","og_locale":"fr_FR","og_type":"article","og_title":"Recette de quiche aux fanes de carotte. D\u00e9licieuse et tr\u00e8s color\u00e9e.","og_description":"Comment faire une quiche aux fanes de carotte. Recette facile. Une d\u00e9licieuse tarte sal\u00e9e anti-gaspi pour profiter des fanes de carottes. C\u2019est magnifique !","og_url":"https:\/\/jesuisuncuisinier.fr\/fr\/quiche-aux-fanes-de-carotte\/","og_site_name":"Je suis un cuisinier - Recettes faciles","article_published_time":"2020-08-12T18:32:56+00:00","og_image":[{"width":1200,"height":797,"url":"https:\/\/jesuisuncuisinier.fr\/wp-content\/uploads\/2020\/08\/portion-de-quiche-aux-fanes-de-carotte.jpg","type":"image\/jpeg"}],"author":"Dami\u00e1n","twitter_card":"summary_large_image","twitter_creator":"@unptitcuisinier","twitter_site":"@unptitcuisinier","twitter_misc":{"\u00c9crit par":"Dami\u00e1n","Dur\u00e9e de lecture estim\u00e9e":"5 minutes"},"schema":{"@context":"https:\/\/schema.org","@graph":[{"@type":"Article","@id":"https:\/\/jesuisuncuisinier.fr\/fr\/quiche-aux-fanes-de-carotte\/#article","isPartOf":{"@id":"https:\/\/jesuisuncuisinier.fr\/fr\/quiche-aux-fanes-de-carotte\/"},"author":{"name":"Dami\u00e1n","@id":"https:\/\/jesuisuncuisinier.fr\/fr\/#\/schema\/person\/c2da7696f2784cce34698e48f989cb2a"},"headline":"Recette de quiche aux fanes de carotte. D\u00e9licieuse et tr\u00e8s color\u00e9e.","datePublished":"2020-08-12T18:32:56+00:00","mainEntityOfPage":{"@id":"https:\/\/jesuisuncuisinier.fr\/fr\/quiche-aux-fanes-de-carotte\/"},"wordCount":969,"commentCount":1,"publisher":{"@id":"https:\/\/jesuisuncuisinier.fr\/fr\/#\/schema\/person\/04d97b7b1ae2f60e14cd96fc10a341aa"},"image":{"@id":"https:\/\/jesuisuncuisinier.fr\/fr\/quiche-aux-fanes-de-carotte\/#primaryimage"},"thumbnailUrl":"https:\/\/jesuisuncuisinier.fr\/wp-content\/uploads\/2020\/08\/portion-de-quiche-aux-fanes-de-carotte.jpg","keywords":["carotte","quiche","fanes"],"articleSection":["L\u00e9gumes","recette","Pizzas et Quiches"],"inLanguage":"fr-FR","potentialAction":[{"@type":"CommentAction","name":"Comment","target":["https:\/\/jesuisuncuisinier.fr\/fr\/quiche-aux-fanes-de-carotte\/#respond"]}]},{"@type":"WebPage","@id":"https:\/\/jesuisuncuisinier.fr\/fr\/quiche-aux-fanes-de-carotte\/","url":"https:\/\/jesuisuncuisinier.fr\/fr\/quiche-aux-fanes-de-carotte\/","name":"Recette de quiche aux fanes de carotte. D\u00e9licieuse et tr\u00e8s color\u00e9e.","isPartOf":{"@id":"https:\/\/jesuisuncuisinier.fr\/fr\/#website"},"primaryImageOfPage":{"@id":"https:\/\/jesuisuncuisinier.fr\/fr\/quiche-aux-fanes-de-carotte\/#primaryimage"},"image":{"@id":"https:\/\/jesuisuncuisinier.fr\/fr\/quiche-aux-fanes-de-carotte\/#primaryimage"},"thumbnailUrl":"https:\/\/jesuisuncuisinier.fr\/wp-content\/uploads\/2020\/08\/portion-de-quiche-aux-fanes-de-carotte.jpg","datePublished":"2020-08-12T18:32:56+00:00","description":"Comment faire une quiche aux fanes de carotte. Recette facile. Une d\u00e9licieuse tarte sal\u00e9e anti-gaspi pour profiter des fanes de carottes. C\u2019est magnifique !","breadcrumb":{"@id":"https:\/\/jesuisuncuisinier.fr\/fr\/quiche-aux-fanes-de-carotte\/#breadcrumb"},"inLanguage":"fr-FR","potentialAction":[{"@type":"ReadAction","target":["https:\/\/jesuisuncuisinier.fr\/fr\/quiche-aux-fanes-de-carotte\/"]}]},{"@type":"ImageObject","inLanguage":"fr-FR","@id":"https:\/\/jesuisuncuisinier.fr\/fr\/quiche-aux-fanes-de-carotte\/#primaryimage","url":"https:\/\/jesuisuncuisinier.fr\/wp-content\/uploads\/2020\/08\/portion-de-quiche-aux-fanes-de-carotte.jpg","contentUrl":"https:\/\/jesuisuncuisinier.fr\/wp-content\/uploads\/2020\/08\/portion-de-quiche-aux-fanes-de-carotte.jpg","width":1200,"height":797,"caption":"Portion de quiche aux fanes de carotte"},{"@type":"BreadcrumbList","@id":"https:\/\/jesuisuncuisinier.fr\/fr\/quiche-aux-fanes-de-carotte\/#breadcrumb","itemListElement":[{"@type":"ListItem","position":1,"name":"Portada","item":"https:\/\/jesuisuncuisinier.fr\/fr\/"},{"@type":"ListItem","position":2,"name":"Recette de quiche aux fanes de carotte. D\u00e9licieuse et tr\u00e8s color\u00e9e."}]},{"@type":"WebSite","@id":"https:\/\/jesuisuncuisinier.fr\/fr\/#website","url":"https:\/\/jesuisuncuisinier.fr\/fr\/","name":"Je suis un cuisinier - Recettes faciles","description":"Recettes de cuisine faciles pour tous les jours. Cuisine fran\u00e7aise, espagnole et d&#039;ailleurs.","publisher":{"@id":"https:\/\/jesuisuncuisinier.fr\/fr\/#\/schema\/person\/04d97b7b1ae2f60e14cd96fc10a341aa"},"potentialAction":[{"@type":"SearchAction","target":{"@type":"EntryPoint","urlTemplate":"https:\/\/jesuisuncuisinier.fr\/fr\/?s={search_term_string}"},"query-input":{"@type":"PropertyValueSpecification","valueRequired":true,"valueName":"search_term_string"}}],"inLanguage":"fr-FR"},{"@type":["Person","Organization"],"@id":"https:\/\/jesuisuncuisinier.fr\/fr\/#\/schema\/person\/04d97b7b1ae2f60e14cd96fc10a341aa","name":"Dami\u00e1n Serrano","image":{"@type":"ImageObject","inLanguage":"fr-FR","@id":"https:\/\/jesuisuncuisinier.fr\/wp-content\/uploads\/2019\/11\/avatar.jpg","url":"https:\/\/jesuisuncuisinier.fr\/wp-content\/uploads\/2019\/11\/avatar.jpg","contentUrl":"https:\/\/jesuisuncuisinier.fr\/wp-content\/uploads\/2019\/11\/avatar.jpg","width":200,"height":200,"caption":"Dami\u00e1n Serrano"},"logo":{"@id":"https:\/\/jesuisuncuisinier.fr\/wp-content\/uploads\/2019\/11\/avatar.jpg"}},{"@type":"Person","@id":"https:\/\/jesuisuncuisinier.fr\/fr\/#\/schema\/person\/c2da7696f2784cce34698e48f989cb2a","name":"Dami\u00e1n","sameAs":["http:\/\/jesuisuncuisinier.fr","https:\/\/x.com\/unptitcuisinier"]}]}},"amp_enabled":true,"_links":{"self":[{"href":"https:\/\/jesuisuncuisinier.fr\/fr\/wp-json\/wp\/v2\/posts\/12023","targetHints":{"allow":["GET"]}}],"collection":[{"href":"https:\/\/jesuisuncuisinier.fr\/fr\/wp-json\/wp\/v2\/posts"}],"about":[{"href":"https:\/\/jesuisuncuisinier.fr\/fr\/wp-json\/wp\/v2\/types\/post"}],"author":[{"embeddable":true,"href":"https:\/\/jesuisuncuisinier.fr\/fr\/wp-json\/wp\/v2\/users\/1"}],"replies":[{"embeddable":true,"href":"https:\/\/jesuisuncuisinier.fr\/fr\/wp-json\/wp\/v2\/comments?post=12023"}],"version-history":[{"count":0,"href":"https:\/\/jesuisuncuisinier.fr\/fr\/wp-json\/wp\/v2\/posts\/12023\/revisions"}],"wp:featuredmedia":[{"embeddable":true,"href":"https:\/\/jesuisuncuisinier.fr\/fr\/wp-json\/wp\/v2\/media\/12031"}],"wp:attachment":[{"href":"https:\/\/jesuisuncuisinier.fr\/fr\/wp-json\/wp\/v2\/media?parent=12023"}],"wp:term":[{"taxonomy":"category","embeddable":true,"href":"https:\/\/jesuisuncuisinier.fr\/fr\/wp-json\/wp\/v2\/categories?post=12023"},{"taxonomy":"post_tag","embeddable":true,"href":"https:\/\/jesuisuncuisinier.fr\/fr\/wp-json\/wp\/v2\/tags?post=12023"}],"curies":[{"name":"wp","href":"https:\/\/api.w.org\/{rel}","templated":true}]}}