{"id":11493,"date":"2019-08-09T18:59:10","date_gmt":"2019-08-09T16:59:10","guid":{"rendered":"http:\/\/jesuisuncuisinier.fr\/fr\/?p=11493"},"modified":"2019-08-09T18:59:10","modified_gmt":"2019-08-09T16:59:10","slug":"tarte-au-thon-tomate-et-moutarde","status":"publish","type":"post","link":"https:\/\/jesuisuncuisinier.fr\/fr\/tarte-au-thon-tomate-et-moutarde\/","title":{"rendered":"Recette de tarte au thon, tomate et moutarde \u00e0 l\u2019ancienne"},"content":{"rendered":"\n<p><strong>J\u2019adore le thon, les tomates et la moutarde.<\/strong> C\u2019est pourquoi quand j\u2019ai go\u00fbt\u00e9 cette tarte par la premi\u00e8re fois je me suis dit qu\u2019elle allait vite \u00eatre parmi mes favorites. Aujourd\u2019hui, j\u2019ajoute cette <strong>tarte au thon, tomate et moutarde<\/strong> \u00e0 mon cahier de recettes avec fiert\u00e9. Je l\u2019ai servi lors d\u2019un repas et l\u2019on m\u2019a dit que c\u2019\u00e9tait la meilleure que l\u2019on n\u2019avait jamais go\u00fbt\u00e9.<\/p>\n<script async src=\"\/\/pagead2.googlesyndication.com\/pagead\/js\/adsbygoogle.js\"><\/script><ins class=\"adsbygoogle\"style=\"display:block\"data-ad-client=\"ca-pub-7750789452383743\"data-ad-slot=\"9252856116\"data-ad-format=\"auto\"><\/ins><script>(adsbygoogle = window.adsbygoogle || []).push({});<\/script><amp-ad width=\"100vw\" height=320 type=\"adsense\" data-ad-client=\"ca-pub-7750789452383743\" data-ad-slot=\"7340373828\" data-auto-format=\"rspv\" data-full-width><div overflow><\/div><\/amp-ad><div class=\"cleaner\" style=\"margin: 10px\"><\/div>\n<h2>Voulez-vous savoir comment faire une tarte au thon, tomate et moutarde\u00a0?<\/h2>\n<p>Pour pr\u00e9parer cette <strong>tarte au thon, tomate et moutarde<\/strong>, je commence toujours par <strong>faire ma p\u00e2te<\/strong>. \u00c7a fait longtemps que je n\u2019ach\u00e8te plus les p\u00e2tes dans le commerce. \u00c7a se fait en quelques minutes, c\u2019est moins cher et c\u2019est meilleur.<\/p>\n<p><img loading=\"lazy\" decoding=\"async\" src=\"http:\/\/jesuisuncuisinier.fr\/wp-content\/uploads\/2019\/08\/tarte-au-thon-tomate-et-moutarde-ingredients.jpg\" alt=\"Tarte au thon, tomate et moutarde (ingr\u00e9dients)\" width=\"640\" height=\"425\" class=\"aligncenter size-full wp-image-11506\" srcset=\"https:\/\/jesuisuncuisinier.fr\/wp-content\/uploads\/2019\/08\/tarte-au-thon-tomate-et-moutarde-ingredients.jpg 640w, https:\/\/jesuisuncuisinier.fr\/wp-content\/uploads\/2019\/08\/tarte-au-thon-tomate-et-moutarde-ingredients-320x213.jpg 320w, https:\/\/jesuisuncuisinier.fr\/wp-content\/uploads\/2019\/08\/tarte-au-thon-tomate-et-moutarde-ingredients-300x200.jpg 300w\" sizes=\"auto, (max-width: 640px) 100vw, 640px\" \/><\/p>\n<p>Ensuite, je fais <strong>d\u00e9gorger les tomates<\/strong> pour enlever le maximum d\u2019eau. Si elles rendent l\u2019eau dans la tarte, \u00e7a va la g\u00e2cher. Finalement, on dispose le thon dans la tarte, les tomates, un appareil \u00e0 la moutarde et ma touche personnelle, quelques herbes (selon le jour et mon humeur), mais presque toujours avec de la ciboulette.<\/p>\n<p>Voici la recette\u00a0:<\/p>\n<p><ins class=\"adsbygoogle\"style=\"display:block\"data-ad-client=\"ca-pub-7750789452383743\"data-ad-slot=\"4190110340\"data-ad-format=\"auto\"data-full-width-responsive=\"true\"><\/ins><script>(adsbygoogle = window.adsbygoogle || []).push({});<\/script> <amp-ad width=\"100vw\" height=320 type=\"adsense\" data-ad-client=\"ca-pub-7750789452383743\" data-ad-slot=\"4190110340\" data-auto-format=\"rspv\" data-full-width><div overflow><\/div><\/amp-ad><div class=\"cleaner\" style=\"margin: 10px\"><\/div><div itemscope itemtype=\"http:\/\/schema.org\/Recipe\">\n<div align=\"justify\" style=\"border-style:solid; border-width: 1px;padding: 10px 10px 10px 10px;\">\n<img loading=\"lazy\" decoding=\"async\" width=\"128\" height=\"85\" src=\"https:\/\/jesuisuncuisinier.fr\/wp-content\/uploads\/2019\/08\/tarte-au-thon-tomate-et-moutarde.jpg\" class=\"attachment-thumbnail size-thumbnail wp-post-image\" alt=\"Tarte au thon, tomate et moutarde\" style=\"float:left; padding: 10px 10px 10px 10px\" srcset=\"https:\/\/jesuisuncuisinier.fr\/wp-content\/uploads\/2019\/08\/tarte-au-thon-tomate-et-moutarde.jpg 640w, https:\/\/jesuisuncuisinier.fr\/wp-content\/uploads\/2019\/08\/tarte-au-thon-tomate-et-moutarde-320x213.jpg 320w, https:\/\/jesuisuncuisinier.fr\/wp-content\/uploads\/2019\/08\/tarte-au-thon-tomate-et-moutarde-300x200.jpg 300w\" sizes=\"auto, (max-width: 128px) 100vw, 128px\" \/>\n<div itemprop=\"image\" itemscope itemtype=\"https:\/\/schema.org\/ImageObject\">\t\n<meta itemprop=\"url\" content=\"https:\/\/jesuisuncuisinier.fr\/wp-content\/uploads\/2019\/08\/tarte-au-thon-tomate-et-moutarde.jpg\">\n<meta itemprop=\"width\" content=\"140\">\n<meta itemprop=\"height\" content=\"85\">\n<\/div>\n<a href=\"https:\/\/jesuisuncuisinier.fr\/fr\/tarte-au-thon-tomate-et-moutarde\/print\/\" rel=\"nofollow\" title=\"Imprimer\"><img decoding=\"async\" src=\"https:\/\/jesuisuncuisinier.fr\/wp-content\/plugins\/wp-print\/images\/printer_famfamfam.gif\" align=\"right\" alt=\"Imprimir\"><\/a>\n<h2 itemprop=\"name\" style=\"padding: 10px 10px 0px 10px\">Recette de tarte au thon, tomate et moutarde \u00e0 l\u2019ancienne<\/h2>\n<span id=\"post-ratings-11493\" class=\"post-ratings\" data-nonce=\"4e6729c170\"><div align=\"center\">Votez pour cette !<\/div>\r\n<div align=\"center\"><img decoding=\"async\" id=\"rating_11493_1\" src=\"https:\/\/jesuisuncuisinier.fr\/wp-content\/plugins\/wp-postratings\/images\/stars_crystal\/rating_on.gif\" alt=\"1 Star\" title=\"1 Star\" onmouseover=\"current_rating(11493, 1, '1 Star');\" onmouseout=\"ratings_off(4.3, 5, 0);\" onclick=\"rate_post();\" onkeypress=\"rate_post();\" style=\"cursor: pointer; border: 0px;\" \/><img decoding=\"async\" id=\"rating_11493_2\" src=\"https:\/\/jesuisuncuisinier.fr\/wp-content\/plugins\/wp-postratings\/images\/stars_crystal\/rating_on.gif\" alt=\"2 Stars\" title=\"2 Stars\" onmouseover=\"current_rating(11493, 2, '2 Stars');\" onmouseout=\"ratings_off(4.3, 5, 0);\" onclick=\"rate_post();\" onkeypress=\"rate_post();\" style=\"cursor: pointer; border: 0px;\" \/><img decoding=\"async\" id=\"rating_11493_3\" src=\"https:\/\/jesuisuncuisinier.fr\/wp-content\/plugins\/wp-postratings\/images\/stars_crystal\/rating_on.gif\" alt=\"3 Stars\" title=\"3 Stars\" onmouseover=\"current_rating(11493, 3, '3 Stars');\" onmouseout=\"ratings_off(4.3, 5, 0);\" onclick=\"rate_post();\" onkeypress=\"rate_post();\" style=\"cursor: pointer; border: 0px;\" \/><img decoding=\"async\" id=\"rating_11493_4\" src=\"https:\/\/jesuisuncuisinier.fr\/wp-content\/plugins\/wp-postratings\/images\/stars_crystal\/rating_on.gif\" alt=\"4 Stars\" title=\"4 Stars\" onmouseover=\"current_rating(11493, 4, '4 Stars');\" onmouseout=\"ratings_off(4.3, 5, 0);\" onclick=\"rate_post();\" onkeypress=\"rate_post();\" style=\"cursor: pointer; border: 0px;\" \/><img decoding=\"async\" id=\"rating_11493_5\" src=\"https:\/\/jesuisuncuisinier.fr\/wp-content\/plugins\/wp-postratings\/images\/stars_crystal\/rating_half.gif\" alt=\"5 Stars\" title=\"5 Stars\" onmouseover=\"current_rating(11493, 5, '5 Stars');\" onmouseout=\"ratings_off(4.3, 5, 0);\" onclick=\"rate_post();\" onkeypress=\"rate_post();\" style=\"cursor: pointer; border: 0px;\" \/><\/div>\r\n<div align=\"center\">Note: 4,33 \/ 5. Votes: 3<\/div><\/span><span id=\"post-ratings-11493-loading\" class=\"post-ratings-loading\"><img loading=\"lazy\" decoding=\"async\" src=\"https:\/\/jesuisuncuisinier.fr\/wp-content\/plugins\/wp-postratings\/images\/loading.gif\" width=\"16\" height=\"16\" class=\"post-ratings-image\" \/>Loading...<\/span><div><\/br><span itemprop=\"author\" itemscope itemtype=\"http:\/\/schema.org\/Person\">   <span itemprop=\"name\" content=\"Damian Serrano\"><\/span> <\/span>\n<b>Personnes:<\/b> <span itemprop=\"recipeYield\">6-8<\/span>   <b>Temps:<\/b> <time itemprop=\"totalTime\" datetime=PT30M>30 m<\/time>   <b>Difficult\u00e9:<\/b> Facile<\/div><div class=\"cleaner\" style=\"margin: 10px\"><\/div><time itemprop=\"dateModified\" datetime=\"2019-08-09\"><\/time> \n<span itemprop=\"description\" content=\"Comment faire une tarte au thon, tomate et moutarde. Recette facile avec photos. Apprenez \u00e0 pr\u00e9parer cette d\u00e9licieuse tarte avec un l\u00e9gume de saison. C\u2019est un r\u00e9gal\u00a0!\" ><\/span>\n<span itemprop=\"recipeCuisine\" content=\"Unknown\" ><\/span>\n<span itemprop=\"recipeCategory\" content=\"Unknown\" ><\/span>\n<span itemprop=\"keywords\" content=\"Unknown\" ><\/span>\n<div class=\"note-wrapper\"><div class=\"note-top\"><\/div><div class=\"note-content\"><h3 style=\"padding-left: 10px; margin-bottom: 10px;\">Ingr\u00e9dients<\/h3>\n<ul>\n<li itemprop=\"recipeIngredient\">200 g de thon \u00e0 l\u2019huile<\/li>\n<li itemprop=\"recipeIngredient\">2 \u00e0 3 tomates<\/li>\n<li itemprop=\"recipeIngredient\">1 grosse cuiller\u00e9e \u00e0 soupe de moutarde \u00e0 l\u2019ancienne<\/li>\n<li itemprop=\"recipeIngredient\">1 cuiller\u00e9e \u00e0 soupe de moutarde mi-forte (facultatif)<\/li>\n<li itemprop=\"recipeIngredient\">3 gros \u0153ufs<\/li>\n<li itemprop=\"recipeIngredient\">150\u00a0ml de lait entier<\/li>\n<li itemprop=\"recipeIngredient\">150\u00a0ml de cr\u00e8me fra\u00eeche (liquide ou \u00e9paisse)<\/li>\n<li itemprop=\"recipeIngredient\">De la ciboulette (fra\u00eeche ou s\u00e8che)<\/li>\n<li itemprop=\"recipeIngredient\">Sel et poivre noir moulu<\/li>\n<\/ul><b>1 p\u00e2te bris\u00e9e (ou feuillet\u00e9e)\u00a0:<\/b><ul>\n<li itemprop=\"recipeIngredient\">150\u00a0g de farine de bl\u00e9 tout usage<\/li>\n<li itemprop=\"recipeIngredient\">75\u00a0g de beurre<\/li>\n<li itemprop=\"recipeIngredient\">1 trait de lait (facultatif)<\/li>\n<li itemprop=\"recipeIngredient\">1 \u0153uf moyen<\/li>\n<li itemprop=\"recipeIngredient\">Sel et poivre noir moulu<\/li>\n<\/ul>\n<br \/><\/div><div class=\"note-bottom\"><\/div>\n<\/div> <!-- \/ #ingredients -->\n<div align=\"justify\" class=\"directions-wrapper\"><h3>\u00c9laboration<\/h3><div class=\"directions-content instructions\" >\n<\/p>\n<ol>\n<li itemprop=\"recipeInstructions\"><strong>Faire la p\u00e2te bris\u00e9e<\/strong> : M\u00e9langer la farine et le beurre bien froid jusqu\u2019\u00e0 obtenir une consistance sableuse. Saler. Poivrer. Ajouter l\u2019\u0153uf et m\u00e9langer. Si la p\u00e2te est trop s\u00e8che, ajouter un tout petit peu de lait. P\u00e9trir tr\u00e8s peu. Juste pour lier les ingr\u00e9dients. Laisser reposer au frais au moins 30 minutes, mieux 2 heures ou m\u00eame un jour.<\/li>\n<li itemprop=\"recipeInstructions\">Couper les tomates en rondelles d\u2019un demi-centim\u00e8tre d\u2019\u00e9paisseur. Les saler et les laisser reposer dans une passoire pour leur faire perdre le maximum d\u2019eau.<br \/>\n<img loading=\"lazy\" decoding=\"async\" src=\"http:\/\/jesuisuncuisinier.fr\/wp-content\/uploads\/2019\/08\/tarte-au-thon-tomate-et-moutarde-rondelles.jpg\" alt=\"Tarte au thon, tomate et moutarde (rondelles)\" width=\"300\" height=\"199\" class=\"aligncenter wp-image-11504\" srcset=\"https:\/\/jesuisuncuisinier.fr\/wp-content\/uploads\/2019\/08\/tarte-au-thon-tomate-et-moutarde-rondelles.jpg 640w, https:\/\/jesuisuncuisinier.fr\/wp-content\/uploads\/2019\/08\/tarte-au-thon-tomate-et-moutarde-rondelles-320x213.jpg 320w, https:\/\/jesuisuncuisinier.fr\/wp-content\/uploads\/2019\/08\/tarte-au-thon-tomate-et-moutarde-rondelles-300x200.jpg 300w\" sizes=\"auto, (max-width: 300px) 100vw, 300px\" \/><\/li>\n<li itemprop=\"recipeInstructions\">Pr\u00e9chauffer le four \u00e0 175\u00a0\u00b0 C.<\/li>\n<li itemprop=\"recipeInstructions\">\u00c9goutter le thon et l\u2019\u00e9mietter.<\/li>\n<li itemprop=\"recipeInstructions\">Dans un saladier ou cul-de-poule, m\u00e9langer les \u0153ufs avec le lait et la cr\u00e8me.<br \/>\n<img loading=\"lazy\" decoding=\"async\" src=\"http:\/\/jesuisuncuisinier.fr\/wp-content\/uploads\/2019\/08\/tarte-au-thon-tomate-et-moutarde-oeufs-lait-et-creme.jpg\" alt=\"Tarte au thon, tomate et moutarde (\u0153ufs, lait et cr\u00e8me)\" width=\"640\" height=\"425\" class=\"aligncenter size-full wp-image-11505\" srcset=\"https:\/\/jesuisuncuisinier.fr\/wp-content\/uploads\/2019\/08\/tarte-au-thon-tomate-et-moutarde-oeufs-lait-et-creme.jpg 640w, https:\/\/jesuisuncuisinier.fr\/wp-content\/uploads\/2019\/08\/tarte-au-thon-tomate-et-moutarde-oeufs-lait-et-creme-320x213.jpg 320w, https:\/\/jesuisuncuisinier.fr\/wp-content\/uploads\/2019\/08\/tarte-au-thon-tomate-et-moutarde-oeufs-lait-et-creme-300x200.jpg 300w\" sizes=\"auto, (max-width: 640px) 100vw, 640px\" \/><\/li>\n<li itemprop=\"recipeInstructions\">Ajouter la moutarde \u00e0 l\u2019ancienne et \u00e9ventuellement la moutarde mi-forte.<br \/>\n<img loading=\"lazy\" decoding=\"async\" src=\"http:\/\/jesuisuncuisinier.fr\/wp-content\/uploads\/2019\/08\/tarte-au-thon-tomate-et-moutarde-cuiller\u00e9e-de-moutarde.jpg\" alt=\"Tarte au thon, tomate et moutarde (cuiller\u00e9e de moutarde)\" width=\"640\" height=\"425\" class=\"aligncenter size-full wp-image-11507\" srcset=\"https:\/\/jesuisuncuisinier.fr\/wp-content\/uploads\/2019\/08\/tarte-au-thon-tomate-et-moutarde-cuiller\u00e9e-de-moutarde.jpg 640w, https:\/\/jesuisuncuisinier.fr\/wp-content\/uploads\/2019\/08\/tarte-au-thon-tomate-et-moutarde-cuiller\u00e9e-de-moutarde-320x213.jpg 320w, https:\/\/jesuisuncuisinier.fr\/wp-content\/uploads\/2019\/08\/tarte-au-thon-tomate-et-moutarde-cuiller\u00e9e-de-moutarde-300x200.jpg 300w\" sizes=\"auto, (max-width: 640px) 100vw, 640px\" \/><\/li>\n<li itemprop=\"recipeInstructions\">De la ciboulette hach\u00e9e selon votre go\u00fbt.<br \/>\n<img loading=\"lazy\" decoding=\"async\" src=\"http:\/\/jesuisuncuisinier.fr\/wp-content\/uploads\/2019\/08\/tarte-au-thon-tomate-et-moutarde-ciboulette.jpg\" alt=\"Tarte au thon, tomate et moutarde (ciboulette)\" width=\"640\" height=\"425\" class=\"aligncenter size-full wp-image-11508\" srcset=\"https:\/\/jesuisuncuisinier.fr\/wp-content\/uploads\/2019\/08\/tarte-au-thon-tomate-et-moutarde-ciboulette.jpg 640w, https:\/\/jesuisuncuisinier.fr\/wp-content\/uploads\/2019\/08\/tarte-au-thon-tomate-et-moutarde-ciboulette-320x213.jpg 320w, https:\/\/jesuisuncuisinier.fr\/wp-content\/uploads\/2019\/08\/tarte-au-thon-tomate-et-moutarde-ciboulette-300x200.jpg 300w\" sizes=\"auto, (max-width: 640px) 100vw, 640px\" \/><\/li>\n<li itemprop=\"recipeInstructions\">\u00c9taler la p\u00e2te sur une surface farin\u00e9e et foncer le moule \u00e0 tarte.<br \/>\n<img loading=\"lazy\" decoding=\"async\" src=\"http:\/\/jesuisuncuisinier.fr\/wp-content\/uploads\/2019\/08\/tarte-au-thon-tomate-et-moutarde-foncer-le-moule.jpg\" alt=\"Tarte au thon, tomate et moutarde (foncer)\" width=\"640\" height=\"425\" class=\"aligncenter size-full wp-image-11502\" srcset=\"https:\/\/jesuisuncuisinier.fr\/wp-content\/uploads\/2019\/08\/tarte-au-thon-tomate-et-moutarde-foncer-le-moule.jpg 640w, https:\/\/jesuisuncuisinier.fr\/wp-content\/uploads\/2019\/08\/tarte-au-thon-tomate-et-moutarde-foncer-le-moule-320x213.jpg 320w, https:\/\/jesuisuncuisinier.fr\/wp-content\/uploads\/2019\/08\/tarte-au-thon-tomate-et-moutarde-foncer-le-moule-300x200.jpg 300w\" sizes=\"auto, (max-width: 640px) 100vw, 640px\" \/><\/li>\n<li itemprop=\"recipeInstructions\">Piquer le fond de la tarte \u00e0 l\u2019aide d\u2019une fourchette.<br \/>\n<img loading=\"lazy\" decoding=\"async\" src=\"http:\/\/jesuisuncuisinier.fr\/wp-content\/uploads\/2019\/08\/tarte-au-thon-tomate-et-moutarde-piquer.jpg\" alt=\"Tarte au thon, tomate et moutarde (piquer)\" width=\"640\" height=\"425\" class=\"aligncenter size-full wp-image-11500\" srcset=\"https:\/\/jesuisuncuisinier.fr\/wp-content\/uploads\/2019\/08\/tarte-au-thon-tomate-et-moutarde-piquer.jpg 640w, https:\/\/jesuisuncuisinier.fr\/wp-content\/uploads\/2019\/08\/tarte-au-thon-tomate-et-moutarde-piquer-320x213.jpg 320w, https:\/\/jesuisuncuisinier.fr\/wp-content\/uploads\/2019\/08\/tarte-au-thon-tomate-et-moutarde-piquer-300x200.jpg 300w\" sizes=\"auto, (max-width: 640px) 100vw, 640px\" \/><\/li>\n<li itemprop=\"recipeInstructions\">R\u00e9partir le thon \u00e9miett\u00e9 dans la tarte.<br \/>\n<img loading=\"lazy\" decoding=\"async\" src=\"http:\/\/jesuisuncuisinier.fr\/wp-content\/uploads\/2019\/08\/tarte-au-thon-tomate-et-moutarde-thon.jpg\" alt=\"Tarte au thon, tomate et moutarde (thon)\" width=\"640\" height=\"425\" class=\"aligncenter size-full wp-image-11497\" srcset=\"https:\/\/jesuisuncuisinier.fr\/wp-content\/uploads\/2019\/08\/tarte-au-thon-tomate-et-moutarde-thon.jpg 640w, https:\/\/jesuisuncuisinier.fr\/wp-content\/uploads\/2019\/08\/tarte-au-thon-tomate-et-moutarde-thon-320x213.jpg 320w, https:\/\/jesuisuncuisinier.fr\/wp-content\/uploads\/2019\/08\/tarte-au-thon-tomate-et-moutarde-thon-300x200.jpg 300w\" sizes=\"auto, (max-width: 640px) 100vw, 640px\" \/><\/li>\n<li itemprop=\"recipeInstructions\">Bien s\u00e9cher les rondelles de tomate et les disposer dessus.<br \/>\n<img loading=\"lazy\" decoding=\"async\" src=\"http:\/\/jesuisuncuisinier.fr\/wp-content\/uploads\/2019\/08\/tarte-au-thon-tomate-et-moutarde-tomates.jpg\" alt=\"Tarte au thon, tomate et moutarde (tomates)\" width=\"640\" height=\"425\" class=\"aligncenter size-full wp-image-11496\" srcset=\"https:\/\/jesuisuncuisinier.fr\/wp-content\/uploads\/2019\/08\/tarte-au-thon-tomate-et-moutarde-tomates.jpg 640w, https:\/\/jesuisuncuisinier.fr\/wp-content\/uploads\/2019\/08\/tarte-au-thon-tomate-et-moutarde-tomates-320x213.jpg 320w, https:\/\/jesuisuncuisinier.fr\/wp-content\/uploads\/2019\/08\/tarte-au-thon-tomate-et-moutarde-tomates-300x200.jpg 300w\" sizes=\"auto, (max-width: 640px) 100vw, 640px\" \/><\/li>\n<li itemprop=\"recipeInstructions\">Verser l\u2019appareil \u00e0 la moutarde dans la tarte.<br \/>\n<img loading=\"lazy\" decoding=\"async\" src=\"http:\/\/jesuisuncuisinier.fr\/wp-content\/uploads\/2019\/08\/tarte-au-thon-tomate-et-moutarde-appareil.jpg\" alt=\"Tarte au thon, tomate et moutarde (appareil)\" width=\"640\" height=\"425\" class=\"aligncenter size-full wp-image-11503\" srcset=\"https:\/\/jesuisuncuisinier.fr\/wp-content\/uploads\/2019\/08\/tarte-au-thon-tomate-et-moutarde-appareil.jpg 640w, https:\/\/jesuisuncuisinier.fr\/wp-content\/uploads\/2019\/08\/tarte-au-thon-tomate-et-moutarde-appareil-320x213.jpg 320w, https:\/\/jesuisuncuisinier.fr\/wp-content\/uploads\/2019\/08\/tarte-au-thon-tomate-et-moutarde-appareil-300x200.jpg 300w\" sizes=\"auto, (max-width: 640px) 100vw, 640px\" \/><\/li>\n<li itemprop=\"recipeInstructions\">Enfourner \u00e0 mi-hauteur pendant 30 \u00e0 40 minutes ou jusqu\u2019\u00e0 ce que la surface soit dor\u00e9e selon votre go\u00fbt.<br \/>\n<img loading=\"lazy\" decoding=\"async\" src=\"http:\/\/jesuisuncuisinier.fr\/wp-content\/uploads\/2019\/08\/tarte-au-thon-tomate-et-moutarde-four.jpg\" alt=\"Tarte au thon, tomate et moutarde (four)\" width=\"640\" height=\"425\" class=\"aligncenter size-full wp-image-11501\" srcset=\"https:\/\/jesuisuncuisinier.fr\/wp-content\/uploads\/2019\/08\/tarte-au-thon-tomate-et-moutarde-four.jpg 640w, https:\/\/jesuisuncuisinier.fr\/wp-content\/uploads\/2019\/08\/tarte-au-thon-tomate-et-moutarde-four-320x213.jpg 320w, https:\/\/jesuisuncuisinier.fr\/wp-content\/uploads\/2019\/08\/tarte-au-thon-tomate-et-moutarde-four-300x200.jpg 300w\" sizes=\"auto, (max-width: 640px) 100vw, 640px\" \/><\/li>\n<li itemprop=\"recipeInstructions\">Laisser reposer 10 minutes.<br \/>\n<img loading=\"lazy\" decoding=\"async\" src=\"http:\/\/jesuisuncuisinier.fr\/wp-content\/uploads\/2019\/08\/tarte-au-thon-tomate-et-moutarde-repos.jpg\" alt=\"Tarte au thon, tomate et moutarde (repos)\" width=\"640\" height=\"425\" class=\"aligncenter size-full wp-image-11498\" srcset=\"https:\/\/jesuisuncuisinier.fr\/wp-content\/uploads\/2019\/08\/tarte-au-thon-tomate-et-moutarde-repos.jpg 640w, https:\/\/jesuisuncuisinier.fr\/wp-content\/uploads\/2019\/08\/tarte-au-thon-tomate-et-moutarde-repos-320x213.jpg 320w, https:\/\/jesuisuncuisinier.fr\/wp-content\/uploads\/2019\/08\/tarte-au-thon-tomate-et-moutarde-repos-300x200.jpg 300w\" sizes=\"auto, (max-width: 640px) 100vw, 640px\" \/><\/li>\n<li itemprop=\"recipeInstructions\">Voil\u00e0\u00a0! C\u2019est pr\u00eat\u00a0! Bonne d\u00e9gustation\u00a0!<\/li>\n<\/ol>\n<p><\/div><div class=\"cleaner\" style=\"padding-bottom: 10px;\">&nbsp;<\/div><\/div> <!-- \/# directions -->\n<script async src=\"https:\/\/pagead2.googlesyndication.com\/pagead\/js\/adsbygoogle.js\"><\/script><ins class=\"adsbygoogle\"style=\"display:block\"data-ad-client=\"ca-pub-7750789452383743\"data-ad-slot=\"3064891712\"data-ad-format=\"auto\"><\/ins><script async>(adsbygoogle = window.adsbygoogle || []).push({});<\/script> <amp-ad width=\"100vw\" height=320 type=\"adsense\" data-ad-client=\"ca-pub-7750789452383743\" data-ad-slot=\"1189241592\" data-auto-format=\"rspv\" data-full-width><div overflow><\/div><\/amp-ad><div align=\"justify\" class=\"hints-wrapper\" ><h3>Conseils et astuces<\/h3><div class=\"hints-content hints\"><\/p>\n<ul>\n<li>Cette tarte peut \u00eatre consomm\u00e9e en <strong>entr\u00e9e<\/strong> ou <strong>comme plat<\/strong> avec une <strong>bonne salade en accompagnement<\/strong>.<\/li>\n<li>Vous pouvez utiliser le <strong>m\u00e9lange de moutarde<\/strong> que vous voulez.<\/li>\n<li>On peut <strong>remplacer la ciboulette<\/strong> par du <strong>persil<\/strong>, du <strong>thym<\/strong>, des <strong>herbes de Provence<\/strong> ou du <strong>basilic<\/strong>. J\u2019adore aussi mettre du <strong>vert d\u2019oignon nouveau<\/strong>.<\/li>\n<li>Pour plus de d\u00e9tails et conseils pour faire la <a href=\"http:\/\/jesuisuncuisinier.fr\/fr\/pate-brisee\/\" target=\"_blank\" rel=\"noopener noreferrer\"><strong>p\u00e2te bris\u00e9e<\/strong><\/a> ou m\u00eame une <a href=\"http:\/\/jesuisuncuisinier.fr\/fr\/pate-a-tarte-sans-beurre\/\" target=\"_blank\" rel=\"noopener noreferrer\"><strong>p\u00e2te \u00e0 tarte sans beurre<\/strong><\/a>, suivez le lien.<\/li>\n<li>N\u2019h\u00e9sitez pas \u00e0 <strong>bien s\u00e9cher les tomates<\/strong>, m\u00eame les presser un peu dans un torchon pour qu\u2019elles ne rendent pas trop de liquide lors de la cuisson.<\/li>\n<li>Sur le blog vous trouverez \u00e9galement une d\u00e9licieuse <a href=\"http:\/\/jesuisuncuisinier.fr\/fr\/quiche-a-la-ventreche-de-thon-et-a-loignon-nouveau\/\" target=\"_blank\" rel=\"noopener noreferrer\"><strong>quiche au thon<\/strong><\/a>, une <a href=\"http:\/\/jesuisuncuisinier.fr\/fr\/tarte-tatin-aux-tomates-et-fromage-de-chevre\/\" target=\"_blank\" rel=\"noopener noreferrer\"><strong>tarte Tatin aux tomates<\/strong><\/a>, la classique <a href=\"http:\/\/jesuisuncuisinier.fr\/fr\/quiche-lorraine\/\" target=\"_blank\" rel=\"noopener noreferrer\"><strong>quiche lorraine<\/strong><\/a> ou une <a href=\"http:\/\/jesuisuncuisinier.fr\/fr\/quiche-au-jambon-et-comte\/\" target=\"_blank\" rel=\"noopener noreferrer\"><strong>quiche jambon fromage<\/strong><\/a>.<\/li>\n<\/ul>\n<p><\/div><\/div> <!-- \/# hints --><\/div><div class=\"cleaner\" style=\"padding-bottom: 10px;\">&nbsp;<\/div><\/div><!-- \/ #recipe --> \n<br \/>\n<\/p>\n<p><img loading=\"lazy\" decoding=\"async\" src=\"http:\/\/jesuisuncuisinier.fr\/wp-content\/uploads\/2019\/08\/tarte-au-thon-tomate-et-moutarde-recette.jpg\" alt=\"Tarte au thon, tomate et moutarde (recette)\" width=\"640\" height=\"425\" class=\"aligncenter size-full wp-image-11499\" srcset=\"https:\/\/jesuisuncuisinier.fr\/wp-content\/uploads\/2019\/08\/tarte-au-thon-tomate-et-moutarde-recette.jpg 640w, https:\/\/jesuisuncuisinier.fr\/wp-content\/uploads\/2019\/08\/tarte-au-thon-tomate-et-moutarde-recette-320x213.jpg 320w, https:\/\/jesuisuncuisinier.fr\/wp-content\/uploads\/2019\/08\/tarte-au-thon-tomate-et-moutarde-recette-300x200.jpg 300w\" sizes=\"auto, (max-width: 640px) 100vw, 640px\" \/><\/p>\n<h3>Maintenant, vous savez comment faire une tarte au thon, tomate et moutarde<\/h3>\n<p>Avez-vous aim\u00e9 la recette\u00a0? J\u2019esp\u00e8re que vous aurez l\u2019opportunit\u00e9 de la faire. Vous verrez c\u2019est super bon.<\/p>\n<p>Que vous aimiez ma recette ou pas, je vous encourage \u00e0 me laisser un commentaire ci-dessous. Je suis curieux de conna\u00eetre votre opinion. Si vous avez des suggestions sur cette tarte ou s\u2019il faut que je donne plus d\u2019explications, n\u2019h\u00e9sitez pas \u00e0 demander.<\/p>\n<p>Pour finir, si vous \u00eates fan des <strong>tartes aux l\u00e9gumes d\u2019\u00e9t\u00e9<\/strong>, je vous invite \u00e0 me donner votre soutien en mettant une note \u00e0 la recette, en cliquant sur le bouton \u00ab\u00a0j\u2019aime\u00a0\u00bb et en partageant cette <strong>tarte au thon tomates et moutarde<\/strong> sur vos r\u00e9seaux sociaux.<\/p>\n\n<p>\u00c0 bient\u00f4t\u00a0!<\/p>\n<p><\/p>\n","protected":false},"excerpt":{"rendered":"<p>Comment faire une tarte au thon, tomate et moutarde. Recette facile avec photos. Apprenez \u00e0 pr\u00e9parer cette d\u00e9licieuse tarte avec un l\u00e9gume de saison. C\u2019est un r\u00e9gal\u00a0!<\/p>\n","protected":false},"author":1,"featured_media":11495,"comment_status":"open","ping_status":"open","sticky":false,"template":"","format":"standard","meta":{"_yoast_wpseo_focuskw":"tarte au thon tomate et moutarde","_yoast_wpseo_metadesc":"Comment faire une tarte au thon, tomate et moutarde. Recette facile avec photos. Apprenez \u00e0 pr\u00e9parer cette tarte avec un l\u00e9gume de saison. C\u2019est un r\u00e9gal\u00a0!","footnotes":""},"categories":[20,843,854],"tags":[87,26,959,875,1141],"class_list":["post-11493","post","type-post","status-publish","format-standard","has-post-thumbnail","hentry","category-recette","category-poisson-et-fruits-de-mer","category-pizzas-et-quiches","tag-thon","tag-tarte","tag-tomates","tag-moutarde","tag-thon-en-boite"],"yoast_head":"<!-- This site is optimized with the Yoast SEO plugin v27.4 - https:\/\/yoast.com\/product\/yoast-seo-wordpress\/ -->\n<title>Recette de tarte au thon, tomate et moutarde \u00e0 l\u2019ancienne<\/title>\n<meta name=\"description\" content=\"Comment faire une tarte au thon, tomate et moutarde. Recette facile avec photos. Apprenez \u00e0 pr\u00e9parer cette tarte avec un l\u00e9gume de saison. C\u2019est un r\u00e9gal\u00a0!\" \/>\n<meta name=\"robots\" content=\"index, follow, max-snippet:-1, max-image-preview:large, max-video-preview:-1\" \/>\n<link rel=\"canonical\" href=\"https:\/\/jesuisuncuisinier.fr\/fr\/tarte-au-thon-tomate-et-moutarde\/\" \/>\n<meta property=\"og:locale\" content=\"fr_FR\" \/>\n<meta property=\"og:type\" content=\"article\" \/>\n<meta property=\"og:title\" content=\"Recette de tarte au thon, tomate et moutarde \u00e0 l\u2019ancienne\" \/>\n<meta property=\"og:description\" content=\"Comment faire une tarte au thon, tomate et moutarde. Recette facile avec photos. Apprenez \u00e0 pr\u00e9parer cette tarte avec un l\u00e9gume de saison. C\u2019est un r\u00e9gal\u00a0!\" \/>\n<meta property=\"og:url\" content=\"https:\/\/jesuisuncuisinier.fr\/fr\/tarte-au-thon-tomate-et-moutarde\/\" \/>\n<meta property=\"og:site_name\" content=\"Je suis un cuisinier - Recettes faciles\" \/>\n<meta property=\"article:published_time\" content=\"2019-08-09T16:59:10+00:00\" \/>\n<meta property=\"og:image\" content=\"https:\/\/jesuisuncuisinier.fr\/wp-content\/uploads\/2019\/08\/tarte-au-thon-tomate-et-moutarde.jpg\" \/>\n\t<meta property=\"og:image:width\" content=\"640\" \/>\n\t<meta property=\"og:image:height\" content=\"425\" \/>\n\t<meta property=\"og:image:type\" content=\"image\/jpeg\" \/>\n<meta name=\"author\" content=\"Dami\u00e1n\" \/>\n<meta name=\"twitter:card\" content=\"summary_large_image\" \/>\n<meta name=\"twitter:creator\" content=\"@unptitcuisinier\" \/>\n<meta name=\"twitter:site\" content=\"@unptitcuisinier\" \/>\n<meta name=\"twitter:label1\" content=\"\u00c9crit par\" \/>\n\t<meta name=\"twitter:data1\" content=\"Dami\u00e1n\" \/>\n\t<meta name=\"twitter:label2\" content=\"Dur\u00e9e de lecture estim\u00e9e\" \/>\n\t<meta name=\"twitter:data2\" content=\"4 minutes\" \/>\n<script type=\"application\/ld+json\" class=\"yoast-schema-graph\">{\"@context\":\"https:\\\/\\\/schema.org\",\"@graph\":[{\"@type\":\"Article\",\"@id\":\"https:\\\/\\\/jesuisuncuisinier.fr\\\/fr\\\/tarte-au-thon-tomate-et-moutarde\\\/#article\",\"isPartOf\":{\"@id\":\"https:\\\/\\\/jesuisuncuisinier.fr\\\/fr\\\/tarte-au-thon-tomate-et-moutarde\\\/\"},\"author\":{\"name\":\"Dami\u00e1n\",\"@id\":\"https:\\\/\\\/jesuisuncuisinier.fr\\\/fr\\\/#\\\/schema\\\/person\\\/c2da7696f2784cce34698e48f989cb2a\"},\"headline\":\"Recette de tarte au thon, tomate et moutarde \u00e0 l\u2019ancienne\",\"datePublished\":\"2019-08-09T16:59:10+00:00\",\"mainEntityOfPage\":{\"@id\":\"https:\\\/\\\/jesuisuncuisinier.fr\\\/fr\\\/tarte-au-thon-tomate-et-moutarde\\\/\"},\"wordCount\":817,\"commentCount\":4,\"publisher\":{\"@id\":\"https:\\\/\\\/jesuisuncuisinier.fr\\\/fr\\\/#\\\/schema\\\/person\\\/04d97b7b1ae2f60e14cd96fc10a341aa\"},\"image\":{\"@id\":\"https:\\\/\\\/jesuisuncuisinier.fr\\\/fr\\\/tarte-au-thon-tomate-et-moutarde\\\/#primaryimage\"},\"thumbnailUrl\":\"https:\\\/\\\/jesuisuncuisinier.fr\\\/wp-content\\\/uploads\\\/2019\\\/08\\\/tarte-au-thon-tomate-et-moutarde.jpg\",\"keywords\":[\"thon\",\"tarte\",\"tomates\",\"moutarde\",\"thon en bo\u00eete\"],\"articleSection\":[\"recette\",\"Recettes de poisson et fruits de mer\",\"Pizzas et Quiches\"],\"inLanguage\":\"fr-FR\",\"potentialAction\":[{\"@type\":\"CommentAction\",\"name\":\"Comment\",\"target\":[\"https:\\\/\\\/jesuisuncuisinier.fr\\\/fr\\\/tarte-au-thon-tomate-et-moutarde\\\/#respond\"]}]},{\"@type\":\"WebPage\",\"@id\":\"https:\\\/\\\/jesuisuncuisinier.fr\\\/fr\\\/tarte-au-thon-tomate-et-moutarde\\\/\",\"url\":\"https:\\\/\\\/jesuisuncuisinier.fr\\\/fr\\\/tarte-au-thon-tomate-et-moutarde\\\/\",\"name\":\"Recette de tarte au thon, tomate et moutarde \u00e0 l\u2019ancienne\",\"isPartOf\":{\"@id\":\"https:\\\/\\\/jesuisuncuisinier.fr\\\/fr\\\/#website\"},\"primaryImageOfPage\":{\"@id\":\"https:\\\/\\\/jesuisuncuisinier.fr\\\/fr\\\/tarte-au-thon-tomate-et-moutarde\\\/#primaryimage\"},\"image\":{\"@id\":\"https:\\\/\\\/jesuisuncuisinier.fr\\\/fr\\\/tarte-au-thon-tomate-et-moutarde\\\/#primaryimage\"},\"thumbnailUrl\":\"https:\\\/\\\/jesuisuncuisinier.fr\\\/wp-content\\\/uploads\\\/2019\\\/08\\\/tarte-au-thon-tomate-et-moutarde.jpg\",\"datePublished\":\"2019-08-09T16:59:10+00:00\",\"description\":\"Comment faire une tarte au thon, tomate et moutarde. Recette facile avec photos. Apprenez \u00e0 pr\u00e9parer cette tarte avec un l\u00e9gume de saison. C\u2019est un r\u00e9gal\u00a0!\",\"breadcrumb\":{\"@id\":\"https:\\\/\\\/jesuisuncuisinier.fr\\\/fr\\\/tarte-au-thon-tomate-et-moutarde\\\/#breadcrumb\"},\"inLanguage\":\"fr-FR\",\"potentialAction\":[{\"@type\":\"ReadAction\",\"target\":[\"https:\\\/\\\/jesuisuncuisinier.fr\\\/fr\\\/tarte-au-thon-tomate-et-moutarde\\\/\"]}]},{\"@type\":\"ImageObject\",\"inLanguage\":\"fr-FR\",\"@id\":\"https:\\\/\\\/jesuisuncuisinier.fr\\\/fr\\\/tarte-au-thon-tomate-et-moutarde\\\/#primaryimage\",\"url\":\"https:\\\/\\\/jesuisuncuisinier.fr\\\/wp-content\\\/uploads\\\/2019\\\/08\\\/tarte-au-thon-tomate-et-moutarde.jpg\",\"contentUrl\":\"https:\\\/\\\/jesuisuncuisinier.fr\\\/wp-content\\\/uploads\\\/2019\\\/08\\\/tarte-au-thon-tomate-et-moutarde.jpg\",\"width\":640,\"height\":425,\"caption\":\"Tarte au thon, tomate et moutarde\"},{\"@type\":\"BreadcrumbList\",\"@id\":\"https:\\\/\\\/jesuisuncuisinier.fr\\\/fr\\\/tarte-au-thon-tomate-et-moutarde\\\/#breadcrumb\",\"itemListElement\":[{\"@type\":\"ListItem\",\"position\":1,\"name\":\"Portada\",\"item\":\"https:\\\/\\\/jesuisuncuisinier.fr\\\/fr\\\/\"},{\"@type\":\"ListItem\",\"position\":2,\"name\":\"Recette de tarte au thon, tomate et moutarde \u00e0 l\u2019ancienne\"}]},{\"@type\":\"WebSite\",\"@id\":\"https:\\\/\\\/jesuisuncuisinier.fr\\\/fr\\\/#website\",\"url\":\"https:\\\/\\\/jesuisuncuisinier.fr\\\/fr\\\/\",\"name\":\"Je suis un cuisinier - Recettes faciles\",\"description\":\"Recettes de cuisine faciles pour tous les jours. Cuisine fran\u00e7aise, espagnole et d&#039;ailleurs.\",\"publisher\":{\"@id\":\"https:\\\/\\\/jesuisuncuisinier.fr\\\/fr\\\/#\\\/schema\\\/person\\\/04d97b7b1ae2f60e14cd96fc10a341aa\"},\"potentialAction\":[{\"@type\":\"SearchAction\",\"target\":{\"@type\":\"EntryPoint\",\"urlTemplate\":\"https:\\\/\\\/jesuisuncuisinier.fr\\\/fr\\\/?s={search_term_string}\"},\"query-input\":{\"@type\":\"PropertyValueSpecification\",\"valueRequired\":true,\"valueName\":\"search_term_string\"}}],\"inLanguage\":\"fr-FR\"},{\"@type\":[\"Person\",\"Organization\"],\"@id\":\"https:\\\/\\\/jesuisuncuisinier.fr\\\/fr\\\/#\\\/schema\\\/person\\\/04d97b7b1ae2f60e14cd96fc10a341aa\",\"name\":\"Dami\u00e1n Serrano\",\"image\":{\"@type\":\"ImageObject\",\"inLanguage\":\"fr-FR\",\"@id\":\"https:\\\/\\\/jesuisuncuisinier.fr\\\/wp-content\\\/uploads\\\/2019\\\/11\\\/avatar.jpg\",\"url\":\"https:\\\/\\\/jesuisuncuisinier.fr\\\/wp-content\\\/uploads\\\/2019\\\/11\\\/avatar.jpg\",\"contentUrl\":\"https:\\\/\\\/jesuisuncuisinier.fr\\\/wp-content\\\/uploads\\\/2019\\\/11\\\/avatar.jpg\",\"width\":200,\"height\":200,\"caption\":\"Dami\u00e1n Serrano\"},\"logo\":{\"@id\":\"https:\\\/\\\/jesuisuncuisinier.fr\\\/wp-content\\\/uploads\\\/2019\\\/11\\\/avatar.jpg\"}},{\"@type\":\"Person\",\"@id\":\"https:\\\/\\\/jesuisuncuisinier.fr\\\/fr\\\/#\\\/schema\\\/person\\\/c2da7696f2784cce34698e48f989cb2a\",\"name\":\"Dami\u00e1n\",\"sameAs\":[\"http:\\\/\\\/jesuisuncuisinier.fr\",\"https:\\\/\\\/x.com\\\/unptitcuisinier\"]}]}<\/script>\n<!-- \/ Yoast SEO plugin. -->","yoast_head_json":{"title":"Recette de tarte au thon, tomate et moutarde \u00e0 l\u2019ancienne","description":"Comment faire une tarte au thon, tomate et moutarde. Recette facile avec photos. Apprenez \u00e0 pr\u00e9parer cette tarte avec un l\u00e9gume de saison. C\u2019est un r\u00e9gal\u00a0!","robots":{"index":"index","follow":"follow","max-snippet":"max-snippet:-1","max-image-preview":"max-image-preview:large","max-video-preview":"max-video-preview:-1"},"canonical":"https:\/\/jesuisuncuisinier.fr\/fr\/tarte-au-thon-tomate-et-moutarde\/","og_locale":"fr_FR","og_type":"article","og_title":"Recette de tarte au thon, tomate et moutarde \u00e0 l\u2019ancienne","og_description":"Comment faire une tarte au thon, tomate et moutarde. Recette facile avec photos. Apprenez \u00e0 pr\u00e9parer cette tarte avec un l\u00e9gume de saison. C\u2019est un r\u00e9gal\u00a0!","og_url":"https:\/\/jesuisuncuisinier.fr\/fr\/tarte-au-thon-tomate-et-moutarde\/","og_site_name":"Je suis un cuisinier - Recettes faciles","article_published_time":"2019-08-09T16:59:10+00:00","og_image":[{"width":640,"height":425,"url":"https:\/\/jesuisuncuisinier.fr\/wp-content\/uploads\/2019\/08\/tarte-au-thon-tomate-et-moutarde.jpg","type":"image\/jpeg"}],"author":"Dami\u00e1n","twitter_card":"summary_large_image","twitter_creator":"@unptitcuisinier","twitter_site":"@unptitcuisinier","twitter_misc":{"\u00c9crit par":"Dami\u00e1n","Dur\u00e9e de lecture estim\u00e9e":"4 minutes"},"schema":{"@context":"https:\/\/schema.org","@graph":[{"@type":"Article","@id":"https:\/\/jesuisuncuisinier.fr\/fr\/tarte-au-thon-tomate-et-moutarde\/#article","isPartOf":{"@id":"https:\/\/jesuisuncuisinier.fr\/fr\/tarte-au-thon-tomate-et-moutarde\/"},"author":{"name":"Dami\u00e1n","@id":"https:\/\/jesuisuncuisinier.fr\/fr\/#\/schema\/person\/c2da7696f2784cce34698e48f989cb2a"},"headline":"Recette de tarte au thon, tomate et moutarde \u00e0 l\u2019ancienne","datePublished":"2019-08-09T16:59:10+00:00","mainEntityOfPage":{"@id":"https:\/\/jesuisuncuisinier.fr\/fr\/tarte-au-thon-tomate-et-moutarde\/"},"wordCount":817,"commentCount":4,"publisher":{"@id":"https:\/\/jesuisuncuisinier.fr\/fr\/#\/schema\/person\/04d97b7b1ae2f60e14cd96fc10a341aa"},"image":{"@id":"https:\/\/jesuisuncuisinier.fr\/fr\/tarte-au-thon-tomate-et-moutarde\/#primaryimage"},"thumbnailUrl":"https:\/\/jesuisuncuisinier.fr\/wp-content\/uploads\/2019\/08\/tarte-au-thon-tomate-et-moutarde.jpg","keywords":["thon","tarte","tomates","moutarde","thon en bo\u00eete"],"articleSection":["recette","Recettes de poisson et fruits de mer","Pizzas et Quiches"],"inLanguage":"fr-FR","potentialAction":[{"@type":"CommentAction","name":"Comment","target":["https:\/\/jesuisuncuisinier.fr\/fr\/tarte-au-thon-tomate-et-moutarde\/#respond"]}]},{"@type":"WebPage","@id":"https:\/\/jesuisuncuisinier.fr\/fr\/tarte-au-thon-tomate-et-moutarde\/","url":"https:\/\/jesuisuncuisinier.fr\/fr\/tarte-au-thon-tomate-et-moutarde\/","name":"Recette de tarte au thon, tomate et moutarde \u00e0 l\u2019ancienne","isPartOf":{"@id":"https:\/\/jesuisuncuisinier.fr\/fr\/#website"},"primaryImageOfPage":{"@id":"https:\/\/jesuisuncuisinier.fr\/fr\/tarte-au-thon-tomate-et-moutarde\/#primaryimage"},"image":{"@id":"https:\/\/jesuisuncuisinier.fr\/fr\/tarte-au-thon-tomate-et-moutarde\/#primaryimage"},"thumbnailUrl":"https:\/\/jesuisuncuisinier.fr\/wp-content\/uploads\/2019\/08\/tarte-au-thon-tomate-et-moutarde.jpg","datePublished":"2019-08-09T16:59:10+00:00","description":"Comment faire une tarte au thon, tomate et moutarde. Recette facile avec photos. Apprenez \u00e0 pr\u00e9parer cette tarte avec un l\u00e9gume de saison. C\u2019est un r\u00e9gal\u00a0!","breadcrumb":{"@id":"https:\/\/jesuisuncuisinier.fr\/fr\/tarte-au-thon-tomate-et-moutarde\/#breadcrumb"},"inLanguage":"fr-FR","potentialAction":[{"@type":"ReadAction","target":["https:\/\/jesuisuncuisinier.fr\/fr\/tarte-au-thon-tomate-et-moutarde\/"]}]},{"@type":"ImageObject","inLanguage":"fr-FR","@id":"https:\/\/jesuisuncuisinier.fr\/fr\/tarte-au-thon-tomate-et-moutarde\/#primaryimage","url":"https:\/\/jesuisuncuisinier.fr\/wp-content\/uploads\/2019\/08\/tarte-au-thon-tomate-et-moutarde.jpg","contentUrl":"https:\/\/jesuisuncuisinier.fr\/wp-content\/uploads\/2019\/08\/tarte-au-thon-tomate-et-moutarde.jpg","width":640,"height":425,"caption":"Tarte au thon, tomate et moutarde"},{"@type":"BreadcrumbList","@id":"https:\/\/jesuisuncuisinier.fr\/fr\/tarte-au-thon-tomate-et-moutarde\/#breadcrumb","itemListElement":[{"@type":"ListItem","position":1,"name":"Portada","item":"https:\/\/jesuisuncuisinier.fr\/fr\/"},{"@type":"ListItem","position":2,"name":"Recette de tarte au thon, tomate et moutarde \u00e0 l\u2019ancienne"}]},{"@type":"WebSite","@id":"https:\/\/jesuisuncuisinier.fr\/fr\/#website","url":"https:\/\/jesuisuncuisinier.fr\/fr\/","name":"Je suis un cuisinier - Recettes faciles","description":"Recettes de cuisine faciles pour tous les jours. Cuisine fran\u00e7aise, espagnole et d&#039;ailleurs.","publisher":{"@id":"https:\/\/jesuisuncuisinier.fr\/fr\/#\/schema\/person\/04d97b7b1ae2f60e14cd96fc10a341aa"},"potentialAction":[{"@type":"SearchAction","target":{"@type":"EntryPoint","urlTemplate":"https:\/\/jesuisuncuisinier.fr\/fr\/?s={search_term_string}"},"query-input":{"@type":"PropertyValueSpecification","valueRequired":true,"valueName":"search_term_string"}}],"inLanguage":"fr-FR"},{"@type":["Person","Organization"],"@id":"https:\/\/jesuisuncuisinier.fr\/fr\/#\/schema\/person\/04d97b7b1ae2f60e14cd96fc10a341aa","name":"Dami\u00e1n Serrano","image":{"@type":"ImageObject","inLanguage":"fr-FR","@id":"https:\/\/jesuisuncuisinier.fr\/wp-content\/uploads\/2019\/11\/avatar.jpg","url":"https:\/\/jesuisuncuisinier.fr\/wp-content\/uploads\/2019\/11\/avatar.jpg","contentUrl":"https:\/\/jesuisuncuisinier.fr\/wp-content\/uploads\/2019\/11\/avatar.jpg","width":200,"height":200,"caption":"Dami\u00e1n Serrano"},"logo":{"@id":"https:\/\/jesuisuncuisinier.fr\/wp-content\/uploads\/2019\/11\/avatar.jpg"}},{"@type":"Person","@id":"https:\/\/jesuisuncuisinier.fr\/fr\/#\/schema\/person\/c2da7696f2784cce34698e48f989cb2a","name":"Dami\u00e1n","sameAs":["http:\/\/jesuisuncuisinier.fr","https:\/\/x.com\/unptitcuisinier"]}]}},"amp_enabled":true,"_links":{"self":[{"href":"https:\/\/jesuisuncuisinier.fr\/fr\/wp-json\/wp\/v2\/posts\/11493","targetHints":{"allow":["GET"]}}],"collection":[{"href":"https:\/\/jesuisuncuisinier.fr\/fr\/wp-json\/wp\/v2\/posts"}],"about":[{"href":"https:\/\/jesuisuncuisinier.fr\/fr\/wp-json\/wp\/v2\/types\/post"}],"author":[{"embeddable":true,"href":"https:\/\/jesuisuncuisinier.fr\/fr\/wp-json\/wp\/v2\/users\/1"}],"replies":[{"embeddable":true,"href":"https:\/\/jesuisuncuisinier.fr\/fr\/wp-json\/wp\/v2\/comments?post=11493"}],"version-history":[{"count":0,"href":"https:\/\/jesuisuncuisinier.fr\/fr\/wp-json\/wp\/v2\/posts\/11493\/revisions"}],"wp:featuredmedia":[{"embeddable":true,"href":"https:\/\/jesuisuncuisinier.fr\/fr\/wp-json\/wp\/v2\/media\/11495"}],"wp:attachment":[{"href":"https:\/\/jesuisuncuisinier.fr\/fr\/wp-json\/wp\/v2\/media?parent=11493"}],"wp:term":[{"taxonomy":"category","embeddable":true,"href":"https:\/\/jesuisuncuisinier.fr\/fr\/wp-json\/wp\/v2\/categories?post=11493"},{"taxonomy":"post_tag","embeddable":true,"href":"https:\/\/jesuisuncuisinier.fr\/fr\/wp-json\/wp\/v2\/tags?post=11493"}],"curies":[{"name":"wp","href":"https:\/\/api.w.org\/{rel}","templated":true}]}}