{"id":11318,"date":"2019-02-10T11:28:52","date_gmt":"2019-02-10T10:28:52","guid":{"rendered":"http:\/\/jesuisuncuisinier.fr\/fr\/?p=11318"},"modified":"2019-02-10T11:28:52","modified_gmt":"2019-02-10T10:28:52","slug":"salade-d-endives-au-saumon","status":"publish","type":"post","link":"https:\/\/jesuisuncuisinier.fr\/fr\/salade-d-endives-au-saumon\/","title":{"rendered":"Recette de salade d\u2019endives au saumon, roquefort et noix"},"content":{"rendered":"\n<p>Aimez-vous les <strong>endives en salade<\/strong> ? Coup\u00e9s en lani\u00e8res, on peut ajouter les ingr\u00e9dients que vous aimez. \u00c0 cette occasion, j\u2019ai pr\u00e9par\u00e9 cette <strong>salade d\u2019endives au saumon, roquefort et noix<\/strong> que j\u2019aime beaucoup.<\/p>\n<script async src=\"\/\/pagead2.googlesyndication.com\/pagead\/js\/adsbygoogle.js\"><\/script><ins class=\"adsbygoogle\"style=\"display:block\"data-ad-client=\"ca-pub-7750789452383743\"data-ad-slot=\"9252856116\"data-ad-format=\"auto\"><\/ins><script>(adsbygoogle = window.adsbygoogle || []).push({});<\/script><amp-ad width=\"100vw\" height=320 type=\"adsense\" data-ad-client=\"ca-pub-7750789452383743\" data-ad-slot=\"7340373828\" data-auto-format=\"rspv\" data-full-width><div overflow><\/div><\/amp-ad><div class=\"cleaner\" style=\"margin: 10px\"><\/div>\n<h2>Voulez-vous savoir comment faire une salade d\u2019endives au saumon ?<\/h2>\n<p>La pr\u00e9paration de cette<strong> salade d\u2019endives au saumon<\/strong> est rapide. Cela va vous prendre environ 5 minutes, car la seule chose qu\u2019il faut faire c\u2019est couper les ingr\u00e9dients, pr\u00e9parer la vinaigrette et dresser les assiettes.<\/p>\n<p>Si nous devons souligner un point sur lequel nous devons pr\u00eater une attention particuli\u00e8re, c\u2019est qu\u2019il vaut mieux ne pas la pr\u00e9parer \u00e0 l\u2019avance, car lorsque l\u2019on coupe des endives, on risque qu\u2019elles s\u2019oxydent et deviennent beaucoup moins jolies.<\/p>\n<p>Voici la recette :<\/p>\n<p><ins class=\"adsbygoogle\"style=\"display:block\"data-ad-client=\"ca-pub-7750789452383743\"data-ad-slot=\"4190110340\"data-ad-format=\"auto\"data-full-width-responsive=\"true\"><\/ins><script>(adsbygoogle = window.adsbygoogle || []).push({});<\/script> <amp-ad width=\"100vw\" height=320 type=\"adsense\" data-ad-client=\"ca-pub-7750789452383743\" data-ad-slot=\"4190110340\" data-auto-format=\"rspv\" data-full-width><div overflow><\/div><\/amp-ad><div class=\"cleaner\" style=\"margin: 10px\"><\/div><div itemscope itemtype=\"http:\/\/schema.org\/Recipe\">\n<div align=\"justify\" style=\"border-style:solid; border-width: 1px;padding: 10px 10px 10px 10px;\">\n<img loading=\"lazy\" decoding=\"async\" width=\"128\" height=\"85\" src=\"https:\/\/jesuisuncuisinier.fr\/wp-content\/uploads\/2019\/02\/salade-d-endives-au-saumon.jpg\" class=\"attachment-thumbnail size-thumbnail wp-post-image\" alt=\"Salade d\u2019endives au saumon, roquefort et noix\" style=\"float:left; padding: 10px 10px 10px 10px\" srcset=\"https:\/\/jesuisuncuisinier.fr\/wp-content\/uploads\/2019\/02\/salade-d-endives-au-saumon.jpg 640w, https:\/\/jesuisuncuisinier.fr\/wp-content\/uploads\/2019\/02\/salade-d-endives-au-saumon-320x213.jpg 320w, https:\/\/jesuisuncuisinier.fr\/wp-content\/uploads\/2019\/02\/salade-d-endives-au-saumon-300x200.jpg 300w\" sizes=\"auto, (max-width: 128px) 100vw, 128px\" \/>\n<div itemprop=\"image\" itemscope itemtype=\"https:\/\/schema.org\/ImageObject\">\t\n<meta itemprop=\"url\" content=\"https:\/\/jesuisuncuisinier.fr\/wp-content\/uploads\/2019\/02\/salade-d-endives-au-saumon.jpg\">\n<meta itemprop=\"width\" content=\"140\">\n<meta itemprop=\"height\" content=\"85\">\n<\/div>\n<a href=\"https:\/\/jesuisuncuisinier.fr\/fr\/salade-d-endives-au-saumon\/print\/\" rel=\"nofollow\" title=\"Imprimer\"><img decoding=\"async\" src=\"https:\/\/jesuisuncuisinier.fr\/wp-content\/plugins\/wp-print\/images\/printer_famfamfam.gif\" align=\"right\" alt=\"Imprimir\"><\/a>\n<h2 itemprop=\"name\" style=\"padding: 10px 10px 0px 10px\">Recette de salade d\u2019endives au saumon, roquefort et noix<\/h2>\n<span id=\"post-ratings-11318\" class=\"post-ratings\" data-nonce=\"07a5cb997e\"><div align=\"center\">Votez pour cette !<\/div>\r\n<div align=\"center\"><img decoding=\"async\" id=\"rating_11318_1\" src=\"https:\/\/jesuisuncuisinier.fr\/wp-content\/plugins\/wp-postratings\/images\/stars_crystal\/rating_on.gif\" alt=\"1 Star\" title=\"1 Star\" onmouseover=\"current_rating(11318, 1, '1 Star');\" onmouseout=\"ratings_off(3.4, 4, 0);\" onclick=\"rate_post();\" onkeypress=\"rate_post();\" style=\"cursor: pointer; border: 0px;\" \/><img decoding=\"async\" id=\"rating_11318_2\" src=\"https:\/\/jesuisuncuisinier.fr\/wp-content\/plugins\/wp-postratings\/images\/stars_crystal\/rating_on.gif\" alt=\"2 Stars\" title=\"2 Stars\" onmouseover=\"current_rating(11318, 2, '2 Stars');\" onmouseout=\"ratings_off(3.4, 4, 0);\" onclick=\"rate_post();\" onkeypress=\"rate_post();\" style=\"cursor: pointer; border: 0px;\" \/><img decoding=\"async\" id=\"rating_11318_3\" src=\"https:\/\/jesuisuncuisinier.fr\/wp-content\/plugins\/wp-postratings\/images\/stars_crystal\/rating_on.gif\" alt=\"3 Stars\" title=\"3 Stars\" onmouseover=\"current_rating(11318, 3, '3 Stars');\" onmouseout=\"ratings_off(3.4, 4, 0);\" onclick=\"rate_post();\" onkeypress=\"rate_post();\" style=\"cursor: pointer; border: 0px;\" \/><img decoding=\"async\" id=\"rating_11318_4\" src=\"https:\/\/jesuisuncuisinier.fr\/wp-content\/plugins\/wp-postratings\/images\/stars_crystal\/rating_half.gif\" alt=\"4 Stars\" title=\"4 Stars\" onmouseover=\"current_rating(11318, 4, '4 Stars');\" onmouseout=\"ratings_off(3.4, 4, 0);\" onclick=\"rate_post();\" onkeypress=\"rate_post();\" style=\"cursor: pointer; border: 0px;\" \/><img decoding=\"async\" id=\"rating_11318_5\" src=\"https:\/\/jesuisuncuisinier.fr\/wp-content\/plugins\/wp-postratings\/images\/stars_crystal\/rating_off.gif\" alt=\"5 Stars\" title=\"5 Stars\" onmouseover=\"current_rating(11318, 5, '5 Stars');\" onmouseout=\"ratings_off(3.4, 4, 0);\" onclick=\"rate_post();\" onkeypress=\"rate_post();\" style=\"cursor: pointer; border: 0px;\" \/><\/div>\r\n<div align=\"center\">Note: 3,40 \/ 5. Votes: 10<\/div><\/span><span id=\"post-ratings-11318-loading\" class=\"post-ratings-loading\"><img loading=\"lazy\" decoding=\"async\" src=\"https:\/\/jesuisuncuisinier.fr\/wp-content\/plugins\/wp-postratings\/images\/loading.gif\" width=\"16\" height=\"16\" class=\"post-ratings-image\" \/>Loading...<\/span><div><\/br><span itemprop=\"author\" itemscope itemtype=\"http:\/\/schema.org\/Person\">   <span itemprop=\"name\" content=\"Damian Serrano\"><\/span> <\/span>\n<b>Personnes:<\/b> <span itemprop=\"recipeYield\">4<\/span>   <b>Temps:<\/b> <time itemprop=\"totalTime\" datetime=PT10M>10 m<\/time>   <b>Difficult\u00e9:<\/b> Facile<\/div><div class=\"cleaner\" style=\"margin: 10px\"><\/div><time itemprop=\"dateModified\" datetime=\"2019-02-10\"><\/time> \n<span itemprop=\"description\" content=\"Comment faire une salade d\u2019endives au saumon, roquefort et noix. Recette facile. Assaisonn\u00e9e avec du vinaigre balsamique et du miel. C\u2019est d\u00e9licieux !\" ><\/span>\n<span itemprop=\"recipeCuisine\" content=\"Unknown\" ><\/span>\n<span itemprop=\"recipeCategory\" content=\"Unknown\" ><\/span>\n<span itemprop=\"keywords\" content=\"Unknown\" ><\/span>\n<div class=\"note-wrapper\"><div class=\"note-top\"><\/div><div class=\"note-content\"><h3 style=\"padding-left: 10px; margin-bottom: 10px;\">Ingr\u00e9dients<\/h3>\n<ul>\n<li itemprop=\"recipeIngredient\">4 endives assez belles<\/li>\n<li itemprop=\"recipeIngredient\">150 g de saumon fum\u00e9<\/li>\n<li itemprop=\"recipeIngredient\">150 g de Roquefort (ou un autre fromage bleu)<\/li>\n<li itemprop=\"recipeIngredient\">1 poign\u00e9e de noix<\/li>\n<li itemprop=\"recipeIngredient\">1 poign\u00e9e de cro\u00fbtons (facultatif)<\/li>\n<li itemprop=\"recipeIngredient\">Ciboulette hach\u00e9e (facultatif)<\/li>\n<\/ul><b>Pour la vinaigrette au vinaigre balsamique et miel :<\/b><ul>\n<li itemprop=\"recipeIngredient\">6 cuill\u00e8res \u00e0 soupe d\u2019huile d\u2019olive extra-vierge<\/li>\n<li itemprop=\"recipeIngredient\">2 cuill\u00e8res \u00e0 soupe de vinaigre balsamique<\/li>\n<li itemprop=\"recipeIngredient\">1 cuill\u00e8re \u00e0 caf\u00e9 de miel<\/li>\n<li itemprop=\"recipeIngredient\">Sel et poivre selon votre go\u00fbt (peu de sel, car le fromage est d\u00e9j\u00e0 sal\u00e9)<\/li>\n<\/ul>\n<br \/><\/div><div class=\"note-bottom\"><\/div>\n<\/div> <!-- \/ #ingredients -->\n[recipenutrition calories=\u00a0\u00bb350 kcal\u00a0\u00bb ][\/recipenutrition]<div align=\"justify\" class=\"directions-wrapper\"><h3>\u00c9laboration<\/h3><div class=\"directions-content instructions\" >\n<\/p>\n<ol>\n<li itemprop=\"recipeInstructions\">Nettoyer les endives. Couper la partie s\u00e8che de la tige, retirer les feuilles ext\u00e9rieures \u00e9ventuellement abim\u00e9es, les rincer \u00e0 l\u2019eau froide et les s\u00e9cher.<\/li>\n<li itemprop=\"recipeInstructions\">Couper les endives en lani\u00e8res. Vous pouvez \u00e9carter le c\u0153ur, car c\u2019est la partie la plus am\u00e8re.<\/li>\n<li itemprop=\"recipeInstructions\">Couper le saumon fum\u00e9 en morceaux.<\/li>\n<li itemprop=\"recipeInstructions\">\u00c9mietter le roquefort ou le couper en petits morceaux.<\/li>\n<li itemprop=\"recipeInstructions\">Briser les noix.<\/li>\n<li itemprop=\"recipeInstructions\">Pr\u00e9parer la vinaigrette. Mettre tous les ingr\u00e9dients dans un bocal et bien le secouer pour obtenir une \u00e9mulsion ; ou carr\u00e9ment bien m\u00e9langer \u00e0 la fourchette tous les ingr\u00e9dients dans un bol.<\/li>\n<li itemprop=\"recipeInstructions\">Dans les assiettes, distribuer les endives, les morceaux de saumon, les noix et le roquefort, ainsi qu\u2019\u00e9ventuellement les cro\u00fbtons et la ciboulette.<\/li>\n<li itemprop=\"recipeInstructions\">Assaisonner avec la vinaigrette au vinaigre balsamique et miel.<\/li>\n<li itemprop=\"recipeInstructions\">Et voil\u00e0. Servez tout de suite. Bonne d\u00e9gustation !<\/li>\n<\/ol>\n<p><\/div><div class=\"cleaner\" style=\"padding-bottom: 10px;\">&nbsp;<\/div><\/div> <!-- \/# directions -->\n<script async src=\"https:\/\/pagead2.googlesyndication.com\/pagead\/js\/adsbygoogle.js\"><\/script><ins class=\"adsbygoogle\"style=\"display:block\"data-ad-client=\"ca-pub-7750789452383743\"data-ad-slot=\"3064891712\"data-ad-format=\"auto\"><\/ins><script async>(adsbygoogle = window.adsbygoogle || []).push({});<\/script> <amp-ad width=\"100vw\" height=320 type=\"adsense\" data-ad-client=\"ca-pub-7750789452383743\" data-ad-slot=\"1189241592\" data-auto-format=\"rspv\" data-full-width><div overflow><\/div><\/amp-ad><div align=\"justify\" class=\"hints-wrapper\" ><h3>Conseils et astuces<\/h3><div class=\"hints-content hints\"><\/p>\n<ol>\n<li>Cette <strong>salade d\u2019endives au saumon<\/strong> doit \u00eatre consomm\u00e9e rapidement, car les endives risquent de s\u2019oxyder.<\/li>\n<li>Si vous souhaitez voir plus de conseils sur la pr\u00e9paration d\u2019une <a href=\"http:\/\/jesuisuncuisinier.fr\/fr\/2014\/08\/vinaigrette-au-miel-et-au-vinaigre-balsamique.html\" target=\"_blank\" rel=\"noopener\"><strong>vinaigrette au vinaigre balsamique et au miel<\/strong><\/a>, suivez le lien.<\/li>\n<li>Pour pr\u00e9parer des <strong><a href=\"http:\/\/jesuisuncuisinier.fr\/fr\/2013\/07\/croutons.html\" target=\"_blank\" rel=\"noopener\">cro\u00fbtons au four<\/a><\/strong>, avec peu d\u2019huile, consultez la recette.<\/li>\n<li>C\u2019est \u00e9galement excellent avec une <a href=\"http:\/\/jesuisuncuisinier.fr\/fr\/2014\/07\/vinaigrette-au-yaourt.html\" target=\"_blank\" rel=\"noopener\"><strong>vinaigrette au yaourt<\/strong><\/a> ou assaisonn\u00e9e avec une vinaigrette classique.<\/li>\n<li>Vous pouvez remplacer le <strong>Roquefort<\/strong> par un autre <strong>fromage bleu<\/strong> de votre choix ou m\u00eame de la tomme fra\u00eeche.<\/li>\n<li>Le saumon fum\u00e9 peut \u00eatre remplac\u00e9 par du <a href=\"http:\/\/jesuisuncuisinier.fr\/fr\/2014\/10\/saumon-marine-saumon-gravlax.html\" target=\"_blank\" rel=\"noopener\"><strong>saumon gravlax<\/strong><\/a> (saumon marin\u00e9).<br \/>\n<script async src=\"\/\/pagead2.googlesyndication.com\/pagead\/js\/adsbygoogle.js\"><\/script><ins class=\"adsbygoogle\"style=\"display:block\"data-ad-client=\"ca-pub-7750789452383743\"data-ad-slot=\"9252856116\"data-ad-format=\"auto\"><\/ins><script>(adsbygoogle = window.adsbygoogle || []).push({});<\/script><amp-ad width=\"100vw\" height=320 type=\"adsense\" data-ad-client=\"ca-pub-7750789452383743\" data-ad-slot=\"7340373828\" data-auto-format=\"rspv\" data-full-width><div overflow><\/div><\/amp-ad><div class=\"cleaner\" style=\"margin: 10px\"><\/div><\/li>\n<li>La <a href=\"http:\/\/jesuisuncuisinier.fr\/tag\/pain-de-sucre\" target=\"_blank\" rel=\"noopener\"><strong>chicor\u00e9e de pain de sucre<\/strong><\/a> convient parfaitement pour cette salade.<\/li>\n<li>Donnez \u00e0 cette salade une touche sucr\u00e9e avec des <strong>raisins secs<\/strong> ou une <strong>pomme<\/strong> en petits cubes.<\/li>\n<li>Si vous pr\u00e9f\u00e9rez, vous pouvez <strong>pr\u00e9senter cette salade avec les feuilles d\u2019endive enti\u00e8res<\/strong> et les remplir du reste des ingr\u00e9dients.<\/li>\n<li>Sur le blog, vous trouverez plus de <strong>recettes avec des endives<\/strong>. Bien s\u00fbr qu\u2019il y a les <a href=\"http:\/\/jesuisuncuisinier.fr\/fr\/2014\/03\/endives-au-jambon.html\" target=\"_blank\" rel=\"noopener\"><strong>endives au jambon<\/strong><\/a>, un des grands classiques. Vous avez \u00e9galement ma version des <a href=\"http:\/\/jesuisuncuisinier.fr\/fr\/2018\/03\/endives-au-roquefort.html\" target=\"_blank\" rel=\"noopener\"><strong>endives au roquefort<\/strong><\/a>, servies en feuilles c\u2019est id\u00e9al pour les pr\u00e9senter en <a href=\"http:\/\/jesuisuncuisinier.fr\/tag\/apero\" target=\"_blank\" rel=\"noopener\"><strong>ap\u00e9ro<\/strong><\/a>.<\/li>\n<li>Au cas o\u00f9 vous souhaiteriez plus de <strong>salades au saumon<\/strong>, jetez un coup d\u2019\u0153il \u00e0 la <strong><a href=\"http:\/\/jesuisuncuisinier.fr\/fr\/2014\/10\/salade-au-saumon-et-chevre-a-la-plancha.html\" target=\"_blank\" rel=\"noopener\">salade au saumon et ch\u00e8vre \u00e0 la plancha<\/a>\u00a0<\/strong>ou la <a href=\"http:\/\/jesuisuncuisinier.fr\/fr\/2014\/05\/salade-de-saumon-a-la-sauce-barbecue.html\" target=\"_blank\" rel=\"noopener\"><strong>salade de saumon \u00e0 la sauce barbecue et vinaigrette \u00e0 la coriandre<\/strong><\/a>, je suis s\u00fbr que vous allez adorer.<\/li>\n<\/ol>\n<p><\/div><\/div> <!-- \/# hints --><\/div><div class=\"cleaner\" style=\"padding-bottom: 10px;\">&nbsp;<\/div><\/div><!-- \/ #recipe --> \n <\/p>\n<p>&nbsp;<\/p>\n<p><img loading=\"lazy\" decoding=\"async\" src=\"http:\/\/jesuisuncuisinier.fr\/wp-content\/uploads\/2019\/02\/salade-d-endives-au-saumon-vue-de-dessus.jpg\" alt=\"Salade d\u2019endives au saumon, roquefort et noix\" width=\"640\" height=\"425\" class=\"aligncenter size-full wp-image-11319\" srcset=\"https:\/\/jesuisuncuisinier.fr\/wp-content\/uploads\/2019\/02\/salade-d-endives-au-saumon-vue-de-dessus.jpg 640w, https:\/\/jesuisuncuisinier.fr\/wp-content\/uploads\/2019\/02\/salade-d-endives-au-saumon-vue-de-dessus-320x213.jpg 320w, https:\/\/jesuisuncuisinier.fr\/wp-content\/uploads\/2019\/02\/salade-d-endives-au-saumon-vue-de-dessus-300x200.jpg 300w\" sizes=\"auto, (max-width: 640px) 100vw, 640px\" \/><\/p>\n<h3>Maintenant, vous savez comment faire une salade d\u2019endives au saumon fum\u00e9<\/h3>\n<p>Avez-vous aim\u00e9 la recette ? J\u2019esp\u00e8re vous avoir donn\u00e9 envie de l\u2019essayer. N\u2019h\u00e9sitez pas \u00e0 laisser un commentaire pour me dire ce que vous pensez ou si vous avez des questions ou des suggestions que vous souhaitez partager.<\/p>\n<p>[ampad]<\/p>\n<p>Enfin, si vous \u00eates un <strong>fan des endives<\/strong>, je vous invite \u00e0 nous laisser un \u00ab j\u2019aime \u00bb et \u00e0 partager cette d\u00e9licieuse <strong>salade d\u2019endives au saumon, roquefort et noix<\/strong> sur vos r\u00e9seaux sociaux.<\/p>\n\n<p>\u00c0 bient\u00f4t !<\/p>\n<p><\/p>\n","protected":false},"excerpt":{"rendered":"<p>Comment faire une salade d\u2019endives au saumon, roquefort et noix. Recette facile. Assaisonn\u00e9e avec du vinaigre balsamique et du miel. C\u2019est d\u00e9licieux !<\/p>\n","protected":false},"author":1,"featured_media":11320,"comment_status":"open","ping_status":"open","sticky":false,"template":"","format":"standard","meta":{"_yoast_wpseo_focuskw":"salade d\u2019endives","_yoast_wpseo_metadesc":"Comment faire une salade d\u2019endives au saumon, roquefort et noix. Recette facile. Assaisonn\u00e9e avec du vinaigre balsamique et du miel. C\u2019est d\u00e9licieux !","footnotes":""},"categories":[20,843,849],"tags":[93,861,371,1042,1161,1303],"class_list":["post-11318","post","type-post","status-publish","format-standard","has-post-thumbnail","hentry","category-recette","category-poisson-et-fruits-de-mer","category-salades","tag-salade","tag-saumon","tag-endives","tag-saumon-fume","tag-roquefort","tag-fromage-bleu"],"yoast_head":"<!-- This site is optimized with the Yoast SEO plugin v27.5 - https:\/\/yoast.com\/product\/yoast-seo-wordpress\/ -->\n<title>Recette de salade d\u2019endives au saumon, roquefort et noix<\/title>\n<meta name=\"description\" content=\"Comment faire une salade d\u2019endives au saumon, roquefort et noix. Recette facile. Assaisonn\u00e9e avec du vinaigre balsamique et du miel. C\u2019est d\u00e9licieux !\" \/>\n<meta name=\"robots\" content=\"index, follow, max-snippet:-1, max-image-preview:large, max-video-preview:-1\" \/>\n<link rel=\"canonical\" href=\"https:\/\/jesuisuncuisinier.fr\/fr\/salade-d-endives-au-saumon\/\" \/>\n<meta property=\"og:locale\" content=\"fr_FR\" \/>\n<meta property=\"og:type\" content=\"article\" \/>\n<meta property=\"og:title\" content=\"Recette de salade d\u2019endives au saumon, roquefort et noix\" \/>\n<meta property=\"og:description\" content=\"Comment faire une salade d\u2019endives au saumon, roquefort et noix. Recette facile. Assaisonn\u00e9e avec du vinaigre balsamique et du miel. C\u2019est d\u00e9licieux !\" \/>\n<meta property=\"og:url\" content=\"https:\/\/jesuisuncuisinier.fr\/fr\/salade-d-endives-au-saumon\/\" \/>\n<meta property=\"og:site_name\" content=\"Je suis un cuisinier - Recettes faciles\" \/>\n<meta property=\"article:published_time\" content=\"2019-02-10T10:28:52+00:00\" \/>\n<meta property=\"og:image\" content=\"https:\/\/jesuisuncuisinier.fr\/wp-content\/uploads\/2019\/02\/salade-d-endives-au-saumon.jpg\" \/>\n\t<meta property=\"og:image:width\" content=\"640\" \/>\n\t<meta property=\"og:image:height\" content=\"425\" \/>\n\t<meta property=\"og:image:type\" content=\"image\/jpeg\" \/>\n<meta name=\"author\" content=\"Dami\u00e1n\" \/>\n<meta name=\"twitter:card\" content=\"summary_large_image\" \/>\n<meta name=\"twitter:creator\" content=\"@unptitcuisinier\" \/>\n<meta name=\"twitter:site\" content=\"@unptitcuisinier\" \/>\n<meta name=\"twitter:label1\" content=\"\u00c9crit par\" \/>\n\t<meta name=\"twitter:data1\" content=\"Dami\u00e1n\" \/>\n\t<meta name=\"twitter:label2\" content=\"Dur\u00e9e de lecture estim\u00e9e\" \/>\n\t<meta name=\"twitter:data2\" content=\"4 minutes\" \/>\n<script type=\"application\/ld+json\" class=\"yoast-schema-graph\">{\"@context\":\"https:\\\/\\\/schema.org\",\"@graph\":[{\"@type\":\"Article\",\"@id\":\"https:\\\/\\\/jesuisuncuisinier.fr\\\/fr\\\/salade-d-endives-au-saumon\\\/#article\",\"isPartOf\":{\"@id\":\"https:\\\/\\\/jesuisuncuisinier.fr\\\/fr\\\/salade-d-endives-au-saumon\\\/\"},\"author\":{\"name\":\"Dami\u00e1n\",\"@id\":\"https:\\\/\\\/jesuisuncuisinier.fr\\\/fr\\\/#\\\/schema\\\/person\\\/c2da7696f2784cce34698e48f989cb2a\"},\"headline\":\"Recette de salade d\u2019endives au saumon, roquefort et noix\",\"datePublished\":\"2019-02-10T10:28:52+00:00\",\"mainEntityOfPage\":{\"@id\":\"https:\\\/\\\/jesuisuncuisinier.fr\\\/fr\\\/salade-d-endives-au-saumon\\\/\"},\"wordCount\":734,\"commentCount\":4,\"publisher\":{\"@id\":\"https:\\\/\\\/jesuisuncuisinier.fr\\\/fr\\\/#\\\/schema\\\/person\\\/04d97b7b1ae2f60e14cd96fc10a341aa\"},\"image\":{\"@id\":\"https:\\\/\\\/jesuisuncuisinier.fr\\\/fr\\\/salade-d-endives-au-saumon\\\/#primaryimage\"},\"thumbnailUrl\":\"https:\\\/\\\/jesuisuncuisinier.fr\\\/wp-content\\\/uploads\\\/2019\\\/02\\\/salade-d-endives-au-saumon.jpg\",\"keywords\":[\"salade\",\"Recettes de saumon\",\"endives\",\"saumon fum\u00e9\",\"roquefort\",\"fromage bleu\"],\"articleSection\":[\"recette\",\"Recettes de poisson et fruits de mer\",\"Salades\"],\"inLanguage\":\"fr-FR\",\"potentialAction\":[{\"@type\":\"CommentAction\",\"name\":\"Comment\",\"target\":[\"https:\\\/\\\/jesuisuncuisinier.fr\\\/fr\\\/salade-d-endives-au-saumon\\\/#respond\"]}]},{\"@type\":\"WebPage\",\"@id\":\"https:\\\/\\\/jesuisuncuisinier.fr\\\/fr\\\/salade-d-endives-au-saumon\\\/\",\"url\":\"https:\\\/\\\/jesuisuncuisinier.fr\\\/fr\\\/salade-d-endives-au-saumon\\\/\",\"name\":\"Recette de salade d\u2019endives au saumon, roquefort et noix\",\"isPartOf\":{\"@id\":\"https:\\\/\\\/jesuisuncuisinier.fr\\\/fr\\\/#website\"},\"primaryImageOfPage\":{\"@id\":\"https:\\\/\\\/jesuisuncuisinier.fr\\\/fr\\\/salade-d-endives-au-saumon\\\/#primaryimage\"},\"image\":{\"@id\":\"https:\\\/\\\/jesuisuncuisinier.fr\\\/fr\\\/salade-d-endives-au-saumon\\\/#primaryimage\"},\"thumbnailUrl\":\"https:\\\/\\\/jesuisuncuisinier.fr\\\/wp-content\\\/uploads\\\/2019\\\/02\\\/salade-d-endives-au-saumon.jpg\",\"datePublished\":\"2019-02-10T10:28:52+00:00\",\"description\":\"Comment faire une salade d\u2019endives au saumon, roquefort et noix. Recette facile. Assaisonn\u00e9e avec du vinaigre balsamique et du miel. C\u2019est d\u00e9licieux !\",\"breadcrumb\":{\"@id\":\"https:\\\/\\\/jesuisuncuisinier.fr\\\/fr\\\/salade-d-endives-au-saumon\\\/#breadcrumb\"},\"inLanguage\":\"fr-FR\",\"potentialAction\":[{\"@type\":\"ReadAction\",\"target\":[\"https:\\\/\\\/jesuisuncuisinier.fr\\\/fr\\\/salade-d-endives-au-saumon\\\/\"]}]},{\"@type\":\"ImageObject\",\"inLanguage\":\"fr-FR\",\"@id\":\"https:\\\/\\\/jesuisuncuisinier.fr\\\/fr\\\/salade-d-endives-au-saumon\\\/#primaryimage\",\"url\":\"https:\\\/\\\/jesuisuncuisinier.fr\\\/wp-content\\\/uploads\\\/2019\\\/02\\\/salade-d-endives-au-saumon.jpg\",\"contentUrl\":\"https:\\\/\\\/jesuisuncuisinier.fr\\\/wp-content\\\/uploads\\\/2019\\\/02\\\/salade-d-endives-au-saumon.jpg\",\"width\":640,\"height\":425,\"caption\":\"Salade d\u2019endives au saumon, roquefort et noix\"},{\"@type\":\"BreadcrumbList\",\"@id\":\"https:\\\/\\\/jesuisuncuisinier.fr\\\/fr\\\/salade-d-endives-au-saumon\\\/#breadcrumb\",\"itemListElement\":[{\"@type\":\"ListItem\",\"position\":1,\"name\":\"Portada\",\"item\":\"https:\\\/\\\/jesuisuncuisinier.fr\\\/fr\\\/\"},{\"@type\":\"ListItem\",\"position\":2,\"name\":\"Recette de salade d\u2019endives au saumon, roquefort et noix\"}]},{\"@type\":\"WebSite\",\"@id\":\"https:\\\/\\\/jesuisuncuisinier.fr\\\/fr\\\/#website\",\"url\":\"https:\\\/\\\/jesuisuncuisinier.fr\\\/fr\\\/\",\"name\":\"Je suis un cuisinier - Recettes faciles\",\"description\":\"Recettes de cuisine faciles pour tous les jours. Cuisine fran\u00e7aise, espagnole et d&#039;ailleurs.\",\"publisher\":{\"@id\":\"https:\\\/\\\/jesuisuncuisinier.fr\\\/fr\\\/#\\\/schema\\\/person\\\/04d97b7b1ae2f60e14cd96fc10a341aa\"},\"potentialAction\":[{\"@type\":\"SearchAction\",\"target\":{\"@type\":\"EntryPoint\",\"urlTemplate\":\"https:\\\/\\\/jesuisuncuisinier.fr\\\/fr\\\/?s={search_term_string}\"},\"query-input\":{\"@type\":\"PropertyValueSpecification\",\"valueRequired\":true,\"valueName\":\"search_term_string\"}}],\"inLanguage\":\"fr-FR\"},{\"@type\":[\"Person\",\"Organization\"],\"@id\":\"https:\\\/\\\/jesuisuncuisinier.fr\\\/fr\\\/#\\\/schema\\\/person\\\/04d97b7b1ae2f60e14cd96fc10a341aa\",\"name\":\"Dami\u00e1n Serrano\",\"image\":{\"@type\":\"ImageObject\",\"inLanguage\":\"fr-FR\",\"@id\":\"https:\\\/\\\/jesuisuncuisinier.fr\\\/wp-content\\\/uploads\\\/2019\\\/11\\\/avatar.jpg\",\"url\":\"https:\\\/\\\/jesuisuncuisinier.fr\\\/wp-content\\\/uploads\\\/2019\\\/11\\\/avatar.jpg\",\"contentUrl\":\"https:\\\/\\\/jesuisuncuisinier.fr\\\/wp-content\\\/uploads\\\/2019\\\/11\\\/avatar.jpg\",\"width\":200,\"height\":200,\"caption\":\"Dami\u00e1n Serrano\"},\"logo\":{\"@id\":\"https:\\\/\\\/jesuisuncuisinier.fr\\\/wp-content\\\/uploads\\\/2019\\\/11\\\/avatar.jpg\"}},{\"@type\":\"Person\",\"@id\":\"https:\\\/\\\/jesuisuncuisinier.fr\\\/fr\\\/#\\\/schema\\\/person\\\/c2da7696f2784cce34698e48f989cb2a\",\"name\":\"Dami\u00e1n\",\"sameAs\":[\"http:\\\/\\\/jesuisuncuisinier.fr\",\"https:\\\/\\\/x.com\\\/unptitcuisinier\"]}]}<\/script>\n<!-- \/ Yoast SEO plugin. -->","yoast_head_json":{"title":"Recette de salade d\u2019endives au saumon, roquefort et noix","description":"Comment faire une salade d\u2019endives au saumon, roquefort et noix. Recette facile. Assaisonn\u00e9e avec du vinaigre balsamique et du miel. C\u2019est d\u00e9licieux !","robots":{"index":"index","follow":"follow","max-snippet":"max-snippet:-1","max-image-preview":"max-image-preview:large","max-video-preview":"max-video-preview:-1"},"canonical":"https:\/\/jesuisuncuisinier.fr\/fr\/salade-d-endives-au-saumon\/","og_locale":"fr_FR","og_type":"article","og_title":"Recette de salade d\u2019endives au saumon, roquefort et noix","og_description":"Comment faire une salade d\u2019endives au saumon, roquefort et noix. Recette facile. Assaisonn\u00e9e avec du vinaigre balsamique et du miel. C\u2019est d\u00e9licieux !","og_url":"https:\/\/jesuisuncuisinier.fr\/fr\/salade-d-endives-au-saumon\/","og_site_name":"Je suis un cuisinier - Recettes faciles","article_published_time":"2019-02-10T10:28:52+00:00","og_image":[{"width":640,"height":425,"url":"https:\/\/jesuisuncuisinier.fr\/wp-content\/uploads\/2019\/02\/salade-d-endives-au-saumon.jpg","type":"image\/jpeg"}],"author":"Dami\u00e1n","twitter_card":"summary_large_image","twitter_creator":"@unptitcuisinier","twitter_site":"@unptitcuisinier","twitter_misc":{"\u00c9crit par":"Dami\u00e1n","Dur\u00e9e de lecture estim\u00e9e":"4 minutes"},"schema":{"@context":"https:\/\/schema.org","@graph":[{"@type":"Article","@id":"https:\/\/jesuisuncuisinier.fr\/fr\/salade-d-endives-au-saumon\/#article","isPartOf":{"@id":"https:\/\/jesuisuncuisinier.fr\/fr\/salade-d-endives-au-saumon\/"},"author":{"name":"Dami\u00e1n","@id":"https:\/\/jesuisuncuisinier.fr\/fr\/#\/schema\/person\/c2da7696f2784cce34698e48f989cb2a"},"headline":"Recette de salade d\u2019endives au saumon, roquefort et noix","datePublished":"2019-02-10T10:28:52+00:00","mainEntityOfPage":{"@id":"https:\/\/jesuisuncuisinier.fr\/fr\/salade-d-endives-au-saumon\/"},"wordCount":734,"commentCount":4,"publisher":{"@id":"https:\/\/jesuisuncuisinier.fr\/fr\/#\/schema\/person\/04d97b7b1ae2f60e14cd96fc10a341aa"},"image":{"@id":"https:\/\/jesuisuncuisinier.fr\/fr\/salade-d-endives-au-saumon\/#primaryimage"},"thumbnailUrl":"https:\/\/jesuisuncuisinier.fr\/wp-content\/uploads\/2019\/02\/salade-d-endives-au-saumon.jpg","keywords":["salade","Recettes de saumon","endives","saumon fum\u00e9","roquefort","fromage bleu"],"articleSection":["recette","Recettes de poisson et fruits de mer","Salades"],"inLanguage":"fr-FR","potentialAction":[{"@type":"CommentAction","name":"Comment","target":["https:\/\/jesuisuncuisinier.fr\/fr\/salade-d-endives-au-saumon\/#respond"]}]},{"@type":"WebPage","@id":"https:\/\/jesuisuncuisinier.fr\/fr\/salade-d-endives-au-saumon\/","url":"https:\/\/jesuisuncuisinier.fr\/fr\/salade-d-endives-au-saumon\/","name":"Recette de salade d\u2019endives au saumon, roquefort et noix","isPartOf":{"@id":"https:\/\/jesuisuncuisinier.fr\/fr\/#website"},"primaryImageOfPage":{"@id":"https:\/\/jesuisuncuisinier.fr\/fr\/salade-d-endives-au-saumon\/#primaryimage"},"image":{"@id":"https:\/\/jesuisuncuisinier.fr\/fr\/salade-d-endives-au-saumon\/#primaryimage"},"thumbnailUrl":"https:\/\/jesuisuncuisinier.fr\/wp-content\/uploads\/2019\/02\/salade-d-endives-au-saumon.jpg","datePublished":"2019-02-10T10:28:52+00:00","description":"Comment faire une salade d\u2019endives au saumon, roquefort et noix. Recette facile. Assaisonn\u00e9e avec du vinaigre balsamique et du miel. C\u2019est d\u00e9licieux !","breadcrumb":{"@id":"https:\/\/jesuisuncuisinier.fr\/fr\/salade-d-endives-au-saumon\/#breadcrumb"},"inLanguage":"fr-FR","potentialAction":[{"@type":"ReadAction","target":["https:\/\/jesuisuncuisinier.fr\/fr\/salade-d-endives-au-saumon\/"]}]},{"@type":"ImageObject","inLanguage":"fr-FR","@id":"https:\/\/jesuisuncuisinier.fr\/fr\/salade-d-endives-au-saumon\/#primaryimage","url":"https:\/\/jesuisuncuisinier.fr\/wp-content\/uploads\/2019\/02\/salade-d-endives-au-saumon.jpg","contentUrl":"https:\/\/jesuisuncuisinier.fr\/wp-content\/uploads\/2019\/02\/salade-d-endives-au-saumon.jpg","width":640,"height":425,"caption":"Salade d\u2019endives au saumon, roquefort et noix"},{"@type":"BreadcrumbList","@id":"https:\/\/jesuisuncuisinier.fr\/fr\/salade-d-endives-au-saumon\/#breadcrumb","itemListElement":[{"@type":"ListItem","position":1,"name":"Portada","item":"https:\/\/jesuisuncuisinier.fr\/fr\/"},{"@type":"ListItem","position":2,"name":"Recette de salade d\u2019endives au saumon, roquefort et noix"}]},{"@type":"WebSite","@id":"https:\/\/jesuisuncuisinier.fr\/fr\/#website","url":"https:\/\/jesuisuncuisinier.fr\/fr\/","name":"Je suis un cuisinier - Recettes faciles","description":"Recettes de cuisine faciles pour tous les jours. Cuisine fran\u00e7aise, espagnole et d&#039;ailleurs.","publisher":{"@id":"https:\/\/jesuisuncuisinier.fr\/fr\/#\/schema\/person\/04d97b7b1ae2f60e14cd96fc10a341aa"},"potentialAction":[{"@type":"SearchAction","target":{"@type":"EntryPoint","urlTemplate":"https:\/\/jesuisuncuisinier.fr\/fr\/?s={search_term_string}"},"query-input":{"@type":"PropertyValueSpecification","valueRequired":true,"valueName":"search_term_string"}}],"inLanguage":"fr-FR"},{"@type":["Person","Organization"],"@id":"https:\/\/jesuisuncuisinier.fr\/fr\/#\/schema\/person\/04d97b7b1ae2f60e14cd96fc10a341aa","name":"Dami\u00e1n Serrano","image":{"@type":"ImageObject","inLanguage":"fr-FR","@id":"https:\/\/jesuisuncuisinier.fr\/wp-content\/uploads\/2019\/11\/avatar.jpg","url":"https:\/\/jesuisuncuisinier.fr\/wp-content\/uploads\/2019\/11\/avatar.jpg","contentUrl":"https:\/\/jesuisuncuisinier.fr\/wp-content\/uploads\/2019\/11\/avatar.jpg","width":200,"height":200,"caption":"Dami\u00e1n Serrano"},"logo":{"@id":"https:\/\/jesuisuncuisinier.fr\/wp-content\/uploads\/2019\/11\/avatar.jpg"}},{"@type":"Person","@id":"https:\/\/jesuisuncuisinier.fr\/fr\/#\/schema\/person\/c2da7696f2784cce34698e48f989cb2a","name":"Dami\u00e1n","sameAs":["http:\/\/jesuisuncuisinier.fr","https:\/\/x.com\/unptitcuisinier"]}]}},"amp_enabled":true,"_links":{"self":[{"href":"https:\/\/jesuisuncuisinier.fr\/fr\/wp-json\/wp\/v2\/posts\/11318","targetHints":{"allow":["GET"]}}],"collection":[{"href":"https:\/\/jesuisuncuisinier.fr\/fr\/wp-json\/wp\/v2\/posts"}],"about":[{"href":"https:\/\/jesuisuncuisinier.fr\/fr\/wp-json\/wp\/v2\/types\/post"}],"author":[{"embeddable":true,"href":"https:\/\/jesuisuncuisinier.fr\/fr\/wp-json\/wp\/v2\/users\/1"}],"replies":[{"embeddable":true,"href":"https:\/\/jesuisuncuisinier.fr\/fr\/wp-json\/wp\/v2\/comments?post=11318"}],"version-history":[{"count":0,"href":"https:\/\/jesuisuncuisinier.fr\/fr\/wp-json\/wp\/v2\/posts\/11318\/revisions"}],"wp:featuredmedia":[{"embeddable":true,"href":"https:\/\/jesuisuncuisinier.fr\/fr\/wp-json\/wp\/v2\/media\/11320"}],"wp:attachment":[{"href":"https:\/\/jesuisuncuisinier.fr\/fr\/wp-json\/wp\/v2\/media?parent=11318"}],"wp:term":[{"taxonomy":"category","embeddable":true,"href":"https:\/\/jesuisuncuisinier.fr\/fr\/wp-json\/wp\/v2\/categories?post=11318"},{"taxonomy":"post_tag","embeddable":true,"href":"https:\/\/jesuisuncuisinier.fr\/fr\/wp-json\/wp\/v2\/tags?post=11318"}],"curies":[{"name":"wp","href":"https:\/\/api.w.org\/{rel}","templated":true}]}}