{"id":10763,"date":"2018-03-05T11:21:47","date_gmt":"2018-03-05T10:21:47","guid":{"rendered":"http:\/\/jesuisunpetitcuisinier.fr\/fr\/?p=10763"},"modified":"2018-03-05T11:21:47","modified_gmt":"2018-03-05T10:21:47","slug":"endives-au-roquefort","status":"publish","type":"post","link":"https:\/\/jesuisuncuisinier.fr\/fr\/endives-au-roquefort\/","title":{"rendered":"Recette d\u2019endives au roquefort et noix"},"content":{"rendered":"\n<p>Aujourd\u2019hui, je vous pr\u00e9sente une recette pour un <a href=\"http:\/\/jesuisuncuisinier.fr\/fr\/2017\/02\/recettes-aperitif-dinatoire.html\" target=\"_blank\" rel=\"noopener\"><strong>ap\u00e9ritif d\u00eenatoire<\/strong><\/a> : des <strong>endives au roquefort<\/strong>. L\u2019endive a un go\u00fbt l\u00e9g\u00e8rement amer qui va \u00e9tonnamment bien avec la saveur forte du roquefort. En outre, pour avoir un peu plus de contraste, nous allons mettre quelques gouttes de r\u00e9duction de vinaigre balsamique et quelques noix qui mettent du croquant en bouche. Vous verrez, c\u2019est bon et il n\u2019y a presque rien \u00e0 pr\u00e9parer\u00a0!<\/p>\n<script async src=\"\/\/pagead2.googlesyndication.com\/pagead\/js\/adsbygoogle.js\"><\/script><ins class=\"adsbygoogle\"style=\"display:block\"data-ad-client=\"ca-pub-7750789452383743\"data-ad-slot=\"9252856116\"data-ad-format=\"auto\"><\/ins><script>(adsbygoogle = window.adsbygoogle || []).push({});<\/script><amp-ad width=\"100vw\" height=320 type=\"adsense\" data-ad-client=\"ca-pub-7750789452383743\" data-ad-slot=\"7340373828\" data-auto-format=\"rspv\" data-full-width><div overflow><\/div><\/amp-ad><div class=\"cleaner\" style=\"margin: 10px\"><\/div>\n<h2>Voulez-vous savoir comment faire endives au roquefort et noix\u00a0?<\/h2>\n<p>Pour pr\u00e9parer ces <strong>endives au roquefort<\/strong> et noix nous allons commencer par d\u00e9feuiller ces premi\u00e8res, puis les rincer et tandis qu\u2019elles s\u00e8chent, on pr\u00e9pare la garniture.<\/p>\n<p><img loading=\"lazy\" decoding=\"async\" class=\"aligncenter size-full wp-image-10769\" src=\"http:\/\/jesuisuncuisinier.fr\/wp-content\/uploads\/2018\/03\/endives-au-roquefort-ingredients.jpg\" alt=\"Endives au roquefort (ingr\u00e9dients)\" width=\"640\" height=\"425\" srcset=\"https:\/\/jesuisuncuisinier.fr\/wp-content\/uploads\/2018\/03\/endives-au-roquefort-ingredients.jpg 640w, https:\/\/jesuisuncuisinier.fr\/wp-content\/uploads\/2018\/03\/endives-au-roquefort-ingredients-320x213.jpg 320w, https:\/\/jesuisuncuisinier.fr\/wp-content\/uploads\/2018\/03\/endives-au-roquefort-ingredients-300x200.jpg 300w\" sizes=\"auto, (max-width: 640px) 100vw, 640px\" \/><\/p>\n<p>Cette <strong>garniture<\/strong> est faite \u00e0 base de fromage \u00e0 la cr\u00e8me et de roquefort. Tout ce que vous avez besoin de faire est de bien m\u00e9langer ces deux ingr\u00e9dients. Avec cette pr\u00e9paration, nous allons remplir les feuilles d\u2019endives et on met les noix concass\u00e9es par dessus.<\/p>\n<p>Voici la recette\u00a0:<\/p>\n<p><ins class=\"adsbygoogle\"style=\"display:block\"data-ad-client=\"ca-pub-7750789452383743\"data-ad-slot=\"4190110340\"data-ad-format=\"auto\"data-full-width-responsive=\"true\"><\/ins><script>(adsbygoogle = window.adsbygoogle || []).push({});<\/script> <amp-ad width=\"100vw\" height=320 type=\"adsense\" data-ad-client=\"ca-pub-7750789452383743\" data-ad-slot=\"4190110340\" data-auto-format=\"rspv\" data-full-width><div overflow><\/div><\/amp-ad><div class=\"cleaner\" style=\"margin: 10px\"><\/div><div itemscope itemtype=\"http:\/\/schema.org\/Recipe\">\n<div align=\"justify\" style=\"border-style:solid; border-width: 1px;padding: 10px 10px 10px 10px;\">\n<img loading=\"lazy\" decoding=\"async\" width=\"128\" height=\"85\" src=\"https:\/\/jesuisuncuisinier.fr\/wp-content\/uploads\/2018\/03\/endives-au-roquefort.jpg\" class=\"attachment-thumbnail size-thumbnail wp-post-image\" alt=\"Endives au roquefort\" style=\"float:left; padding: 10px 10px 10px 10px\" srcset=\"https:\/\/jesuisuncuisinier.fr\/wp-content\/uploads\/2018\/03\/endives-au-roquefort.jpg 640w, https:\/\/jesuisuncuisinier.fr\/wp-content\/uploads\/2018\/03\/endives-au-roquefort-320x213.jpg 320w, https:\/\/jesuisuncuisinier.fr\/wp-content\/uploads\/2018\/03\/endives-au-roquefort-300x200.jpg 300w\" sizes=\"auto, (max-width: 128px) 100vw, 128px\" \/>\n<div itemprop=\"image\" itemscope itemtype=\"https:\/\/schema.org\/ImageObject\">\t\n<meta itemprop=\"url\" content=\"https:\/\/jesuisuncuisinier.fr\/wp-content\/uploads\/2018\/03\/endives-au-roquefort.jpg\">\n<meta itemprop=\"width\" content=\"140\">\n<meta itemprop=\"height\" content=\"85\">\n<\/div>\n<a href=\"https:\/\/jesuisuncuisinier.fr\/fr\/endives-au-roquefort\/print\/\" rel=\"nofollow\" title=\"Imprimer\"><img decoding=\"async\" src=\"https:\/\/jesuisuncuisinier.fr\/wp-content\/plugins\/wp-print\/images\/printer_famfamfam.gif\" align=\"right\" alt=\"Imprimir\"><\/a>\n<h2 itemprop=\"name\" style=\"padding: 10px 10px 0px 10px\">Recette d\u2019endives au roquefort et noix<\/h2>\n<span id=\"post-ratings-10763\" class=\"post-ratings\" data-nonce=\"cca449f047\"><div align=\"center\">Votez pour cette !<\/div>\r\n<div align=\"center\"><img decoding=\"async\" id=\"rating_10763_1\" src=\"https:\/\/jesuisuncuisinier.fr\/wp-content\/plugins\/wp-postratings\/images\/stars_crystal\/rating_on.gif\" alt=\"1 Star\" title=\"1 Star\" onmouseover=\"current_rating(10763, 1, '1 Star');\" onmouseout=\"ratings_off(4.7, 5, 0);\" onclick=\"rate_post();\" onkeypress=\"rate_post();\" style=\"cursor: pointer; border: 0px;\" \/><img decoding=\"async\" id=\"rating_10763_2\" src=\"https:\/\/jesuisuncuisinier.fr\/wp-content\/plugins\/wp-postratings\/images\/stars_crystal\/rating_on.gif\" alt=\"2 Stars\" title=\"2 Stars\" onmouseover=\"current_rating(10763, 2, '2 Stars');\" onmouseout=\"ratings_off(4.7, 5, 0);\" onclick=\"rate_post();\" onkeypress=\"rate_post();\" style=\"cursor: pointer; border: 0px;\" \/><img decoding=\"async\" id=\"rating_10763_3\" src=\"https:\/\/jesuisuncuisinier.fr\/wp-content\/plugins\/wp-postratings\/images\/stars_crystal\/rating_on.gif\" alt=\"3 Stars\" title=\"3 Stars\" onmouseover=\"current_rating(10763, 3, '3 Stars');\" onmouseout=\"ratings_off(4.7, 5, 0);\" onclick=\"rate_post();\" onkeypress=\"rate_post();\" style=\"cursor: pointer; border: 0px;\" \/><img decoding=\"async\" id=\"rating_10763_4\" src=\"https:\/\/jesuisuncuisinier.fr\/wp-content\/plugins\/wp-postratings\/images\/stars_crystal\/rating_on.gif\" alt=\"4 Stars\" title=\"4 Stars\" onmouseover=\"current_rating(10763, 4, '4 Stars');\" onmouseout=\"ratings_off(4.7, 5, 0);\" onclick=\"rate_post();\" onkeypress=\"rate_post();\" style=\"cursor: pointer; border: 0px;\" \/><img decoding=\"async\" id=\"rating_10763_5\" src=\"https:\/\/jesuisuncuisinier.fr\/wp-content\/plugins\/wp-postratings\/images\/stars_crystal\/rating_half.gif\" alt=\"5 Stars\" title=\"5 Stars\" onmouseover=\"current_rating(10763, 5, '5 Stars');\" onmouseout=\"ratings_off(4.7, 5, 0);\" onclick=\"rate_post();\" onkeypress=\"rate_post();\" style=\"cursor: pointer; border: 0px;\" \/><\/div>\r\n<div align=\"center\">Note: 4,70 \/ 5. Votes: 10<\/div><\/span><span id=\"post-ratings-10763-loading\" class=\"post-ratings-loading\"><img loading=\"lazy\" decoding=\"async\" src=\"https:\/\/jesuisuncuisinier.fr\/wp-content\/plugins\/wp-postratings\/images\/loading.gif\" width=\"16\" height=\"16\" class=\"post-ratings-image\" \/>Loading...<\/span><div><\/br><span itemprop=\"author\" itemscope itemtype=\"http:\/\/schema.org\/Person\">   <span itemprop=\"name\" content=\"Damian Serrano\"><\/span> <\/span>\n<b>Personnes:<\/b> <span itemprop=\"recipeYield\">4<\/span>   <b>Temps:<\/b> <time itemprop=\"totalTime\" datetime=PT10M>10 m<\/time>   <b>Difficult\u00e9:<\/b> Facile<\/div><div class=\"cleaner\" style=\"margin: 10px\"><\/div><time itemprop=\"dateModified\" datetime=\"2018-03-05\"><\/time> \n<span itemprop=\"description\" content=\"Comment faire endives au roquefort. Recette facile. Apprenez \u00e0 faire ce d\u00e9licieux amuse-bouche \u00e0 base d\u2019endives, roquefort et noix. Rapide et tr\u00e8s bon\u00a0!\" ><\/span>\n<span itemprop=\"recipeCuisine\" content=\"Unknown\" ><\/span>\n<span itemprop=\"recipeCategory\" content=\"Unknown\" ><\/span>\n<span itemprop=\"keywords\" content=\"Unknown\" ><\/span>\n<div class=\"note-wrapper\"><div class=\"note-top\"><\/div><div class=\"note-content\"><h3 style=\"padding-left: 10px; margin-bottom: 10px;\">Ingr\u00e9dients<\/h3>\n<ul>\n<li itemprop=\"recipeIngredient\">2 ou 3 endives<\/li>\n<li itemprop=\"recipeIngredient\">200\u00a0g de roquefort<\/li>\n<li itemprop=\"recipeIngredient\">200\u00a0g de fromage \u00e0 tartiner<\/li>\n<li itemprop=\"recipeIngredient\">1 poign\u00e9e de noix (quantit\u00e9 selon votre go\u00fbt)<\/li>\n<li itemprop=\"recipeIngredient\">Quelques gouttes de r\u00e9duction de vinaigre balsamique<\/li>\n<li itemprop=\"recipeIngredient\">Ciboulette hach\u00e9e<\/li>\n<\/ul>\n<br \/><\/div><div class=\"note-bottom\"><\/div>\n<\/div> <!-- \/ #ingredients -->\n<div align=\"justify\" class=\"directions-wrapper\"><h3>\u00c9laboration<\/h3><div class=\"directions-content instructions\" >\n<\/p>\n<ol>\n<li itemprop=\"recipeInstructions\">Enlever les feuilles des endives. Pr\u00e9voyez entre 4 et 6 par personne en choisissant les plus grosses (*). Les laver rapidement sous le robinet. Ne les laissez pas tremper dans l\u2019eau, car cela augmente leur amertume. Placer les feuilles sur un linge propre et les laisser s\u00e9cher.<\/li>\n<li itemprop=\"recipeInstructions\">Pendant ce temps, m\u00e9langer le roquefort et le fromage \u00e0 tartiner. Je le fais avec un robot culinaire pour avoir une texture tr\u00e8s onctueuse.<\/li>\n<li itemprop=\"recipeInstructions\">D\u00e9cortiquer et concasser les cerneaux de noix.<\/li>\n<li itemprop=\"recipeInstructions\">Laver, s\u00e9cher et hacher la ciboulette.<\/li>\n<li itemprop=\"recipeInstructions\">Placer les feuilles d\u2019endive sur les assiettes \u00e0 service et les remplir avec une ou deux cuill\u00e8res \u00e0 caf\u00e9 de cr\u00e8me de roquefort et quelques noix concass\u00e9es.<br \/>\n<img loading=\"lazy\" decoding=\"async\" src=\"http:\/\/jesuisuncuisinier.fr\/wp-content\/uploads\/2018\/03\/endives-au-roquefort-noix.jpg\" alt=\"Endives au roquefort et noix\" width=\"640\" height=\"425\" class=\"aligncenter size-full wp-image-10767\" srcset=\"https:\/\/jesuisuncuisinier.fr\/wp-content\/uploads\/2018\/03\/endives-au-roquefort-noix.jpg 640w, https:\/\/jesuisuncuisinier.fr\/wp-content\/uploads\/2018\/03\/endives-au-roquefort-noix-320x213.jpg 320w, https:\/\/jesuisuncuisinier.fr\/wp-content\/uploads\/2018\/03\/endives-au-roquefort-noix-300x200.jpg 300w\" sizes=\"auto, (max-width: 640px) 100vw, 640px\" \/><\/li>\n<li itemprop=\"recipeInstructions\">Saupoudrer de ciboulette hach\u00e9e et ajouter quelques gouttes de r\u00e9duction de vinaigre balsamique.<br \/>\n<img loading=\"lazy\" decoding=\"async\" src=\"http:\/\/jesuisuncuisinier.fr\/wp-content\/uploads\/2018\/03\/endives-au-roquefort-vue-de-dessus.jpg\" alt=\"Endives au roquefort\" width=\"640\" height=\"425\" class=\"aligncenter size-full wp-image-10766\" srcset=\"https:\/\/jesuisuncuisinier.fr\/wp-content\/uploads\/2018\/03\/endives-au-roquefort-vue-de-dessus.jpg 640w, https:\/\/jesuisuncuisinier.fr\/wp-content\/uploads\/2018\/03\/endives-au-roquefort-vue-de-dessus-320x213.jpg 320w, https:\/\/jesuisuncuisinier.fr\/wp-content\/uploads\/2018\/03\/endives-au-roquefort-vue-de-dessus-300x200.jpg 300w\" sizes=\"auto, (max-width: 640px) 100vw, 640px\" \/><\/li>\n<li itemprop=\"recipeInstructions\">C\u2019est pr\u00eat\u00a0! Servir imm\u00e9diatement. Bonne d\u00e9gustation\u00a0!<\/li>\n<\/ol>\n<p><\/div><div class=\"cleaner\" style=\"padding-bottom: 10px;\">&nbsp;<\/div><\/div> <!-- \/# directions -->\n<script async src=\"https:\/\/pagead2.googlesyndication.com\/pagead\/js\/adsbygoogle.js\"><\/script><ins class=\"adsbygoogle\"style=\"display:block\"data-ad-client=\"ca-pub-7750789452383743\"data-ad-slot=\"3064891712\"data-ad-format=\"auto\"><\/ins><script async>(adsbygoogle = window.adsbygoogle || []).push({});<\/script> <amp-ad width=\"100vw\" height=320 type=\"adsense\" data-ad-client=\"ca-pub-7750789452383743\" data-ad-slot=\"1189241592\" data-auto-format=\"rspv\" data-full-width><div overflow><\/div><\/amp-ad><div align=\"justify\" class=\"hints-wrapper\" ><h3>Conseils et astuces<\/h3><div class=\"hints-content hints\"><\/p>\n<ul>\n<li>Ces <strong>endives au roquefort<\/strong> j\u2019aime les servir de cette fa\u00e7on, car je trouve que c\u2019est une pr\u00e9sentation bien attrayante. N\u00e9anmoins, on peut tout simplement servir les feuilles d\u2019un c\u00f4t\u00e9 et la pr\u00e9paration au roquefort de l\u2019autre pour que l\u2019on puisse prendre une feuille et la fait tremper. Dans la p\u00e2te \u00e0 tartiner, vous pouvez mettre les noix concass\u00e9es.<\/li>\n<li>R\u00e9server les<strong> petites feuilles<\/strong> du centre pour une autre recette. Une salade, par exemple.<\/li>\n<li><strong>\u00c9vitez le blender<\/strong> pour m\u00e9langer les deux fromages. Ce n\u2019est pas tr\u00e8s pratique.<\/li>\n<li>Si vous voulez une cr\u00e8me plus douce ou plus forte, <strong>augmenter ou diminuer les proportions de fromage \u00e0 tartiner<\/strong>.<\/li>\n<li>Voil\u00e0 je vous laisse comment faire le <a href=\"http:\/\/jesuisuncuisinier.fr\/fr\/2017\/05\/fromage-a-la-creme-maison.html\" target=\"_blank\" rel=\"noopener\"><strong>fromage \u00e0 tartiner maison<\/strong><\/a> \u00e0 partir de yogourt nature.<\/li>\n<li>Un autre fromage bleu comme le <strong>bleu d\u2019Auvergne<\/strong> ou le <strong>bleu de Sassenage<\/strong> peut remplacer le roquefort.<\/li>\n<li>La <strong>quantit\u00e9 de noix<\/strong> est \u00e9galement \u00e0 votre go\u00fbt.<\/li>\n<li>Il est pr\u00e9f\u00e9rable de <strong>pr\u00e9parer ce plat juste avant de le servir<\/strong>, car les feuilles d\u2019endive peuvent noircir. Pour \u00e9viter cela, vous pouvez les frotter avec un peu de jus de citron.<\/li>\n<li>Sur le blog, vous allez trouver plus de <strong>recettes avec des endives<\/strong>. Essayez les <a href=\"http:\/\/jesuisuncuisinier.fr\/fr\/2014\/03\/endives-au-jambon.html\" target=\"_blank\" rel=\"noopener\"><strong>endives au jambon<\/strong><\/a> ou les <a href=\"http:\/\/jesuisuncuisinier.fr\/fr\/2015\/03\/gratin-dendives-au-saumon-et-fromage-bleu.html\" target=\"_blank\" rel=\"noopener\"><strong>endives gratin\u00e9es au saumon et fromage bleu<\/strong><\/a>.<\/li>\n<\/ul>\n<p><\/div><\/div> <!-- \/# hints --><\/div><div class=\"cleaner\" style=\"padding-bottom: 10px;\">&nbsp;<\/div><\/div><!-- \/ #recipe --> \n <\/p>\n<p><img loading=\"lazy\" decoding=\"async\" src=\"http:\/\/jesuisuncuisinier.fr\/wp-content\/uploads\/2018\/03\/endives-au-roquefort-main.jpg\" alt=\"Endives au roquefort\" width=\"640\" height=\"425\" class=\"aligncenter size-full wp-image-10768\" srcset=\"https:\/\/jesuisuncuisinier.fr\/wp-content\/uploads\/2018\/03\/endives-au-roquefort-main.jpg 640w, https:\/\/jesuisuncuisinier.fr\/wp-content\/uploads\/2018\/03\/endives-au-roquefort-main-320x213.jpg 320w, https:\/\/jesuisuncuisinier.fr\/wp-content\/uploads\/2018\/03\/endives-au-roquefort-main-300x200.jpg 300w\" sizes=\"auto, (max-width: 640px) 100vw, 640px\" \/><\/p>\n<h3>Maintenant, vous savez comment faire des endives au roquefort et noix<\/h3>\n<p>Avez-vous aim\u00e9 la recette\u00a0? <\/p>\n<p>J\u2019esp\u00e8re vous avoir donn\u00e9 envie de l\u2019essayer. N\u2019h\u00e9sitez pas \u00e0 me laisser un commentaire avec votre opinion, si vous avez des suggestions, ou si vous les avez go\u00fbt\u00e9es diff\u00e9remment.<\/p>\n<p>\u00c0 l\u2019occasion de cette <strong>recette au roquefort<\/strong>, j\u2019en profite pour vous laisser un petit souvenir. L\u2019\u00e9mission \u00ab\u00a0c\u2019est pas sorcier\u00a0\u00bb sur les fromages et notamment le roquefort.<\/p>\n<div class=\"video-container\"><iframe loading=\"lazy\" width=\"560\" height=\"315\" src=\"https:\/\/www.youtube.com\/embed\/RbdxFksSwws\" frameborder=\"0\" allow=\"autoplay; encrypted-media\" allowfullscreen=\"allowfullscreen\"><\/iframe><\/div>\n<p>Enfin, si vous envisagez de mettre cet amuse-gueule dans votre prochain ap\u00e9ritif dinatoire, je vous invite \u00e0 cliquer sur le bouton \u00ab\u00a0j\u2019aime\u00a0\u00bb et partager ces succulentes <strong>endives au roquefort et noix<\/strong> sur vos r\u00e9seaux sociaux.<\/p>\n<p>\u00c0 bient\u00f4t\u00a0!<\/p>\n<p><\/p>\n","protected":false},"excerpt":{"rendered":"<p>Comment faire endives au roquefort. Recette facile. Apprenez \u00e0 faire ce d\u00e9licieux amuse-bouche \u00e0 base d\u2019endives, roquefort et noix. Rapide et tr\u00e8s bon\u00a0!<\/p>\n","protected":false},"author":1,"featured_media":10765,"comment_status":"open","ping_status":"open","sticky":false,"template":"","format":"standard","meta":{"_yoast_wpseo_focuskw":"endives au roquefort","_yoast_wpseo_metadesc":"Comment faire endives au roquefort. Recette facile. Apprenez \u00e0 faire ce d\u00e9licieux amuse-bouche \u00e0 base d\u2019endives, roquefort et noix. Rapide et tr\u00e8s bon\u00a0!","footnotes":""},"categories":[845,1272,20],"tags":[116,371,1161],"class_list":["post-10763","post","type-post","status-publish","format-standard","has-post-thumbnail","hentry","category-legumes","category-fromage","category-recette","tag-amuse-gueules","tag-endives","tag-roquefort"],"yoast_head":"<!-- This site is optimized with the Yoast SEO plugin v27.5 - https:\/\/yoast.com\/product\/yoast-seo-wordpress\/ -->\n<title>Recette d\u2019endives au roquefort et noix<\/title>\n<meta name=\"description\" content=\"Comment faire endives au roquefort. Recette facile. Apprenez \u00e0 faire ce d\u00e9licieux amuse-bouche \u00e0 base d\u2019endives, roquefort et noix. Rapide et tr\u00e8s bon\u00a0!\" \/>\n<meta name=\"robots\" content=\"index, follow, max-snippet:-1, max-image-preview:large, max-video-preview:-1\" \/>\n<link rel=\"canonical\" href=\"https:\/\/jesuisuncuisinier.fr\/fr\/endives-au-roquefort\/\" \/>\n<meta property=\"og:locale\" content=\"fr_FR\" \/>\n<meta property=\"og:type\" content=\"article\" \/>\n<meta property=\"og:title\" content=\"Recette d\u2019endives au roquefort et noix\" \/>\n<meta property=\"og:description\" content=\"Comment faire endives au roquefort. Recette facile. Apprenez \u00e0 faire ce d\u00e9licieux amuse-bouche \u00e0 base d\u2019endives, roquefort et noix. Rapide et tr\u00e8s bon\u00a0!\" \/>\n<meta property=\"og:url\" content=\"https:\/\/jesuisuncuisinier.fr\/fr\/endives-au-roquefort\/\" \/>\n<meta property=\"og:site_name\" content=\"Je suis un cuisinier - Recettes faciles\" \/>\n<meta property=\"article:published_time\" content=\"2018-03-05T10:21:47+00:00\" \/>\n<meta property=\"og:image\" content=\"https:\/\/jesuisuncuisinier.fr\/wp-content\/uploads\/2018\/03\/endives-au-roquefort.jpg\" \/>\n\t<meta property=\"og:image:width\" content=\"640\" \/>\n\t<meta property=\"og:image:height\" content=\"425\" \/>\n\t<meta property=\"og:image:type\" content=\"image\/jpeg\" \/>\n<meta name=\"author\" content=\"Dami\u00e1n\" \/>\n<meta name=\"twitter:card\" content=\"summary_large_image\" \/>\n<meta name=\"twitter:creator\" content=\"@unptitcuisinier\" \/>\n<meta name=\"twitter:site\" content=\"@unptitcuisinier\" \/>\n<meta name=\"twitter:label1\" content=\"\u00c9crit par\" \/>\n\t<meta name=\"twitter:data1\" content=\"Dami\u00e1n\" \/>\n\t<meta name=\"twitter:label2\" content=\"Dur\u00e9e de lecture estim\u00e9e\" \/>\n\t<meta name=\"twitter:data2\" content=\"4 minutes\" \/>\n<script type=\"application\/ld+json\" class=\"yoast-schema-graph\">{\"@context\":\"https:\\\/\\\/schema.org\",\"@graph\":[{\"@type\":\"Article\",\"@id\":\"https:\\\/\\\/jesuisuncuisinier.fr\\\/fr\\\/endives-au-roquefort\\\/#article\",\"isPartOf\":{\"@id\":\"https:\\\/\\\/jesuisuncuisinier.fr\\\/fr\\\/endives-au-roquefort\\\/\"},\"author\":{\"name\":\"Dami\u00e1n\",\"@id\":\"https:\\\/\\\/jesuisuncuisinier.fr\\\/fr\\\/#\\\/schema\\\/person\\\/c2da7696f2784cce34698e48f989cb2a\"},\"headline\":\"Recette d\u2019endives au roquefort et noix\",\"datePublished\":\"2018-03-05T10:21:47+00:00\",\"mainEntityOfPage\":{\"@id\":\"https:\\\/\\\/jesuisuncuisinier.fr\\\/fr\\\/endives-au-roquefort\\\/\"},\"wordCount\":717,\"commentCount\":2,\"publisher\":{\"@id\":\"https:\\\/\\\/jesuisuncuisinier.fr\\\/fr\\\/#\\\/schema\\\/person\\\/04d97b7b1ae2f60e14cd96fc10a341aa\"},\"image\":{\"@id\":\"https:\\\/\\\/jesuisuncuisinier.fr\\\/fr\\\/endives-au-roquefort\\\/#primaryimage\"},\"thumbnailUrl\":\"https:\\\/\\\/jesuisuncuisinier.fr\\\/wp-content\\\/uploads\\\/2018\\\/03\\\/endives-au-roquefort.jpg\",\"keywords\":[\"amuse-gueules\",\"endives\",\"roquefort\"],\"articleSection\":[\"L\u00e9gumes\",\"Fromage\",\"recette\"],\"inLanguage\":\"fr-FR\",\"potentialAction\":[{\"@type\":\"CommentAction\",\"name\":\"Comment\",\"target\":[\"https:\\\/\\\/jesuisuncuisinier.fr\\\/fr\\\/endives-au-roquefort\\\/#respond\"]}]},{\"@type\":\"WebPage\",\"@id\":\"https:\\\/\\\/jesuisuncuisinier.fr\\\/fr\\\/endives-au-roquefort\\\/\",\"url\":\"https:\\\/\\\/jesuisuncuisinier.fr\\\/fr\\\/endives-au-roquefort\\\/\",\"name\":\"Recette d\u2019endives au roquefort et noix\",\"isPartOf\":{\"@id\":\"https:\\\/\\\/jesuisuncuisinier.fr\\\/fr\\\/#website\"},\"primaryImageOfPage\":{\"@id\":\"https:\\\/\\\/jesuisuncuisinier.fr\\\/fr\\\/endives-au-roquefort\\\/#primaryimage\"},\"image\":{\"@id\":\"https:\\\/\\\/jesuisuncuisinier.fr\\\/fr\\\/endives-au-roquefort\\\/#primaryimage\"},\"thumbnailUrl\":\"https:\\\/\\\/jesuisuncuisinier.fr\\\/wp-content\\\/uploads\\\/2018\\\/03\\\/endives-au-roquefort.jpg\",\"datePublished\":\"2018-03-05T10:21:47+00:00\",\"description\":\"Comment faire endives au roquefort. Recette facile. Apprenez \u00e0 faire ce d\u00e9licieux amuse-bouche \u00e0 base d\u2019endives, roquefort et noix. Rapide et tr\u00e8s bon\u00a0!\",\"breadcrumb\":{\"@id\":\"https:\\\/\\\/jesuisuncuisinier.fr\\\/fr\\\/endives-au-roquefort\\\/#breadcrumb\"},\"inLanguage\":\"fr-FR\",\"potentialAction\":[{\"@type\":\"ReadAction\",\"target\":[\"https:\\\/\\\/jesuisuncuisinier.fr\\\/fr\\\/endives-au-roquefort\\\/\"]}]},{\"@type\":\"ImageObject\",\"inLanguage\":\"fr-FR\",\"@id\":\"https:\\\/\\\/jesuisuncuisinier.fr\\\/fr\\\/endives-au-roquefort\\\/#primaryimage\",\"url\":\"https:\\\/\\\/jesuisuncuisinier.fr\\\/wp-content\\\/uploads\\\/2018\\\/03\\\/endives-au-roquefort.jpg\",\"contentUrl\":\"https:\\\/\\\/jesuisuncuisinier.fr\\\/wp-content\\\/uploads\\\/2018\\\/03\\\/endives-au-roquefort.jpg\",\"width\":640,\"height\":425,\"caption\":\"Endives au roquefort\"},{\"@type\":\"BreadcrumbList\",\"@id\":\"https:\\\/\\\/jesuisuncuisinier.fr\\\/fr\\\/endives-au-roquefort\\\/#breadcrumb\",\"itemListElement\":[{\"@type\":\"ListItem\",\"position\":1,\"name\":\"Portada\",\"item\":\"https:\\\/\\\/jesuisuncuisinier.fr\\\/fr\\\/\"},{\"@type\":\"ListItem\",\"position\":2,\"name\":\"Recette d\u2019endives au roquefort et noix\"}]},{\"@type\":\"WebSite\",\"@id\":\"https:\\\/\\\/jesuisuncuisinier.fr\\\/fr\\\/#website\",\"url\":\"https:\\\/\\\/jesuisuncuisinier.fr\\\/fr\\\/\",\"name\":\"Je suis un cuisinier - Recettes faciles\",\"description\":\"Recettes de cuisine faciles pour tous les jours. Cuisine fran\u00e7aise, espagnole et d&#039;ailleurs.\",\"publisher\":{\"@id\":\"https:\\\/\\\/jesuisuncuisinier.fr\\\/fr\\\/#\\\/schema\\\/person\\\/04d97b7b1ae2f60e14cd96fc10a341aa\"},\"potentialAction\":[{\"@type\":\"SearchAction\",\"target\":{\"@type\":\"EntryPoint\",\"urlTemplate\":\"https:\\\/\\\/jesuisuncuisinier.fr\\\/fr\\\/?s={search_term_string}\"},\"query-input\":{\"@type\":\"PropertyValueSpecification\",\"valueRequired\":true,\"valueName\":\"search_term_string\"}}],\"inLanguage\":\"fr-FR\"},{\"@type\":[\"Person\",\"Organization\"],\"@id\":\"https:\\\/\\\/jesuisuncuisinier.fr\\\/fr\\\/#\\\/schema\\\/person\\\/04d97b7b1ae2f60e14cd96fc10a341aa\",\"name\":\"Dami\u00e1n Serrano\",\"image\":{\"@type\":\"ImageObject\",\"inLanguage\":\"fr-FR\",\"@id\":\"https:\\\/\\\/jesuisuncuisinier.fr\\\/wp-content\\\/uploads\\\/2019\\\/11\\\/avatar.jpg\",\"url\":\"https:\\\/\\\/jesuisuncuisinier.fr\\\/wp-content\\\/uploads\\\/2019\\\/11\\\/avatar.jpg\",\"contentUrl\":\"https:\\\/\\\/jesuisuncuisinier.fr\\\/wp-content\\\/uploads\\\/2019\\\/11\\\/avatar.jpg\",\"width\":200,\"height\":200,\"caption\":\"Dami\u00e1n Serrano\"},\"logo\":{\"@id\":\"https:\\\/\\\/jesuisuncuisinier.fr\\\/wp-content\\\/uploads\\\/2019\\\/11\\\/avatar.jpg\"}},{\"@type\":\"Person\",\"@id\":\"https:\\\/\\\/jesuisuncuisinier.fr\\\/fr\\\/#\\\/schema\\\/person\\\/c2da7696f2784cce34698e48f989cb2a\",\"name\":\"Dami\u00e1n\",\"sameAs\":[\"http:\\\/\\\/jesuisuncuisinier.fr\",\"https:\\\/\\\/x.com\\\/unptitcuisinier\"]}]}<\/script>\n<!-- \/ Yoast SEO plugin. -->","yoast_head_json":{"title":"Recette d\u2019endives au roquefort et noix","description":"Comment faire endives au roquefort. Recette facile. Apprenez \u00e0 faire ce d\u00e9licieux amuse-bouche \u00e0 base d\u2019endives, roquefort et noix. Rapide et tr\u00e8s bon\u00a0!","robots":{"index":"index","follow":"follow","max-snippet":"max-snippet:-1","max-image-preview":"max-image-preview:large","max-video-preview":"max-video-preview:-1"},"canonical":"https:\/\/jesuisuncuisinier.fr\/fr\/endives-au-roquefort\/","og_locale":"fr_FR","og_type":"article","og_title":"Recette d\u2019endives au roquefort et noix","og_description":"Comment faire endives au roquefort. Recette facile. Apprenez \u00e0 faire ce d\u00e9licieux amuse-bouche \u00e0 base d\u2019endives, roquefort et noix. Rapide et tr\u00e8s bon\u00a0!","og_url":"https:\/\/jesuisuncuisinier.fr\/fr\/endives-au-roquefort\/","og_site_name":"Je suis un cuisinier - Recettes faciles","article_published_time":"2018-03-05T10:21:47+00:00","og_image":[{"width":640,"height":425,"url":"https:\/\/jesuisuncuisinier.fr\/wp-content\/uploads\/2018\/03\/endives-au-roquefort.jpg","type":"image\/jpeg"}],"author":"Dami\u00e1n","twitter_card":"summary_large_image","twitter_creator":"@unptitcuisinier","twitter_site":"@unptitcuisinier","twitter_misc":{"\u00c9crit par":"Dami\u00e1n","Dur\u00e9e de lecture estim\u00e9e":"4 minutes"},"schema":{"@context":"https:\/\/schema.org","@graph":[{"@type":"Article","@id":"https:\/\/jesuisuncuisinier.fr\/fr\/endives-au-roquefort\/#article","isPartOf":{"@id":"https:\/\/jesuisuncuisinier.fr\/fr\/endives-au-roquefort\/"},"author":{"name":"Dami\u00e1n","@id":"https:\/\/jesuisuncuisinier.fr\/fr\/#\/schema\/person\/c2da7696f2784cce34698e48f989cb2a"},"headline":"Recette d\u2019endives au roquefort et noix","datePublished":"2018-03-05T10:21:47+00:00","mainEntityOfPage":{"@id":"https:\/\/jesuisuncuisinier.fr\/fr\/endives-au-roquefort\/"},"wordCount":717,"commentCount":2,"publisher":{"@id":"https:\/\/jesuisuncuisinier.fr\/fr\/#\/schema\/person\/04d97b7b1ae2f60e14cd96fc10a341aa"},"image":{"@id":"https:\/\/jesuisuncuisinier.fr\/fr\/endives-au-roquefort\/#primaryimage"},"thumbnailUrl":"https:\/\/jesuisuncuisinier.fr\/wp-content\/uploads\/2018\/03\/endives-au-roquefort.jpg","keywords":["amuse-gueules","endives","roquefort"],"articleSection":["L\u00e9gumes","Fromage","recette"],"inLanguage":"fr-FR","potentialAction":[{"@type":"CommentAction","name":"Comment","target":["https:\/\/jesuisuncuisinier.fr\/fr\/endives-au-roquefort\/#respond"]}]},{"@type":"WebPage","@id":"https:\/\/jesuisuncuisinier.fr\/fr\/endives-au-roquefort\/","url":"https:\/\/jesuisuncuisinier.fr\/fr\/endives-au-roquefort\/","name":"Recette d\u2019endives au roquefort et noix","isPartOf":{"@id":"https:\/\/jesuisuncuisinier.fr\/fr\/#website"},"primaryImageOfPage":{"@id":"https:\/\/jesuisuncuisinier.fr\/fr\/endives-au-roquefort\/#primaryimage"},"image":{"@id":"https:\/\/jesuisuncuisinier.fr\/fr\/endives-au-roquefort\/#primaryimage"},"thumbnailUrl":"https:\/\/jesuisuncuisinier.fr\/wp-content\/uploads\/2018\/03\/endives-au-roquefort.jpg","datePublished":"2018-03-05T10:21:47+00:00","description":"Comment faire endives au roquefort. Recette facile. Apprenez \u00e0 faire ce d\u00e9licieux amuse-bouche \u00e0 base d\u2019endives, roquefort et noix. Rapide et tr\u00e8s bon\u00a0!","breadcrumb":{"@id":"https:\/\/jesuisuncuisinier.fr\/fr\/endives-au-roquefort\/#breadcrumb"},"inLanguage":"fr-FR","potentialAction":[{"@type":"ReadAction","target":["https:\/\/jesuisuncuisinier.fr\/fr\/endives-au-roquefort\/"]}]},{"@type":"ImageObject","inLanguage":"fr-FR","@id":"https:\/\/jesuisuncuisinier.fr\/fr\/endives-au-roquefort\/#primaryimage","url":"https:\/\/jesuisuncuisinier.fr\/wp-content\/uploads\/2018\/03\/endives-au-roquefort.jpg","contentUrl":"https:\/\/jesuisuncuisinier.fr\/wp-content\/uploads\/2018\/03\/endives-au-roquefort.jpg","width":640,"height":425,"caption":"Endives au roquefort"},{"@type":"BreadcrumbList","@id":"https:\/\/jesuisuncuisinier.fr\/fr\/endives-au-roquefort\/#breadcrumb","itemListElement":[{"@type":"ListItem","position":1,"name":"Portada","item":"https:\/\/jesuisuncuisinier.fr\/fr\/"},{"@type":"ListItem","position":2,"name":"Recette d\u2019endives au roquefort et noix"}]},{"@type":"WebSite","@id":"https:\/\/jesuisuncuisinier.fr\/fr\/#website","url":"https:\/\/jesuisuncuisinier.fr\/fr\/","name":"Je suis un cuisinier - Recettes faciles","description":"Recettes de cuisine faciles pour tous les jours. Cuisine fran\u00e7aise, espagnole et d&#039;ailleurs.","publisher":{"@id":"https:\/\/jesuisuncuisinier.fr\/fr\/#\/schema\/person\/04d97b7b1ae2f60e14cd96fc10a341aa"},"potentialAction":[{"@type":"SearchAction","target":{"@type":"EntryPoint","urlTemplate":"https:\/\/jesuisuncuisinier.fr\/fr\/?s={search_term_string}"},"query-input":{"@type":"PropertyValueSpecification","valueRequired":true,"valueName":"search_term_string"}}],"inLanguage":"fr-FR"},{"@type":["Person","Organization"],"@id":"https:\/\/jesuisuncuisinier.fr\/fr\/#\/schema\/person\/04d97b7b1ae2f60e14cd96fc10a341aa","name":"Dami\u00e1n Serrano","image":{"@type":"ImageObject","inLanguage":"fr-FR","@id":"https:\/\/jesuisuncuisinier.fr\/wp-content\/uploads\/2019\/11\/avatar.jpg","url":"https:\/\/jesuisuncuisinier.fr\/wp-content\/uploads\/2019\/11\/avatar.jpg","contentUrl":"https:\/\/jesuisuncuisinier.fr\/wp-content\/uploads\/2019\/11\/avatar.jpg","width":200,"height":200,"caption":"Dami\u00e1n Serrano"},"logo":{"@id":"https:\/\/jesuisuncuisinier.fr\/wp-content\/uploads\/2019\/11\/avatar.jpg"}},{"@type":"Person","@id":"https:\/\/jesuisuncuisinier.fr\/fr\/#\/schema\/person\/c2da7696f2784cce34698e48f989cb2a","name":"Dami\u00e1n","sameAs":["http:\/\/jesuisuncuisinier.fr","https:\/\/x.com\/unptitcuisinier"]}]}},"amp_enabled":true,"_links":{"self":[{"href":"https:\/\/jesuisuncuisinier.fr\/fr\/wp-json\/wp\/v2\/posts\/10763","targetHints":{"allow":["GET"]}}],"collection":[{"href":"https:\/\/jesuisuncuisinier.fr\/fr\/wp-json\/wp\/v2\/posts"}],"about":[{"href":"https:\/\/jesuisuncuisinier.fr\/fr\/wp-json\/wp\/v2\/types\/post"}],"author":[{"embeddable":true,"href":"https:\/\/jesuisuncuisinier.fr\/fr\/wp-json\/wp\/v2\/users\/1"}],"replies":[{"embeddable":true,"href":"https:\/\/jesuisuncuisinier.fr\/fr\/wp-json\/wp\/v2\/comments?post=10763"}],"version-history":[{"count":0,"href":"https:\/\/jesuisuncuisinier.fr\/fr\/wp-json\/wp\/v2\/posts\/10763\/revisions"}],"wp:featuredmedia":[{"embeddable":true,"href":"https:\/\/jesuisuncuisinier.fr\/fr\/wp-json\/wp\/v2\/media\/10765"}],"wp:attachment":[{"href":"https:\/\/jesuisuncuisinier.fr\/fr\/wp-json\/wp\/v2\/media?parent=10763"}],"wp:term":[{"taxonomy":"category","embeddable":true,"href":"https:\/\/jesuisuncuisinier.fr\/fr\/wp-json\/wp\/v2\/categories?post=10763"},{"taxonomy":"post_tag","embeddable":true,"href":"https:\/\/jesuisuncuisinier.fr\/fr\/wp-json\/wp\/v2\/tags?post=10763"}],"curies":[{"name":"wp","href":"https:\/\/api.w.org\/{rel}","templated":true}]}}