{"id":10615,"date":"2018-02-04T11:24:35","date_gmt":"2018-02-04T10:24:35","guid":{"rendered":"http:\/\/jesuisunpetitcuisinier.fr\/fr\/?p=10615"},"modified":"2018-02-04T11:31:10","modified_gmt":"2018-02-04T10:31:10","slug":"pates-aux-poivrons-de-piquillo","status":"publish","type":"post","link":"https:\/\/jesuisuncuisinier.fr\/fr\/pates-aux-poivrons-de-piquillo\/","title":{"rendered":"Recette de p\u00e2tes aux poivrons de \u00ab\u00a0piquillo\u00a0\u00bb"},"content":{"rendered":"\n<p>La premi\u00e8re fois que j\u2019ai fait ce plat, c\u2019\u00e9tait pour utiliser quelques <a href=\"https:\/\/www.femmeactuelle.fr\/cuisine\/recettes-de-cuisine\/recettes-poivron-piquillos-41532\" target=\"_blank\" rel=\"noopener\"><strong>poivrons de \u00ab\u00a0piquillo\u00a0\u00bb<\/strong><\/a>. J\u2019avais dans le frigo un restant de poivron d\u2019une pr\u00e9paration\u00a0: des <a href=\"http:\/\/jesuisuncuisinier.fr\/fr\/2016\/04\/poivrons-de-piquillo-farcis-a-la-morue.html\" target=\"_blank\" rel=\"noopener\"><strong>poivrons de \u00ab\u00a0piquillo\u00a0\u00bb farcis \u00e0 la morue<\/strong><\/a> (cette recette est un r\u00e9gal, n\u2019h\u00e9sitez pas de la consulter). Il faut dire que j\u2019ai ador\u00e9 ces <strong>p\u00e2tes aux poivrons de \u00ab\u00a0piquillo\u00a0\u00bb<\/strong>. Un plat improvis\u00e9 vraiment d\u00e9licieux que j\u2019ai vite incorpor\u00e9 \u00e0 mon cahier de recettes. M\u00eame avec quelques variations, avec des <strong>gnocchis<\/strong> par exemple, c\u2019est toujours une r\u00e9ussite.<\/p>\n<script async src=\"\/\/pagead2.googlesyndication.com\/pagead\/js\/adsbygoogle.js\"><\/script><ins class=\"adsbygoogle\"style=\"display:block\"data-ad-client=\"ca-pub-7750789452383743\"data-ad-slot=\"9252856116\"data-ad-format=\"auto\"><\/ins><script>(adsbygoogle = window.adsbygoogle || []).push({});<\/script><amp-ad width=\"100vw\" height=320 type=\"adsense\" data-ad-client=\"ca-pub-7750789452383743\" data-ad-slot=\"7340373828\" data-auto-format=\"rspv\" data-full-width><div overflow><\/div><\/amp-ad><div class=\"cleaner\" style=\"margin: 10px\"><\/div>\n<h2>Voulez-vous savoir comment faire des p\u00e2tes aux poivrons de \u00ab\u00a0piquillo\u00a0\u00bb\u00a0?<\/h2>\n<p>Pour pr\u00e9parer ces <strong>p\u00e2tes aux poivrons de \u00ab\u00a0piquillo\u00a0\u00bb<\/strong>, vous avez besoin, bien \u00e9videmment des <strong>poivrons de \u00ab\u00a0piquillo\u00a0\u00bb<\/strong>. Un type de poivron <strong>typique de la cuisine espagnole<\/strong>. G\u00e9n\u00e9ralement vendu en conserve, en France, je les trouve facilement dans les rayons des supermarch\u00e9s. Nous allons couper ceux-ci en petits morceaux puis les faire revenir quelques minutes \u00e0 la po\u00eale avec de l\u2019huile d\u2019olive.<\/p>\n<p><img loading=\"lazy\" decoding=\"async\" class=\"aligncenter size-full wp-image-10621\" src=\"http:\/\/jesuisuncuisinier.fr\/wp-content\/uploads\/2018\/02\/pates-aux-poivrons-de-piquillo-ingredients.jpg\" alt=\"P\u00e2tes aux poivrons de \u00ab piquillo \u00bb (ingr\u00e9dients)\" width=\"640\" height=\"425\" srcset=\"https:\/\/jesuisuncuisinier.fr\/wp-content\/uploads\/2018\/02\/pates-aux-poivrons-de-piquillo-ingredients.jpg 640w, https:\/\/jesuisuncuisinier.fr\/wp-content\/uploads\/2018\/02\/pates-aux-poivrons-de-piquillo-ingredients-320x213.jpg 320w, https:\/\/jesuisuncuisinier.fr\/wp-content\/uploads\/2018\/02\/pates-aux-poivrons-de-piquillo-ingredients-300x200.jpg 300w\" sizes=\"auto, (max-width: 640px) 100vw, 640px\" \/><\/p>\n<p>Nous allons \u00e9galement <strong>ajouter de l\u2019ail<\/strong>, un peu comme pour les <a href=\"http:\/\/jesuisuncuisinier.fr\/fr\/2010\/10\/spaghetti-a-l-ail-huile-et-piment.html\" target=\"_blank\" rel=\"noopener\"><strong>spaghettis \u00e0 l\u2019ail, de l\u2019huile et du piment<\/strong><\/a>. J\u2019aime bien le go\u00fbt tr\u00e8s riche qu\u2019apporte l\u2019ail. Bien que vous pouvez toujours r\u00e9duire la quantit\u00e9 d\u2019ail si vous ne l\u2019aimez pas.<\/p>\n<p>Voici la recette\u00a0:<\/p>\n<p><ins class=\"adsbygoogle\"style=\"display:block\"data-ad-client=\"ca-pub-7750789452383743\"data-ad-slot=\"4190110340\"data-ad-format=\"auto\"data-full-width-responsive=\"true\"><\/ins><script>(adsbygoogle = window.adsbygoogle || []).push({});<\/script> <amp-ad width=\"100vw\" height=320 type=\"adsense\" data-ad-client=\"ca-pub-7750789452383743\" data-ad-slot=\"4190110340\" data-auto-format=\"rspv\" data-full-width><div overflow><\/div><\/amp-ad><div class=\"cleaner\" style=\"margin: 10px\"><\/div><div itemscope itemtype=\"http:\/\/schema.org\/Recipe\">\n<div align=\"justify\" style=\"border-style:solid; border-width: 1px;padding: 10px 10px 10px 10px;\">\n<img loading=\"lazy\" decoding=\"async\" width=\"128\" height=\"85\" src=\"https:\/\/jesuisuncuisinier.fr\/wp-content\/uploads\/2018\/02\/pates-aux-poivrons-de-piquillo.jpg\" class=\"attachment-thumbnail size-thumbnail wp-post-image\" alt=\"P\u00e2tes aux poivrons de \u00ab piquillo \u00bb\" style=\"float:left; padding: 10px 10px 10px 10px\" srcset=\"https:\/\/jesuisuncuisinier.fr\/wp-content\/uploads\/2018\/02\/pates-aux-poivrons-de-piquillo.jpg 640w, https:\/\/jesuisuncuisinier.fr\/wp-content\/uploads\/2018\/02\/pates-aux-poivrons-de-piquillo-320x213.jpg 320w, https:\/\/jesuisuncuisinier.fr\/wp-content\/uploads\/2018\/02\/pates-aux-poivrons-de-piquillo-300x200.jpg 300w\" sizes=\"auto, (max-width: 128px) 100vw, 128px\" \/>\n<div itemprop=\"image\" itemscope itemtype=\"https:\/\/schema.org\/ImageObject\">\t\n<meta itemprop=\"url\" content=\"https:\/\/jesuisuncuisinier.fr\/wp-content\/uploads\/2018\/02\/pates-aux-poivrons-de-piquillo.jpg\">\n<meta itemprop=\"width\" content=\"140\">\n<meta itemprop=\"height\" content=\"85\">\n<\/div>\n<a href=\"https:\/\/jesuisuncuisinier.fr\/fr\/pates-aux-poivrons-de-piquillo\/print\/\" rel=\"nofollow\" title=\"Imprimer\"><img decoding=\"async\" src=\"https:\/\/jesuisuncuisinier.fr\/wp-content\/plugins\/wp-print\/images\/printer_famfamfam.gif\" align=\"right\" alt=\"Imprimir\"><\/a>\n<h2 itemprop=\"name\" style=\"padding: 10px 10px 0px 10px\">Recette de p\u00e2tes aux poivrons de \u00ab\u00a0piquillo\u00a0\u00bb<\/h2>\n<span id=\"post-ratings-10615\" class=\"post-ratings\" data-nonce=\"7d7c44c404\"><div align=\"center\">Votez pour cette !<\/div>\r\n<div align=\"center\"><img decoding=\"async\" id=\"rating_10615_1\" src=\"https:\/\/jesuisuncuisinier.fr\/wp-content\/plugins\/wp-postratings\/images\/stars_crystal\/rating_on.gif\" alt=\"1 Star\" title=\"1 Star\" onmouseover=\"current_rating(10615, 1, '1 Star');\" onmouseout=\"ratings_off(4.3, 5, 0);\" onclick=\"rate_post();\" onkeypress=\"rate_post();\" style=\"cursor: pointer; border: 0px;\" \/><img decoding=\"async\" id=\"rating_10615_2\" src=\"https:\/\/jesuisuncuisinier.fr\/wp-content\/plugins\/wp-postratings\/images\/stars_crystal\/rating_on.gif\" alt=\"2 Stars\" title=\"2 Stars\" onmouseover=\"current_rating(10615, 2, '2 Stars');\" onmouseout=\"ratings_off(4.3, 5, 0);\" onclick=\"rate_post();\" onkeypress=\"rate_post();\" style=\"cursor: pointer; border: 0px;\" \/><img decoding=\"async\" id=\"rating_10615_3\" src=\"https:\/\/jesuisuncuisinier.fr\/wp-content\/plugins\/wp-postratings\/images\/stars_crystal\/rating_on.gif\" alt=\"3 Stars\" title=\"3 Stars\" onmouseover=\"current_rating(10615, 3, '3 Stars');\" onmouseout=\"ratings_off(4.3, 5, 0);\" onclick=\"rate_post();\" onkeypress=\"rate_post();\" style=\"cursor: pointer; border: 0px;\" \/><img decoding=\"async\" id=\"rating_10615_4\" src=\"https:\/\/jesuisuncuisinier.fr\/wp-content\/plugins\/wp-postratings\/images\/stars_crystal\/rating_on.gif\" alt=\"4 Stars\" title=\"4 Stars\" onmouseover=\"current_rating(10615, 4, '4 Stars');\" onmouseout=\"ratings_off(4.3, 5, 0);\" onclick=\"rate_post();\" onkeypress=\"rate_post();\" style=\"cursor: pointer; border: 0px;\" \/><img decoding=\"async\" id=\"rating_10615_5\" src=\"https:\/\/jesuisuncuisinier.fr\/wp-content\/plugins\/wp-postratings\/images\/stars_crystal\/rating_half.gif\" alt=\"5 Stars\" title=\"5 Stars\" onmouseover=\"current_rating(10615, 5, '5 Stars');\" onmouseout=\"ratings_off(4.3, 5, 0);\" onclick=\"rate_post();\" onkeypress=\"rate_post();\" style=\"cursor: pointer; border: 0px;\" \/><\/div>\r\n<div align=\"center\">Note: 4,33 \/ 5. Votes: 3<\/div><\/span><span id=\"post-ratings-10615-loading\" class=\"post-ratings-loading\"><img loading=\"lazy\" decoding=\"async\" src=\"https:\/\/jesuisuncuisinier.fr\/wp-content\/plugins\/wp-postratings\/images\/loading.gif\" width=\"16\" height=\"16\" class=\"post-ratings-image\" \/>Loading...<\/span><div><\/br><span itemprop=\"author\" itemscope itemtype=\"http:\/\/schema.org\/Person\">   <span itemprop=\"name\" content=\"Damian Serrano\"><\/span> <\/span>\n<b>Personnes:<\/b> <span itemprop=\"recipeYield\">2<\/span>   <b>Temps:<\/b> <time itemprop=\"totalTime\" datetime=PT30M>30 m<\/time>   <b>Difficult\u00e9:<\/b> Facile<\/div><div class=\"cleaner\" style=\"margin: 10px\"><\/div><time itemprop=\"dateModified\" datetime=\"2018-02-04\"><\/time> \n<span itemprop=\"description\" content=\"Comment faire des p\u00e2tes aux poivrons de \u00ab\u00a0piquillo\u00a0\u00bb. Recette facile. Apprenez \u00e0 r\u00e9aliser ce plat de p\u00e2tes tr\u00e8s simple avec un type de poivron typique de la cuisine espagnole.\" ><\/span>\n<span itemprop=\"recipeCuisine\" content=\"Unknown\" ><\/span>\n<span itemprop=\"recipeCategory\" content=\"Unknown\" ><\/span>\n<span itemprop=\"keywords\" content=\"Unknown\" ><\/span>\n<div class=\"note-wrapper\"><div class=\"note-top\"><\/div><div class=\"note-content\"><h3 style=\"padding-left: 10px; margin-bottom: 10px;\">Ingr\u00e9dients<\/h3>\n<ul>\n<li itemprop=\"recipeIngredient\">200\u00a0g de p\u00e2tes courtes (farfalle, fusilli&#8230;)<\/li>\n<li itemprop=\"recipeIngredient\">8 poivrons de \u00ab\u00a0piquillo\u00a0\u00bb en conserve (environ 3 ou 4 par personne)<\/li>\n<li itemprop=\"recipeIngredient\">3 gousses d\u2019ail<\/li>\n<li itemprop=\"recipeIngredient\">Du persil frais<\/li>\n<li itemprop=\"recipeIngredient\">2 ou 3 cuill\u00e8res \u00e0 soupe d\u2019huile d\u2019olive extra-vierge<\/li>\n<li itemprop=\"recipeIngredient\">Sel et poivre noir moulu<\/li>\n<\/ul><b>Pour servir\u00a0:<\/b><ul>\n<li itemprop=\"recipeIngredient\">Du fromage r\u00e2p\u00e9<\/li>\n<\/ul>\n<br \/><\/div><div class=\"note-bottom\"><\/div>\n<\/div> <!-- \/ #ingredients -->\n<div align=\"justify\" class=\"directions-wrapper\"><h3>\u00c9laboration<\/h3><div class=\"directions-content instructions\" >\n<\/p>\n<ol>\n<li itemprop=\"recipeInstructions\">Couper les poivrons de \u00ab\u00a0piquillo\u00a0\u00bb en petits morceaux.<br \/>\n<img loading=\"lazy\" decoding=\"async\" class=\"aligncenter wp-image-10618\" src=\"http:\/\/jesuisuncuisinier.fr\/wp-content\/uploads\/2018\/02\/pates-aux-poivrons-de-piquillo-petits-carres.jpg\" alt=\"P\u00e2tes aux poivrons de \u00ab piquillo \u00bb (petits carr\u00e9s)\" width=\"300\" height=\"199\" srcset=\"https:\/\/jesuisuncuisinier.fr\/wp-content\/uploads\/2018\/02\/pates-aux-poivrons-de-piquillo-petits-carres.jpg 640w, https:\/\/jesuisuncuisinier.fr\/wp-content\/uploads\/2018\/02\/pates-aux-poivrons-de-piquillo-petits-carres-320x213.jpg 320w, https:\/\/jesuisuncuisinier.fr\/wp-content\/uploads\/2018\/02\/pates-aux-poivrons-de-piquillo-petits-carres-300x200.jpg 300w\" sizes=\"auto, (max-width: 300px) 100vw, 300px\" \/><\/li>\n<li itemprop=\"recipeInstructions\">Peler les gousses d\u2019ail, retirer leur germe et les hacher finement ou carr\u00e9ment les \u00e9craser avec un presse-ail.<\/li>\n<li itemprop=\"recipeInstructions\">Laver le persil, bien le s\u00e9cher et hacher finement les feuilles.<\/li>\n<li itemprop=\"recipeInstructions\">Dans une casserole, porter \u00e0 \u00e9bullition 1 litre d\u2019eau. Ajouter 1 cuill\u00e8re \u00e0 soupe de sel, puis les p\u00e2tes. Faites cuire le temps indiqu\u00e9 pour le point \u00ab\u00a0al dente\u00a0\u00bb.<\/li>\n<li itemprop=\"recipeInstructions\">Pendant que les p\u00e2tes cuisent, dans une po\u00eale \u00e0 feu moyen, faire chauffer l\u2019huile d\u2019olive.<\/li>\n<li itemprop=\"recipeInstructions\">Ajouter les poivrons et faire sauter le tout 1 \u00e0 2 minutes.<\/li>\n<li itemprop=\"recipeInstructions\">Incorporer l\u2019ail hach\u00e9, remuer et poursuivre la cuisson encore 1 minute.<br \/>\n<img loading=\"lazy\" decoding=\"async\" class=\"aligncenter size-full wp-image-10622\" src=\"http:\/\/jesuisuncuisinier.fr\/wp-content\/uploads\/2018\/02\/pates-aux-poivrons-de-piquillo-ail-et-poivrons.jpg\" alt=\"P\u00e2tes aux poivrons de \u00ab piquillo \u00bb (ail et poivrons)\" width=\"640\" height=\"425\" srcset=\"https:\/\/jesuisuncuisinier.fr\/wp-content\/uploads\/2018\/02\/pates-aux-poivrons-de-piquillo-ail-et-poivrons.jpg 640w, https:\/\/jesuisuncuisinier.fr\/wp-content\/uploads\/2018\/02\/pates-aux-poivrons-de-piquillo-ail-et-poivrons-320x213.jpg 320w, https:\/\/jesuisuncuisinier.fr\/wp-content\/uploads\/2018\/02\/pates-aux-poivrons-de-piquillo-ail-et-poivrons-300x200.jpg 300w\" sizes=\"auto, (max-width: 640px) 100vw, 640px\" \/><\/li>\n<li itemprop=\"recipeInstructions\">Saler et poivrer et mettre de c\u00f4t\u00e9.<\/li>\n<li itemprop=\"recipeInstructions\">Une fois les p\u00e2tes cuites, les \u00e9goutter et les m\u00e9langer avec la sauce aux poivrons.<br \/>\n<img loading=\"lazy\" decoding=\"async\" class=\"aligncenter size-full wp-image-10617\" src=\"http:\/\/jesuisuncuisinier.fr\/wp-content\/uploads\/2018\/02\/pates-aux-poivrons-de-piquillo-poele.jpg\" alt=\"P\u00e2tes aux poivrons de \u00ab piquillo \u00bb (poele)\" width=\"640\" height=\"425\" srcset=\"https:\/\/jesuisuncuisinier.fr\/wp-content\/uploads\/2018\/02\/pates-aux-poivrons-de-piquillo-poele.jpg 640w, https:\/\/jesuisuncuisinier.fr\/wp-content\/uploads\/2018\/02\/pates-aux-poivrons-de-piquillo-poele-320x213.jpg 320w, https:\/\/jesuisuncuisinier.fr\/wp-content\/uploads\/2018\/02\/pates-aux-poivrons-de-piquillo-poele-300x200.jpg 300w\" sizes=\"auto, (max-width: 640px) 100vw, 640px\" \/><\/li>\n<li itemprop=\"recipeInstructions\">Ajouter le persil hach\u00e9 selon votre go\u00fbt.<\/li>\n<li itemprop=\"recipeInstructions\">Et voil\u00e0, c\u2019est pr\u00eat. Servir imm\u00e9diatement. \u00c0 table, saupoudrer de fromage r\u00e2p\u00e9, autant que vous le souhaitez. Bonne d\u00e9gustation\u00a0!<br \/>\n<img loading=\"lazy\" decoding=\"async\" class=\"aligncenter size-full wp-image-10620\" src=\"http:\/\/jesuisuncuisinier.fr\/wp-content\/uploads\/2018\/02\/pates-aux-poivrons-de-piquillo-melanger.jpg\" alt=\"P\u00e2tes aux poivrons de \u00ab piquillo \u00bb (m\u00e9langer)\" width=\"640\" height=\"425\" srcset=\"https:\/\/jesuisuncuisinier.fr\/wp-content\/uploads\/2018\/02\/pates-aux-poivrons-de-piquillo-melanger.jpg 640w, https:\/\/jesuisuncuisinier.fr\/wp-content\/uploads\/2018\/02\/pates-aux-poivrons-de-piquillo-melanger-320x213.jpg 320w, https:\/\/jesuisuncuisinier.fr\/wp-content\/uploads\/2018\/02\/pates-aux-poivrons-de-piquillo-melanger-300x200.jpg 300w\" sizes=\"auto, (max-width: 640px) 100vw, 640px\" \/><\/li>\n<\/ol>\n<p><\/div><div class=\"cleaner\" style=\"padding-bottom: 10px;\">&nbsp;<\/div><\/div> <!-- \/# directions -->\n<script async src=\"https:\/\/pagead2.googlesyndication.com\/pagead\/js\/adsbygoogle.js\"><\/script><ins class=\"adsbygoogle\"style=\"display:block\"data-ad-client=\"ca-pub-7750789452383743\"data-ad-slot=\"3064891712\"data-ad-format=\"auto\"><\/ins><script async>(adsbygoogle = window.adsbygoogle || []).push({});<\/script> <amp-ad width=\"100vw\" height=320 type=\"adsense\" data-ad-client=\"ca-pub-7750789452383743\" data-ad-slot=\"1189241592\" data-auto-format=\"rspv\" data-full-width><div overflow><\/div><\/amp-ad><div align=\"justify\" class=\"hints-wrapper\" ><h3>Conseils et astuces<\/h3><div class=\"hints-content hints\"><\/p>\n<ul>\n<li>Vous trouverez les <strong>poivrons de \u00ab\u00a0piquillo\u00a0\u00bb<\/strong> dans le rayon des conserves ou le rayon des produits du monde. A d\u00e9faut, n\u2019h\u00e9sitez pas \u00e0 faire cette recette avec des poivrons rouges en conserve.<\/li>\n<li>Pour pr\u00e9parer ces <strong>p\u00e2tes aux poivrons \u00ab\u00a0de piquillo\u00a0\u00bb<\/strong>, vous pouvez utiliser le type de p\u00e2tes courtes de votre choix.<\/li>\n<li>C\u2019est \u00e9galement tr\u00e8s bien avec des <strong>gnocchis<\/strong>.<\/li>\n<li>Utilisez le <strong>fromage r\u00e2p\u00e9<\/strong> que vous pr\u00e9f\u00e9rez.<\/li>\n<li>Vous pouvez ajouter une <strong>touche \u00e9pic\u00e9e<\/strong> avec un <strong>piment de Cayenne<\/strong> cass\u00e9 en deux. Le faire chauffer avec l\u2019huile.<\/li>\n<li>Si les p\u00e2tes ont une cuisson tr\u00e8s courte (des p\u00e2tes fra\u00eeches ou les nouvelles p\u00e2tes \u00e0 cuisson rapides), vous auriez plut\u00f4t int\u00e9r\u00eat \u00e0 <strong>faire d\u2019abord la sauce<\/strong> et ensuite <strong>faire cuire les p\u00e2tes<\/strong>.<\/li>\n<li>Sur le blog, vous trouverez plus de <a href=\"http:\/\/jesuisuncuisinier.fr\/tag\/pates\" target=\"_blank\" rel=\"noopener\"><strong>recettes de p\u00e2tes<\/strong><\/a>. Essayez les <a href=\"http:\/\/jesuisuncuisinier.fr\/fr\/2017\/02\/pates-au-saumon-et-aux-epinards.html\" target=\"_blank\" rel=\"noopener\"><strong>pennes au saumon et aux \u00e9pinards<\/strong><\/a>, tr\u00e8s bons m\u00eame avec des p\u00e2tes semi-compl\u00e8tes. Vous avez aussi les <a href=\"http:\/\/jesuisuncuisinier.fr\/fr\/2017\/09\/pates-aux-sardines.html\" target=\"_blank\" rel=\"noopener\"><strong>p\u00e2tes aux sardines<\/strong><\/a>, une d\u00e9licieuse recette sicilienne, ou les classiques <a href=\"http:\/\/jesuisuncuisinier.fr\/fr\/2014\/10\/spaghetti-alla-carbonara.html\" target=\"_blank\" rel=\"noopener\"><strong>spaghettis carbonara<\/strong><\/a> ou les <a href=\"http:\/\/jesuisuncuisinier.fr\/fr\/2011\/10\/spaghetti-au-pesto-maison.html\" target=\"_blank\" rel=\"noopener\"><strong>spaghettis au pesto de basilic<\/strong><\/a>.<\/li>\n<\/ul>\n<p><\/div><\/div> <!-- \/# hints --><\/div><div class=\"cleaner\" style=\"padding-bottom: 10px;\">&nbsp;<\/div><\/div><!-- \/ #recipe --> \n <\/p>\n<p><img loading=\"lazy\" decoding=\"async\" class=\"aligncenter size-full wp-image-10619\" src=\"http:\/\/jesuisuncuisinier.fr\/wp-content\/uploads\/2018\/02\/pates-aux-poivrons-de-piquillo-persil.jpg\" alt=\"P\u00e2tes aux poivrons de \u00ab piquillo \u00bb (persil)\" width=\"640\" height=\"425\" srcset=\"https:\/\/jesuisuncuisinier.fr\/wp-content\/uploads\/2018\/02\/pates-aux-poivrons-de-piquillo-persil.jpg 640w, https:\/\/jesuisuncuisinier.fr\/wp-content\/uploads\/2018\/02\/pates-aux-poivrons-de-piquillo-persil-320x213.jpg 320w, https:\/\/jesuisuncuisinier.fr\/wp-content\/uploads\/2018\/02\/pates-aux-poivrons-de-piquillo-persil-300x200.jpg 300w\" sizes=\"auto, (max-width: 640px) 100vw, 640px\" \/><\/p>\n<h3>Maintenant, vous savez comment faire des p\u00e2tes aux poivrons de \u00ab\u00a0piquillo\u00a0\u00bb<\/h3>\n<p>Avez-vous aim\u00e9 la recette\u00a0? <\/p>\n<p>J\u2019esp\u00e8re que vous aurez la curiosit\u00e9 de l\u2019essayer. N\u2019h\u00e9sitez pas \u00e0 laisser un petit message avec votre opinion dans la section des commentaires, ou en profiter pour partager vos suggestions.<\/p>\n<p>Enfin, si vous aimez les plats de p\u00e2tes rapides et faciles, je vous invite \u00e0 cliquer sur \u00ab\u00a0J\u2019aime\u00a0\u00bb et \u00e0 partager ce d\u00e9licieux plat de <strong>p\u00e2tes aux poivrons de \u00ab\u00a0piquillo\u00a0\u00bb<\/strong> sur vos r\u00e9seaux sociaux.<\/p>\n\n<p>\u00c0 bient\u00f4t\u00a0!<\/p>\n<p><\/p>\n","protected":false},"excerpt":{"rendered":"<p>Comment faire des p\u00e2tes aux poivrons de \u00ab\u00a0piquillo\u00a0\u00bb. Recette facile. Apprenez \u00e0 r\u00e9aliser ce plat de p\u00e2tes tr\u00e8s simple avec un type de poivron typique de la cuisine espagnole.<\/p>\n","protected":false},"author":1,"featured_media":10616,"comment_status":"open","ping_status":"open","sticky":false,"template":"","format":"standard","meta":{"_yoast_wpseo_focuskw":"p\u00e2tes aux poivrons de piquillo","_yoast_wpseo_metadesc":"Comment faire des p\u00e2tes aux poivrons de \u00ab\u00a0piquillo\u00a0\u00bb. Recette facile. Apprenez \u00e0 r\u00e9aliser ce plat de p\u00e2tes tr\u00e8s simple avec un type de poivron typique de la cuisine espagnole.","footnotes":""},"categories":[841,20],"tags":[217,23,815],"class_list":["post-10615","post","type-post","status-publish","format-standard","has-post-thumbnail","hentry","category-riz-et-pates","category-recette","tag-poivron","tag-pates","tag-piquillos"],"yoast_head":"<!-- This site is optimized with the Yoast SEO plugin v27.5 - https:\/\/yoast.com\/product\/yoast-seo-wordpress\/ -->\n<title>Recette de p\u00e2tes aux poivrons de \u00ab\u00a0piquillo\u00a0\u00bb<\/title>\n<meta name=\"description\" content=\"Comment faire des p\u00e2tes aux poivrons de \u00ab\u00a0piquillo\u00a0\u00bb. Recette facile. Apprenez \u00e0 r\u00e9aliser ce plat de p\u00e2tes tr\u00e8s simple avec un type de poivron typique de la cuisine espagnole.\" \/>\n<meta name=\"robots\" content=\"index, follow, max-snippet:-1, max-image-preview:large, max-video-preview:-1\" \/>\n<link rel=\"canonical\" href=\"https:\/\/jesuisuncuisinier.fr\/fr\/pates-aux-poivrons-de-piquillo\/\" \/>\n<meta property=\"og:locale\" content=\"fr_FR\" \/>\n<meta property=\"og:type\" content=\"article\" \/>\n<meta property=\"og:title\" content=\"Recette de p\u00e2tes aux poivrons de \u00ab\u00a0piquillo\u00a0\u00bb\" \/>\n<meta property=\"og:description\" content=\"Comment faire des p\u00e2tes aux poivrons de \u00ab\u00a0piquillo\u00a0\u00bb. Recette facile. Apprenez \u00e0 r\u00e9aliser ce plat de p\u00e2tes tr\u00e8s simple avec un type de poivron typique de la cuisine espagnole.\" \/>\n<meta property=\"og:url\" content=\"https:\/\/jesuisuncuisinier.fr\/fr\/pates-aux-poivrons-de-piquillo\/\" \/>\n<meta property=\"og:site_name\" content=\"Je suis un cuisinier - Recettes faciles\" \/>\n<meta property=\"article:published_time\" content=\"2018-02-04T10:24:35+00:00\" \/>\n<meta property=\"article:modified_time\" content=\"2018-02-04T10:31:10+00:00\" \/>\n<meta property=\"og:image\" content=\"https:\/\/jesuisuncuisinier.fr\/wp-content\/uploads\/2018\/02\/pates-aux-poivrons-de-piquillo.jpg\" \/>\n\t<meta property=\"og:image:width\" content=\"640\" \/>\n\t<meta property=\"og:image:height\" content=\"425\" \/>\n\t<meta property=\"og:image:type\" content=\"image\/jpeg\" \/>\n<meta name=\"author\" content=\"Dami\u00e1n\" \/>\n<meta name=\"twitter:card\" content=\"summary_large_image\" \/>\n<meta name=\"twitter:creator\" content=\"@unptitcuisinier\" \/>\n<meta name=\"twitter:site\" content=\"@unptitcuisinier\" \/>\n<meta name=\"twitter:label1\" content=\"\u00c9crit par\" \/>\n\t<meta name=\"twitter:data1\" content=\"Dami\u00e1n\" \/>\n\t<meta name=\"twitter:label2\" content=\"Dur\u00e9e de lecture estim\u00e9e\" \/>\n\t<meta name=\"twitter:data2\" content=\"4 minutes\" \/>\n<script type=\"application\/ld+json\" class=\"yoast-schema-graph\">{\"@context\":\"https:\\\/\\\/schema.org\",\"@graph\":[{\"@type\":\"Article\",\"@id\":\"https:\\\/\\\/jesuisuncuisinier.fr\\\/fr\\\/pates-aux-poivrons-de-piquillo\\\/#article\",\"isPartOf\":{\"@id\":\"https:\\\/\\\/jesuisuncuisinier.fr\\\/fr\\\/pates-aux-poivrons-de-piquillo\\\/\"},\"author\":{\"name\":\"Dami\u00e1n\",\"@id\":\"https:\\\/\\\/jesuisuncuisinier.fr\\\/fr\\\/#\\\/schema\\\/person\\\/c2da7696f2784cce34698e48f989cb2a\"},\"headline\":\"Recette de p\u00e2tes aux poivrons de \u00ab\u00a0piquillo\u00a0\u00bb\",\"datePublished\":\"2018-02-04T10:24:35+00:00\",\"dateModified\":\"2018-02-04T10:31:10+00:00\",\"mainEntityOfPage\":{\"@id\":\"https:\\\/\\\/jesuisuncuisinier.fr\\\/fr\\\/pates-aux-poivrons-de-piquillo\\\/\"},\"wordCount\":750,\"commentCount\":3,\"publisher\":{\"@id\":\"https:\\\/\\\/jesuisuncuisinier.fr\\\/fr\\\/#\\\/schema\\\/person\\\/04d97b7b1ae2f60e14cd96fc10a341aa\"},\"image\":{\"@id\":\"https:\\\/\\\/jesuisuncuisinier.fr\\\/fr\\\/pates-aux-poivrons-de-piquillo\\\/#primaryimage\"},\"thumbnailUrl\":\"https:\\\/\\\/jesuisuncuisinier.fr\\\/wp-content\\\/uploads\\\/2018\\\/02\\\/pates-aux-poivrons-de-piquillo.jpg\",\"keywords\":[\"poivron\",\"P\u00e2tes\",\"piquillos\"],\"articleSection\":[\"Riz et P\u00e2tes\",\"recette\"],\"inLanguage\":\"fr-FR\",\"potentialAction\":[{\"@type\":\"CommentAction\",\"name\":\"Comment\",\"target\":[\"https:\\\/\\\/jesuisuncuisinier.fr\\\/fr\\\/pates-aux-poivrons-de-piquillo\\\/#respond\"]}]},{\"@type\":\"WebPage\",\"@id\":\"https:\\\/\\\/jesuisuncuisinier.fr\\\/fr\\\/pates-aux-poivrons-de-piquillo\\\/\",\"url\":\"https:\\\/\\\/jesuisuncuisinier.fr\\\/fr\\\/pates-aux-poivrons-de-piquillo\\\/\",\"name\":\"Recette de p\u00e2tes aux poivrons de \u00ab\u00a0piquillo\u00a0\u00bb\",\"isPartOf\":{\"@id\":\"https:\\\/\\\/jesuisuncuisinier.fr\\\/fr\\\/#website\"},\"primaryImageOfPage\":{\"@id\":\"https:\\\/\\\/jesuisuncuisinier.fr\\\/fr\\\/pates-aux-poivrons-de-piquillo\\\/#primaryimage\"},\"image\":{\"@id\":\"https:\\\/\\\/jesuisuncuisinier.fr\\\/fr\\\/pates-aux-poivrons-de-piquillo\\\/#primaryimage\"},\"thumbnailUrl\":\"https:\\\/\\\/jesuisuncuisinier.fr\\\/wp-content\\\/uploads\\\/2018\\\/02\\\/pates-aux-poivrons-de-piquillo.jpg\",\"datePublished\":\"2018-02-04T10:24:35+00:00\",\"dateModified\":\"2018-02-04T10:31:10+00:00\",\"description\":\"Comment faire des p\u00e2tes aux poivrons de \u00ab\u00a0piquillo\u00a0\u00bb. Recette facile. Apprenez \u00e0 r\u00e9aliser ce plat de p\u00e2tes tr\u00e8s simple avec un type de poivron typique de la cuisine espagnole.\",\"breadcrumb\":{\"@id\":\"https:\\\/\\\/jesuisuncuisinier.fr\\\/fr\\\/pates-aux-poivrons-de-piquillo\\\/#breadcrumb\"},\"inLanguage\":\"fr-FR\",\"potentialAction\":[{\"@type\":\"ReadAction\",\"target\":[\"https:\\\/\\\/jesuisuncuisinier.fr\\\/fr\\\/pates-aux-poivrons-de-piquillo\\\/\"]}]},{\"@type\":\"ImageObject\",\"inLanguage\":\"fr-FR\",\"@id\":\"https:\\\/\\\/jesuisuncuisinier.fr\\\/fr\\\/pates-aux-poivrons-de-piquillo\\\/#primaryimage\",\"url\":\"https:\\\/\\\/jesuisuncuisinier.fr\\\/wp-content\\\/uploads\\\/2018\\\/02\\\/pates-aux-poivrons-de-piquillo.jpg\",\"contentUrl\":\"https:\\\/\\\/jesuisuncuisinier.fr\\\/wp-content\\\/uploads\\\/2018\\\/02\\\/pates-aux-poivrons-de-piquillo.jpg\",\"width\":640,\"height\":425,\"caption\":\"P\u00e2tes aux poivrons de \u00ab piquillo \u00bb\"},{\"@type\":\"BreadcrumbList\",\"@id\":\"https:\\\/\\\/jesuisuncuisinier.fr\\\/fr\\\/pates-aux-poivrons-de-piquillo\\\/#breadcrumb\",\"itemListElement\":[{\"@type\":\"ListItem\",\"position\":1,\"name\":\"Portada\",\"item\":\"https:\\\/\\\/jesuisuncuisinier.fr\\\/fr\\\/\"},{\"@type\":\"ListItem\",\"position\":2,\"name\":\"Recette de p\u00e2tes aux poivrons de \u00ab\u00a0piquillo\u00a0\u00bb\"}]},{\"@type\":\"WebSite\",\"@id\":\"https:\\\/\\\/jesuisuncuisinier.fr\\\/fr\\\/#website\",\"url\":\"https:\\\/\\\/jesuisuncuisinier.fr\\\/fr\\\/\",\"name\":\"Je suis un cuisinier - Recettes faciles\",\"description\":\"Recettes de cuisine faciles pour tous les jours. Cuisine fran\u00e7aise, espagnole et d&#039;ailleurs.\",\"publisher\":{\"@id\":\"https:\\\/\\\/jesuisuncuisinier.fr\\\/fr\\\/#\\\/schema\\\/person\\\/04d97b7b1ae2f60e14cd96fc10a341aa\"},\"potentialAction\":[{\"@type\":\"SearchAction\",\"target\":{\"@type\":\"EntryPoint\",\"urlTemplate\":\"https:\\\/\\\/jesuisuncuisinier.fr\\\/fr\\\/?s={search_term_string}\"},\"query-input\":{\"@type\":\"PropertyValueSpecification\",\"valueRequired\":true,\"valueName\":\"search_term_string\"}}],\"inLanguage\":\"fr-FR\"},{\"@type\":[\"Person\",\"Organization\"],\"@id\":\"https:\\\/\\\/jesuisuncuisinier.fr\\\/fr\\\/#\\\/schema\\\/person\\\/04d97b7b1ae2f60e14cd96fc10a341aa\",\"name\":\"Dami\u00e1n Serrano\",\"image\":{\"@type\":\"ImageObject\",\"inLanguage\":\"fr-FR\",\"@id\":\"https:\\\/\\\/jesuisuncuisinier.fr\\\/wp-content\\\/uploads\\\/2019\\\/11\\\/avatar.jpg\",\"url\":\"https:\\\/\\\/jesuisuncuisinier.fr\\\/wp-content\\\/uploads\\\/2019\\\/11\\\/avatar.jpg\",\"contentUrl\":\"https:\\\/\\\/jesuisuncuisinier.fr\\\/wp-content\\\/uploads\\\/2019\\\/11\\\/avatar.jpg\",\"width\":200,\"height\":200,\"caption\":\"Dami\u00e1n Serrano\"},\"logo\":{\"@id\":\"https:\\\/\\\/jesuisuncuisinier.fr\\\/wp-content\\\/uploads\\\/2019\\\/11\\\/avatar.jpg\"}},{\"@type\":\"Person\",\"@id\":\"https:\\\/\\\/jesuisuncuisinier.fr\\\/fr\\\/#\\\/schema\\\/person\\\/c2da7696f2784cce34698e48f989cb2a\",\"name\":\"Dami\u00e1n\",\"sameAs\":[\"http:\\\/\\\/jesuisuncuisinier.fr\",\"https:\\\/\\\/x.com\\\/unptitcuisinier\"]}]}<\/script>\n<!-- \/ Yoast SEO plugin. -->","yoast_head_json":{"title":"Recette de p\u00e2tes aux poivrons de \u00ab\u00a0piquillo\u00a0\u00bb","description":"Comment faire des p\u00e2tes aux poivrons de \u00ab\u00a0piquillo\u00a0\u00bb. Recette facile. Apprenez \u00e0 r\u00e9aliser ce plat de p\u00e2tes tr\u00e8s simple avec un type de poivron typique de la cuisine espagnole.","robots":{"index":"index","follow":"follow","max-snippet":"max-snippet:-1","max-image-preview":"max-image-preview:large","max-video-preview":"max-video-preview:-1"},"canonical":"https:\/\/jesuisuncuisinier.fr\/fr\/pates-aux-poivrons-de-piquillo\/","og_locale":"fr_FR","og_type":"article","og_title":"Recette de p\u00e2tes aux poivrons de \u00ab\u00a0piquillo\u00a0\u00bb","og_description":"Comment faire des p\u00e2tes aux poivrons de \u00ab\u00a0piquillo\u00a0\u00bb. Recette facile. Apprenez \u00e0 r\u00e9aliser ce plat de p\u00e2tes tr\u00e8s simple avec un type de poivron typique de la cuisine espagnole.","og_url":"https:\/\/jesuisuncuisinier.fr\/fr\/pates-aux-poivrons-de-piquillo\/","og_site_name":"Je suis un cuisinier - Recettes faciles","article_published_time":"2018-02-04T10:24:35+00:00","article_modified_time":"2018-02-04T10:31:10+00:00","og_image":[{"width":640,"height":425,"url":"https:\/\/jesuisuncuisinier.fr\/wp-content\/uploads\/2018\/02\/pates-aux-poivrons-de-piquillo.jpg","type":"image\/jpeg"}],"author":"Dami\u00e1n","twitter_card":"summary_large_image","twitter_creator":"@unptitcuisinier","twitter_site":"@unptitcuisinier","twitter_misc":{"\u00c9crit par":"Dami\u00e1n","Dur\u00e9e de lecture estim\u00e9e":"4 minutes"},"schema":{"@context":"https:\/\/schema.org","@graph":[{"@type":"Article","@id":"https:\/\/jesuisuncuisinier.fr\/fr\/pates-aux-poivrons-de-piquillo\/#article","isPartOf":{"@id":"https:\/\/jesuisuncuisinier.fr\/fr\/pates-aux-poivrons-de-piquillo\/"},"author":{"name":"Dami\u00e1n","@id":"https:\/\/jesuisuncuisinier.fr\/fr\/#\/schema\/person\/c2da7696f2784cce34698e48f989cb2a"},"headline":"Recette de p\u00e2tes aux poivrons de \u00ab\u00a0piquillo\u00a0\u00bb","datePublished":"2018-02-04T10:24:35+00:00","dateModified":"2018-02-04T10:31:10+00:00","mainEntityOfPage":{"@id":"https:\/\/jesuisuncuisinier.fr\/fr\/pates-aux-poivrons-de-piquillo\/"},"wordCount":750,"commentCount":3,"publisher":{"@id":"https:\/\/jesuisuncuisinier.fr\/fr\/#\/schema\/person\/04d97b7b1ae2f60e14cd96fc10a341aa"},"image":{"@id":"https:\/\/jesuisuncuisinier.fr\/fr\/pates-aux-poivrons-de-piquillo\/#primaryimage"},"thumbnailUrl":"https:\/\/jesuisuncuisinier.fr\/wp-content\/uploads\/2018\/02\/pates-aux-poivrons-de-piquillo.jpg","keywords":["poivron","P\u00e2tes","piquillos"],"articleSection":["Riz et P\u00e2tes","recette"],"inLanguage":"fr-FR","potentialAction":[{"@type":"CommentAction","name":"Comment","target":["https:\/\/jesuisuncuisinier.fr\/fr\/pates-aux-poivrons-de-piquillo\/#respond"]}]},{"@type":"WebPage","@id":"https:\/\/jesuisuncuisinier.fr\/fr\/pates-aux-poivrons-de-piquillo\/","url":"https:\/\/jesuisuncuisinier.fr\/fr\/pates-aux-poivrons-de-piquillo\/","name":"Recette de p\u00e2tes aux poivrons de \u00ab\u00a0piquillo\u00a0\u00bb","isPartOf":{"@id":"https:\/\/jesuisuncuisinier.fr\/fr\/#website"},"primaryImageOfPage":{"@id":"https:\/\/jesuisuncuisinier.fr\/fr\/pates-aux-poivrons-de-piquillo\/#primaryimage"},"image":{"@id":"https:\/\/jesuisuncuisinier.fr\/fr\/pates-aux-poivrons-de-piquillo\/#primaryimage"},"thumbnailUrl":"https:\/\/jesuisuncuisinier.fr\/wp-content\/uploads\/2018\/02\/pates-aux-poivrons-de-piquillo.jpg","datePublished":"2018-02-04T10:24:35+00:00","dateModified":"2018-02-04T10:31:10+00:00","description":"Comment faire des p\u00e2tes aux poivrons de \u00ab\u00a0piquillo\u00a0\u00bb. Recette facile. Apprenez \u00e0 r\u00e9aliser ce plat de p\u00e2tes tr\u00e8s simple avec un type de poivron typique de la cuisine espagnole.","breadcrumb":{"@id":"https:\/\/jesuisuncuisinier.fr\/fr\/pates-aux-poivrons-de-piquillo\/#breadcrumb"},"inLanguage":"fr-FR","potentialAction":[{"@type":"ReadAction","target":["https:\/\/jesuisuncuisinier.fr\/fr\/pates-aux-poivrons-de-piquillo\/"]}]},{"@type":"ImageObject","inLanguage":"fr-FR","@id":"https:\/\/jesuisuncuisinier.fr\/fr\/pates-aux-poivrons-de-piquillo\/#primaryimage","url":"https:\/\/jesuisuncuisinier.fr\/wp-content\/uploads\/2018\/02\/pates-aux-poivrons-de-piquillo.jpg","contentUrl":"https:\/\/jesuisuncuisinier.fr\/wp-content\/uploads\/2018\/02\/pates-aux-poivrons-de-piquillo.jpg","width":640,"height":425,"caption":"P\u00e2tes aux poivrons de \u00ab piquillo \u00bb"},{"@type":"BreadcrumbList","@id":"https:\/\/jesuisuncuisinier.fr\/fr\/pates-aux-poivrons-de-piquillo\/#breadcrumb","itemListElement":[{"@type":"ListItem","position":1,"name":"Portada","item":"https:\/\/jesuisuncuisinier.fr\/fr\/"},{"@type":"ListItem","position":2,"name":"Recette de p\u00e2tes aux poivrons de \u00ab\u00a0piquillo\u00a0\u00bb"}]},{"@type":"WebSite","@id":"https:\/\/jesuisuncuisinier.fr\/fr\/#website","url":"https:\/\/jesuisuncuisinier.fr\/fr\/","name":"Je suis un cuisinier - Recettes faciles","description":"Recettes de cuisine faciles pour tous les jours. Cuisine fran\u00e7aise, espagnole et d&#039;ailleurs.","publisher":{"@id":"https:\/\/jesuisuncuisinier.fr\/fr\/#\/schema\/person\/04d97b7b1ae2f60e14cd96fc10a341aa"},"potentialAction":[{"@type":"SearchAction","target":{"@type":"EntryPoint","urlTemplate":"https:\/\/jesuisuncuisinier.fr\/fr\/?s={search_term_string}"},"query-input":{"@type":"PropertyValueSpecification","valueRequired":true,"valueName":"search_term_string"}}],"inLanguage":"fr-FR"},{"@type":["Person","Organization"],"@id":"https:\/\/jesuisuncuisinier.fr\/fr\/#\/schema\/person\/04d97b7b1ae2f60e14cd96fc10a341aa","name":"Dami\u00e1n Serrano","image":{"@type":"ImageObject","inLanguage":"fr-FR","@id":"https:\/\/jesuisuncuisinier.fr\/wp-content\/uploads\/2019\/11\/avatar.jpg","url":"https:\/\/jesuisuncuisinier.fr\/wp-content\/uploads\/2019\/11\/avatar.jpg","contentUrl":"https:\/\/jesuisuncuisinier.fr\/wp-content\/uploads\/2019\/11\/avatar.jpg","width":200,"height":200,"caption":"Dami\u00e1n Serrano"},"logo":{"@id":"https:\/\/jesuisuncuisinier.fr\/wp-content\/uploads\/2019\/11\/avatar.jpg"}},{"@type":"Person","@id":"https:\/\/jesuisuncuisinier.fr\/fr\/#\/schema\/person\/c2da7696f2784cce34698e48f989cb2a","name":"Dami\u00e1n","sameAs":["http:\/\/jesuisuncuisinier.fr","https:\/\/x.com\/unptitcuisinier"]}]}},"amp_enabled":true,"_links":{"self":[{"href":"https:\/\/jesuisuncuisinier.fr\/fr\/wp-json\/wp\/v2\/posts\/10615","targetHints":{"allow":["GET"]}}],"collection":[{"href":"https:\/\/jesuisuncuisinier.fr\/fr\/wp-json\/wp\/v2\/posts"}],"about":[{"href":"https:\/\/jesuisuncuisinier.fr\/fr\/wp-json\/wp\/v2\/types\/post"}],"author":[{"embeddable":true,"href":"https:\/\/jesuisuncuisinier.fr\/fr\/wp-json\/wp\/v2\/users\/1"}],"replies":[{"embeddable":true,"href":"https:\/\/jesuisuncuisinier.fr\/fr\/wp-json\/wp\/v2\/comments?post=10615"}],"version-history":[{"count":0,"href":"https:\/\/jesuisuncuisinier.fr\/fr\/wp-json\/wp\/v2\/posts\/10615\/revisions"}],"wp:featuredmedia":[{"embeddable":true,"href":"https:\/\/jesuisuncuisinier.fr\/fr\/wp-json\/wp\/v2\/media\/10616"}],"wp:attachment":[{"href":"https:\/\/jesuisuncuisinier.fr\/fr\/wp-json\/wp\/v2\/media?parent=10615"}],"wp:term":[{"taxonomy":"category","embeddable":true,"href":"https:\/\/jesuisuncuisinier.fr\/fr\/wp-json\/wp\/v2\/categories?post=10615"},{"taxonomy":"post_tag","embeddable":true,"href":"https:\/\/jesuisuncuisinier.fr\/fr\/wp-json\/wp\/v2\/tags?post=10615"}],"curies":[{"name":"wp","href":"https:\/\/api.w.org\/{rel}","templated":true}]}}